{"id":36480,"date":"2022-12-08T19:02:06","date_gmt":"2022-12-08T18:02:06","guid":{"rendered":"https:\/\/www.apfelpatient.de\/?p=36480"},"modified":"2022-12-08T19:02:07","modified_gmt":"2022-12-08T18:02:07","slug":"iphone-with-usb-c-eu-sets-deadline","status":"publish","type":"post","link":"https:\/\/www.apfelpatient.de\/en\/news\/iphone-mit-usb-c-eu-setzt-deadline-fest","title":{"rendered":"iPhone with USB-C: EU sets deadline"},"content":{"rendered":"<p class=\"has-drop-cap\"><strong>The European Union has set an official date from which all smartphones sold in its territory must have a USB-C port, including the iPhone.<\/strong><\/p>\n\n\n\n<p>The EU officially passed the law on uniform charging connections in October. However, an exact date when the law will come into force was not known. In a new <a href=\"https:\/\/eur-lex.europa.eu\/eli\/dir\/2022\/2380\" target=\"_blank\" rel=\"noreferrer noopener\">published<\/a> With this directive, the EU now stipulates that all smartphones must be equipped with USB-C by December 28, 2024. Other consumer products such as tablets and gadgets must also be switched to USB-C under the new law. Products that are only charged wirelessly and do not have a connector do not have to be equipped with USB-C.<\/p>\n\n\n\n<h3 class=\"wp-block-heading\" id=\"h-iphone-15-soll-berichten-zufolge-auf-usb-c-setzen\">iPhone 15 will reportedly use USB-C<\/h3>\n\n\n\n\n\n\n\n<p>Apple&#039;s vice president of worldwide marketing Greg Joswiak &quot;Joz&quot; confirmed that Apple will have no choice but to comply with the new EU law. Joz did not say when Apple will make the switch to USB-C and away from Lightning. But given the December 2024 deadline, Apple could wait until the iPhone 16 in September 2024 before switching to the newer connector. However, reports suggest that Apple plans to switch to USB-C sooner than fall 2024 with the iPhone 15 in September 2023. Other Apple products and accessories such as the AirPods and Mac keyboards, mice and trackpads are also expected to switch to USB-C shortly thereafter. (Photo by yalcin.sonat \/ Bigstockphoto)<\/p>\n\n\n\n<ul class=\"wp-block-list\">\n<li><a href=\"https:\/\/www.apfelpatient.de\/en\/rumors\/iphone-15-new-image-sensor-to-improve-performance\">iPhone 15: New image sensor to improve camera performance<\/a><\/li>\n<\/ul>\n\n\n\n<h6 class=\"wp-block-heading translation-block\" id=\"h-kennt-ihr-schon-unsere-amazon-storefront-dort-findet-ihr-eine-handverlesene-auswahl-von-diversen-produkten-f-r-euer-iphone-und-co-viel-spa-beim-st-bern\"><em>Have you already visited our Amazon Storefront? There you&#039;ll find a hand-picked selection of various products for your iPhone and other devices \u2013 <span class=\"has-inline-color has-vivid-red-color\"><a href=\"https:\/\/www.amazon.de\/shop\/apfelpatientofficial\" class=\"ek-link\" data-wpel-link=\"exclude\" rel=\"follow noopener\" target=\"_self\"><span style=\"text-decoration: underline\" class=\"ek-underline\">enjoy browsing<\/span><\/a> !<\/span><\/em><\/h6>\n\n\n\n<h6 class=\"wp-block-heading translation-block\" id=\"h-der-beitrag-enthalt-partnerlinks\">This post contains <a data-type=\"URL\" data-id=\"https:\/\/www.apfelpatient.de\/partnerprogramm\" href=\"https:\/\/www.apfelpatient.de\/en\/partner-program\" data-wpel-link=\"internal\" target=\"_self\">affiliate links<\/a>.<\/h6>","protected":false},"excerpt":{"rendered":"<p>Apple has to switch the iPhone to USB-C: The EU officially passed the law on uniform charging ports in October.<\/p>","protected":false},"author":2,"featured_media":34482,"comment_status":"closed","ping_status":"closed","sticky":false,"template":"","format":"standard","meta":{"jnews-multi-image_gallery":[],"jnews_single_post":{"subtitle":"","format":"standard","video":"","gallery":"","source_name":"","source_url":"","via_name":"","via_url":"","override":[{"single_blog_custom":"","sidebar":"","second_sidebar":"","share_position":"","share_float_style":"","post_date_format":"","post_date_format_custom":"","post_reading_time_wpm":"","zoom_button_out_step":"1","zoom_button_in_step":"1","number_popup_post":"1"}],"image_override":[{"single_post_thumbnail_size":"","single_post_gallery_size":""}],"trending_post_position":"","trending_post_label":"","sponsored_post_label":"","sponsored_post_name":"","sponsored_post_url":"","sponsored_post_logo":"","sponsored_post_desc":""},"jnews_primary_category":{"id":"9"},"footnotes":""},"categories":[9],"tags":[8],"class_list":["post-36480","post","type-post","status-publish","format-standard","has-post-thumbnail","hentry","category-news","tag-iphone"],"yoast_head":"<!-- This site is optimized with the Yoast SEO Premium plugin v27.5 (Yoast SEO v27.5) - https:\/\/yoast.com\/product\/yoast-seo-premium-wordpress\/ -->\n<title>iPhone mit USB-C: EU setzt Deadline fest Apfelpatient<\/title>\n<meta name=\"description\" content=\"Apple muss das iPhone auf USB-C umstellen: Die EU hat das Gesetz \u00fcber einheitliche Ladeanschl\u00fcsse im Oktober offiziell verabschiedet.\" \/>\n<meta name=\"robots\" content=\"index, follow, max-snippet:-1, max-image-preview:large, max-video-preview:-1\" \/>\n<link rel=\"canonical\" href=\"https:\/\/www.apfelpatient.de\/en\/news\/iphone-with-usb-c-eu-sets-deadline\" \/>\n<meta property=\"og:locale\" content=\"en_US\" \/>\n<meta property=\"og:type\" content=\"article\" \/>\n<meta property=\"og:title\" content=\"iPhone mit USB-C: EU setzt Deadline fest\" \/>\n<meta property=\"og:description\" content=\"Apple muss das iPhone auf USB-C umstellen: Die EU hat das Gesetz \u00fcber einheitliche Ladeanschl\u00fcsse im Oktober offiziell verabschiedet.\" \/>\n<meta property=\"og:url\" content=\"https:\/\/www.apfelpatient.de\/en\/news\/iphone-with-usb-c-eu-sets-deadline\" \/>\n<meta property=\"og:site_name\" content=\"Apfelpatient\" \/>\n<meta property=\"article:publisher\" content=\"https:\/\/www.facebook.com\/apfelpatientOfficial\" \/>\n<meta property=\"article:author\" content=\"https:\/\/www.facebook.com\/apfelpatientOfficial\" \/>\n<meta property=\"article:published_time\" content=\"2022-12-08T18:02:06+00:00\" \/>\n<meta property=\"article:modified_time\" content=\"2022-12-08T18:02:07+00:00\" \/>\n<meta property=\"og:image\" content=\"https:\/\/www.apfelpatient.de\/wp-content\/uploads\/2022\/10\/bigstock-Antalya-Turkey-June-456160457.jpg\" \/>\n\t<meta property=\"og:image:width\" content=\"1600\" \/>\n\t<meta property=\"og:image:height\" content=\"1067\" \/>\n\t<meta property=\"og:image:type\" content=\"image\/jpeg\" \/>\n<meta name=\"author\" content=\"Milan\" \/>\n<meta name=\"twitter:card\" content=\"summary_large_image\" \/>\n<meta name=\"twitter:description\" content=\"Apple muss das iPhone auf USB-C umstellen: Die EU hat das Gesetz \u00fcber einheitliche Ladeanschl\u00fcsse im Oktober offiziell verabschiedet.\" \/>\n<meta name=\"twitter:label1\" content=\"Written by\" \/>\n\t<meta name=\"twitter:data1\" content=\"Milan\" \/>\n\t<meta name=\"twitter:label2\" content=\"Est. reading time\" \/>\n\t<meta name=\"twitter:data2\" content=\"2 minutes\" \/>\n<script type=\"application\/ld+json\" class=\"yoast-schema-graph\">{\"@context\":\"https:\\\/\\\/schema.org\",\"@graph\":[{\"@type\":\"NewsArticle\",\"@id\":\"https:\\\/\\\/www.apfelpatient.de\\\/news\\\/iphone-mit-usb-c-eu-setzt-deadline-fest#article\",\"isPartOf\":{\"@id\":\"https:\\\/\\\/www.apfelpatient.de\\\/news\\\/iphone-mit-usb-c-eu-setzt-deadline-fest\"},\"author\":{\"@type\":\"Organization\",\"@id\":\"https:\\\/\\\/www.apfelpatient.de\\\/en\\\/#organization\",\"name\":\"Apfelpatient\",\"url\":\"https:\\\/\\\/www.apfelpatient.de\\\/en\\\/\"},\"headline\":\"iPhone mit USB-C: EU setzt Deadline fest\",\"datePublished\":\"2022-12-08T18:02:06+00:00\",\"dateModified\":\"2022-12-08T18:02:07+00:00\",\"mainEntityOfPage\":{\"@id\":\"https:\\\/\\\/www.apfelpatient.de\\\/news\\\/iphone-mit-usb-c-eu-setzt-deadline-fest\"},\"wordCount\":246,\"publisher\":{\"@type\":\"Organization\",\"@id\":\"https:\\\/\\\/www.apfelpatient.de\\\/en\\\/#organization\",\"name\":\"Apfelpatient\",\"url\":\"https:\\\/\\\/www.apfelpatient.de\\\/en\\\/\"},\"image\":{\"@id\":\"https:\\\/\\\/www.apfelpatient.de\\\/news\\\/iphone-mit-usb-c-eu-setzt-deadline-fest#primaryimage\"},\"thumbnailUrl\":\"https:\\\/\\\/www.apfelpatient.de\\\/wp-content\\\/uploads\\\/2022\\\/10\\\/bigstock-Antalya-Turkey-June-456160457.jpg\",\"keywords\":[\"iPhone\"],\"articleSection\":\"News\",\"inLanguage\":\"en-US\",\"copyrightYear\":\"2022\",\"copyrightHolder\":{\"@id\":\"https:\\\/\\\/www.apfelpatient.de\\\/en\\\/#organization\"}},{\"@type\":\"WebPage\",\"@id\":\"https:\\\/\\\/www.apfelpatient.de\\\/news\\\/iphone-mit-usb-c-eu-setzt-deadline-fest\",\"url\":\"https:\\\/\\\/www.apfelpatient.de\\\/news\\\/iphone-mit-usb-c-eu-setzt-deadline-fest\",\"name\":\"iPhone mit USB-C: EU setzt Deadline fest Apfelpatient\",\"isPartOf\":{\"@id\":\"https:\\\/\\\/www.apfelpatient.de\\\/#website\"},\"primaryImageOfPage\":{\"@id\":\"https:\\\/\\\/www.apfelpatient.de\\\/news\\\/iphone-mit-usb-c-eu-setzt-deadline-fest#primaryimage\"},\"image\":{\"@id\":\"https:\\\/\\\/www.apfelpatient.de\\\/news\\\/iphone-mit-usb-c-eu-setzt-deadline-fest#primaryimage\"},\"thumbnailUrl\":\"https:\\\/\\\/www.apfelpatient.de\\\/wp-content\\\/uploads\\\/2022\\\/10\\\/bigstock-Antalya-Turkey-June-456160457.jpg\",\"datePublished\":\"2022-12-08T18:02:06+00:00\",\"dateModified\":\"2022-12-08T18:02:07+00:00\",\"description\":\"Apple muss das iPhone auf USB-C umstellen: Die EU hat das Gesetz \u00fcber einheitliche Ladeanschl\u00fcsse im Oktober offiziell verabschiedet.\",\"breadcrumb\":{\"@id\":\"https:\\\/\\\/www.apfelpatient.de\\\/news\\\/iphone-mit-usb-c-eu-setzt-deadline-fest#breadcrumb\"},\"inLanguage\":\"en-US\",\"potentialAction\":[{\"@type\":\"ReadAction\",\"target\":[\"https:\\\/\\\/www.apfelpatient.de\\\/news\\\/iphone-mit-usb-c-eu-setzt-deadline-fest\"]}]},{\"@type\":\"ImageObject\",\"inLanguage\":\"en-US\",\"@id\":\"https:\\\/\\\/www.apfelpatient.de\\\/news\\\/iphone-mit-usb-c-eu-setzt-deadline-fest#primaryimage\",\"url\":\"https:\\\/\\\/www.apfelpatient.de\\\/wp-content\\\/uploads\\\/2022\\\/10\\\/bigstock-Antalya-Turkey-June-456160457.jpg\",\"contentUrl\":\"https:\\\/\\\/www.apfelpatient.de\\\/wp-content\\\/uploads\\\/2022\\\/10\\\/bigstock-Antalya-Turkey-June-456160457.jpg\",\"width\":1600,\"height\":1067,\"caption\":\"Antalya, TURKEY - June 10, 2022. Apple Iphone 13 Pro and Usb-c or Type-C Wired Charger. EU is forcing all devices to use Usb-c or Type-C\"},{\"@type\":\"BreadcrumbList\",\"@id\":\"https:\\\/\\\/www.apfelpatient.de\\\/news\\\/iphone-mit-usb-c-eu-setzt-deadline-fest#breadcrumb\",\"itemListElement\":[{\"@type\":\"ListItem\",\"position\":1,\"name\":\"Startseite\",\"item\":\"https:\\\/\\\/www.apfelpatient.de\\\/\"},{\"@type\":\"ListItem\",\"position\":2,\"name\":\"iPhone mit USB-C: EU setzt Deadline fest\"}]},{\"@type\":\"WebSite\",\"@id\":\"https:\\\/\\\/www.apfelpatient.de\\\/#website\",\"url\":\"https:\\\/\\\/www.apfelpatient.de\\\/\",\"name\":\"Apfelpatient\",\"description\":\"Alles rund um Apple!\",\"publisher\":{\"@type\":\"Organization\",\"@id\":\"https:\\\/\\\/www.apfelpatient.de\\\/en\\\/#organization\",\"name\":\"Apfelpatient\",\"url\":\"https:\\\/\\\/www.apfelpatient.de\\\/en\\\/\"},\"alternateName\":\"Apfelpatient\",\"potentialAction\":[{\"@type\":\"SearchAction\",\"target\":{\"@type\":\"EntryPoint\",\"urlTemplate\":\"https:\\\/\\\/www.apfelpatient.de\\\/?s={search_term_string}\"},\"query-input\":{\"@type\":\"PropertyValueSpecification\",\"valueRequired\":true,\"valueName\":\"search_term_string\"}}],\"inLanguage\":\"en-US\"},{\"@type\":[\"Person\",\"Organization\"],\"@id\":\"https:\\\/\\\/www.apfelpatient.de\\\/#\\\/schema\\\/person\\\/35b3ddba5832f2bfc7fff5206d4f6b7b\",\"name\":\"Milan\",\"logo\":{\"@id\":\"https:\\\/\\\/www.apfelpatient.de\\\/#\\\/schema\\\/person\\\/image\\\/\"},\"description\":\"Hallo und herzlich willkommen auf meinem Technik-Blog! Als gro\u00dfer Apple-Fan berichte ich hier \u00fcber alles, was mit Apple zu tun hat: von den neuesten News und spannenden Ger\u00fcchten \u00fcber hilfreiche Tipps und Tricks bis hin zu ausf\u00fchrlichen Produkttests. Wenn du genauso technikbegeistert bist wie ich, bist du hier genau richtig!\",\"sameAs\":[\"https:\\\/\\\/www.facebook.com\\\/apfelpatientOfficial\",\"https:\\\/\\\/www.linkedin.com\\\/in\\\/milan-jovicic-42aa0231b\"],\"url\":\"https:\\\/\\\/www.apfelpatient.de\\\/en\\\/author\\\/apfeladmin\"}]}<\/script>\n<!-- \/ Yoast SEO Premium plugin. -->","yoast_head_json":{"title":"iPhone with USB-C: EU sets deadline Apfelpatient","description":"Apple has to switch the iPhone to USB-C: The EU officially passed the law on uniform charging ports in October.","robots":{"index":"index","follow":"follow","max-snippet":"max-snippet:-1","max-image-preview":"max-image-preview:large","max-video-preview":"max-video-preview:-1"},"canonical":"https:\/\/www.apfelpatient.de\/en\/news\/iphone-with-usb-c-eu-sets-deadline","og_locale":"en_US","og_type":"article","og_title":"iPhone mit USB-C: EU setzt Deadline fest","og_description":"Apple muss das iPhone auf USB-C umstellen: Die EU hat das Gesetz \u00fcber einheitliche Ladeanschl\u00fcsse im Oktober offiziell verabschiedet.","og_url":"https:\/\/www.apfelpatient.de\/en\/news\/iphone-with-usb-c-eu-sets-deadline","og_site_name":"Apfelpatient","article_publisher":"https:\/\/www.facebook.com\/apfelpatientOfficial","article_author":"https:\/\/www.facebook.com\/apfelpatientOfficial","article_published_time":"2022-12-08T18:02:06+00:00","article_modified_time":"2022-12-08T18:02:07+00:00","og_image":[{"width":1600,"height":1067,"url":"https:\/\/www.apfelpatient.de\/wp-content\/uploads\/2022\/10\/bigstock-Antalya-Turkey-June-456160457.jpg","type":"image\/jpeg"}],"author":"Milan","twitter_card":"summary_large_image","twitter_description":"Apple muss das iPhone auf USB-C umstellen: Die EU hat das Gesetz \u00fcber einheitliche Ladeanschl\u00fcsse im Oktober offiziell verabschiedet.","twitter_misc":{"Written by":"Milan","Est. reading time":"2 minutes"},"schema":{"@context":"https:\/\/schema.org","@graph":[{"@type":"NewsArticle","@id":"https:\/\/www.apfelpatient.de\/news\/iphone-mit-usb-c-eu-setzt-deadline-fest#article","isPartOf":{"@id":"https:\/\/www.apfelpatient.de\/news\/iphone-mit-usb-c-eu-setzt-deadline-fest"},"author":{"@type":"Organization","@id":"https:\/\/www.apfelpatient.de\/en\/#organization","name":"Apfelpatient","url":"https:\/\/www.apfelpatient.de\/en\/"},"headline":"iPhone mit USB-C: EU setzt Deadline fest","datePublished":"2022-12-08T18:02:06+00:00","dateModified":"2022-12-08T18:02:07+00:00","mainEntityOfPage":{"@id":"https:\/\/www.apfelpatient.de\/news\/iphone-mit-usb-c-eu-setzt-deadline-fest"},"wordCount":246,"publisher":{"@type":"Organization","@id":"https:\/\/www.apfelpatient.de\/en\/#organization","name":"Apfelpatient","url":"https:\/\/www.apfelpatient.de\/en\/"},"image":{"@id":"https:\/\/www.apfelpatient.de\/news\/iphone-mit-usb-c-eu-setzt-deadline-fest#primaryimage"},"thumbnailUrl":"https:\/\/www.apfelpatient.de\/wp-content\/uploads\/2022\/10\/bigstock-Antalya-Turkey-June-456160457.jpg","keywords":["iPhone"],"articleSection":"News","inLanguage":"en-US","copyrightYear":"2022","copyrightHolder":{"@id":"https:\/\/www.apfelpatient.de\/en\/#organization"}},{"@type":"WebPage","@id":"https:\/\/www.apfelpatient.de\/news\/iphone-mit-usb-c-eu-setzt-deadline-fest","url":"https:\/\/www.apfelpatient.de\/news\/iphone-mit-usb-c-eu-setzt-deadline-fest","name":"iPhone with USB-C: EU sets deadline Apfelpatient","isPartOf":{"@id":"https:\/\/www.apfelpatient.de\/#website"},"primaryImageOfPage":{"@id":"https:\/\/www.apfelpatient.de\/news\/iphone-mit-usb-c-eu-setzt-deadline-fest#primaryimage"},"image":{"@id":"https:\/\/www.apfelpatient.de\/news\/iphone-mit-usb-c-eu-setzt-deadline-fest#primaryimage"},"thumbnailUrl":"https:\/\/www.apfelpatient.de\/wp-content\/uploads\/2022\/10\/bigstock-Antalya-Turkey-June-456160457.jpg","datePublished":"2022-12-08T18:02:06+00:00","dateModified":"2022-12-08T18:02:07+00:00","description":"Apple has to switch the iPhone to USB-C: The EU officially passed the law on uniform charging ports in October.","breadcrumb":{"@id":"https:\/\/www.apfelpatient.de\/news\/iphone-mit-usb-c-eu-setzt-deadline-fest#breadcrumb"},"inLanguage":"en-US","potentialAction":[{"@type":"ReadAction","target":["https:\/\/www.apfelpatient.de\/news\/iphone-mit-usb-c-eu-setzt-deadline-fest"]}]},{"@type":"ImageObject","inLanguage":"en-US","@id":"https:\/\/www.apfelpatient.de\/news\/iphone-mit-usb-c-eu-setzt-deadline-fest#primaryimage","url":"https:\/\/www.apfelpatient.de\/wp-content\/uploads\/2022\/10\/bigstock-Antalya-Turkey-June-456160457.jpg","contentUrl":"https:\/\/www.apfelpatient.de\/wp-content\/uploads\/2022\/10\/bigstock-Antalya-Turkey-June-456160457.jpg","width":1600,"height":1067,"caption":"Antalya, TURKEY - June 10, 2022. Apple Iphone 13 Pro and Usb-c or Type-C Wired Charger. EU is forcing all devices to use Usb-c or Type-C"},{"@type":"BreadcrumbList","@id":"https:\/\/www.apfelpatient.de\/news\/iphone-mit-usb-c-eu-setzt-deadline-fest#breadcrumb","itemListElement":[{"@type":"ListItem","position":1,"name":"Startseite","item":"https:\/\/www.apfelpatient.de\/"},{"@type":"ListItem","position":2,"name":"iPhone mit USB-C: EU setzt Deadline fest"}]},{"@type":"WebSite","@id":"https:\/\/www.apfelpatient.de\/#website","url":"https:\/\/www.apfelpatient.de\/","name":"apple patient","description":"Everything about Apple!","publisher":{"@type":"Organization","@id":"https:\/\/www.apfelpatient.de\/en\/#organization","name":"Apfelpatient","url":"https:\/\/www.apfelpatient.de\/en\/"},"alternateName":"Apfelpatient","potentialAction":[{"@type":"SearchAction","target":{"@type":"EntryPoint","urlTemplate":"https:\/\/www.apfelpatient.de\/?s={search_term_string}"},"query-input":{"@type":"PropertyValueSpecification","valueRequired":true,"valueName":"search_term_string"}}],"inLanguage":"en-US"},{"@type":["Person","Organization"],"@id":"https:\/\/www.apfelpatient.de\/#\/schema\/person\/35b3ddba5832f2bfc7fff5206d4f6b7b","name":"Milan","logo":{"@id":"https:\/\/www.apfelpatient.de\/#\/schema\/person\/image\/"},"description":"Hello and welcome to my technology blog! As a big Apple fan, I report on everything to do with Apple: from the latest news and exciting rumors to helpful tips and tricks and detailed product tests. If you are as enthusiastic about technology as I am, you have come to the right place!","sameAs":["https:\/\/www.facebook.com\/apfelpatientOfficial","https:\/\/www.linkedin.com\/in\/milan-jovicic-42aa0231b"],"url":"https:\/\/www.apfelpatient.de\/en\/author\/apfeladmin"}]}},"_links":{"self":[{"href":"https:\/\/www.apfelpatient.de\/en\/wp-json\/wp\/v2\/posts\/36480","targetHints":{"allow":["GET"]}}],"collection":[{"href":"https:\/\/www.apfelpatient.de\/en\/wp-json\/wp\/v2\/posts"}],"about":[{"href":"https:\/\/www.apfelpatient.de\/en\/wp-json\/wp\/v2\/types\/post"}],"author":[{"embeddable":true,"href":"https:\/\/www.apfelpatient.de\/en\/wp-json\/wp\/v2\/users\/2"}],"replies":[{"embeddable":true,"href":"https:\/\/www.apfelpatient.de\/en\/wp-json\/wp\/v2\/comments?post=36480"}],"version-history":[{"count":0,"href":"https:\/\/www.apfelpatient.de\/en\/wp-json\/wp\/v2\/posts\/36480\/revisions"}],"wp:featuredmedia":[{"embeddable":true,"href":"https:\/\/www.apfelpatient.de\/en\/wp-json\/wp\/v2\/media\/34482"}],"wp:attachment":[{"href":"https:\/\/www.apfelpatient.de\/en\/wp-json\/wp\/v2\/media?parent=36480"}],"wp:term":[{"taxonomy":"category","embeddable":true,"href":"https:\/\/www.apfelpatient.de\/en\/wp-json\/wp\/v2\/categories?post=36480"},{"taxonomy":"post_tag","embeddable":true,"href":"https:\/\/www.apfelpatient.de\/en\/wp-json\/wp\/v2\/tags?post=36480"}],"curies":[{"name":"wp","href":"https:\/\/api.w.org\/{rel}","templated":true}]}}