{"id":36440,"date":"2022-12-06T20:33:13","date_gmt":"2022-12-06T19:33:13","guid":{"rendered":"https:\/\/www.apfelpatient.de\/?p=36440"},"modified":"2022-12-06T20:33:14","modified_gmt":"2022-12-06T19:33:14","slug":"apple-car-project-apple-scales-back-goals","status":"publish","type":"post","link":"https:\/\/www.apfelpatient.de\/en\/rumors\/apple-car-projekt-apple-schraubt-ziele-zurueck","title":{"rendered":"Apple Car Project: Apple scales back goals"},"content":{"rendered":"<p class=\"has-drop-cap\"><strong>Apple has scaled back its Apple Car project and no longer plans to bring a fully self-driving vehicle to market, it is now reported.<\/strong><\/p>\n\n\n\n<p>Apple wanted to develop a self-driving car without a steering wheel or pedals, but decided that such a project was not feasible at this time. The vehicle will have guided driving features that work on highways, but it will not be able to drive completely independently at all times. The car will be equipped with an Apple-designed processor that controls the AI functions, similar to the Mac, iPhone and iPad. The chip is equivalent to four of the most powerful Mac chips and is almost ready for production. It will contain a series of lidar and radar sensors, as well as cameras that can provide the car with position data, lane data and orientation data relative to people and objects. Apple will use the cloud for some of the AI processing. However, the company is also considering a remote control center that could remotely assist drivers in emergencies and control the car.<\/p>\n\n\n\n<h3 class=\"wp-block-heading\" id=\"h-apple-car-der-entwicklungsstart-war-2014\">Apple Car: Development started in 2014<\/h3>\n\n\n\n<p>Apple may also offer its own insurance program for businesses. Apple&#039;s vehicle will come with a steering wheel and pedals, like a regular vehicle. It will allow customers to watch movies or multitask on the highway. However, the vehicle will issue warnings when it&#039;s time to switch to manual control in the city or in bad weather, with the self-driving component potentially limited to North America at launch - so <a href=\"https:\/\/www.bloomberg.com\/news\/articles\/2022-12-06\/apple-scales-back-self-driving-car-and-delays-launch-until-2026\" target=\"_blank\" rel=\"noreferrer noopener\">Bloomberg<\/a>. Since the Apple Car project was launched in 2014, the scope of development has changed several times. Apple originally planned to develop a complete vehicle, but then in 2016 there were rumors that the plans for a car had been shelved and Apple would instead develop some kind of autonomous driving system for other vehicles.<\/p>\n\n\n\n<h3 class=\"wp-block-heading\">A consumer model for under $100,000?<\/h3>\n\n\n\n\n\n\n\n<p>In 2020, plans for a full vehicle with autonomous driving features resumed, and Apple tested the self-driving technology in SUVs in the San Francisco Bay Area. But now it looks like full autonomous driving features won&#039;t be ready when the first Apple Car launches. The Apple Car team has gone through several leadership changes. Currently, AI and machine learning chief John Giannandrea is leading the Apple Car project, and Kevin Lynch, known for his work on the Apple Watch, is also overseeing work on the car. While rumors suggested the car could launch as early as 2025, it is now expected to be 2026 at the earliest, with Apple aiming to sell a consumer model for under $100,000. (Photo by Sensvector \/ Bigstockphoto)<\/p>\n\n\n\n<ul class=\"wp-block-list\">\n<li><a href=\"https:\/\/www.apfelpatient.de\/en\/rumors\/electric-vehicle-apple-car-team-needs-to-be-reorganized\">Electric vehicle: Apple Car team needs to be reorganized<\/a><\/li>\n<\/ul>\n\n\n\n<h6 class=\"wp-block-heading translation-block\" id=\"h-kennt-ihr-schon-unsere-amazon-storefront-dort-findet-ihr-eine-handverlesene-auswahl-von-diversen-produkten-f-r-euer-iphone-und-co-viel-spa-beim-st-bern\"><em>Have you already visited our Amazon Storefront? There you&#039;ll find a hand-picked selection of various products for your iPhone and other devices \u2013 <span class=\"has-inline-color has-vivid-red-color\"><a href=\"https:\/\/www.amazon.de\/shop\/apfelpatientofficial\" class=\"ek-link\" data-wpel-link=\"exclude\" rel=\"follow noopener\" target=\"_self\"><span style=\"text-decoration: underline\" class=\"ek-underline\">enjoy browsing<\/span><\/a> !<\/span><\/em><\/h6>\n\n\n\n<h6 class=\"wp-block-heading translation-block\" id=\"h-der-beitrag-enthalt-partnerlinks\">This post contains <a data-type=\"URL\" data-id=\"https:\/\/www.apfelpatient.de\/partnerprogramm\" href=\"https:\/\/www.apfelpatient.de\/en\/partner-program\" data-wpel-link=\"internal\" target=\"_self\">affiliate links<\/a>.<\/h6>","protected":false},"excerpt":{"rendered":"<p>Apple has scaled back its Apple Car project and no longer plans to bring a fully self-driving vehicle to market.<\/p>","protected":false},"author":2,"featured_media":36439,"comment_status":"closed","ping_status":"closed","sticky":false,"template":"","format":"standard","meta":{"jnews-multi-image_gallery":[],"jnews_single_post":{"subtitle":"","format":"standard","video":"","gallery":"","source_name":"","source_url":"","via_name":"","via_url":"","override":[{"single_blog_custom":"","sidebar":"","second_sidebar":"","share_position":"","share_float_style":"","post_date_format":"","post_date_format_custom":"","post_reading_time_wpm":"","zoom_button_out_step":"1","zoom_button_in_step":"1","number_popup_post":"1"}],"image_override":[{"single_post_thumbnail_size":"","single_post_gallery_size":""}],"trending_post_position":"","trending_post_label":"","sponsored_post_label":"","sponsored_post_name":"","sponsored_post_url":"","sponsored_post_logo":"","sponsored_post_desc":""},"jnews_primary_category":{"id":"25"},"footnotes":""},"categories":[25],"tags":[115,13],"class_list":["post-36440","post","type-post","status-publish","format-standard","has-post-thumbnail","hentry","category-rumors","tag-apple-car","tag-techpatient"],"yoast_head":"<!-- This site is optimized with the Yoast SEO Premium plugin v27.5 (Yoast SEO v27.5) - https:\/\/yoast.com\/product\/yoast-seo-premium-wordpress\/ -->\n<title>Apple Car Projekt: Apple schraubt Ziele zur\u00fcck Apfelpatient<\/title>\n<meta name=\"description\" content=\"Apple hat sein Apple Car Projekt zur\u00fcckgeschraubt und plant nicht mehr, ein vollst\u00e4ndig selbstfahrendes Fahrzeug auf den Markt zu bringen.\" \/>\n<meta name=\"robots\" content=\"index, follow, max-snippet:-1, max-image-preview:large, max-video-preview:-1\" \/>\n<link rel=\"canonical\" href=\"https:\/\/www.apfelpatient.de\/en\/rumors\/apple-car-project-apple-scales-back-goals\" \/>\n<meta property=\"og:locale\" content=\"en_US\" \/>\n<meta property=\"og:type\" content=\"article\" \/>\n<meta property=\"og:title\" content=\"Apple Car Projekt: Apple schraubt Ziele zur\u00fcck\" \/>\n<meta property=\"og:description\" content=\"Apple hat sein Apple Car Projekt zur\u00fcckgeschraubt und plant nicht mehr, ein vollst\u00e4ndig selbstfahrendes Fahrzeug auf den Markt zu bringen.\" \/>\n<meta property=\"og:url\" content=\"https:\/\/www.apfelpatient.de\/en\/rumors\/apple-car-project-apple-scales-back-goals\" \/>\n<meta property=\"og:site_name\" content=\"Apfelpatient\" \/>\n<meta property=\"article:publisher\" content=\"https:\/\/www.facebook.com\/apfelpatientOfficial\" \/>\n<meta property=\"article:author\" content=\"https:\/\/www.facebook.com\/apfelpatientOfficial\" \/>\n<meta property=\"article:published_time\" content=\"2022-12-06T19:33:13+00:00\" \/>\n<meta property=\"article:modified_time\" content=\"2022-12-06T19:33:14+00:00\" \/>\n<meta property=\"og:image\" content=\"https:\/\/www.apfelpatient.de\/wp-content\/uploads\/2022\/12\/bigstock-Autonomous-Vehicle-Of-Future-I-453475915.jpg\" \/>\n\t<meta property=\"og:image:width\" content=\"1600\" \/>\n\t<meta property=\"og:image:height\" content=\"780\" \/>\n\t<meta property=\"og:image:type\" content=\"image\/jpeg\" \/>\n<meta name=\"author\" content=\"Milan\" \/>\n<meta name=\"twitter:card\" content=\"summary_large_image\" \/>\n<meta name=\"twitter:description\" content=\"Apple hat sein Apple Car Projekt zur\u00fcckgeschraubt und plant nicht mehr, ein vollst\u00e4ndig selbstfahrendes Fahrzeug auf den Markt zu bringen.\" \/>\n<meta name=\"twitter:label1\" content=\"Written by\" \/>\n\t<meta name=\"twitter:data1\" content=\"Milan\" \/>\n\t<meta name=\"twitter:label2\" content=\"Est. reading time\" \/>\n\t<meta name=\"twitter:data2\" content=\"3 minutes\" \/>\n<script type=\"application\/ld+json\" class=\"yoast-schema-graph\">{\"@context\":\"https:\\\/\\\/schema.org\",\"@graph\":[{\"@type\":\"NewsArticle\",\"@id\":\"https:\\\/\\\/www.apfelpatient.de\\\/rumors\\\/apple-car-projekt-apple-schraubt-ziele-zurueck#article\",\"isPartOf\":{\"@id\":\"https:\\\/\\\/www.apfelpatient.de\\\/rumors\\\/apple-car-projekt-apple-schraubt-ziele-zurueck\"},\"author\":{\"@type\":\"Organization\",\"@id\":\"https:\\\/\\\/www.apfelpatient.de\\\/en\\\/#organization\",\"name\":\"Apfelpatient\",\"url\":\"https:\\\/\\\/www.apfelpatient.de\\\/en\\\/\"},\"headline\":\"Apple Car Projekt: Apple schraubt Ziele zur\u00fcck\",\"datePublished\":\"2022-12-06T19:33:13+00:00\",\"dateModified\":\"2022-12-06T19:33:14+00:00\",\"mainEntityOfPage\":{\"@id\":\"https:\\\/\\\/www.apfelpatient.de\\\/rumors\\\/apple-car-projekt-apple-schraubt-ziele-zurueck\"},\"wordCount\":477,\"publisher\":{\"@type\":\"Organization\",\"@id\":\"https:\\\/\\\/www.apfelpatient.de\\\/en\\\/#organization\",\"name\":\"Apfelpatient\",\"url\":\"https:\\\/\\\/www.apfelpatient.de\\\/en\\\/\"},\"image\":{\"@id\":\"https:\\\/\\\/www.apfelpatient.de\\\/rumors\\\/apple-car-projekt-apple-schraubt-ziele-zurueck#primaryimage\"},\"thumbnailUrl\":\"https:\\\/\\\/www.apfelpatient.de\\\/wp-content\\\/uploads\\\/2022\\\/12\\\/bigstock-Autonomous-Vehicle-Of-Future-I-453475915.jpg\",\"keywords\":[\"Apple Car\",\"TechPatient\"],\"articleSection\":\"Rumors\",\"inLanguage\":\"en-US\",\"copyrightYear\":\"2022\",\"copyrightHolder\":{\"@id\":\"https:\\\/\\\/www.apfelpatient.de\\\/en\\\/#organization\"}},{\"@type\":\"WebPage\",\"@id\":\"https:\\\/\\\/www.apfelpatient.de\\\/rumors\\\/apple-car-projekt-apple-schraubt-ziele-zurueck\",\"url\":\"https:\\\/\\\/www.apfelpatient.de\\\/rumors\\\/apple-car-projekt-apple-schraubt-ziele-zurueck\",\"name\":\"Apple Car Projekt: Apple schraubt Ziele zur\u00fcck Apfelpatient\",\"isPartOf\":{\"@id\":\"https:\\\/\\\/www.apfelpatient.de\\\/#website\"},\"primaryImageOfPage\":{\"@id\":\"https:\\\/\\\/www.apfelpatient.de\\\/rumors\\\/apple-car-projekt-apple-schraubt-ziele-zurueck#primaryimage\"},\"image\":{\"@id\":\"https:\\\/\\\/www.apfelpatient.de\\\/rumors\\\/apple-car-projekt-apple-schraubt-ziele-zurueck#primaryimage\"},\"thumbnailUrl\":\"https:\\\/\\\/www.apfelpatient.de\\\/wp-content\\\/uploads\\\/2022\\\/12\\\/bigstock-Autonomous-Vehicle-Of-Future-I-453475915.jpg\",\"datePublished\":\"2022-12-06T19:33:13+00:00\",\"dateModified\":\"2022-12-06T19:33:14+00:00\",\"description\":\"Apple hat sein Apple Car Projekt zur\u00fcckgeschraubt und plant nicht mehr, ein vollst\u00e4ndig selbstfahrendes Fahrzeug auf den Markt zu bringen.\",\"breadcrumb\":{\"@id\":\"https:\\\/\\\/www.apfelpatient.de\\\/rumors\\\/apple-car-projekt-apple-schraubt-ziele-zurueck#breadcrumb\"},\"inLanguage\":\"en-US\",\"potentialAction\":[{\"@type\":\"ReadAction\",\"target\":[\"https:\\\/\\\/www.apfelpatient.de\\\/rumors\\\/apple-car-projekt-apple-schraubt-ziele-zurueck\"]}]},{\"@type\":\"ImageObject\",\"inLanguage\":\"en-US\",\"@id\":\"https:\\\/\\\/www.apfelpatient.de\\\/rumors\\\/apple-car-projekt-apple-schraubt-ziele-zurueck#primaryimage\",\"url\":\"https:\\\/\\\/www.apfelpatient.de\\\/wp-content\\\/uploads\\\/2022\\\/12\\\/bigstock-Autonomous-Vehicle-Of-Future-I-453475915.jpg\",\"contentUrl\":\"https:\\\/\\\/www.apfelpatient.de\\\/wp-content\\\/uploads\\\/2022\\\/12\\\/bigstock-Autonomous-Vehicle-Of-Future-I-453475915.jpg\",\"width\":1600,\"height\":780,\"caption\":\"Autonomous vehicle of future interior, futuristic car interior design. illustration, monitors and steering wheel, sensor with applications and navigations. Driverless function for drivers\"},{\"@type\":\"BreadcrumbList\",\"@id\":\"https:\\\/\\\/www.apfelpatient.de\\\/rumors\\\/apple-car-projekt-apple-schraubt-ziele-zurueck#breadcrumb\",\"itemListElement\":[{\"@type\":\"ListItem\",\"position\":1,\"name\":\"Startseite\",\"item\":\"https:\\\/\\\/www.apfelpatient.de\\\/\"},{\"@type\":\"ListItem\",\"position\":2,\"name\":\"Apple Car Projekt: Apple schraubt Ziele zur\u00fcck\"}]},{\"@type\":\"WebSite\",\"@id\":\"https:\\\/\\\/www.apfelpatient.de\\\/#website\",\"url\":\"https:\\\/\\\/www.apfelpatient.de\\\/\",\"name\":\"Apfelpatient\",\"description\":\"Alles rund um Apple!\",\"publisher\":{\"@type\":\"Organization\",\"@id\":\"https:\\\/\\\/www.apfelpatient.de\\\/en\\\/#organization\",\"name\":\"Apfelpatient\",\"url\":\"https:\\\/\\\/www.apfelpatient.de\\\/en\\\/\"},\"alternateName\":\"Apfelpatient\",\"potentialAction\":[{\"@type\":\"SearchAction\",\"target\":{\"@type\":\"EntryPoint\",\"urlTemplate\":\"https:\\\/\\\/www.apfelpatient.de\\\/?s={search_term_string}\"},\"query-input\":{\"@type\":\"PropertyValueSpecification\",\"valueRequired\":true,\"valueName\":\"search_term_string\"}}],\"inLanguage\":\"en-US\"},{\"@type\":[\"Person\",\"Organization\"],\"@id\":\"https:\\\/\\\/www.apfelpatient.de\\\/#\\\/schema\\\/person\\\/7dc56ad6c8e9824b76d2c08d4c140e13\",\"name\":\"Milan\",\"logo\":{\"@id\":\"https:\\\/\\\/www.apfelpatient.de\\\/#\\\/schema\\\/person\\\/image\\\/\"},\"description\":\"Hallo und herzlich willkommen auf meinem Technik-Blog! Als gro\u00dfer Apple-Fan berichte ich hier \u00fcber alles, was mit Apple zu tun hat: von den neuesten News und spannenden Ger\u00fcchten \u00fcber hilfreiche Tipps und Tricks bis hin zu ausf\u00fchrlichen Produkttests. Wenn du genauso technikbegeistert bist wie ich, bist du hier genau richtig!\",\"sameAs\":[\"https:\\\/\\\/www.facebook.com\\\/apfelpatientOfficial\",\"https:\\\/\\\/www.linkedin.com\\\/in\\\/milan-jovicic-42aa0231b\"],\"url\":\"https:\\\/\\\/www.apfelpatient.de\\\/en\\\/author\\\/apfeladmin\"}]}<\/script>\n<!-- \/ Yoast SEO Premium plugin. -->","yoast_head_json":{"title":"Apple Car Project: Apple scales back goals Apfelpatient","description":"Apple has scaled back its Apple Car project and no longer plans to bring a fully self-driving vehicle to market.","robots":{"index":"index","follow":"follow","max-snippet":"max-snippet:-1","max-image-preview":"max-image-preview:large","max-video-preview":"max-video-preview:-1"},"canonical":"https:\/\/www.apfelpatient.de\/en\/rumors\/apple-car-project-apple-scales-back-goals","og_locale":"en_US","og_type":"article","og_title":"Apple Car Projekt: Apple schraubt Ziele zur\u00fcck","og_description":"Apple hat sein Apple Car Projekt zur\u00fcckgeschraubt und plant nicht mehr, ein vollst\u00e4ndig selbstfahrendes Fahrzeug auf den Markt zu bringen.","og_url":"https:\/\/www.apfelpatient.de\/en\/rumors\/apple-car-project-apple-scales-back-goals","og_site_name":"Apfelpatient","article_publisher":"https:\/\/www.facebook.com\/apfelpatientOfficial","article_author":"https:\/\/www.facebook.com\/apfelpatientOfficial","article_published_time":"2022-12-06T19:33:13+00:00","article_modified_time":"2022-12-06T19:33:14+00:00","og_image":[{"width":1600,"height":780,"url":"https:\/\/www.apfelpatient.de\/wp-content\/uploads\/2022\/12\/bigstock-Autonomous-Vehicle-Of-Future-I-453475915.jpg","type":"image\/jpeg"}],"author":"Milan","twitter_card":"summary_large_image","twitter_description":"Apple hat sein Apple Car Projekt zur\u00fcckgeschraubt und plant nicht mehr, ein vollst\u00e4ndig selbstfahrendes Fahrzeug auf den Markt zu bringen.","twitter_misc":{"Written by":"Milan","Est. reading time":"3 minutes"},"schema":{"@context":"https:\/\/schema.org","@graph":[{"@type":"NewsArticle","@id":"https:\/\/www.apfelpatient.de\/rumors\/apple-car-projekt-apple-schraubt-ziele-zurueck#article","isPartOf":{"@id":"https:\/\/www.apfelpatient.de\/rumors\/apple-car-projekt-apple-schraubt-ziele-zurueck"},"author":{"@type":"Organization","@id":"https:\/\/www.apfelpatient.de\/en\/#organization","name":"Apfelpatient","url":"https:\/\/www.apfelpatient.de\/en\/"},"headline":"Apple Car Projekt: Apple schraubt Ziele zur\u00fcck","datePublished":"2022-12-06T19:33:13+00:00","dateModified":"2022-12-06T19:33:14+00:00","mainEntityOfPage":{"@id":"https:\/\/www.apfelpatient.de\/rumors\/apple-car-projekt-apple-schraubt-ziele-zurueck"},"wordCount":477,"publisher":{"@type":"Organization","@id":"https:\/\/www.apfelpatient.de\/en\/#organization","name":"Apfelpatient","url":"https:\/\/www.apfelpatient.de\/en\/"},"image":{"@id":"https:\/\/www.apfelpatient.de\/rumors\/apple-car-projekt-apple-schraubt-ziele-zurueck#primaryimage"},"thumbnailUrl":"https:\/\/www.apfelpatient.de\/wp-content\/uploads\/2022\/12\/bigstock-Autonomous-Vehicle-Of-Future-I-453475915.jpg","keywords":["Apple Car","TechPatient"],"articleSection":"Rumors","inLanguage":"en-US","copyrightYear":"2022","copyrightHolder":{"@id":"https:\/\/www.apfelpatient.de\/en\/#organization"}},{"@type":"WebPage","@id":"https:\/\/www.apfelpatient.de\/rumors\/apple-car-projekt-apple-schraubt-ziele-zurueck","url":"https:\/\/www.apfelpatient.de\/rumors\/apple-car-projekt-apple-schraubt-ziele-zurueck","name":"Apple Car Project: Apple scales back goals Apfelpatient","isPartOf":{"@id":"https:\/\/www.apfelpatient.de\/#website"},"primaryImageOfPage":{"@id":"https:\/\/www.apfelpatient.de\/rumors\/apple-car-projekt-apple-schraubt-ziele-zurueck#primaryimage"},"image":{"@id":"https:\/\/www.apfelpatient.de\/rumors\/apple-car-projekt-apple-schraubt-ziele-zurueck#primaryimage"},"thumbnailUrl":"https:\/\/www.apfelpatient.de\/wp-content\/uploads\/2022\/12\/bigstock-Autonomous-Vehicle-Of-Future-I-453475915.jpg","datePublished":"2022-12-06T19:33:13+00:00","dateModified":"2022-12-06T19:33:14+00:00","description":"Apple has scaled back its Apple Car project and no longer plans to bring a fully self-driving vehicle to market.","breadcrumb":{"@id":"https:\/\/www.apfelpatient.de\/rumors\/apple-car-projekt-apple-schraubt-ziele-zurueck#breadcrumb"},"inLanguage":"en-US","potentialAction":[{"@type":"ReadAction","target":["https:\/\/www.apfelpatient.de\/rumors\/apple-car-projekt-apple-schraubt-ziele-zurueck"]}]},{"@type":"ImageObject","inLanguage":"en-US","@id":"https:\/\/www.apfelpatient.de\/rumors\/apple-car-projekt-apple-schraubt-ziele-zurueck#primaryimage","url":"https:\/\/www.apfelpatient.de\/wp-content\/uploads\/2022\/12\/bigstock-Autonomous-Vehicle-Of-Future-I-453475915.jpg","contentUrl":"https:\/\/www.apfelpatient.de\/wp-content\/uploads\/2022\/12\/bigstock-Autonomous-Vehicle-Of-Future-I-453475915.jpg","width":1600,"height":780,"caption":"Autonomous vehicle of future interior, futuristic car interior design. illustration, monitors and steering wheel, sensor with applications and navigations. Driverless function for drivers"},{"@type":"BreadcrumbList","@id":"https:\/\/www.apfelpatient.de\/rumors\/apple-car-projekt-apple-schraubt-ziele-zurueck#breadcrumb","itemListElement":[{"@type":"ListItem","position":1,"name":"Startseite","item":"https:\/\/www.apfelpatient.de\/"},{"@type":"ListItem","position":2,"name":"Apple Car Projekt: Apple schraubt Ziele zur\u00fcck"}]},{"@type":"WebSite","@id":"https:\/\/www.apfelpatient.de\/#website","url":"https:\/\/www.apfelpatient.de\/","name":"apple patient","description":"Everything about Apple!","publisher":{"@type":"Organization","@id":"https:\/\/www.apfelpatient.de\/en\/#organization","name":"Apfelpatient","url":"https:\/\/www.apfelpatient.de\/en\/"},"alternateName":"Apfelpatient","potentialAction":[{"@type":"SearchAction","target":{"@type":"EntryPoint","urlTemplate":"https:\/\/www.apfelpatient.de\/?s={search_term_string}"},"query-input":{"@type":"PropertyValueSpecification","valueRequired":true,"valueName":"search_term_string"}}],"inLanguage":"en-US"},{"@type":["Person","Organization"],"@id":"https:\/\/www.apfelpatient.de\/#\/schema\/person\/7dc56ad6c8e9824b76d2c08d4c140e13","name":"Milan","logo":{"@id":"https:\/\/www.apfelpatient.de\/#\/schema\/person\/image\/"},"description":"Hello and welcome to my technology blog! As a big Apple fan, I report on everything to do with Apple: from the latest news and exciting rumors to helpful tips and tricks and detailed product tests. If you are as enthusiastic about technology as I am, you have come to the right place!","sameAs":["https:\/\/www.facebook.com\/apfelpatientOfficial","https:\/\/www.linkedin.com\/in\/milan-jovicic-42aa0231b"],"url":"https:\/\/www.apfelpatient.de\/en\/author\/apfeladmin"}]}},"_links":{"self":[{"href":"https:\/\/www.apfelpatient.de\/en\/wp-json\/wp\/v2\/posts\/36440","targetHints":{"allow":["GET"]}}],"collection":[{"href":"https:\/\/www.apfelpatient.de\/en\/wp-json\/wp\/v2\/posts"}],"about":[{"href":"https:\/\/www.apfelpatient.de\/en\/wp-json\/wp\/v2\/types\/post"}],"author":[{"embeddable":true,"href":"https:\/\/www.apfelpatient.de\/en\/wp-json\/wp\/v2\/users\/2"}],"replies":[{"embeddable":true,"href":"https:\/\/www.apfelpatient.de\/en\/wp-json\/wp\/v2\/comments?post=36440"}],"version-history":[{"count":0,"href":"https:\/\/www.apfelpatient.de\/en\/wp-json\/wp\/v2\/posts\/36440\/revisions"}],"wp:featuredmedia":[{"embeddable":true,"href":"https:\/\/www.apfelpatient.de\/en\/wp-json\/wp\/v2\/media\/36439"}],"wp:attachment":[{"href":"https:\/\/www.apfelpatient.de\/en\/wp-json\/wp\/v2\/media?parent=36440"}],"wp:term":[{"taxonomy":"category","embeddable":true,"href":"https:\/\/www.apfelpatient.de\/en\/wp-json\/wp\/v2\/categories?post=36440"},{"taxonomy":"post_tag","embeddable":true,"href":"https:\/\/www.apfelpatient.de\/en\/wp-json\/wp\/v2\/tags?post=36440"}],"curies":[{"name":"wp","href":"https:\/\/api.w.org\/{rel}","templated":true}]}}