{"id":36415,"date":"2022-12-04T21:59:00","date_gmt":"2022-12-04T20:59:00","guid":{"rendered":"https:\/\/www.apfelpatient.de\/?p=36415"},"modified":"2022-12-04T23:08:59","modified_gmt":"2022-12-04T22:08:59","slug":"apples-mixed-reality-headset-market-launch-at-the-end-of-2023","status":"publish","type":"post","link":"https:\/\/www.apfelpatient.de\/en\/rumors\/apples-mixed-reality-headset-marktstart-ende-2023","title":{"rendered":"Apple&#039;s mixed reality headset: market launch at the end of 2023?"},"content":{"rendered":"<p class=\"has-drop-cap\"><strong>The launch of Apple&#039;s mixed reality headset, which is currently under development, could be delayed from early 2023 to the end of the year, it is now reported. Software problems are said to be the reason for the delay.<\/strong><\/p>\n\n\n\n<p>The long-rumored and highly anticipated release of Apple&#039;s first headset was almost upon us. Mass production of the augmented reality and virtual reality headset was scheduled to begin in early 2023. But while the hardware is being prepared for production, another element could delay the actual release. <a href=\"https:\/\/twitter.com\/mingchikuo\/status\/1599425147072827392?s=20&amp;t=SWpYQsxj7quWXkghoqWjrA\" target=\"_blank\" rel=\"noreferrer noopener\">Loud<\/a> Ming-Chi Kuo, an analyst at TF Securities, said the launch of Apple&#039;s AR and VR headset could be delayed until the second half of 2023 due to &quot;software-related issues.&quot; Kuo did not say what these might be, but it could be related to the operating system, known as realityOS or xrOS. The delay only seems to affect the mass delivery of the finished products, not the production itself. Kuo expects the delivery of components to still take place in the first half of 2023, possibly in the second quarter.<\/p>\n\n\n\n<h3 class=\"wp-block-heading\" id=\"h-apples-mixed-reality-headset-kampft-mit-software-problemen\">Apple&#039;s mixed reality headset struggles with software problems<\/h3>\n\n\n\n\n\n\n\n<p>However, the delay in shipments could be painful for suppliers, as the headset is considered the &quot;next critical growth driver for the optical industry.&quot; Suppliers such as Largan, Genius, Cowell, Primax and others believed to be in the headset supply chain could suffer from &quot;short-term market sentiment&quot; due to the delay. Despite the delayed shipment, Kuo does not know if there will be a delayed media event to accompany the delayed shipment of the headsets, which would put such an event later than the previously estimated January. Kuo warns that too long a time gap between the event and shipment of the products &quot;is detrimental to promotion and sales.&quot; When asked how many headsets Apple could produce, Kuo replies that the 2023 forecast is &quot;probably less than 500,000 units,&quot; below the market consensus of 800,000 to 1.2 million units. (Photo by Khoamartin \/ Bigstockphoto)<\/p>\n\n\n\n<ul class=\"wp-block-list\">\n<li><a href=\"https:\/\/www.apfelpatient.de\/en\/news\/new-name-apples-ar-vr-operating-system-is-now-called-xros\">New name: Apple&#039;s AR &amp; VR operating system is now called &quot;xrOS&quot;<\/a><\/li>\n<\/ul>\n\n\n\n<h6 class=\"wp-block-heading translation-block\" id=\"h-kennt-ihr-schon-unsere-amazon-storefront-dort-findet-ihr-eine-handverlesene-auswahl-von-diversen-produkten-f-r-euer-iphone-und-co-viel-spa-beim-st-bern\"><em>Have you already visited our Amazon Storefront? There you&#039;ll find a hand-picked selection of various products for your iPhone and other devices \u2013 <span class=\"has-inline-color has-vivid-red-color\"><a href=\"https:\/\/www.amazon.de\/shop\/apfelpatientofficial\" class=\"ek-link\" data-wpel-link=\"exclude\" rel=\"follow noopener\" target=\"_self\"><span style=\"text-decoration: underline\" class=\"ek-underline\">enjoy browsing<\/span><\/a> !<\/span><\/em><\/h6>\n\n\n\n<h6 class=\"wp-block-heading translation-block\" id=\"h-der-beitrag-enthalt-partnerlinks\">This post contains <a data-type=\"URL\" data-id=\"https:\/\/www.apfelpatient.de\/partnerprogramm\" href=\"https:\/\/www.apfelpatient.de\/en\/partner-program\" data-wpel-link=\"internal\" target=\"_self\">affiliate links<\/a>.<\/h6>","protected":false},"excerpt":{"rendered":"<p>The launch of Apple&#039;s mixed reality headset, which is currently under development, could be delayed from early 2023 to the end of the year.<\/p>","protected":false},"author":2,"featured_media":30178,"comment_status":"closed","ping_status":"closed","sticky":false,"template":"","format":"standard","meta":{"jnews-multi-image_gallery":[],"jnews_single_post":{"subtitle":"","format":"standard","video":"","gallery":"","source_name":"","source_url":"","via_name":"","via_url":"","override":[{"single_blog_custom":"","sidebar":"","second_sidebar":"","share_position":"","share_float_style":"","post_date_format":"","post_date_format_custom":"","post_reading_time_wpm":"","zoom_button_out_step":"1","zoom_button_in_step":"1","number_popup_post":"1"}],"image_override":[{"single_post_thumbnail_size":"","single_post_gallery_size":""}],"trending_post_position":"","trending_post_label":"","sponsored_post_label":"","sponsored_post_name":"","sponsored_post_url":"","sponsored_post_logo":"","sponsored_post_desc":""},"jnews_primary_category":{"id":"25"},"footnotes":""},"categories":[25],"tags":[609],"class_list":["post-36415","post","type-post","status-publish","format-standard","has-post-thumbnail","hentry","category-rumors","tag-apple-vr-ar"],"yoast_head":"<!-- This site is optimized with the Yoast SEO Premium plugin v27.5 (Yoast SEO v27.5) - https:\/\/yoast.com\/product\/yoast-seo-premium-wordpress\/ -->\n<title>Apples Mixed-Reality-Headset: Marktstart Ende 2023?<\/title>\n<meta name=\"description\" content=\"Die Marktstart des in der Entwicklung befindlichen Mixed-Reality-Headsets von Apple k\u00f6nnte sich von Anfang 2023 auf Ende des Jahres verschieben.\" \/>\n<meta name=\"robots\" content=\"index, follow, max-snippet:-1, max-image-preview:large, max-video-preview:-1\" \/>\n<link rel=\"canonical\" href=\"https:\/\/www.apfelpatient.de\/en\/rumors\/apples-mixed-reality-headset-market-launch-at-the-end-of-2023\" \/>\n<meta property=\"og:locale\" content=\"en_US\" \/>\n<meta property=\"og:type\" content=\"article\" \/>\n<meta property=\"og:title\" content=\"Apples Mixed-Reality-Headset: Marktstart Ende 2023?\" \/>\n<meta property=\"og:description\" content=\"Die Marktstart des in der Entwicklung befindlichen Mixed-Reality-Headsets von Apple k\u00f6nnte sich von Anfang 2023 auf Ende des Jahres verschieben.\" \/>\n<meta property=\"og:url\" content=\"https:\/\/www.apfelpatient.de\/en\/rumors\/apples-mixed-reality-headset-market-launch-at-the-end-of-2023\" \/>\n<meta property=\"og:site_name\" content=\"Apfelpatient\" \/>\n<meta property=\"article:publisher\" content=\"https:\/\/www.facebook.com\/apfelpatientOfficial\" \/>\n<meta property=\"article:author\" content=\"https:\/\/www.facebook.com\/apfelpatientOfficial\" \/>\n<meta property=\"article:published_time\" content=\"2022-12-04T20:59:00+00:00\" \/>\n<meta property=\"article:modified_time\" content=\"2022-12-04T22:08:59+00:00\" \/>\n<meta property=\"og:image\" content=\"https:\/\/www.apfelpatient.de\/wp-content\/uploads\/2022\/02\/bigstock-The-Asian-Young-Man-With-Virtu-331959778.jpg\" \/>\n\t<meta property=\"og:image:width\" content=\"1600\" \/>\n\t<meta property=\"og:image:height\" content=\"1067\" \/>\n\t<meta property=\"og:image:type\" content=\"image\/jpeg\" \/>\n<meta name=\"author\" content=\"Milan\" \/>\n<meta name=\"twitter:card\" content=\"summary_large_image\" \/>\n<meta name=\"twitter:description\" content=\"Die Marktstart des in der Entwicklung befindlichen Mixed-Reality-Headsets von Apple k\u00f6nnte sich von Anfang 2023 auf Ende des Jahres verschieben.\" \/>\n<meta name=\"twitter:label1\" content=\"Written by\" \/>\n\t<meta name=\"twitter:data1\" content=\"Milan\" \/>\n\t<meta name=\"twitter:label2\" content=\"Est. reading time\" \/>\n\t<meta name=\"twitter:data2\" content=\"2 minutes\" \/>\n<script type=\"application\/ld+json\" class=\"yoast-schema-graph\">{\"@context\":\"https:\\\/\\\/schema.org\",\"@graph\":[{\"@type\":\"NewsArticle\",\"@id\":\"https:\\\/\\\/www.apfelpatient.de\\\/rumors\\\/apples-mixed-reality-headset-marktstart-ende-2023#article\",\"isPartOf\":{\"@id\":\"https:\\\/\\\/www.apfelpatient.de\\\/rumors\\\/apples-mixed-reality-headset-marktstart-ende-2023\"},\"author\":{\"@type\":\"Organization\",\"@id\":\"https:\\\/\\\/www.apfelpatient.de\\\/en\\\/#organization\",\"name\":\"Apfelpatient\",\"url\":\"https:\\\/\\\/www.apfelpatient.de\\\/en\\\/\"},\"headline\":\"Apples Mixed-Reality-Headset: Marktstart Ende 2023?\",\"datePublished\":\"2022-12-04T20:59:00+00:00\",\"dateModified\":\"2022-12-04T22:08:59+00:00\",\"mainEntityOfPage\":{\"@id\":\"https:\\\/\\\/www.apfelpatient.de\\\/rumors\\\/apples-mixed-reality-headset-marktstart-ende-2023\"},\"wordCount\":370,\"publisher\":{\"@type\":\"Organization\",\"@id\":\"https:\\\/\\\/www.apfelpatient.de\\\/en\\\/#organization\",\"name\":\"Apfelpatient\",\"url\":\"https:\\\/\\\/www.apfelpatient.de\\\/en\\\/\"},\"image\":{\"@id\":\"https:\\\/\\\/www.apfelpatient.de\\\/rumors\\\/apples-mixed-reality-headset-marktstart-ende-2023#primaryimage\"},\"thumbnailUrl\":\"https:\\\/\\\/www.apfelpatient.de\\\/wp-content\\\/uploads\\\/2022\\\/02\\\/bigstock-The-Asian-Young-Man-With-Virtu-331959778.jpg\",\"keywords\":[\"Apple VR\\\/AR\"],\"articleSection\":\"Rumors\",\"inLanguage\":\"en-US\",\"copyrightYear\":\"2022\",\"copyrightHolder\":{\"@id\":\"https:\\\/\\\/www.apfelpatient.de\\\/en\\\/#organization\"}},{\"@type\":\"WebPage\",\"@id\":\"https:\\\/\\\/www.apfelpatient.de\\\/rumors\\\/apples-mixed-reality-headset-marktstart-ende-2023\",\"url\":\"https:\\\/\\\/www.apfelpatient.de\\\/rumors\\\/apples-mixed-reality-headset-marktstart-ende-2023\",\"name\":\"Apples Mixed-Reality-Headset: Marktstart Ende 2023?\",\"isPartOf\":{\"@id\":\"https:\\\/\\\/www.apfelpatient.de\\\/#website\"},\"primaryImageOfPage\":{\"@id\":\"https:\\\/\\\/www.apfelpatient.de\\\/rumors\\\/apples-mixed-reality-headset-marktstart-ende-2023#primaryimage\"},\"image\":{\"@id\":\"https:\\\/\\\/www.apfelpatient.de\\\/rumors\\\/apples-mixed-reality-headset-marktstart-ende-2023#primaryimage\"},\"thumbnailUrl\":\"https:\\\/\\\/www.apfelpatient.de\\\/wp-content\\\/uploads\\\/2022\\\/02\\\/bigstock-The-Asian-Young-Man-With-Virtu-331959778.jpg\",\"datePublished\":\"2022-12-04T20:59:00+00:00\",\"dateModified\":\"2022-12-04T22:08:59+00:00\",\"description\":\"Die Marktstart des in der Entwicklung befindlichen Mixed-Reality-Headsets von Apple k\u00f6nnte sich von Anfang 2023 auf Ende des Jahres verschieben.\",\"breadcrumb\":{\"@id\":\"https:\\\/\\\/www.apfelpatient.de\\\/rumors\\\/apples-mixed-reality-headset-marktstart-ende-2023#breadcrumb\"},\"inLanguage\":\"en-US\",\"potentialAction\":[{\"@type\":\"ReadAction\",\"target\":[\"https:\\\/\\\/www.apfelpatient.de\\\/rumors\\\/apples-mixed-reality-headset-marktstart-ende-2023\"]}]},{\"@type\":\"ImageObject\",\"inLanguage\":\"en-US\",\"@id\":\"https:\\\/\\\/www.apfelpatient.de\\\/rumors\\\/apples-mixed-reality-headset-marktstart-ende-2023#primaryimage\",\"url\":\"https:\\\/\\\/www.apfelpatient.de\\\/wp-content\\\/uploads\\\/2022\\\/02\\\/bigstock-The-Asian-Young-Man-With-Virtu-331959778.jpg\",\"contentUrl\":\"https:\\\/\\\/www.apfelpatient.de\\\/wp-content\\\/uploads\\\/2022\\\/02\\\/bigstock-The-Asian-Young-Man-With-Virtu-331959778.jpg\",\"width\":1600,\"height\":1067,\"caption\":\"The Asian young man with virtual reality glasses. Experience mixed reality hololens headset in studio with advanced technology\"},{\"@type\":\"BreadcrumbList\",\"@id\":\"https:\\\/\\\/www.apfelpatient.de\\\/rumors\\\/apples-mixed-reality-headset-marktstart-ende-2023#breadcrumb\",\"itemListElement\":[{\"@type\":\"ListItem\",\"position\":1,\"name\":\"Startseite\",\"item\":\"https:\\\/\\\/www.apfelpatient.de\\\/\"},{\"@type\":\"ListItem\",\"position\":2,\"name\":\"Apples Mixed-Reality-Headset: Marktstart Ende 2023?\"}]},{\"@type\":\"WebSite\",\"@id\":\"https:\\\/\\\/www.apfelpatient.de\\\/#website\",\"url\":\"https:\\\/\\\/www.apfelpatient.de\\\/\",\"name\":\"Apfelpatient\",\"description\":\"Alles rund um Apple!\",\"publisher\":{\"@type\":\"Organization\",\"@id\":\"https:\\\/\\\/www.apfelpatient.de\\\/en\\\/#organization\",\"name\":\"Apfelpatient\",\"url\":\"https:\\\/\\\/www.apfelpatient.de\\\/en\\\/\"},\"alternateName\":\"Apfelpatient\",\"potentialAction\":[{\"@type\":\"SearchAction\",\"target\":{\"@type\":\"EntryPoint\",\"urlTemplate\":\"https:\\\/\\\/www.apfelpatient.de\\\/?s={search_term_string}\"},\"query-input\":{\"@type\":\"PropertyValueSpecification\",\"valueRequired\":true,\"valueName\":\"search_term_string\"}}],\"inLanguage\":\"en-US\"},{\"@type\":[\"Person\",\"Organization\"],\"@id\":\"https:\\\/\\\/www.apfelpatient.de\\\/#\\\/schema\\\/person\\\/7dc56ad6c8e9824b76d2c08d4c140e13\",\"name\":\"Milan\",\"logo\":{\"@id\":\"https:\\\/\\\/www.apfelpatient.de\\\/#\\\/schema\\\/person\\\/image\\\/\"},\"description\":\"Hallo und herzlich willkommen auf meinem Technik-Blog! Als gro\u00dfer Apple-Fan berichte ich hier \u00fcber alles, was mit Apple zu tun hat: von den neuesten News und spannenden Ger\u00fcchten \u00fcber hilfreiche Tipps und Tricks bis hin zu ausf\u00fchrlichen Produkttests. Wenn du genauso technikbegeistert bist wie ich, bist du hier genau richtig!\",\"sameAs\":[\"https:\\\/\\\/www.facebook.com\\\/apfelpatientOfficial\",\"https:\\\/\\\/www.linkedin.com\\\/in\\\/milan-jovicic-42aa0231b\"],\"url\":\"https:\\\/\\\/www.apfelpatient.de\\\/en\\\/author\\\/apfeladmin\"}]}<\/script>\n<!-- \/ Yoast SEO Premium plugin. -->","yoast_head_json":{"title":"Apple&#039;s mixed reality headset: market launch at the end of 2023?","description":"The launch of Apple&#039;s mixed reality headset, which is currently under development, could be delayed from early 2023 to the end of the year.","robots":{"index":"index","follow":"follow","max-snippet":"max-snippet:-1","max-image-preview":"max-image-preview:large","max-video-preview":"max-video-preview:-1"},"canonical":"https:\/\/www.apfelpatient.de\/en\/rumors\/apples-mixed-reality-headset-market-launch-at-the-end-of-2023","og_locale":"en_US","og_type":"article","og_title":"Apples Mixed-Reality-Headset: Marktstart Ende 2023?","og_description":"Die Marktstart des in der Entwicklung befindlichen Mixed-Reality-Headsets von Apple k\u00f6nnte sich von Anfang 2023 auf Ende des Jahres verschieben.","og_url":"https:\/\/www.apfelpatient.de\/en\/rumors\/apples-mixed-reality-headset-market-launch-at-the-end-of-2023","og_site_name":"Apfelpatient","article_publisher":"https:\/\/www.facebook.com\/apfelpatientOfficial","article_author":"https:\/\/www.facebook.com\/apfelpatientOfficial","article_published_time":"2022-12-04T20:59:00+00:00","article_modified_time":"2022-12-04T22:08:59+00:00","og_image":[{"width":1600,"height":1067,"url":"https:\/\/www.apfelpatient.de\/wp-content\/uploads\/2022\/02\/bigstock-The-Asian-Young-Man-With-Virtu-331959778.jpg","type":"image\/jpeg"}],"author":"Milan","twitter_card":"summary_large_image","twitter_description":"Die Marktstart des in der Entwicklung befindlichen Mixed-Reality-Headsets von Apple k\u00f6nnte sich von Anfang 2023 auf Ende des Jahres verschieben.","twitter_misc":{"Written by":"Milan","Est. reading time":"2 minutes"},"schema":{"@context":"https:\/\/schema.org","@graph":[{"@type":"NewsArticle","@id":"https:\/\/www.apfelpatient.de\/rumors\/apples-mixed-reality-headset-marktstart-ende-2023#article","isPartOf":{"@id":"https:\/\/www.apfelpatient.de\/rumors\/apples-mixed-reality-headset-marktstart-ende-2023"},"author":{"@type":"Organization","@id":"https:\/\/www.apfelpatient.de\/en\/#organization","name":"Apfelpatient","url":"https:\/\/www.apfelpatient.de\/en\/"},"headline":"Apples Mixed-Reality-Headset: Marktstart Ende 2023?","datePublished":"2022-12-04T20:59:00+00:00","dateModified":"2022-12-04T22:08:59+00:00","mainEntityOfPage":{"@id":"https:\/\/www.apfelpatient.de\/rumors\/apples-mixed-reality-headset-marktstart-ende-2023"},"wordCount":370,"publisher":{"@type":"Organization","@id":"https:\/\/www.apfelpatient.de\/en\/#organization","name":"Apfelpatient","url":"https:\/\/www.apfelpatient.de\/en\/"},"image":{"@id":"https:\/\/www.apfelpatient.de\/rumors\/apples-mixed-reality-headset-marktstart-ende-2023#primaryimage"},"thumbnailUrl":"https:\/\/www.apfelpatient.de\/wp-content\/uploads\/2022\/02\/bigstock-The-Asian-Young-Man-With-Virtu-331959778.jpg","keywords":["Apple VR\/AR"],"articleSection":"Rumors","inLanguage":"en-US","copyrightYear":"2022","copyrightHolder":{"@id":"https:\/\/www.apfelpatient.de\/en\/#organization"}},{"@type":"WebPage","@id":"https:\/\/www.apfelpatient.de\/rumors\/apples-mixed-reality-headset-marktstart-ende-2023","url":"https:\/\/www.apfelpatient.de\/rumors\/apples-mixed-reality-headset-marktstart-ende-2023","name":"Apple&#039;s mixed reality headset: market launch at the end of 2023?","isPartOf":{"@id":"https:\/\/www.apfelpatient.de\/#website"},"primaryImageOfPage":{"@id":"https:\/\/www.apfelpatient.de\/rumors\/apples-mixed-reality-headset-marktstart-ende-2023#primaryimage"},"image":{"@id":"https:\/\/www.apfelpatient.de\/rumors\/apples-mixed-reality-headset-marktstart-ende-2023#primaryimage"},"thumbnailUrl":"https:\/\/www.apfelpatient.de\/wp-content\/uploads\/2022\/02\/bigstock-The-Asian-Young-Man-With-Virtu-331959778.jpg","datePublished":"2022-12-04T20:59:00+00:00","dateModified":"2022-12-04T22:08:59+00:00","description":"The launch of Apple&#039;s mixed reality headset, which is currently under development, could be delayed from early 2023 to the end of the year.","breadcrumb":{"@id":"https:\/\/www.apfelpatient.de\/rumors\/apples-mixed-reality-headset-marktstart-ende-2023#breadcrumb"},"inLanguage":"en-US","potentialAction":[{"@type":"ReadAction","target":["https:\/\/www.apfelpatient.de\/rumors\/apples-mixed-reality-headset-marktstart-ende-2023"]}]},{"@type":"ImageObject","inLanguage":"en-US","@id":"https:\/\/www.apfelpatient.de\/rumors\/apples-mixed-reality-headset-marktstart-ende-2023#primaryimage","url":"https:\/\/www.apfelpatient.de\/wp-content\/uploads\/2022\/02\/bigstock-The-Asian-Young-Man-With-Virtu-331959778.jpg","contentUrl":"https:\/\/www.apfelpatient.de\/wp-content\/uploads\/2022\/02\/bigstock-The-Asian-Young-Man-With-Virtu-331959778.jpg","width":1600,"height":1067,"caption":"The Asian young man with virtual reality glasses. Experience mixed reality hololens headset in studio with advanced technology"},{"@type":"BreadcrumbList","@id":"https:\/\/www.apfelpatient.de\/rumors\/apples-mixed-reality-headset-marktstart-ende-2023#breadcrumb","itemListElement":[{"@type":"ListItem","position":1,"name":"Startseite","item":"https:\/\/www.apfelpatient.de\/"},{"@type":"ListItem","position":2,"name":"Apples Mixed-Reality-Headset: Marktstart Ende 2023?"}]},{"@type":"WebSite","@id":"https:\/\/www.apfelpatient.de\/#website","url":"https:\/\/www.apfelpatient.de\/","name":"apple patient","description":"Everything about Apple!","publisher":{"@type":"Organization","@id":"https:\/\/www.apfelpatient.de\/en\/#organization","name":"Apfelpatient","url":"https:\/\/www.apfelpatient.de\/en\/"},"alternateName":"Apfelpatient","potentialAction":[{"@type":"SearchAction","target":{"@type":"EntryPoint","urlTemplate":"https:\/\/www.apfelpatient.de\/?s={search_term_string}"},"query-input":{"@type":"PropertyValueSpecification","valueRequired":true,"valueName":"search_term_string"}}],"inLanguage":"en-US"},{"@type":["Person","Organization"],"@id":"https:\/\/www.apfelpatient.de\/#\/schema\/person\/7dc56ad6c8e9824b76d2c08d4c140e13","name":"Milan","logo":{"@id":"https:\/\/www.apfelpatient.de\/#\/schema\/person\/image\/"},"description":"Hello and welcome to my technology blog! As a big Apple fan, I report on everything to do with Apple: from the latest news and exciting rumors to helpful tips and tricks and detailed product tests. If you are as enthusiastic about technology as I am, you have come to the right place!","sameAs":["https:\/\/www.facebook.com\/apfelpatientOfficial","https:\/\/www.linkedin.com\/in\/milan-jovicic-42aa0231b"],"url":"https:\/\/www.apfelpatient.de\/en\/author\/apfeladmin"}]}},"_links":{"self":[{"href":"https:\/\/www.apfelpatient.de\/en\/wp-json\/wp\/v2\/posts\/36415","targetHints":{"allow":["GET"]}}],"collection":[{"href":"https:\/\/www.apfelpatient.de\/en\/wp-json\/wp\/v2\/posts"}],"about":[{"href":"https:\/\/www.apfelpatient.de\/en\/wp-json\/wp\/v2\/types\/post"}],"author":[{"embeddable":true,"href":"https:\/\/www.apfelpatient.de\/en\/wp-json\/wp\/v2\/users\/2"}],"replies":[{"embeddable":true,"href":"https:\/\/www.apfelpatient.de\/en\/wp-json\/wp\/v2\/comments?post=36415"}],"version-history":[{"count":0,"href":"https:\/\/www.apfelpatient.de\/en\/wp-json\/wp\/v2\/posts\/36415\/revisions"}],"wp:featuredmedia":[{"embeddable":true,"href":"https:\/\/www.apfelpatient.de\/en\/wp-json\/wp\/v2\/media\/30178"}],"wp:attachment":[{"href":"https:\/\/www.apfelpatient.de\/en\/wp-json\/wp\/v2\/media?parent=36415"}],"wp:term":[{"taxonomy":"category","embeddable":true,"href":"https:\/\/www.apfelpatient.de\/en\/wp-json\/wp\/v2\/categories?post=36415"},{"taxonomy":"post_tag","embeddable":true,"href":"https:\/\/www.apfelpatient.de\/en\/wp-json\/wp\/v2\/tags?post=36415"}],"curies":[{"name":"wp","href":"https:\/\/api.w.org\/{rel}","templated":true}]}}