{"id":35299,"date":"2022-11-29T19:03:41","date_gmt":"2022-11-29T18:03:41","guid":{"rendered":"https:\/\/www.apfelpatient.de\/?p=35299"},"modified":"2022-11-29T19:03:41","modified_gmt":"2022-11-29T18:03:41","slug":"iphone-14-pro-apple-misses-sales-target-because-of-foxconn","status":"publish","type":"post","link":"https:\/\/www.apfelpatient.de\/en\/news\/iphone-14-pro-verfehlt-apple-das-absatzziel-wegen-foxconn","title":{"rendered":"iPhone 14 Pro: Will Apple miss its sales target because of Foxconn?"},"content":{"rendered":"<p class=\"has-drop-cap\"><strong>iPhone 14 Pro and iPhone 14 Pro Max shipments in the fourth quarter of 2022 will be &quot;significantly lower&quot; than market expectations due to worker protests at Foxconn&#039;s main iPhone factory in China, according to analyst Ming-Chi Kuo.<\/strong><\/p>\n\n\n\n<p>Kuo <a href=\"https:\/\/medium.com\/@mingchikuo\/the-total-iphone-14-pro-and-14-pro-max-shipments-in-4q22-will-be-15-20-million-units-less-than-b7c446d04607\" target=\"_blank\" rel=\"noreferrer noopener\">said<\/a> today that iPhone 14 Pro (Max) production at the Zhengzhou factory had been &quot;significantly impacted&quot; by the protests over adverse working conditions, prompting it to cut its fourth-quarter 2022 iPhone shipment forecast by 20% to 70-75 million units while the market consensus was 80-85 million units. Average capacity utilization at the factory was only about 20% in November and will only improve to 30%-40% in December, according to Kuo. Kuo stated that Pegatron and Luxshare have each received about 10% of Foxconn&#039;s iPhone 14 Pro and 14 Pro Max orders and that mass shipments will not occur until late December at the earliest.<\/p>\n\n\n\n<h3 class=\"wp-block-heading\" id=\"h-kuo-iphone-14-pro-nachfrage-konnte-einfach-verschwinden\">Kuo: iPhone 14 Pro demand could simply disappear<\/h3>\n\n\n\n\n\n\n\n<p>Kuo believes the production issues could result in iPhone sales this quarter being &quot;well below the market consensus of 20-30% or more.&quot; Due to the long delivery delays and the recession, Kuo expects much of the demand for the iPhone 14 Pro models this quarter will simply &quot;disappear&quot; rather than be deferred, suggesting that many customers who would have bought an iPhone 14 Pro now will not return to order the device in January or later when supply improves. Delivery of the iPhone 14 Pro models in the Apple online store in Germany is currently delayed by at least four weeks as the company struggles to maintain supply. (Image: Apple)<\/p>\n\n\n\n<ul class=\"wp-block-list\"><li><a href=\"https:\/\/www.apfelpatient.de\/en\/news\/iphone-14-satellite-emergency-call-will-be-available-in-germany-from-december\">iPhone 14 satellite emergency call will be available in Germany from December<\/a><\/li><\/ul>\n\n\n\n<h6 class=\"wp-block-heading translation-block\" id=\"h-kennt-ihr-schon-unsere-amazon-storefront-dort-findet-ihr-eine-handverlesene-auswahl-von-diversen-produkten-f-r-euer-iphone-und-co-viel-spa-beim-st-bern\"><em>Have you already visited our Amazon Storefront? There you&#039;ll find a hand-picked selection of various products for your iPhone and other devices \u2013 <span class=\"has-inline-color has-vivid-red-color\"><a href=\"https:\/\/www.amazon.de\/shop\/apfelpatientofficial\" class=\"ek-link\" data-wpel-link=\"exclude\" rel=\"follow noopener\" target=\"_self\"><span style=\"text-decoration: underline\" class=\"ek-underline\">enjoy browsing<\/span><\/a> !<\/span><\/em><\/h6>\n\n\n\n<h6 class=\"wp-block-heading translation-block\" id=\"h-der-beitrag-enthalt-partnerlinks\">This post contains <a data-type=\"URL\" data-id=\"https:\/\/www.apfelpatient.de\/partnerprogramm\" href=\"https:\/\/www.apfelpatient.de\/en\/partner-program\" data-wpel-link=\"internal\" target=\"_self\">affiliate links<\/a>.<\/h6>","protected":false},"excerpt":{"rendered":"<p>Shipments of the iPhone 14 Pro (Max) will be &quot;significantly lower&quot; in Q4 2022 due to worker protests in China.<\/p>","protected":false},"author":2,"featured_media":33701,"comment_status":"closed","ping_status":"closed","sticky":false,"template":"","format":"standard","meta":{"jnews-multi-image_gallery":[],"jnews_single_post":{"subtitle":"","format":"standard","video":"","gallery":"","source_name":"","source_url":"","via_name":"","via_url":"","override":[{"single_blog_custom":"","sidebar":"","second_sidebar":"","share_position":"","share_float_style":"","post_date_format":"","post_date_format_custom":"","post_reading_time_wpm":"","zoom_button_out_step":"1","zoom_button_in_step":"1","number_popup_post":"1"}],"image_override":[{"single_post_thumbnail_size":"","single_post_gallery_size":""}],"trending_post_position":"","trending_post_label":"","sponsored_post_label":"","sponsored_post_name":"","sponsored_post_url":"","sponsored_post_logo":"","sponsored_post_desc":""},"jnews_primary_category":{"id":"9"},"footnotes":""},"categories":[9],"tags":[8,683],"class_list":["post-35299","post","type-post","status-publish","format-standard","has-post-thumbnail","hentry","category-news","tag-iphone","tag-iphone-14"],"yoast_head":"<!-- This site is optimized with the Yoast SEO Premium plugin v27.5 (Yoast SEO v27.5) - https:\/\/yoast.com\/product\/yoast-seo-premium-wordpress\/ -->\n<title>iPhone 14 Pro: Verfehlt Apple das Absatzziel wegen Foxconn?<\/title>\n<meta name=\"description\" content=\"Die Auslieferungen des iPhone 14 Pro (Max) werden im Q4 2022 aufgrund von Arbeiterprotesten in China &quot;deutlich niedriger&quot; ausfallen.\" \/>\n<meta name=\"robots\" content=\"index, follow, max-snippet:-1, max-image-preview:large, max-video-preview:-1\" \/>\n<link rel=\"canonical\" href=\"https:\/\/www.apfelpatient.de\/en\/news\/iphone-14-pro-apple-misses-sales-target-because-of-foxconn\" \/>\n<meta property=\"og:locale\" content=\"en_US\" \/>\n<meta property=\"og:type\" content=\"article\" \/>\n<meta property=\"og:title\" content=\"iPhone 14 Pro: Verfehlt Apple das Absatzziel wegen Foxconn?\" \/>\n<meta property=\"og:description\" content=\"Die Auslieferungen des iPhone 14 Pro (Max) werden im Q4 2022 aufgrund von Arbeiterprotesten in China &quot;deutlich niedriger&quot; ausfallen.\" \/>\n<meta property=\"og:url\" content=\"https:\/\/www.apfelpatient.de\/en\/news\/iphone-14-pro-apple-misses-sales-target-because-of-foxconn\" \/>\n<meta property=\"og:site_name\" content=\"Apfelpatient\" \/>\n<meta property=\"article:publisher\" content=\"https:\/\/www.facebook.com\/apfelpatientOfficial\" \/>\n<meta property=\"article:author\" content=\"https:\/\/www.facebook.com\/apfelpatientOfficial\" \/>\n<meta property=\"article:published_time\" content=\"2022-11-29T18:03:41+00:00\" \/>\n<meta property=\"og:image\" content=\"https:\/\/www.apfelpatient.de\/wp-content\/uploads\/2022\/09\/Apple-iPhone-14-Pro-iPhone-14-Pro-Max-hero-220907.jpg\" \/>\n\t<meta property=\"og:image:width\" content=\"1600\" \/>\n\t<meta property=\"og:image:height\" content=\"900\" \/>\n\t<meta property=\"og:image:type\" content=\"image\/jpeg\" \/>\n<meta name=\"author\" content=\"Milan\" \/>\n<meta name=\"twitter:card\" content=\"summary_large_image\" \/>\n<meta name=\"twitter:description\" content=\"Die Auslieferungen des iPhone 14 Pro (Max) werden im Q4 2022 aufgrund von Arbeiterprotesten in China &quot;deutlich niedriger&quot; ausfallen.\" \/>\n<meta name=\"twitter:label1\" content=\"Written by\" \/>\n\t<meta name=\"twitter:data1\" content=\"Milan\" \/>\n\t<meta name=\"twitter:label2\" content=\"Est. reading time\" \/>\n\t<meta name=\"twitter:data2\" content=\"2 minutes\" \/>\n<script type=\"application\/ld+json\" class=\"yoast-schema-graph\">{\"@context\":\"https:\\\/\\\/schema.org\",\"@graph\":[{\"@type\":\"NewsArticle\",\"@id\":\"https:\\\/\\\/www.apfelpatient.de\\\/news\\\/iphone-14-pro-verfehlt-apple-das-absatzziel-wegen-foxconn#article\",\"isPartOf\":{\"@id\":\"https:\\\/\\\/www.apfelpatient.de\\\/news\\\/iphone-14-pro-verfehlt-apple-das-absatzziel-wegen-foxconn\"},\"author\":{\"@type\":\"Organization\",\"@id\":\"https:\\\/\\\/www.apfelpatient.de\\\/en\\\/#organization\",\"name\":\"Apfelpatient\",\"url\":\"https:\\\/\\\/www.apfelpatient.de\\\/en\\\/\"},\"headline\":\"iPhone 14 Pro: Verfehlt Apple das Absatzziel wegen Foxconn?\",\"datePublished\":\"2022-11-29T18:03:41+00:00\",\"mainEntityOfPage\":{\"@id\":\"https:\\\/\\\/www.apfelpatient.de\\\/news\\\/iphone-14-pro-verfehlt-apple-das-absatzziel-wegen-foxconn\"},\"wordCount\":295,\"publisher\":{\"@type\":\"Organization\",\"@id\":\"https:\\\/\\\/www.apfelpatient.de\\\/en\\\/#organization\",\"name\":\"Apfelpatient\",\"url\":\"https:\\\/\\\/www.apfelpatient.de\\\/en\\\/\"},\"image\":{\"@id\":\"https:\\\/\\\/www.apfelpatient.de\\\/news\\\/iphone-14-pro-verfehlt-apple-das-absatzziel-wegen-foxconn#primaryimage\"},\"thumbnailUrl\":\"https:\\\/\\\/www.apfelpatient.de\\\/wp-content\\\/uploads\\\/2022\\\/09\\\/Apple-iPhone-14-Pro-iPhone-14-Pro-Max-hero-220907.jpg\",\"keywords\":[\"iPhone\",\"iPhone 14\"],\"articleSection\":\"News\",\"inLanguage\":\"en-US\",\"copyrightYear\":\"2022\",\"copyrightHolder\":{\"@id\":\"https:\\\/\\\/www.apfelpatient.de\\\/en\\\/#organization\"}},{\"@type\":\"WebPage\",\"@id\":\"https:\\\/\\\/www.apfelpatient.de\\\/news\\\/iphone-14-pro-verfehlt-apple-das-absatzziel-wegen-foxconn\",\"url\":\"https:\\\/\\\/www.apfelpatient.de\\\/news\\\/iphone-14-pro-verfehlt-apple-das-absatzziel-wegen-foxconn\",\"name\":\"iPhone 14 Pro: Verfehlt Apple das Absatzziel wegen Foxconn?\",\"isPartOf\":{\"@id\":\"https:\\\/\\\/www.apfelpatient.de\\\/#website\"},\"primaryImageOfPage\":{\"@id\":\"https:\\\/\\\/www.apfelpatient.de\\\/news\\\/iphone-14-pro-verfehlt-apple-das-absatzziel-wegen-foxconn#primaryimage\"},\"image\":{\"@id\":\"https:\\\/\\\/www.apfelpatient.de\\\/news\\\/iphone-14-pro-verfehlt-apple-das-absatzziel-wegen-foxconn#primaryimage\"},\"thumbnailUrl\":\"https:\\\/\\\/www.apfelpatient.de\\\/wp-content\\\/uploads\\\/2022\\\/09\\\/Apple-iPhone-14-Pro-iPhone-14-Pro-Max-hero-220907.jpg\",\"datePublished\":\"2022-11-29T18:03:41+00:00\",\"description\":\"Die Auslieferungen des iPhone 14 Pro (Max) werden im Q4 2022 aufgrund von Arbeiterprotesten in China \\\"deutlich niedriger\\\" ausfallen.\",\"breadcrumb\":{\"@id\":\"https:\\\/\\\/www.apfelpatient.de\\\/news\\\/iphone-14-pro-verfehlt-apple-das-absatzziel-wegen-foxconn#breadcrumb\"},\"inLanguage\":\"en-US\",\"potentialAction\":[{\"@type\":\"ReadAction\",\"target\":[\"https:\\\/\\\/www.apfelpatient.de\\\/news\\\/iphone-14-pro-verfehlt-apple-das-absatzziel-wegen-foxconn\"]}]},{\"@type\":\"ImageObject\",\"inLanguage\":\"en-US\",\"@id\":\"https:\\\/\\\/www.apfelpatient.de\\\/news\\\/iphone-14-pro-verfehlt-apple-das-absatzziel-wegen-foxconn#primaryimage\",\"url\":\"https:\\\/\\\/www.apfelpatient.de\\\/wp-content\\\/uploads\\\/2022\\\/09\\\/Apple-iPhone-14-Pro-iPhone-14-Pro-Max-hero-220907.jpg\",\"contentUrl\":\"https:\\\/\\\/www.apfelpatient.de\\\/wp-content\\\/uploads\\\/2022\\\/09\\\/Apple-iPhone-14-Pro-iPhone-14-Pro-Max-hero-220907.jpg\",\"width\":1600,\"height\":900,\"caption\":\"Bild: Apple - iPhone 14 Pro\"},{\"@type\":\"BreadcrumbList\",\"@id\":\"https:\\\/\\\/www.apfelpatient.de\\\/news\\\/iphone-14-pro-verfehlt-apple-das-absatzziel-wegen-foxconn#breadcrumb\",\"itemListElement\":[{\"@type\":\"ListItem\",\"position\":1,\"name\":\"Startseite\",\"item\":\"https:\\\/\\\/www.apfelpatient.de\\\/\"},{\"@type\":\"ListItem\",\"position\":2,\"name\":\"iPhone 14 Pro: Verfehlt Apple das Absatzziel wegen Foxconn?\"}]},{\"@type\":\"WebSite\",\"@id\":\"https:\\\/\\\/www.apfelpatient.de\\\/#website\",\"url\":\"https:\\\/\\\/www.apfelpatient.de\\\/\",\"name\":\"Apfelpatient\",\"description\":\"Alles rund um Apple!\",\"publisher\":{\"@type\":\"Organization\",\"@id\":\"https:\\\/\\\/www.apfelpatient.de\\\/en\\\/#organization\",\"name\":\"Apfelpatient\",\"url\":\"https:\\\/\\\/www.apfelpatient.de\\\/en\\\/\"},\"alternateName\":\"Apfelpatient\",\"potentialAction\":[{\"@type\":\"SearchAction\",\"target\":{\"@type\":\"EntryPoint\",\"urlTemplate\":\"https:\\\/\\\/www.apfelpatient.de\\\/?s={search_term_string}\"},\"query-input\":{\"@type\":\"PropertyValueSpecification\",\"valueRequired\":true,\"valueName\":\"search_term_string\"}}],\"inLanguage\":\"en-US\"},{\"@type\":[\"Person\",\"Organization\"],\"@id\":\"https:\\\/\\\/www.apfelpatient.de\\\/#\\\/schema\\\/person\\\/35b3ddba5832f2bfc7fff5206d4f6b7b\",\"name\":\"Milan\",\"logo\":{\"@id\":\"https:\\\/\\\/www.apfelpatient.de\\\/#\\\/schema\\\/person\\\/image\\\/\"},\"description\":\"Hallo und herzlich willkommen auf meinem Technik-Blog! Als gro\u00dfer Apple-Fan berichte ich hier \u00fcber alles, was mit Apple zu tun hat: von den neuesten News und spannenden Ger\u00fcchten \u00fcber hilfreiche Tipps und Tricks bis hin zu ausf\u00fchrlichen Produkttests. Wenn du genauso technikbegeistert bist wie ich, bist du hier genau richtig!\",\"sameAs\":[\"https:\\\/\\\/www.facebook.com\\\/apfelpatientOfficial\",\"https:\\\/\\\/www.linkedin.com\\\/in\\\/milan-jovicic-42aa0231b\"],\"url\":\"https:\\\/\\\/www.apfelpatient.de\\\/en\\\/author\\\/apfeladmin\"}]}<\/script>\n<!-- \/ Yoast SEO Premium plugin. -->","yoast_head_json":{"title":"iPhone 14 Pro: Will Apple miss its sales target because of Foxconn?","description":"iPhone 14 Pro (Max) shipments will be &quot;significantly lower&quot; in Q4 2022 due to labor protests in China.","robots":{"index":"index","follow":"follow","max-snippet":"max-snippet:-1","max-image-preview":"max-image-preview:large","max-video-preview":"max-video-preview:-1"},"canonical":"https:\/\/www.apfelpatient.de\/en\/news\/iphone-14-pro-apple-misses-sales-target-because-of-foxconn","og_locale":"en_US","og_type":"article","og_title":"iPhone 14 Pro: Verfehlt Apple das Absatzziel wegen Foxconn?","og_description":"Die Auslieferungen des iPhone 14 Pro (Max) werden im Q4 2022 aufgrund von Arbeiterprotesten in China \"deutlich niedriger\" ausfallen.","og_url":"https:\/\/www.apfelpatient.de\/en\/news\/iphone-14-pro-apple-misses-sales-target-because-of-foxconn","og_site_name":"Apfelpatient","article_publisher":"https:\/\/www.facebook.com\/apfelpatientOfficial","article_author":"https:\/\/www.facebook.com\/apfelpatientOfficial","article_published_time":"2022-11-29T18:03:41+00:00","og_image":[{"width":1600,"height":900,"url":"https:\/\/www.apfelpatient.de\/wp-content\/uploads\/2022\/09\/Apple-iPhone-14-Pro-iPhone-14-Pro-Max-hero-220907.jpg","type":"image\/jpeg"}],"author":"Milan","twitter_card":"summary_large_image","twitter_description":"Die Auslieferungen des iPhone 14 Pro (Max) werden im Q4 2022 aufgrund von Arbeiterprotesten in China \"deutlich niedriger\" ausfallen.","twitter_misc":{"Written by":"Milan","Est. reading time":"2 minutes"},"schema":{"@context":"https:\/\/schema.org","@graph":[{"@type":"NewsArticle","@id":"https:\/\/www.apfelpatient.de\/news\/iphone-14-pro-verfehlt-apple-das-absatzziel-wegen-foxconn#article","isPartOf":{"@id":"https:\/\/www.apfelpatient.de\/news\/iphone-14-pro-verfehlt-apple-das-absatzziel-wegen-foxconn"},"author":{"@type":"Organization","@id":"https:\/\/www.apfelpatient.de\/en\/#organization","name":"Apfelpatient","url":"https:\/\/www.apfelpatient.de\/en\/"},"headline":"iPhone 14 Pro: Verfehlt Apple das Absatzziel wegen Foxconn?","datePublished":"2022-11-29T18:03:41+00:00","mainEntityOfPage":{"@id":"https:\/\/www.apfelpatient.de\/news\/iphone-14-pro-verfehlt-apple-das-absatzziel-wegen-foxconn"},"wordCount":295,"publisher":{"@type":"Organization","@id":"https:\/\/www.apfelpatient.de\/en\/#organization","name":"Apfelpatient","url":"https:\/\/www.apfelpatient.de\/en\/"},"image":{"@id":"https:\/\/www.apfelpatient.de\/news\/iphone-14-pro-verfehlt-apple-das-absatzziel-wegen-foxconn#primaryimage"},"thumbnailUrl":"https:\/\/www.apfelpatient.de\/wp-content\/uploads\/2022\/09\/Apple-iPhone-14-Pro-iPhone-14-Pro-Max-hero-220907.jpg","keywords":["iPhone","iPhone 14"],"articleSection":"News","inLanguage":"en-US","copyrightYear":"2022","copyrightHolder":{"@id":"https:\/\/www.apfelpatient.de\/en\/#organization"}},{"@type":"WebPage","@id":"https:\/\/www.apfelpatient.de\/news\/iphone-14-pro-verfehlt-apple-das-absatzziel-wegen-foxconn","url":"https:\/\/www.apfelpatient.de\/news\/iphone-14-pro-verfehlt-apple-das-absatzziel-wegen-foxconn","name":"iPhone 14 Pro: Will Apple miss its sales target because of Foxconn?","isPartOf":{"@id":"https:\/\/www.apfelpatient.de\/#website"},"primaryImageOfPage":{"@id":"https:\/\/www.apfelpatient.de\/news\/iphone-14-pro-verfehlt-apple-das-absatzziel-wegen-foxconn#primaryimage"},"image":{"@id":"https:\/\/www.apfelpatient.de\/news\/iphone-14-pro-verfehlt-apple-das-absatzziel-wegen-foxconn#primaryimage"},"thumbnailUrl":"https:\/\/www.apfelpatient.de\/wp-content\/uploads\/2022\/09\/Apple-iPhone-14-Pro-iPhone-14-Pro-Max-hero-220907.jpg","datePublished":"2022-11-29T18:03:41+00:00","description":"iPhone 14 Pro (Max) shipments will be &quot;significantly lower&quot; in Q4 2022 due to labor protests in China.","breadcrumb":{"@id":"https:\/\/www.apfelpatient.de\/news\/iphone-14-pro-verfehlt-apple-das-absatzziel-wegen-foxconn#breadcrumb"},"inLanguage":"en-US","potentialAction":[{"@type":"ReadAction","target":["https:\/\/www.apfelpatient.de\/news\/iphone-14-pro-verfehlt-apple-das-absatzziel-wegen-foxconn"]}]},{"@type":"ImageObject","inLanguage":"en-US","@id":"https:\/\/www.apfelpatient.de\/news\/iphone-14-pro-verfehlt-apple-das-absatzziel-wegen-foxconn#primaryimage","url":"https:\/\/www.apfelpatient.de\/wp-content\/uploads\/2022\/09\/Apple-iPhone-14-Pro-iPhone-14-Pro-Max-hero-220907.jpg","contentUrl":"https:\/\/www.apfelpatient.de\/wp-content\/uploads\/2022\/09\/Apple-iPhone-14-Pro-iPhone-14-Pro-Max-hero-220907.jpg","width":1600,"height":900,"caption":"Bild: Apple - iPhone 14 Pro"},{"@type":"BreadcrumbList","@id":"https:\/\/www.apfelpatient.de\/news\/iphone-14-pro-verfehlt-apple-das-absatzziel-wegen-foxconn#breadcrumb","itemListElement":[{"@type":"ListItem","position":1,"name":"Startseite","item":"https:\/\/www.apfelpatient.de\/"},{"@type":"ListItem","position":2,"name":"iPhone 14 Pro: Verfehlt Apple das Absatzziel wegen Foxconn?"}]},{"@type":"WebSite","@id":"https:\/\/www.apfelpatient.de\/#website","url":"https:\/\/www.apfelpatient.de\/","name":"apple patient","description":"Everything about Apple!","publisher":{"@type":"Organization","@id":"https:\/\/www.apfelpatient.de\/en\/#organization","name":"Apfelpatient","url":"https:\/\/www.apfelpatient.de\/en\/"},"alternateName":"Apfelpatient","potentialAction":[{"@type":"SearchAction","target":{"@type":"EntryPoint","urlTemplate":"https:\/\/www.apfelpatient.de\/?s={search_term_string}"},"query-input":{"@type":"PropertyValueSpecification","valueRequired":true,"valueName":"search_term_string"}}],"inLanguage":"en-US"},{"@type":["Person","Organization"],"@id":"https:\/\/www.apfelpatient.de\/#\/schema\/person\/35b3ddba5832f2bfc7fff5206d4f6b7b","name":"Milan","logo":{"@id":"https:\/\/www.apfelpatient.de\/#\/schema\/person\/image\/"},"description":"Hello and welcome to my technology blog! As a big Apple fan, I report on everything to do with Apple: from the latest news and exciting rumors to helpful tips and tricks and detailed product tests. If you are as enthusiastic about technology as I am, you have come to the right place!","sameAs":["https:\/\/www.facebook.com\/apfelpatientOfficial","https:\/\/www.linkedin.com\/in\/milan-jovicic-42aa0231b"],"url":"https:\/\/www.apfelpatient.de\/en\/author\/apfeladmin"}]}},"_links":{"self":[{"href":"https:\/\/www.apfelpatient.de\/en\/wp-json\/wp\/v2\/posts\/35299","targetHints":{"allow":["GET"]}}],"collection":[{"href":"https:\/\/www.apfelpatient.de\/en\/wp-json\/wp\/v2\/posts"}],"about":[{"href":"https:\/\/www.apfelpatient.de\/en\/wp-json\/wp\/v2\/types\/post"}],"author":[{"embeddable":true,"href":"https:\/\/www.apfelpatient.de\/en\/wp-json\/wp\/v2\/users\/2"}],"replies":[{"embeddable":true,"href":"https:\/\/www.apfelpatient.de\/en\/wp-json\/wp\/v2\/comments?post=35299"}],"version-history":[{"count":0,"href":"https:\/\/www.apfelpatient.de\/en\/wp-json\/wp\/v2\/posts\/35299\/revisions"}],"wp:featuredmedia":[{"embeddable":true,"href":"https:\/\/www.apfelpatient.de\/en\/wp-json\/wp\/v2\/media\/33701"}],"wp:attachment":[{"href":"https:\/\/www.apfelpatient.de\/en\/wp-json\/wp\/v2\/media?parent=35299"}],"wp:term":[{"taxonomy":"category","embeddable":true,"href":"https:\/\/www.apfelpatient.de\/en\/wp-json\/wp\/v2\/categories?post=35299"},{"taxonomy":"post_tag","embeddable":true,"href":"https:\/\/www.apfelpatient.de\/en\/wp-json\/wp\/v2\/tags?post=35299"}],"curies":[{"name":"wp","href":"https:\/\/api.w.org\/{rel}","templated":true}]}}