{"id":35099,"date":"2022-11-09T15:09:06","date_gmt":"2022-11-09T14:09:06","guid":{"rendered":"https:\/\/www.apfelpatient.de\/?p=35099"},"modified":"2022-11-09T15:09:07","modified_gmt":"2022-11-09T14:09:07","slug":"apple-headset-mass-production-to-start-in-early-2023","status":"publish","type":"post","link":"https:\/\/www.apfelpatient.de\/en\/rumors\/apple-headset-massenproduktion-soll-anfang-2023-anlaufen","title":{"rendered":"Apple Headset: Mass production to start in early 2023"},"content":{"rendered":"<p class=\"has-drop-cap\"><strong>According to a new report, Apple is pushing ahead with the development of its mixed reality headset, Apple Reality Pro, with Pegatron being the exclusive partner for manufacturing.<\/strong><\/p>\n\n\n\n<p>Based on the current status of the headset in manufacturing validation <a href=\"https:\/\/www.digitimes.com\/news\/a20221102PD208.html\" target=\"_blank\" rel=\"noreferrer noopener\">predicted<\/a> DigiTimes that mass production will likely begin in March 2023 and the unveiling may take place the following month. The report states:<\/p>\n\n\n\n<blockquote class=\"wp-block-quote is-layout-flow wp-block-quote-is-layout-flow\"><p>Industry sources have explained that the XR headset is mainly aimed at the commercial market. The price is higher and the supply volume is limited. Previous estimates suggested that the device would be shipped up to 2.5 million units annually, but new estimates put the figure at 0.7 to 0.8 million units per year. This is not a particularly profitable order for manufacturers in the supply chain who benefit from the volume.<\/p><\/blockquote>\n\n\n\n<p>Despite the low profitability of producing the first headset, Apple&#039;s manufacturing partners are said to be willing to work with Apple on the project to demonstrate their technical capabilities so that they are well positioned for future AR\/VR products. Apple&#039;s brand recognition also makes it easier for companies to raise money on the capital markets for their activities.<\/p>\n\n\n\n<h3 class=\"wp-block-heading\" id=\"h-apple-headset-soll-2023-erscheinen\">Apple Headset to be released in 2023<\/h3>\n\n\n\n\n\n\n\n<p>Apple has been working on augmented reality, virtual reality, and mixed reality headsets for a few years now, but has reportedly been struggling with some development issues that have slowed progress. While previous rumors suggested Apple could unveil the headset sometime in 2022, analyst Ming-Chi Kuo said in June that Apple would likely aim for a January 2023 unveil. Today&#039;s report from DigiTimes isn&#039;t much different from Kuo&#039;s statement, as Kuo then expected pre-orders to start in Q2 2023 and shipping to happen by WWDC in June. Consequently, both Kuo and DigiTimes seem to be citing a similar timeframe for mass production. The differences in the expected unveiling date (January for Kuo and April for DigiTimes) are related to how much lead time Apple wants to give developers before shipping the headset. (Photo by Andrey Suslov \/ Bigstockphoto)<\/p>\n\n\n\n<ul class=\"wp-block-list\"><li><a href=\"https:\/\/www.apfelpatient.de\/en\/rumors\/apple-reportedly-plans-to-redesign-imessage-in-2023\">Apple reportedly plans to redesign iMessage in 2023<\/a><\/li><\/ul>\n\n\n\n<h6 class=\"wp-block-heading translation-block\" id=\"h-kennt-ihr-schon-unsere-amazon-storefront-dort-findet-ihr-eine-handverlesene-auswahl-von-diversen-produkten-f-r-euer-iphone-und-co-viel-spa-beim-st-bern\"><em>Have you already visited our Amazon Storefront? There you&#039;ll find a hand-picked selection of various products for your iPhone and other devices \u2013 <span class=\"has-inline-color has-vivid-red-color\"><a href=\"https:\/\/www.amazon.de\/shop\/apfelpatientofficial\" class=\"ek-link\" data-wpel-link=\"exclude\" rel=\"follow noopener\" target=\"_self\"><span style=\"text-decoration: underline\" class=\"ek-underline\">enjoy browsing<\/span><\/a> !<\/span><\/em><\/h6>\n\n\n\n<h6 class=\"wp-block-heading translation-block\" id=\"h-der-beitrag-enthalt-partnerlinks\">This post contains <a data-type=\"URL\" data-id=\"https:\/\/www.apfelpatient.de\/partnerprogramm\" href=\"https:\/\/www.apfelpatient.de\/en\/partner-program\" data-wpel-link=\"internal\" target=\"_self\">affiliate links<\/a>.<\/h6>","protected":false},"excerpt":{"rendered":"<p>According to a new report, Apple is pushing ahead with the development of its mixed reality headset, Apple Reality Pro.<\/p>","protected":false},"author":2,"featured_media":31251,"comment_status":"closed","ping_status":"closed","sticky":false,"template":"","format":"standard","meta":{"jnews-multi-image_gallery":[],"jnews_single_post":{"subtitle":"","format":"standard","video":"","gallery":"","source_name":"","source_url":"","via_name":"","via_url":"","override":[{"single_blog_custom":"","sidebar":"","second_sidebar":"","share_position":"","share_float_style":"","post_date_format":"","post_date_format_custom":"","post_reading_time_wpm":"","zoom_button_out_step":"1","zoom_button_in_step":"1","number_popup_post":"1"}],"image_override":[{"single_post_thumbnail_size":"","single_post_gallery_size":""}],"trending_post_position":"","trending_post_label":"","sponsored_post_label":"","sponsored_post_name":"","sponsored_post_url":"","sponsored_post_logo":"","sponsored_post_desc":""},"jnews_primary_category":{"id":"25"},"footnotes":""},"categories":[25],"tags":[609],"class_list":["post-35099","post","type-post","status-publish","format-standard","has-post-thumbnail","hentry","category-rumors","tag-apple-vr-ar"],"yoast_head":"<!-- This site is optimized with the Yoast SEO Premium plugin v27.5 (Yoast SEO v27.5) - https:\/\/yoast.com\/product\/yoast-seo-premium-wordpress\/ -->\n<title>Apple Headset: Massenproduktion soll Anfang 2023 anlaufen<\/title>\n<meta name=\"description\" content=\"Laut einem neuen Bericht treibt Apple die Entwicklung seines Mixed-Reality-Headsets, Apple Reality Pro, voran.\" \/>\n<meta name=\"robots\" content=\"index, follow, max-snippet:-1, max-image-preview:large, max-video-preview:-1\" \/>\n<link rel=\"canonical\" href=\"https:\/\/www.apfelpatient.de\/en\/rumors\/apple-headset-mass-production-to-start-in-early-2023\" \/>\n<meta property=\"og:locale\" content=\"en_US\" \/>\n<meta property=\"og:type\" content=\"article\" \/>\n<meta property=\"og:title\" content=\"Apple Headset: Massenproduktion soll Anfang 2023 anlaufen\" \/>\n<meta property=\"og:description\" content=\"Laut einem neuen Bericht treibt Apple die Entwicklung seines Mixed-Reality-Headsets, Apple Reality Pro, voran.\" \/>\n<meta property=\"og:url\" content=\"https:\/\/www.apfelpatient.de\/en\/rumors\/apple-headset-mass-production-to-start-in-early-2023\" \/>\n<meta property=\"og:site_name\" content=\"Apfelpatient\" \/>\n<meta property=\"article:publisher\" content=\"https:\/\/www.facebook.com\/apfelpatientOfficial\" \/>\n<meta property=\"article:author\" content=\"https:\/\/www.facebook.com\/apfelpatientOfficial\" \/>\n<meta property=\"article:published_time\" content=\"2022-11-09T14:09:06+00:00\" \/>\n<meta property=\"article:modified_time\" content=\"2022-11-09T14:09:07+00:00\" \/>\n<meta property=\"og:image\" content=\"https:\/\/www.apfelpatient.de\/wp-content\/uploads\/2022\/04\/bigstock-Vr-And-Ar-Technology-Futuristi-450012537.jpg\" \/>\n\t<meta property=\"og:image:width\" content=\"1600\" \/>\n\t<meta property=\"og:image:height\" content=\"900\" \/>\n\t<meta property=\"og:image:type\" content=\"image\/jpeg\" \/>\n<meta name=\"author\" content=\"Milan\" \/>\n<meta name=\"twitter:card\" content=\"summary_large_image\" \/>\n<meta name=\"twitter:description\" content=\"Laut einem neuen Bericht treibt Apple die Entwicklung seines Mixed-Reality-Headsets, Apple Reality Pro, voran.\" \/>\n<meta name=\"twitter:label1\" content=\"Written by\" \/>\n\t<meta name=\"twitter:data1\" content=\"Milan\" \/>\n\t<meta name=\"twitter:label2\" content=\"Est. reading time\" \/>\n\t<meta name=\"twitter:data2\" content=\"2 minutes\" \/>\n<script type=\"application\/ld+json\" class=\"yoast-schema-graph\">{\"@context\":\"https:\\\/\\\/schema.org\",\"@graph\":[{\"@type\":\"NewsArticle\",\"@id\":\"https:\\\/\\\/www.apfelpatient.de\\\/rumors\\\/apple-headset-massenproduktion-soll-anfang-2023-anlaufen#article\",\"isPartOf\":{\"@id\":\"https:\\\/\\\/www.apfelpatient.de\\\/rumors\\\/apple-headset-massenproduktion-soll-anfang-2023-anlaufen\"},\"author\":{\"@type\":\"Organization\",\"@id\":\"https:\\\/\\\/www.apfelpatient.de\\\/en\\\/#organization\",\"name\":\"Apfelpatient\",\"url\":\"https:\\\/\\\/www.apfelpatient.de\\\/en\\\/\"},\"headline\":\"Apple Headset: Massenproduktion soll Anfang 2023 anlaufen\",\"datePublished\":\"2022-11-09T14:09:06+00:00\",\"dateModified\":\"2022-11-09T14:09:07+00:00\",\"mainEntityOfPage\":{\"@id\":\"https:\\\/\\\/www.apfelpatient.de\\\/rumors\\\/apple-headset-massenproduktion-soll-anfang-2023-anlaufen\"},\"wordCount\":364,\"publisher\":{\"@type\":\"Organization\",\"@id\":\"https:\\\/\\\/www.apfelpatient.de\\\/en\\\/#organization\",\"name\":\"Apfelpatient\",\"url\":\"https:\\\/\\\/www.apfelpatient.de\\\/en\\\/\"},\"image\":{\"@id\":\"https:\\\/\\\/www.apfelpatient.de\\\/rumors\\\/apple-headset-massenproduktion-soll-anfang-2023-anlaufen#primaryimage\"},\"thumbnailUrl\":\"https:\\\/\\\/www.apfelpatient.de\\\/wp-content\\\/uploads\\\/2022\\\/04\\\/bigstock-Vr-And-Ar-Technology-Futuristi-450012537.jpg\",\"keywords\":[\"Apple VR\\\/AR\"],\"articleSection\":\"Rumors\",\"inLanguage\":\"en-US\",\"copyrightYear\":\"2022\",\"copyrightHolder\":{\"@id\":\"https:\\\/\\\/www.apfelpatient.de\\\/en\\\/#organization\"}},{\"@type\":\"WebPage\",\"@id\":\"https:\\\/\\\/www.apfelpatient.de\\\/rumors\\\/apple-headset-massenproduktion-soll-anfang-2023-anlaufen\",\"url\":\"https:\\\/\\\/www.apfelpatient.de\\\/rumors\\\/apple-headset-massenproduktion-soll-anfang-2023-anlaufen\",\"name\":\"Apple Headset: Massenproduktion soll Anfang 2023 anlaufen\",\"isPartOf\":{\"@id\":\"https:\\\/\\\/www.apfelpatient.de\\\/#website\"},\"primaryImageOfPage\":{\"@id\":\"https:\\\/\\\/www.apfelpatient.de\\\/rumors\\\/apple-headset-massenproduktion-soll-anfang-2023-anlaufen#primaryimage\"},\"image\":{\"@id\":\"https:\\\/\\\/www.apfelpatient.de\\\/rumors\\\/apple-headset-massenproduktion-soll-anfang-2023-anlaufen#primaryimage\"},\"thumbnailUrl\":\"https:\\\/\\\/www.apfelpatient.de\\\/wp-content\\\/uploads\\\/2022\\\/04\\\/bigstock-Vr-And-Ar-Technology-Futuristi-450012537.jpg\",\"datePublished\":\"2022-11-09T14:09:06+00:00\",\"dateModified\":\"2022-11-09T14:09:07+00:00\",\"description\":\"Laut einem neuen Bericht treibt Apple die Entwicklung seines Mixed-Reality-Headsets, Apple Reality Pro, voran.\",\"breadcrumb\":{\"@id\":\"https:\\\/\\\/www.apfelpatient.de\\\/rumors\\\/apple-headset-massenproduktion-soll-anfang-2023-anlaufen#breadcrumb\"},\"inLanguage\":\"en-US\",\"potentialAction\":[{\"@type\":\"ReadAction\",\"target\":[\"https:\\\/\\\/www.apfelpatient.de\\\/rumors\\\/apple-headset-massenproduktion-soll-anfang-2023-anlaufen\"]}]},{\"@type\":\"ImageObject\",\"inLanguage\":\"en-US\",\"@id\":\"https:\\\/\\\/www.apfelpatient.de\\\/rumors\\\/apple-headset-massenproduktion-soll-anfang-2023-anlaufen#primaryimage\",\"url\":\"https:\\\/\\\/www.apfelpatient.de\\\/wp-content\\\/uploads\\\/2022\\\/04\\\/bigstock-Vr-And-Ar-Technology-Futuristi-450012537.jpg\",\"contentUrl\":\"https:\\\/\\\/www.apfelpatient.de\\\/wp-content\\\/uploads\\\/2022\\\/04\\\/bigstock-Vr-And-Ar-Technology-Futuristi-450012537.jpg\",\"width\":1600,\"height\":900,\"caption\":\"VR and AR technology futuristic concept. Man wearing 3d VR headset glasses looks up in cyberspace of metaverse. Virtual reality or Augmented reality world simulation. Digital computer entertainment.\"},{\"@type\":\"BreadcrumbList\",\"@id\":\"https:\\\/\\\/www.apfelpatient.de\\\/rumors\\\/apple-headset-massenproduktion-soll-anfang-2023-anlaufen#breadcrumb\",\"itemListElement\":[{\"@type\":\"ListItem\",\"position\":1,\"name\":\"Startseite\",\"item\":\"https:\\\/\\\/www.apfelpatient.de\\\/\"},{\"@type\":\"ListItem\",\"position\":2,\"name\":\"Apple Headset: Massenproduktion soll Anfang 2023 anlaufen\"}]},{\"@type\":\"WebSite\",\"@id\":\"https:\\\/\\\/www.apfelpatient.de\\\/#website\",\"url\":\"https:\\\/\\\/www.apfelpatient.de\\\/\",\"name\":\"Apfelpatient\",\"description\":\"Alles rund um Apple!\",\"publisher\":{\"@type\":\"Organization\",\"@id\":\"https:\\\/\\\/www.apfelpatient.de\\\/en\\\/#organization\",\"name\":\"Apfelpatient\",\"url\":\"https:\\\/\\\/www.apfelpatient.de\\\/en\\\/\"},\"alternateName\":\"Apfelpatient\",\"potentialAction\":[{\"@type\":\"SearchAction\",\"target\":{\"@type\":\"EntryPoint\",\"urlTemplate\":\"https:\\\/\\\/www.apfelpatient.de\\\/?s={search_term_string}\"},\"query-input\":{\"@type\":\"PropertyValueSpecification\",\"valueRequired\":true,\"valueName\":\"search_term_string\"}}],\"inLanguage\":\"en-US\"},{\"@type\":[\"Person\",\"Organization\"],\"@id\":\"https:\\\/\\\/www.apfelpatient.de\\\/#\\\/schema\\\/person\\\/35b3ddba5832f2bfc7fff5206d4f6b7b\",\"name\":\"Milan\",\"logo\":{\"@id\":\"https:\\\/\\\/www.apfelpatient.de\\\/#\\\/schema\\\/person\\\/image\\\/\"},\"description\":\"Hallo und herzlich willkommen auf meinem Technik-Blog! Als gro\u00dfer Apple-Fan berichte ich hier \u00fcber alles, was mit Apple zu tun hat: von den neuesten News und spannenden Ger\u00fcchten \u00fcber hilfreiche Tipps und Tricks bis hin zu ausf\u00fchrlichen Produkttests. Wenn du genauso technikbegeistert bist wie ich, bist du hier genau richtig!\",\"sameAs\":[\"https:\\\/\\\/www.facebook.com\\\/apfelpatientOfficial\",\"https:\\\/\\\/www.linkedin.com\\\/in\\\/milan-jovicic-42aa0231b\"],\"url\":\"https:\\\/\\\/www.apfelpatient.de\\\/en\\\/author\\\/apfeladmin\"}]}<\/script>\n<!-- \/ Yoast SEO Premium plugin. -->","yoast_head_json":{"title":"Apple Headset: Mass production to start in early 2023","description":"According to a new report, Apple is pushing ahead with the development of its mixed reality headset, Apple Reality Pro.","robots":{"index":"index","follow":"follow","max-snippet":"max-snippet:-1","max-image-preview":"max-image-preview:large","max-video-preview":"max-video-preview:-1"},"canonical":"https:\/\/www.apfelpatient.de\/en\/rumors\/apple-headset-mass-production-to-start-in-early-2023","og_locale":"en_US","og_type":"article","og_title":"Apple Headset: Massenproduktion soll Anfang 2023 anlaufen","og_description":"Laut einem neuen Bericht treibt Apple die Entwicklung seines Mixed-Reality-Headsets, Apple Reality Pro, voran.","og_url":"https:\/\/www.apfelpatient.de\/en\/rumors\/apple-headset-mass-production-to-start-in-early-2023","og_site_name":"Apfelpatient","article_publisher":"https:\/\/www.facebook.com\/apfelpatientOfficial","article_author":"https:\/\/www.facebook.com\/apfelpatientOfficial","article_published_time":"2022-11-09T14:09:06+00:00","article_modified_time":"2022-11-09T14:09:07+00:00","og_image":[{"width":1600,"height":900,"url":"https:\/\/www.apfelpatient.de\/wp-content\/uploads\/2022\/04\/bigstock-Vr-And-Ar-Technology-Futuristi-450012537.jpg","type":"image\/jpeg"}],"author":"Milan","twitter_card":"summary_large_image","twitter_description":"Laut einem neuen Bericht treibt Apple die Entwicklung seines Mixed-Reality-Headsets, Apple Reality Pro, voran.","twitter_misc":{"Written by":"Milan","Est. reading time":"2 minutes"},"schema":{"@context":"https:\/\/schema.org","@graph":[{"@type":"NewsArticle","@id":"https:\/\/www.apfelpatient.de\/rumors\/apple-headset-massenproduktion-soll-anfang-2023-anlaufen#article","isPartOf":{"@id":"https:\/\/www.apfelpatient.de\/rumors\/apple-headset-massenproduktion-soll-anfang-2023-anlaufen"},"author":{"@type":"Organization","@id":"https:\/\/www.apfelpatient.de\/en\/#organization","name":"Apfelpatient","url":"https:\/\/www.apfelpatient.de\/en\/"},"headline":"Apple Headset: Massenproduktion soll Anfang 2023 anlaufen","datePublished":"2022-11-09T14:09:06+00:00","dateModified":"2022-11-09T14:09:07+00:00","mainEntityOfPage":{"@id":"https:\/\/www.apfelpatient.de\/rumors\/apple-headset-massenproduktion-soll-anfang-2023-anlaufen"},"wordCount":364,"publisher":{"@type":"Organization","@id":"https:\/\/www.apfelpatient.de\/en\/#organization","name":"Apfelpatient","url":"https:\/\/www.apfelpatient.de\/en\/"},"image":{"@id":"https:\/\/www.apfelpatient.de\/rumors\/apple-headset-massenproduktion-soll-anfang-2023-anlaufen#primaryimage"},"thumbnailUrl":"https:\/\/www.apfelpatient.de\/wp-content\/uploads\/2022\/04\/bigstock-Vr-And-Ar-Technology-Futuristi-450012537.jpg","keywords":["Apple VR\/AR"],"articleSection":"Rumors","inLanguage":"en-US","copyrightYear":"2022","copyrightHolder":{"@id":"https:\/\/www.apfelpatient.de\/en\/#organization"}},{"@type":"WebPage","@id":"https:\/\/www.apfelpatient.de\/rumors\/apple-headset-massenproduktion-soll-anfang-2023-anlaufen","url":"https:\/\/www.apfelpatient.de\/rumors\/apple-headset-massenproduktion-soll-anfang-2023-anlaufen","name":"Apple Headset: Mass production to start in early 2023","isPartOf":{"@id":"https:\/\/www.apfelpatient.de\/#website"},"primaryImageOfPage":{"@id":"https:\/\/www.apfelpatient.de\/rumors\/apple-headset-massenproduktion-soll-anfang-2023-anlaufen#primaryimage"},"image":{"@id":"https:\/\/www.apfelpatient.de\/rumors\/apple-headset-massenproduktion-soll-anfang-2023-anlaufen#primaryimage"},"thumbnailUrl":"https:\/\/www.apfelpatient.de\/wp-content\/uploads\/2022\/04\/bigstock-Vr-And-Ar-Technology-Futuristi-450012537.jpg","datePublished":"2022-11-09T14:09:06+00:00","dateModified":"2022-11-09T14:09:07+00:00","description":"According to a new report, Apple is pushing ahead with the development of its mixed reality headset, Apple Reality Pro.","breadcrumb":{"@id":"https:\/\/www.apfelpatient.de\/rumors\/apple-headset-massenproduktion-soll-anfang-2023-anlaufen#breadcrumb"},"inLanguage":"en-US","potentialAction":[{"@type":"ReadAction","target":["https:\/\/www.apfelpatient.de\/rumors\/apple-headset-massenproduktion-soll-anfang-2023-anlaufen"]}]},{"@type":"ImageObject","inLanguage":"en-US","@id":"https:\/\/www.apfelpatient.de\/rumors\/apple-headset-massenproduktion-soll-anfang-2023-anlaufen#primaryimage","url":"https:\/\/www.apfelpatient.de\/wp-content\/uploads\/2022\/04\/bigstock-Vr-And-Ar-Technology-Futuristi-450012537.jpg","contentUrl":"https:\/\/www.apfelpatient.de\/wp-content\/uploads\/2022\/04\/bigstock-Vr-And-Ar-Technology-Futuristi-450012537.jpg","width":1600,"height":900,"caption":"VR and AR technology futuristic concept. Man wearing 3d VR headset glasses looks up in cyberspace of metaverse. Virtual reality or Augmented reality world simulation. Digital computer entertainment."},{"@type":"BreadcrumbList","@id":"https:\/\/www.apfelpatient.de\/rumors\/apple-headset-massenproduktion-soll-anfang-2023-anlaufen#breadcrumb","itemListElement":[{"@type":"ListItem","position":1,"name":"Startseite","item":"https:\/\/www.apfelpatient.de\/"},{"@type":"ListItem","position":2,"name":"Apple Headset: Massenproduktion soll Anfang 2023 anlaufen"}]},{"@type":"WebSite","@id":"https:\/\/www.apfelpatient.de\/#website","url":"https:\/\/www.apfelpatient.de\/","name":"apple patient","description":"Everything about Apple!","publisher":{"@type":"Organization","@id":"https:\/\/www.apfelpatient.de\/en\/#organization","name":"Apfelpatient","url":"https:\/\/www.apfelpatient.de\/en\/"},"alternateName":"Apfelpatient","potentialAction":[{"@type":"SearchAction","target":{"@type":"EntryPoint","urlTemplate":"https:\/\/www.apfelpatient.de\/?s={search_term_string}"},"query-input":{"@type":"PropertyValueSpecification","valueRequired":true,"valueName":"search_term_string"}}],"inLanguage":"en-US"},{"@type":["Person","Organization"],"@id":"https:\/\/www.apfelpatient.de\/#\/schema\/person\/35b3ddba5832f2bfc7fff5206d4f6b7b","name":"Milan","logo":{"@id":"https:\/\/www.apfelpatient.de\/#\/schema\/person\/image\/"},"description":"Hello and welcome to my technology blog! As a big Apple fan, I report on everything to do with Apple: from the latest news and exciting rumors to helpful tips and tricks and detailed product tests. If you are as enthusiastic about technology as I am, you have come to the right place!","sameAs":["https:\/\/www.facebook.com\/apfelpatientOfficial","https:\/\/www.linkedin.com\/in\/milan-jovicic-42aa0231b"],"url":"https:\/\/www.apfelpatient.de\/en\/author\/apfeladmin"}]}},"_links":{"self":[{"href":"https:\/\/www.apfelpatient.de\/en\/wp-json\/wp\/v2\/posts\/35099","targetHints":{"allow":["GET"]}}],"collection":[{"href":"https:\/\/www.apfelpatient.de\/en\/wp-json\/wp\/v2\/posts"}],"about":[{"href":"https:\/\/www.apfelpatient.de\/en\/wp-json\/wp\/v2\/types\/post"}],"author":[{"embeddable":true,"href":"https:\/\/www.apfelpatient.de\/en\/wp-json\/wp\/v2\/users\/2"}],"replies":[{"embeddable":true,"href":"https:\/\/www.apfelpatient.de\/en\/wp-json\/wp\/v2\/comments?post=35099"}],"version-history":[{"count":0,"href":"https:\/\/www.apfelpatient.de\/en\/wp-json\/wp\/v2\/posts\/35099\/revisions"}],"wp:featuredmedia":[{"embeddable":true,"href":"https:\/\/www.apfelpatient.de\/en\/wp-json\/wp\/v2\/media\/31251"}],"wp:attachment":[{"href":"https:\/\/www.apfelpatient.de\/en\/wp-json\/wp\/v2\/media?parent=35099"}],"wp:term":[{"taxonomy":"category","embeddable":true,"href":"https:\/\/www.apfelpatient.de\/en\/wp-json\/wp\/v2\/categories?post=35099"},{"taxonomy":"post_tag","embeddable":true,"href":"https:\/\/www.apfelpatient.de\/en\/wp-json\/wp\/v2\/tags?post=35099"}],"curies":[{"name":"wp","href":"https:\/\/api.w.org\/{rel}","templated":true}]}}