{"id":3497,"date":"2019-02-11T16:42:54","date_gmt":"2019-02-11T15:42:54","guid":{"rendered":"https:\/\/www.apfelpatient.de\/?p=3497"},"modified":"2025-02-06T07:21:44","modified_gmt":"2025-02-06T06:21:44","slug":"airpods-2-and-airpower-available-soon","status":"publish","type":"post","link":"https:\/\/www.apfelpatient.de\/en\/rumors\/airpods-2-und-airpower-demnaechst-erhaeltlich","title":{"rendered":"AirPods 2 and AirPower coming soon"},"content":{"rendered":"<p><strong>The AirPods 2 and AirPower are two Apple products that have been eagerly awaited for a long time. The latter enjoys particularly high anticipation.<\/strong><\/p>\n<p class=\"p1\"><\/p>\n<p>New rumors say that Apple will present the AirPods 2 and AirPower together in the spring. Additional specifications have also been revealed. This time, the information comes from MySmartprice, a price comparison platform that has been able to convince users with predictions several times in the recent past - in this case, the site is citing supplier circles. According to the rumors, both products will be presented alongside the 7th generation iPad - as has been speculated for weeks. According to the platform, the AirPods 2 will have the same design, but with significantly better bass performance. This was achieved by changing the casing.<\/p>\n<p><strong>AirPods 2 innovations at a glance<\/strong><\/p>\n<p>Of course, there have been a lot of rumors about the popular earbuds in the past. Here is a brief overview. In addition to better bass performance, they are said to have more functions and will probably be more expensive. These include better noise compensation and an increased wireless range. The first generation of AirPods is officially not water-resistant - according to suppliers, this is now set to change. The AirPods 2 will have better moisture protection. Furthermore, the new generation of AirPods will be equipped with the &quot;Hey Siri&quot; function - this was also revealed by a <a href=\"https:\/\/www.apfelpatient.de\/en\">iOS 12.2 Beta Update<\/a> In addition, Apple wants to equip the AirPods 2 with more health functions - according to a report. The delivery will take place with the AirPower compatible charging case.<\/p>\n<p><strong>AirPower comes a little thicker<\/strong><\/p>\n<p class=\"p1\"><\/p>\n<p>There have been several reports about AirPower at the beginning of the year. <a href=\"https:\/\/www.apfelpatient.de\/en\">mass production<\/a> The Qi charging mat will be launched on January 22nd. According to the latest report, it will be a little thicker than expected. This is the only way Apple could solve a major problem \u2013 the <a href=\"https:\/\/www.apfelpatient.de\/en\">overheating<\/a>Nothing is known about the price - observers expect a price between 150 and 200 euros for the QI charging station.<\/p>\n<h6><a href=\"https:\/\/www.apfelpatient.de\/en\"><strong><em>Apple Patent: AirPower should have more capabilities<\/em><\/strong><\/a><\/h6>\n<h6><a href=\"https:\/\/t.me\/apfelpatient_official\"><em><strong>Don&#039;t want to miss any more news? Then subscribe to our Telegram channel here<\/strong><\/em><\/a><\/h6>","protected":false},"excerpt":{"rendered":"<p>Bei den AirPods 2 und AirPower handelt es sich um zwei Apple Produkte die bereits seit langer Zeit hei\u00df erwartet werden. Letzteres genie\u00dft einen besonders hohen Erwartungswert. Neue Ger\u00fcchte besagen das Apple die AirPods 2 und AirPower gemeinsam im Fr\u00fchjahr vorstellen wird. Au\u00dferdem wurden weitere Spezifikationen ausgeplaudert. Die Informationen kommen dieses Mal aus dem Hause [&hellip;]<\/p>\n","protected":false},"author":2,"featured_media":1752,"comment_status":"open","ping_status":"open","sticky":false,"template":"","format":"standard","meta":{"jnews-multi-image_gallery":[],"jnews_single_post":[],"jnews_primary_category":[],"footnotes":""},"categories":[25],"tags":[28,11,112,8],"class_list":["post-3497","post","type-post","status-publish","format-standard","has-post-thumbnail","hentry","category-rumors","tag-airpods","tag-airpower","tag-apple-keynote","tag-iphone"],"yoast_head":"<!-- This site is optimized with the Yoast SEO Premium plugin v27.5 (Yoast SEO v27.5) - https:\/\/yoast.com\/product\/yoast-seo-premium-wordpress\/ -->\n<title>AirPods 2 und AirPower demn\u00e4chst erh\u00e4ltlich Apfelpatient<\/title>\n<meta name=\"description\" content=\"- Bei den AirPods 2 und AirPower handelt es sich um zwei Apple Produkte die bereits seit langer Zeit hei\u00df erwartet werden. Letzteres genie\u00dft einen besonders hohen Erwartungswert.\" \/>\n<meta name=\"robots\" content=\"index, follow, max-snippet:-1, max-image-preview:large, max-video-preview:-1\" \/>\n<link rel=\"canonical\" href=\"https:\/\/www.apfelpatient.de\/en\/rumors\/airpods-2-and-airpower-available-soon\" \/>\n<meta property=\"og:locale\" content=\"en_US\" \/>\n<meta property=\"og:type\" content=\"article\" \/>\n<meta property=\"og:title\" content=\"AirPods 2 und AirPower demn\u00e4chst erh\u00e4ltlich\" \/>\n<meta property=\"og:description\" content=\"- Bei den AirPods 2 und AirPower handelt es sich um zwei Apple Produkte die bereits seit langer Zeit hei\u00df erwartet werden. Letzteres genie\u00dft einen besonders hohen Erwartungswert.\" \/>\n<meta property=\"og:url\" content=\"https:\/\/www.apfelpatient.de\/en\/rumors\/airpods-2-and-airpower-available-soon\" \/>\n<meta property=\"og:site_name\" content=\"Apfelpatient\" \/>\n<meta property=\"article:publisher\" content=\"https:\/\/www.facebook.com\/apfelpatientOfficial\" \/>\n<meta property=\"article:author\" content=\"https:\/\/www.facebook.com\/apfelpatientOfficial\" \/>\n<meta property=\"article:published_time\" content=\"2019-02-11T15:42:54+00:00\" \/>\n<meta property=\"article:modified_time\" content=\"2025-02-06T06:21:44+00:00\" \/>\n<meta property=\"og:image\" content=\"https:\/\/www.apfelpatient.de\/wp-content\/uploads\/2018\/08\/harpal-singh-301668-unsplash.jpg\" \/>\n\t<meta property=\"og:image:width\" content=\"6000\" \/>\n\t<meta property=\"og:image:height\" content=\"4000\" \/>\n\t<meta property=\"og:image:type\" content=\"image\/jpeg\" \/>\n<meta name=\"author\" content=\"Milan\" \/>\n<meta name=\"twitter:card\" content=\"summary_large_image\" \/>\n<meta name=\"twitter:label1\" content=\"Written by\" \/>\n\t<meta name=\"twitter:data1\" content=\"Milan\" \/>\n\t<meta name=\"twitter:label2\" content=\"Est. reading time\" \/>\n\t<meta name=\"twitter:data2\" content=\"2 minutes\" \/>\n<script type=\"application\/ld+json\" class=\"yoast-schema-graph\">{\"@context\":\"https:\\\/\\\/schema.org\",\"@graph\":[{\"@type\":\"NewsArticle\",\"@id\":\"https:\\\/\\\/www.apfelpatient.de\\\/rumors\\\/airpods-2-und-airpower-demnaechst-erhaeltlich#article\",\"isPartOf\":{\"@id\":\"https:\\\/\\\/www.apfelpatient.de\\\/rumors\\\/airpods-2-und-airpower-demnaechst-erhaeltlich\"},\"author\":{\"@type\":\"Organization\",\"@id\":\"https:\\\/\\\/www.apfelpatient.de\\\/en\\\/#organization\",\"name\":\"Apfelpatient\",\"url\":\"https:\\\/\\\/www.apfelpatient.de\\\/en\\\/\"},\"headline\":\"AirPods 2 und AirPower demn\u00e4chst erh\u00e4ltlich\",\"datePublished\":\"2019-02-11T15:42:54+00:00\",\"dateModified\":\"2025-02-06T06:21:44+00:00\",\"mainEntityOfPage\":{\"@id\":\"https:\\\/\\\/www.apfelpatient.de\\\/rumors\\\/airpods-2-und-airpower-demnaechst-erhaeltlich\"},\"wordCount\":346,\"commentCount\":0,\"publisher\":{\"@type\":\"Organization\",\"@id\":\"https:\\\/\\\/www.apfelpatient.de\\\/en\\\/#organization\",\"name\":\"Apfelpatient\",\"url\":\"https:\\\/\\\/www.apfelpatient.de\\\/en\\\/\"},\"image\":{\"@id\":\"https:\\\/\\\/www.apfelpatient.de\\\/rumors\\\/airpods-2-und-airpower-demnaechst-erhaeltlich#primaryimage\"},\"thumbnailUrl\":\"https:\\\/\\\/www.apfelpatient.de\\\/wp-content\\\/uploads\\\/2018\\\/08\\\/harpal-singh-301668-unsplash.jpg\",\"keywords\":[\"AirPods\",\"AirPower\",\"Apple Keynote\",\"iPhone\"],\"articleSection\":\"Rumors\",\"inLanguage\":\"en-US\",\"potentialAction\":[{\"@type\":\"CommentAction\",\"name\":\"Comment\",\"target\":[\"https:\\\/\\\/www.apfelpatient.de\\\/rumors\\\/airpods-2-und-airpower-demnaechst-erhaeltlich#respond\"]}],\"copyrightYear\":\"2019\",\"copyrightHolder\":{\"@id\":\"https:\\\/\\\/www.apfelpatient.de\\\/en\\\/#organization\"}},{\"@type\":\"WebPage\",\"@id\":\"https:\\\/\\\/www.apfelpatient.de\\\/rumors\\\/airpods-2-und-airpower-demnaechst-erhaeltlich\",\"url\":\"https:\\\/\\\/www.apfelpatient.de\\\/rumors\\\/airpods-2-und-airpower-demnaechst-erhaeltlich\",\"name\":\"AirPods 2 und AirPower demn\u00e4chst erh\u00e4ltlich Apfelpatient\",\"isPartOf\":{\"@id\":\"https:\\\/\\\/www.apfelpatient.de\\\/#website\"},\"primaryImageOfPage\":{\"@id\":\"https:\\\/\\\/www.apfelpatient.de\\\/rumors\\\/airpods-2-und-airpower-demnaechst-erhaeltlich#primaryimage\"},\"image\":{\"@id\":\"https:\\\/\\\/www.apfelpatient.de\\\/rumors\\\/airpods-2-und-airpower-demnaechst-erhaeltlich#primaryimage\"},\"thumbnailUrl\":\"https:\\\/\\\/www.apfelpatient.de\\\/wp-content\\\/uploads\\\/2018\\\/08\\\/harpal-singh-301668-unsplash.jpg\",\"datePublished\":\"2019-02-11T15:42:54+00:00\",\"dateModified\":\"2025-02-06T06:21:44+00:00\",\"description\":\"- Bei den AirPods 2 und AirPower handelt es sich um zwei Apple Produkte die bereits seit langer Zeit hei\u00df erwartet werden. Letzteres genie\u00dft einen besonders hohen Erwartungswert.\",\"breadcrumb\":{\"@id\":\"https:\\\/\\\/www.apfelpatient.de\\\/rumors\\\/airpods-2-und-airpower-demnaechst-erhaeltlich#breadcrumb\"},\"inLanguage\":\"en-US\",\"potentialAction\":[{\"@type\":\"ReadAction\",\"target\":[\"https:\\\/\\\/www.apfelpatient.de\\\/rumors\\\/airpods-2-und-airpower-demnaechst-erhaeltlich\"]}]},{\"@type\":\"ImageObject\",\"inLanguage\":\"en-US\",\"@id\":\"https:\\\/\\\/www.apfelpatient.de\\\/rumors\\\/airpods-2-und-airpower-demnaechst-erhaeltlich#primaryimage\",\"url\":\"https:\\\/\\\/www.apfelpatient.de\\\/wp-content\\\/uploads\\\/2018\\\/08\\\/harpal-singh-301668-unsplash.jpg\",\"contentUrl\":\"https:\\\/\\\/www.apfelpatient.de\\\/wp-content\\\/uploads\\\/2018\\\/08\\\/harpal-singh-301668-unsplash.jpg\",\"width\":6000,\"height\":4000,\"caption\":\"Photo by Unsplash\"},{\"@type\":\"BreadcrumbList\",\"@id\":\"https:\\\/\\\/www.apfelpatient.de\\\/rumors\\\/airpods-2-und-airpower-demnaechst-erhaeltlich#breadcrumb\",\"itemListElement\":[{\"@type\":\"ListItem\",\"position\":1,\"name\":\"Startseite\",\"item\":\"https:\\\/\\\/www.apfelpatient.de\\\/\"},{\"@type\":\"ListItem\",\"position\":2,\"name\":\"AirPods 2 und AirPower demn\u00e4chst erh\u00e4ltlich\"}]},{\"@type\":\"WebSite\",\"@id\":\"https:\\\/\\\/www.apfelpatient.de\\\/#website\",\"url\":\"https:\\\/\\\/www.apfelpatient.de\\\/\",\"name\":\"Apfelpatient\",\"description\":\"Alles rund um Apple!\",\"publisher\":{\"@type\":\"Organization\",\"@id\":\"https:\\\/\\\/www.apfelpatient.de\\\/en\\\/#organization\",\"name\":\"Apfelpatient\",\"url\":\"https:\\\/\\\/www.apfelpatient.de\\\/en\\\/\"},\"alternateName\":\"Apfelpatient\",\"potentialAction\":[{\"@type\":\"SearchAction\",\"target\":{\"@type\":\"EntryPoint\",\"urlTemplate\":\"https:\\\/\\\/www.apfelpatient.de\\\/?s={search_term_string}\"},\"query-input\":{\"@type\":\"PropertyValueSpecification\",\"valueRequired\":true,\"valueName\":\"search_term_string\"}}],\"inLanguage\":\"en-US\"},{\"@type\":[\"Person\",\"Organization\"],\"@id\":\"https:\\\/\\\/www.apfelpatient.de\\\/#\\\/schema\\\/person\\\/7dc56ad6c8e9824b76d2c08d4c140e13\",\"name\":\"Milan\",\"logo\":{\"@id\":\"https:\\\/\\\/www.apfelpatient.de\\\/#\\\/schema\\\/person\\\/image\\\/\"},\"description\":\"Hallo und herzlich willkommen auf meinem Technik-Blog! Als gro\u00dfer Apple-Fan berichte ich hier \u00fcber alles, was mit Apple zu tun hat: von den neuesten News und spannenden Ger\u00fcchten \u00fcber hilfreiche Tipps und Tricks bis hin zu ausf\u00fchrlichen Produkttests. Wenn du genauso technikbegeistert bist wie ich, bist du hier genau richtig!\",\"sameAs\":[\"https:\\\/\\\/www.facebook.com\\\/apfelpatientOfficial\",\"https:\\\/\\\/www.linkedin.com\\\/in\\\/milan-jovicic-42aa0231b\"],\"url\":\"https:\\\/\\\/www.apfelpatient.de\\\/en\\\/author\\\/apfeladmin\"}]}<\/script>\n<!-- \/ Yoast SEO Premium plugin. -->","yoast_head_json":{"title":"AirPods 2 and AirPower coming soon Apfelpatient","description":"- The AirPods 2 and AirPower are two Apple products that have been eagerly awaited for a long time. The latter enjoys particularly high anticipation.","robots":{"index":"index","follow":"follow","max-snippet":"max-snippet:-1","max-image-preview":"max-image-preview:large","max-video-preview":"max-video-preview:-1"},"canonical":"https:\/\/www.apfelpatient.de\/en\/rumors\/airpods-2-and-airpower-available-soon","og_locale":"en_US","og_type":"article","og_title":"AirPods 2 und AirPower demn\u00e4chst erh\u00e4ltlich","og_description":"- Bei den AirPods 2 und AirPower handelt es sich um zwei Apple Produkte die bereits seit langer Zeit hei\u00df erwartet werden. Letzteres genie\u00dft einen besonders hohen Erwartungswert.","og_url":"https:\/\/www.apfelpatient.de\/en\/rumors\/airpods-2-and-airpower-available-soon","og_site_name":"Apfelpatient","article_publisher":"https:\/\/www.facebook.com\/apfelpatientOfficial","article_author":"https:\/\/www.facebook.com\/apfelpatientOfficial","article_published_time":"2019-02-11T15:42:54+00:00","article_modified_time":"2025-02-06T06:21:44+00:00","og_image":[{"width":6000,"height":4000,"url":"https:\/\/www.apfelpatient.de\/wp-content\/uploads\/2018\/08\/harpal-singh-301668-unsplash.jpg","type":"image\/jpeg"}],"author":"Milan","twitter_card":"summary_large_image","twitter_misc":{"Written by":"Milan","Est. reading time":"2 minutes"},"schema":{"@context":"https:\/\/schema.org","@graph":[{"@type":"NewsArticle","@id":"https:\/\/www.apfelpatient.de\/rumors\/airpods-2-und-airpower-demnaechst-erhaeltlich#article","isPartOf":{"@id":"https:\/\/www.apfelpatient.de\/rumors\/airpods-2-und-airpower-demnaechst-erhaeltlich"},"author":{"@type":"Organization","@id":"https:\/\/www.apfelpatient.de\/en\/#organization","name":"Apfelpatient","url":"https:\/\/www.apfelpatient.de\/en\/"},"headline":"AirPods 2 und AirPower demn\u00e4chst erh\u00e4ltlich","datePublished":"2019-02-11T15:42:54+00:00","dateModified":"2025-02-06T06:21:44+00:00","mainEntityOfPage":{"@id":"https:\/\/www.apfelpatient.de\/rumors\/airpods-2-und-airpower-demnaechst-erhaeltlich"},"wordCount":346,"commentCount":0,"publisher":{"@type":"Organization","@id":"https:\/\/www.apfelpatient.de\/en\/#organization","name":"Apfelpatient","url":"https:\/\/www.apfelpatient.de\/en\/"},"image":{"@id":"https:\/\/www.apfelpatient.de\/rumors\/airpods-2-und-airpower-demnaechst-erhaeltlich#primaryimage"},"thumbnailUrl":"https:\/\/www.apfelpatient.de\/wp-content\/uploads\/2018\/08\/harpal-singh-301668-unsplash.jpg","keywords":["AirPods","AirPower","Apple Keynote","iPhone"],"articleSection":"Rumors","inLanguage":"en-US","potentialAction":[{"@type":"CommentAction","name":"Comment","target":["https:\/\/www.apfelpatient.de\/rumors\/airpods-2-und-airpower-demnaechst-erhaeltlich#respond"]}],"copyrightYear":"2019","copyrightHolder":{"@id":"https:\/\/www.apfelpatient.de\/en\/#organization"}},{"@type":"WebPage","@id":"https:\/\/www.apfelpatient.de\/rumors\/airpods-2-und-airpower-demnaechst-erhaeltlich","url":"https:\/\/www.apfelpatient.de\/rumors\/airpods-2-und-airpower-demnaechst-erhaeltlich","name":"AirPods 2 and AirPower coming soon Apfelpatient","isPartOf":{"@id":"https:\/\/www.apfelpatient.de\/#website"},"primaryImageOfPage":{"@id":"https:\/\/www.apfelpatient.de\/rumors\/airpods-2-und-airpower-demnaechst-erhaeltlich#primaryimage"},"image":{"@id":"https:\/\/www.apfelpatient.de\/rumors\/airpods-2-und-airpower-demnaechst-erhaeltlich#primaryimage"},"thumbnailUrl":"https:\/\/www.apfelpatient.de\/wp-content\/uploads\/2018\/08\/harpal-singh-301668-unsplash.jpg","datePublished":"2019-02-11T15:42:54+00:00","dateModified":"2025-02-06T06:21:44+00:00","description":"- The AirPods 2 and AirPower are two Apple products that have been eagerly awaited for a long time. The latter enjoys particularly high anticipation.","breadcrumb":{"@id":"https:\/\/www.apfelpatient.de\/rumors\/airpods-2-und-airpower-demnaechst-erhaeltlich#breadcrumb"},"inLanguage":"en-US","potentialAction":[{"@type":"ReadAction","target":["https:\/\/www.apfelpatient.de\/rumors\/airpods-2-und-airpower-demnaechst-erhaeltlich"]}]},{"@type":"ImageObject","inLanguage":"en-US","@id":"https:\/\/www.apfelpatient.de\/rumors\/airpods-2-und-airpower-demnaechst-erhaeltlich#primaryimage","url":"https:\/\/www.apfelpatient.de\/wp-content\/uploads\/2018\/08\/harpal-singh-301668-unsplash.jpg","contentUrl":"https:\/\/www.apfelpatient.de\/wp-content\/uploads\/2018\/08\/harpal-singh-301668-unsplash.jpg","width":6000,"height":4000,"caption":"Photo by Unsplash"},{"@type":"BreadcrumbList","@id":"https:\/\/www.apfelpatient.de\/rumors\/airpods-2-und-airpower-demnaechst-erhaeltlich#breadcrumb","itemListElement":[{"@type":"ListItem","position":1,"name":"Startseite","item":"https:\/\/www.apfelpatient.de\/"},{"@type":"ListItem","position":2,"name":"AirPods 2 und AirPower demn\u00e4chst erh\u00e4ltlich"}]},{"@type":"WebSite","@id":"https:\/\/www.apfelpatient.de\/#website","url":"https:\/\/www.apfelpatient.de\/","name":"apple patient","description":"Everything about Apple!","publisher":{"@type":"Organization","@id":"https:\/\/www.apfelpatient.de\/en\/#organization","name":"Apfelpatient","url":"https:\/\/www.apfelpatient.de\/en\/"},"alternateName":"Apfelpatient","potentialAction":[{"@type":"SearchAction","target":{"@type":"EntryPoint","urlTemplate":"https:\/\/www.apfelpatient.de\/?s={search_term_string}"},"query-input":{"@type":"PropertyValueSpecification","valueRequired":true,"valueName":"search_term_string"}}],"inLanguage":"en-US"},{"@type":["Person","Organization"],"@id":"https:\/\/www.apfelpatient.de\/#\/schema\/person\/7dc56ad6c8e9824b76d2c08d4c140e13","name":"Milan","logo":{"@id":"https:\/\/www.apfelpatient.de\/#\/schema\/person\/image\/"},"description":"Hello and welcome to my technology blog! As a big Apple fan, I report on everything to do with Apple: from the latest news and exciting rumors to helpful tips and tricks and detailed product tests. If you are as enthusiastic about technology as I am, you have come to the right place!","sameAs":["https:\/\/www.facebook.com\/apfelpatientOfficial","https:\/\/www.linkedin.com\/in\/milan-jovicic-42aa0231b"],"url":"https:\/\/www.apfelpatient.de\/en\/author\/apfeladmin"}]}},"_links":{"self":[{"href":"https:\/\/www.apfelpatient.de\/en\/wp-json\/wp\/v2\/posts\/3497","targetHints":{"allow":["GET"]}}],"collection":[{"href":"https:\/\/www.apfelpatient.de\/en\/wp-json\/wp\/v2\/posts"}],"about":[{"href":"https:\/\/www.apfelpatient.de\/en\/wp-json\/wp\/v2\/types\/post"}],"author":[{"embeddable":true,"href":"https:\/\/www.apfelpatient.de\/en\/wp-json\/wp\/v2\/users\/2"}],"replies":[{"embeddable":true,"href":"https:\/\/www.apfelpatient.de\/en\/wp-json\/wp\/v2\/comments?post=3497"}],"version-history":[{"count":0,"href":"https:\/\/www.apfelpatient.de\/en\/wp-json\/wp\/v2\/posts\/3497\/revisions"}],"wp:featuredmedia":[{"embeddable":true,"href":"https:\/\/www.apfelpatient.de\/en\/wp-json\/wp\/v2\/media\/1752"}],"wp:attachment":[{"href":"https:\/\/www.apfelpatient.de\/en\/wp-json\/wp\/v2\/media?parent=3497"}],"wp:term":[{"taxonomy":"category","embeddable":true,"href":"https:\/\/www.apfelpatient.de\/en\/wp-json\/wp\/v2\/categories?post=3497"},{"taxonomy":"post_tag","embeddable":true,"href":"https:\/\/www.apfelpatient.de\/en\/wp-json\/wp\/v2\/tags?post=3497"}],"curies":[{"name":"wp","href":"https:\/\/api.w.org\/{rel}","templated":true}]}}