{"id":34904,"date":"2022-10-25T16:26:50","date_gmt":"2022-10-25T14:26:50","guid":{"rendered":"https:\/\/www.apfelpatient.de\/?p=34904"},"modified":"2022-10-25T16:26:51","modified_gmt":"2022-10-25T14:26:51","slug":"apple-calls-on-global-supply-chain-to-achieve-carbon-neutrality-by-2030","status":"publish","type":"post","link":"https:\/\/www.apfelpatient.de\/en\/news\/apple-fordert-globale-lieferkette-zur-klimaneutralitaet-bis-2030-auf","title":{"rendered":"Apple calls on global supply chain to achieve carbon neutrality by 2030"},"content":{"rendered":"<p class=\"has-drop-cap\"><strong>Apple has once again called on its suppliers to take further steps towards climate neutrality and reduce their greenhouse gas emissions.<\/strong><\/p>\n\n\n\n<p>In a press release <a href=\"https:\/\/www.apple.com\/de\/newsroom\/2022\/10\/apple-calls-on-global-supply-chain-to-decarbonize-by-2030\/\" target=\"_blank\" rel=\"noreferrer noopener\">explained<\/a> Apple said it will regularly evaluate the work of its manufacturing partners to encourage them to decarbonize their Apple-related operations and use 100 percent renewable energy. Apple will work specifically with those suppliers that are &quot;working aggressively toward carbon neutrality and making measurable progress.&quot; The company encourages manufacturers to reduce their greenhouse gas emissions beyond Apple production and offers suppliers a range of free e-learning resources and live training courses as part of the Clean Energy Program. Apple itself has been carbon neutral across the company since 2020, but has set a long-term goal of being carbon neutral across its entire global supply chain and the lifecycle of all products by 2030.<\/p>\n\n\n\n<h3 class=\"wp-block-heading\" id=\"h-apple-auch-die-weltwirtschaft-soll-nachhaltig-werden\">Apple: The global economy should also become sustainable<\/h3>\n\n\n\n\n\n\n\n<p>Apple has reduced its emissions by 40 percent since 2015, thanks primarily to improvements in energy efficiency, low-carbon design, carbon neutrality for company operations, and the transition of the supply chain to renewable electricity. More than 200 suppliers, representing more than 70 percent of Apple&#039;s manufacturing spend, have already committed to using renewable energy such as wind or solar power for all Apple production, including Corning Incorporated, Nitto Denko Corporation, SK hynix, STMicroelectronics, TSMC, and Yuto.<\/p>\n\n\n\n<figure class=\"wp-block-image size-large\"><img decoding=\"async\" width=\"1024\" height=\"613\" src=\"https:\/\/www.apfelpatient.de\/wp-content\/uploads\/2022\/10\/Apple-supplier-clean-energy-goals-1024x613.png\" alt=\"\" class=\"wp-image-34902\" srcset=\"https:\/\/www.apfelpatient.de\/wp-content\/uploads\/2022\/10\/Apple-supplier-clean-energy-goals-1024x613.png 1024w, https:\/\/www.apfelpatient.de\/wp-content\/uploads\/2022\/10\/Apple-supplier-clean-energy-goals-300x180.png 300w, https:\/\/www.apfelpatient.de\/wp-content\/uploads\/2022\/10\/Apple-supplier-clean-energy-goals-768x460.png 768w, https:\/\/www.apfelpatient.de\/wp-content\/uploads\/2022\/10\/Apple-supplier-clean-energy-goals-1536x920.png 1536w, https:\/\/www.apfelpatient.de\/wp-content\/uploads\/2022\/10\/Apple-supplier-clean-energy-goals-750x449.png 750w, https:\/\/www.apfelpatient.de\/wp-content\/uploads\/2022\/10\/Apple-supplier-clean-energy-goals-1140x683.png 1140w, https:\/\/www.apfelpatient.de\/wp-content\/uploads\/2022\/10\/Apple-supplier-clean-energy-goals.png 1600w\" sizes=\"(max-width: 1024px) 100vw, 1024px\" \/><figcaption>Image: Apple<\/figcaption><\/figure>\n\n\n\n<p>Apple also announced new initiatives to help make the global economy sustainable and encourage new climate-friendly solutions. These include investments in building large-scale solar and wind farms in Europe, partnerships to help companies transition to clean energy, and Restore Fund projects that accelerate natural carbon removal and help make carbon removal financially viable. For more information on Apple&#039;s recent environmental efforts, see the full <a href=\"https:\/\/www.apple.com\/de\/newsroom\/2022\/10\/apple-calls-on-global-supply-chain-to-decarbonize-by-2030\/\" target=\"_blank\" rel=\"noreferrer noopener\">press release<\/a>. (Image: Apple)<\/p>\n\n\n\n<ul class=\"wp-block-list\"><li><a href=\"https:\/\/www.apfelpatient.de\/en\/news\/usb-c-requirement-in-the-eu-is-now-a-done-deal\">USB-C requirement in the EU is now a done deal<\/a><\/li><\/ul>\n\n\n\n<h6 class=\"wp-block-heading translation-block\" id=\"h-kennt-ihr-schon-unsere-amazon-storefront-dort-findet-ihr-eine-handverlesene-auswahl-von-diversen-produkten-f-r-euer-iphone-und-co-viel-spa-beim-st-bern\"><em>Have you already visited our Amazon Storefront? There you&#039;ll find a hand-picked selection of various products for your iPhone and other devices \u2013 <span class=\"has-inline-color has-vivid-red-color\"><a href=\"https:\/\/www.amazon.de\/shop\/apfelpatientofficial\" class=\"ek-link\" data-wpel-link=\"exclude\" rel=\"follow noopener\" target=\"_self\"><span style=\"text-decoration: underline\" class=\"ek-underline\">enjoy browsing<\/span><\/a> !<\/span><\/em><\/h6>\n\n\n\n<h6 class=\"wp-block-heading translation-block\" id=\"h-der-beitrag-enthalt-partnerlinks\">This post contains <a data-type=\"URL\" data-id=\"https:\/\/www.apfelpatient.de\/partnerprogramm\" href=\"https:\/\/www.apfelpatient.de\/en\/partner-program\" data-wpel-link=\"internal\" target=\"_self\">affiliate links<\/a>.<\/h6>","protected":false},"excerpt":{"rendered":"<p>Apple has asked its suppliers to take further steps towards carbon neutrality and reduce their greenhouse gas emissions.<\/p>","protected":false},"author":2,"featured_media":34901,"comment_status":"closed","ping_status":"closed","sticky":false,"template":"","format":"standard","meta":{"jnews-multi-image_gallery":[],"jnews_single_post":{"subtitle":"","format":"standard","video":"","gallery":"","source_name":"","source_url":"","via_name":"","via_url":"","override":[{"single_blog_custom":"","sidebar":"","second_sidebar":"","share_position":"","share_float_style":"","post_date_format":"","post_date_format_custom":"","post_reading_time_wpm":"","zoom_button_out_step":"1","zoom_button_in_step":"1","number_popup_post":"1"}],"image_override":[{"single_post_thumbnail_size":"","single_post_gallery_size":""}],"trending_post_position":"","trending_post_label":"","sponsored_post_label":"","sponsored_post_name":"","sponsored_post_url":"","sponsored_post_logo":"","sponsored_post_desc":""},"jnews_primary_category":{"id":"9"},"footnotes":""},"categories":[9],"tags":[14,18,8,40,13],"class_list":["post-34904","post","type-post","status-publish","format-standard","has-post-thumbnail","hentry","category-news","tag-apple-watch","tag-ipad","tag-iphone","tag-mac","tag-techpatient"],"yoast_head":"<!-- This site is optimized with the Yoast SEO Premium plugin v27.5 (Yoast SEO v27.5) - https:\/\/yoast.com\/product\/yoast-seo-premium-wordpress\/ -->\n<title>Apple fordert globale Lieferkette zur Klimaneutralit\u00e4t bis 2030 auf<\/title>\n<meta name=\"description\" content=\"Apple hat seine Zulieferer aufgefordert, weitere Schritte zur Klimaneutralit\u00e4t vorzunehmen und ihre Treibhausgasemissionen zu reduzieren.\" \/>\n<meta name=\"robots\" content=\"index, follow, max-snippet:-1, max-image-preview:large, max-video-preview:-1\" \/>\n<link rel=\"canonical\" href=\"https:\/\/www.apfelpatient.de\/en\/news\/apple-calls-on-global-supply-chain-to-achieve-carbon-neutrality-by-2030\" \/>\n<meta property=\"og:locale\" content=\"en_US\" \/>\n<meta property=\"og:type\" content=\"article\" \/>\n<meta property=\"og:title\" content=\"Apple fordert globale Lieferkette zur Klimaneutralit\u00e4t bis 2030 auf\" \/>\n<meta property=\"og:description\" content=\"Apple hat seine Zulieferer aufgefordert, weitere Schritte zur Klimaneutralit\u00e4t vorzunehmen und ihre Treibhausgasemissionen zu reduzieren.\" \/>\n<meta property=\"og:url\" content=\"https:\/\/www.apfelpatient.de\/en\/news\/apple-calls-on-global-supply-chain-to-achieve-carbon-neutrality-by-2030\" \/>\n<meta property=\"og:site_name\" content=\"Apfelpatient\" \/>\n<meta property=\"article:publisher\" content=\"https:\/\/www.facebook.com\/apfelpatientOfficial\" \/>\n<meta property=\"article:author\" content=\"https:\/\/www.facebook.com\/apfelpatientOfficial\" \/>\n<meta property=\"article:published_time\" content=\"2022-10-25T14:26:50+00:00\" \/>\n<meta property=\"article:modified_time\" content=\"2022-10-25T14:26:51+00:00\" \/>\n<meta property=\"og:image\" content=\"https:\/\/www.apfelpatient.de\/wp-content\/uploads\/2022\/10\/Apple-supplier-clean-energy-solar-panels-1024x683.png\" \/>\n\t<meta property=\"og:image:width\" content=\"1024\" \/>\n\t<meta property=\"og:image:height\" content=\"683\" \/>\n\t<meta property=\"og:image:type\" content=\"image\/png\" \/>\n<meta name=\"author\" content=\"Milan\" \/>\n<meta name=\"twitter:card\" content=\"summary_large_image\" \/>\n<meta name=\"twitter:description\" content=\"Apple hat seine Zulieferer aufgefordert, weitere Schritte zur Klimaneutralit\u00e4t vorzunehmen und ihre Treibhausgasemissionen zu reduzieren.\" \/>\n<meta name=\"twitter:label1\" content=\"Written by\" \/>\n\t<meta name=\"twitter:data1\" content=\"Milan\" \/>\n\t<meta name=\"twitter:label2\" content=\"Est. reading time\" \/>\n\t<meta name=\"twitter:data2\" content=\"2 minutes\" \/>\n<script type=\"application\/ld+json\" class=\"yoast-schema-graph\">{\"@context\":\"https:\\\/\\\/schema.org\",\"@graph\":[{\"@type\":\"NewsArticle\",\"@id\":\"https:\\\/\\\/www.apfelpatient.de\\\/news\\\/apple-fordert-globale-lieferkette-zur-klimaneutralitaet-bis-2030-auf#article\",\"isPartOf\":{\"@id\":\"https:\\\/\\\/www.apfelpatient.de\\\/news\\\/apple-fordert-globale-lieferkette-zur-klimaneutralitaet-bis-2030-auf\"},\"author\":{\"@type\":\"Organization\",\"@id\":\"https:\\\/\\\/www.apfelpatient.de\\\/en\\\/#organization\",\"name\":\"Apfelpatient\",\"url\":\"https:\\\/\\\/www.apfelpatient.de\\\/en\\\/\"},\"headline\":\"Apple fordert globale Lieferkette zur Klimaneutralit\u00e4t bis 2030 auf\",\"datePublished\":\"2022-10-25T14:26:50+00:00\",\"dateModified\":\"2022-10-25T14:26:51+00:00\",\"mainEntityOfPage\":{\"@id\":\"https:\\\/\\\/www.apfelpatient.de\\\/news\\\/apple-fordert-globale-lieferkette-zur-klimaneutralitaet-bis-2030-auf\"},\"wordCount\":323,\"publisher\":{\"@type\":\"Organization\",\"@id\":\"https:\\\/\\\/www.apfelpatient.de\\\/en\\\/#organization\",\"name\":\"Apfelpatient\",\"url\":\"https:\\\/\\\/www.apfelpatient.de\\\/en\\\/\"},\"image\":{\"@id\":\"https:\\\/\\\/www.apfelpatient.de\\\/news\\\/apple-fordert-globale-lieferkette-zur-klimaneutralitaet-bis-2030-auf#primaryimage\"},\"thumbnailUrl\":\"https:\\\/\\\/www.apfelpatient.de\\\/wp-content\\\/uploads\\\/2022\\\/10\\\/Apple-supplier-clean-energy-solar-panels.png\",\"keywords\":[\"Apple Watch\",\"iPad\",\"iPhone\",\"Mac\",\"TechPatient\"],\"articleSection\":\"News\",\"inLanguage\":\"en-US\",\"copyrightYear\":\"2022\",\"copyrightHolder\":{\"@id\":\"https:\\\/\\\/www.apfelpatient.de\\\/en\\\/#organization\"}},{\"@type\":\"WebPage\",\"@id\":\"https:\\\/\\\/www.apfelpatient.de\\\/news\\\/apple-fordert-globale-lieferkette-zur-klimaneutralitaet-bis-2030-auf\",\"url\":\"https:\\\/\\\/www.apfelpatient.de\\\/news\\\/apple-fordert-globale-lieferkette-zur-klimaneutralitaet-bis-2030-auf\",\"name\":\"Apple fordert globale Lieferkette zur Klimaneutralit\u00e4t bis 2030 auf\",\"isPartOf\":{\"@id\":\"https:\\\/\\\/www.apfelpatient.de\\\/#website\"},\"primaryImageOfPage\":{\"@id\":\"https:\\\/\\\/www.apfelpatient.de\\\/news\\\/apple-fordert-globale-lieferkette-zur-klimaneutralitaet-bis-2030-auf#primaryimage\"},\"image\":{\"@id\":\"https:\\\/\\\/www.apfelpatient.de\\\/news\\\/apple-fordert-globale-lieferkette-zur-klimaneutralitaet-bis-2030-auf#primaryimage\"},\"thumbnailUrl\":\"https:\\\/\\\/www.apfelpatient.de\\\/wp-content\\\/uploads\\\/2022\\\/10\\\/Apple-supplier-clean-energy-solar-panels.png\",\"datePublished\":\"2022-10-25T14:26:50+00:00\",\"dateModified\":\"2022-10-25T14:26:51+00:00\",\"description\":\"Apple hat seine Zulieferer aufgefordert, weitere Schritte zur Klimaneutralit\u00e4t vorzunehmen und ihre Treibhausgasemissionen zu reduzieren.\",\"breadcrumb\":{\"@id\":\"https:\\\/\\\/www.apfelpatient.de\\\/news\\\/apple-fordert-globale-lieferkette-zur-klimaneutralitaet-bis-2030-auf#breadcrumb\"},\"inLanguage\":\"en-US\",\"potentialAction\":[{\"@type\":\"ReadAction\",\"target\":[\"https:\\\/\\\/www.apfelpatient.de\\\/news\\\/apple-fordert-globale-lieferkette-zur-klimaneutralitaet-bis-2030-auf\"]}]},{\"@type\":\"ImageObject\",\"inLanguage\":\"en-US\",\"@id\":\"https:\\\/\\\/www.apfelpatient.de\\\/news\\\/apple-fordert-globale-lieferkette-zur-klimaneutralitaet-bis-2030-auf#primaryimage\",\"url\":\"https:\\\/\\\/www.apfelpatient.de\\\/wp-content\\\/uploads\\\/2022\\\/10\\\/Apple-supplier-clean-energy-solar-panels.png\",\"contentUrl\":\"https:\\\/\\\/www.apfelpatient.de\\\/wp-content\\\/uploads\\\/2022\\\/10\\\/Apple-supplier-clean-energy-solar-panels.png\",\"width\":1600,\"height\":1067,\"caption\":\"Bild: Apple\"},{\"@type\":\"BreadcrumbList\",\"@id\":\"https:\\\/\\\/www.apfelpatient.de\\\/news\\\/apple-fordert-globale-lieferkette-zur-klimaneutralitaet-bis-2030-auf#breadcrumb\",\"itemListElement\":[{\"@type\":\"ListItem\",\"position\":1,\"name\":\"Startseite\",\"item\":\"https:\\\/\\\/www.apfelpatient.de\\\/\"},{\"@type\":\"ListItem\",\"position\":2,\"name\":\"Apple fordert globale Lieferkette zur Klimaneutralit\u00e4t bis 2030 auf\"}]},{\"@type\":\"WebSite\",\"@id\":\"https:\\\/\\\/www.apfelpatient.de\\\/#website\",\"url\":\"https:\\\/\\\/www.apfelpatient.de\\\/\",\"name\":\"Apfelpatient\",\"description\":\"Alles rund um Apple!\",\"publisher\":{\"@type\":\"Organization\",\"@id\":\"https:\\\/\\\/www.apfelpatient.de\\\/en\\\/#organization\",\"name\":\"Apfelpatient\",\"url\":\"https:\\\/\\\/www.apfelpatient.de\\\/en\\\/\"},\"alternateName\":\"Apfelpatient\",\"potentialAction\":[{\"@type\":\"SearchAction\",\"target\":{\"@type\":\"EntryPoint\",\"urlTemplate\":\"https:\\\/\\\/www.apfelpatient.de\\\/?s={search_term_string}\"},\"query-input\":{\"@type\":\"PropertyValueSpecification\",\"valueRequired\":true,\"valueName\":\"search_term_string\"}}],\"inLanguage\":\"en-US\"},{\"@type\":[\"Person\",\"Organization\"],\"@id\":\"https:\\\/\\\/www.apfelpatient.de\\\/#\\\/schema\\\/person\\\/7dc56ad6c8e9824b76d2c08d4c140e13\",\"name\":\"Milan\",\"logo\":{\"@id\":\"https:\\\/\\\/www.apfelpatient.de\\\/#\\\/schema\\\/person\\\/image\\\/\"},\"description\":\"Hallo und herzlich willkommen auf meinem Technik-Blog! Als gro\u00dfer Apple-Fan berichte ich hier \u00fcber alles, was mit Apple zu tun hat: von den neuesten News und spannenden Ger\u00fcchten \u00fcber hilfreiche Tipps und Tricks bis hin zu ausf\u00fchrlichen Produkttests. Wenn du genauso technikbegeistert bist wie ich, bist du hier genau richtig!\",\"sameAs\":[\"https:\\\/\\\/www.facebook.com\\\/apfelpatientOfficial\",\"https:\\\/\\\/www.linkedin.com\\\/in\\\/milan-jovicic-42aa0231b\"],\"url\":\"https:\\\/\\\/www.apfelpatient.de\\\/en\\\/author\\\/apfeladmin\"}]}<\/script>\n<!-- \/ Yoast SEO Premium plugin. -->","yoast_head_json":{"title":"Apple calls on global supply chain to achieve carbon neutrality by 2030","description":"Apple has asked its suppliers to take further steps towards carbon neutrality and reduce their greenhouse gas emissions.","robots":{"index":"index","follow":"follow","max-snippet":"max-snippet:-1","max-image-preview":"max-image-preview:large","max-video-preview":"max-video-preview:-1"},"canonical":"https:\/\/www.apfelpatient.de\/en\/news\/apple-calls-on-global-supply-chain-to-achieve-carbon-neutrality-by-2030","og_locale":"en_US","og_type":"article","og_title":"Apple fordert globale Lieferkette zur Klimaneutralit\u00e4t bis 2030 auf","og_description":"Apple hat seine Zulieferer aufgefordert, weitere Schritte zur Klimaneutralit\u00e4t vorzunehmen und ihre Treibhausgasemissionen zu reduzieren.","og_url":"https:\/\/www.apfelpatient.de\/en\/news\/apple-calls-on-global-supply-chain-to-achieve-carbon-neutrality-by-2030","og_site_name":"Apfelpatient","article_publisher":"https:\/\/www.facebook.com\/apfelpatientOfficial","article_author":"https:\/\/www.facebook.com\/apfelpatientOfficial","article_published_time":"2022-10-25T14:26:50+00:00","article_modified_time":"2022-10-25T14:26:51+00:00","og_image":[{"width":1024,"height":683,"url":"https:\/\/www.apfelpatient.de\/wp-content\/uploads\/2022\/10\/Apple-supplier-clean-energy-solar-panels-1024x683.png","type":"image\/png"}],"author":"Milan","twitter_card":"summary_large_image","twitter_description":"Apple hat seine Zulieferer aufgefordert, weitere Schritte zur Klimaneutralit\u00e4t vorzunehmen und ihre Treibhausgasemissionen zu reduzieren.","twitter_misc":{"Written by":"Milan","Est. reading time":"2 minutes"},"schema":{"@context":"https:\/\/schema.org","@graph":[{"@type":"NewsArticle","@id":"https:\/\/www.apfelpatient.de\/news\/apple-fordert-globale-lieferkette-zur-klimaneutralitaet-bis-2030-auf#article","isPartOf":{"@id":"https:\/\/www.apfelpatient.de\/news\/apple-fordert-globale-lieferkette-zur-klimaneutralitaet-bis-2030-auf"},"author":{"@type":"Organization","@id":"https:\/\/www.apfelpatient.de\/en\/#organization","name":"Apfelpatient","url":"https:\/\/www.apfelpatient.de\/en\/"},"headline":"Apple fordert globale Lieferkette zur Klimaneutralit\u00e4t bis 2030 auf","datePublished":"2022-10-25T14:26:50+00:00","dateModified":"2022-10-25T14:26:51+00:00","mainEntityOfPage":{"@id":"https:\/\/www.apfelpatient.de\/news\/apple-fordert-globale-lieferkette-zur-klimaneutralitaet-bis-2030-auf"},"wordCount":323,"publisher":{"@type":"Organization","@id":"https:\/\/www.apfelpatient.de\/en\/#organization","name":"Apfelpatient","url":"https:\/\/www.apfelpatient.de\/en\/"},"image":{"@id":"https:\/\/www.apfelpatient.de\/news\/apple-fordert-globale-lieferkette-zur-klimaneutralitaet-bis-2030-auf#primaryimage"},"thumbnailUrl":"https:\/\/www.apfelpatient.de\/wp-content\/uploads\/2022\/10\/Apple-supplier-clean-energy-solar-panels.png","keywords":["Apple Watch","iPad","iPhone","Mac","TechPatient"],"articleSection":"News","inLanguage":"en-US","copyrightYear":"2022","copyrightHolder":{"@id":"https:\/\/www.apfelpatient.de\/en\/#organization"}},{"@type":"WebPage","@id":"https:\/\/www.apfelpatient.de\/news\/apple-fordert-globale-lieferkette-zur-klimaneutralitaet-bis-2030-auf","url":"https:\/\/www.apfelpatient.de\/news\/apple-fordert-globale-lieferkette-zur-klimaneutralitaet-bis-2030-auf","name":"Apple calls on global supply chain to achieve carbon neutrality by 2030","isPartOf":{"@id":"https:\/\/www.apfelpatient.de\/#website"},"primaryImageOfPage":{"@id":"https:\/\/www.apfelpatient.de\/news\/apple-fordert-globale-lieferkette-zur-klimaneutralitaet-bis-2030-auf#primaryimage"},"image":{"@id":"https:\/\/www.apfelpatient.de\/news\/apple-fordert-globale-lieferkette-zur-klimaneutralitaet-bis-2030-auf#primaryimage"},"thumbnailUrl":"https:\/\/www.apfelpatient.de\/wp-content\/uploads\/2022\/10\/Apple-supplier-clean-energy-solar-panels.png","datePublished":"2022-10-25T14:26:50+00:00","dateModified":"2022-10-25T14:26:51+00:00","description":"Apple has asked its suppliers to take further steps towards carbon neutrality and reduce their greenhouse gas emissions.","breadcrumb":{"@id":"https:\/\/www.apfelpatient.de\/news\/apple-fordert-globale-lieferkette-zur-klimaneutralitaet-bis-2030-auf#breadcrumb"},"inLanguage":"en-US","potentialAction":[{"@type":"ReadAction","target":["https:\/\/www.apfelpatient.de\/news\/apple-fordert-globale-lieferkette-zur-klimaneutralitaet-bis-2030-auf"]}]},{"@type":"ImageObject","inLanguage":"en-US","@id":"https:\/\/www.apfelpatient.de\/news\/apple-fordert-globale-lieferkette-zur-klimaneutralitaet-bis-2030-auf#primaryimage","url":"https:\/\/www.apfelpatient.de\/wp-content\/uploads\/2022\/10\/Apple-supplier-clean-energy-solar-panels.png","contentUrl":"https:\/\/www.apfelpatient.de\/wp-content\/uploads\/2022\/10\/Apple-supplier-clean-energy-solar-panels.png","width":1600,"height":1067,"caption":"Bild: Apple"},{"@type":"BreadcrumbList","@id":"https:\/\/www.apfelpatient.de\/news\/apple-fordert-globale-lieferkette-zur-klimaneutralitaet-bis-2030-auf#breadcrumb","itemListElement":[{"@type":"ListItem","position":1,"name":"Startseite","item":"https:\/\/www.apfelpatient.de\/"},{"@type":"ListItem","position":2,"name":"Apple fordert globale Lieferkette zur Klimaneutralit\u00e4t bis 2030 auf"}]},{"@type":"WebSite","@id":"https:\/\/www.apfelpatient.de\/#website","url":"https:\/\/www.apfelpatient.de\/","name":"apple patient","description":"Everything about Apple!","publisher":{"@type":"Organization","@id":"https:\/\/www.apfelpatient.de\/en\/#organization","name":"Apfelpatient","url":"https:\/\/www.apfelpatient.de\/en\/"},"alternateName":"Apfelpatient","potentialAction":[{"@type":"SearchAction","target":{"@type":"EntryPoint","urlTemplate":"https:\/\/www.apfelpatient.de\/?s={search_term_string}"},"query-input":{"@type":"PropertyValueSpecification","valueRequired":true,"valueName":"search_term_string"}}],"inLanguage":"en-US"},{"@type":["Person","Organization"],"@id":"https:\/\/www.apfelpatient.de\/#\/schema\/person\/7dc56ad6c8e9824b76d2c08d4c140e13","name":"Milan","logo":{"@id":"https:\/\/www.apfelpatient.de\/#\/schema\/person\/image\/"},"description":"Hello and welcome to my technology blog! As a big Apple fan, I report on everything to do with Apple: from the latest news and exciting rumors to helpful tips and tricks and detailed product tests. If you are as enthusiastic about technology as I am, you have come to the right place!","sameAs":["https:\/\/www.facebook.com\/apfelpatientOfficial","https:\/\/www.linkedin.com\/in\/milan-jovicic-42aa0231b"],"url":"https:\/\/www.apfelpatient.de\/en\/author\/apfeladmin"}]}},"_links":{"self":[{"href":"https:\/\/www.apfelpatient.de\/en\/wp-json\/wp\/v2\/posts\/34904","targetHints":{"allow":["GET"]}}],"collection":[{"href":"https:\/\/www.apfelpatient.de\/en\/wp-json\/wp\/v2\/posts"}],"about":[{"href":"https:\/\/www.apfelpatient.de\/en\/wp-json\/wp\/v2\/types\/post"}],"author":[{"embeddable":true,"href":"https:\/\/www.apfelpatient.de\/en\/wp-json\/wp\/v2\/users\/2"}],"replies":[{"embeddable":true,"href":"https:\/\/www.apfelpatient.de\/en\/wp-json\/wp\/v2\/comments?post=34904"}],"version-history":[{"count":0,"href":"https:\/\/www.apfelpatient.de\/en\/wp-json\/wp\/v2\/posts\/34904\/revisions"}],"wp:featuredmedia":[{"embeddable":true,"href":"https:\/\/www.apfelpatient.de\/en\/wp-json\/wp\/v2\/media\/34901"}],"wp:attachment":[{"href":"https:\/\/www.apfelpatient.de\/en\/wp-json\/wp\/v2\/media?parent=34904"}],"wp:term":[{"taxonomy":"category","embeddable":true,"href":"https:\/\/www.apfelpatient.de\/en\/wp-json\/wp\/v2\/categories?post=34904"},{"taxonomy":"post_tag","embeddable":true,"href":"https:\/\/www.apfelpatient.de\/en\/wp-json\/wp\/v2\/tags?post=34904"}],"curies":[{"name":"wp","href":"https:\/\/api.w.org\/{rel}","templated":true}]}}