{"id":34832,"date":"2022-10-20T18:49:28","date_gmt":"2022-10-20T16:49:28","guid":{"rendered":"https:\/\/www.apfelpatient.de\/?p=34832"},"modified":"2022-10-20T18:49:29","modified_gmt":"2022-10-20T16:49:29","slug":"apple-is-reportedly-testing-macos-on-m2-ipad-pro","status":"publish","type":"post","link":"https:\/\/www.apfelpatient.de\/en\/rumors\/apple-testet-angeblich-macos-auf-m2-ipad-pro","title":{"rendered":"Apple is reportedly testing macOS on M2 iPad Pro"},"content":{"rendered":"<p class=\"has-drop-cap\"><strong>A source has claimed that Apple is working on a version of macOS that will be developed exclusively for the M2 iPad Pro and is scheduled to be released sometime in 2023.<\/strong><\/p>\n\n\n\n<p>One of the main criticisms of the iPad is the lack of support for desktop-class software. There are repeated calls for Apple to port not only Final Cut Pro but also a full version of macOS to the iPad, at least to the iPad Pro series. The sources of leaker Majin Bu have now <a href=\"https:\/\/twitter.com\/MajinBuOfficial\/status\/1583065617950613504?s=20&amp;t=8Ui3Y6Js8_yDFJJFZLAR8Q\" target=\"_blank\" rel=\"noreferrer noopener\">betrayed<\/a>that Apple is working on a &quot;smaller&quot; version of macOS exclusively for the M2 iPad Pro. It will be internally codenamed &quot;Mendocino&quot; and released as macOS 14 in 2023. Testing will be done with a macOS interface that is 25% larger to make it touch-friendly. However, the apps that run on the product will still be iPad-optimized versions, not macOS versions.<\/p>\n\n\n\n<h3 class=\"wp-block-heading\" id=\"h-gerucht-sollte-mit-vorsicht-genossen-werden\">Rumor should be treated with caution<\/h3>\n\n\n\n<p>It remains unclear why Apple would move the iPad to a macOS interface in such a half-step. Those who argue for macOS on the iPad do so because of the software rather than the interface. Rumors of software testing should always be taken with a grain of salt. Very few, if any, details about Apple&#039;s software plans have leaked out. Reports of macOS on the iPad have been around for more than a decade, by the way. Rumors about the original iPad suggested that macOS was a possibility even before the device was released. Additionally, Apple likely runs versions of macOS on iPads for internal testing and configuration.<\/p>\n\n\n\n<h3 class=\"wp-block-heading\">M2 iPad Pro: New software could also be based on macOS<\/h3>\n\n\n\n\n\n\n\n<p>The informant may have seen an iPad in a debug state and not the current operating system. The other possible explanation is that it is not macOS at all. Apple may be working on bringing iPadOS even closer to macOS by adding a menu bar and other Mac-like interactions. A Mac window feature called Stage Manager was already introduced in iPadOS 16, so this could be the next iteration. Majin Bu also suggests that the exclusivity for the iPad Pro M2 could be a marketing ploy. If the feature is only available on this iPad, more people would buy it. So what we can expect next year remains to be seen for now - but we can stay excited. (Image: Apple)<\/p>\n\n\n\n<ul class=\"wp-block-list\"><li><a href=\"https:\/\/www.apfelpatient.de\/en\/news\/ios-16-1-these-functions-are-given-to-us-by-apple\">iOS 16.1: These are the features Apple is giving us<\/a><\/li><\/ul>\n\n\n\n<h6 class=\"wp-block-heading translation-block\" id=\"h-kennt-ihr-schon-unsere-amazon-storefront-dort-findet-ihr-eine-handverlesene-auswahl-von-diversen-produkten-f-r-euer-iphone-und-co-viel-spa-beim-st-bern\"><em>Have you already visited our Amazon Storefront? There you&#039;ll find a hand-picked selection of various products for your iPhone and other devices \u2013 <span class=\"has-inline-color has-vivid-red-color\"><a href=\"https:\/\/www.amazon.de\/shop\/apfelpatientofficial\" class=\"ek-link\" data-wpel-link=\"exclude\" rel=\"follow noopener\" target=\"_self\"><span style=\"text-decoration: underline\" class=\"ek-underline\">enjoy browsing<\/span><\/a> !<\/span><\/em><\/h6>\n\n\n\n<h6 class=\"wp-block-heading translation-block\" id=\"h-der-beitrag-enthalt-partnerlinks\">This post contains <a data-type=\"URL\" data-id=\"https:\/\/www.apfelpatient.de\/partnerprogramm\" href=\"https:\/\/www.apfelpatient.de\/en\/partner-program\" data-wpel-link=\"internal\" target=\"_self\">affiliate links<\/a>.<\/h6>","protected":false},"excerpt":{"rendered":"<p>A source has claimed that Apple is working on a version of macOS that will be developed exclusively for the M2 iPad Pro.<\/p>","protected":false},"author":2,"featured_media":34718,"comment_status":"closed","ping_status":"closed","sticky":false,"template":"","format":"standard","meta":{"jnews-multi-image_gallery":[],"jnews_single_post":{"subtitle":"","format":"standard","video":"","gallery":"","source_name":"","source_url":"","via_name":"","via_url":"","override":[{"single_blog_custom":"","sidebar":"","second_sidebar":"","share_position":"","share_float_style":"","post_date_format":"","post_date_format_custom":"","post_reading_time_wpm":"","zoom_button_out_step":"1","zoom_button_in_step":"1","number_popup_post":"1"}],"image_override":[{"single_post_thumbnail_size":"","single_post_gallery_size":""}],"trending_post_position":"","trending_post_label":"","sponsored_post_label":"","sponsored_post_name":"","sponsored_post_url":"","sponsored_post_logo":"","sponsored_post_desc":""},"jnews_primary_category":{"id":"25"},"footnotes":""},"categories":[25],"tags":[18,33,4],"class_list":["post-34832","post","type-post","status-publish","format-standard","has-post-thumbnail","hentry","category-rumors","tag-ipad","tag-ipados","tag-macos"],"yoast_head":"<!-- This site is optimized with the Yoast SEO Premium plugin v27.5 (Yoast SEO v27.5) - https:\/\/yoast.com\/product\/yoast-seo-premium-wordpress\/ -->\n<title>Apple testet angeblich macOS auf M2 iPad Pro Apfelpatient<\/title>\n<meta name=\"description\" content=\"Ein Informant hat behauptet, dass Apple an einer Version von macOS arbeitet, die exklusiv f\u00fcr das M2 iPad Pro entwickelt wird.\" \/>\n<meta name=\"robots\" content=\"index, follow, max-snippet:-1, max-image-preview:large, max-video-preview:-1\" \/>\n<link rel=\"canonical\" href=\"https:\/\/www.apfelpatient.de\/en\/rumors\/apple-is-reportedly-testing-macos-on-m2-ipad-pro\" \/>\n<meta property=\"og:locale\" content=\"en_US\" \/>\n<meta property=\"og:type\" content=\"article\" \/>\n<meta property=\"og:title\" content=\"Apple testet angeblich macOS auf M2 iPad Pro\" \/>\n<meta property=\"og:description\" content=\"Ein Informant hat behauptet, dass Apple an einer Version von macOS arbeitet, die exklusiv f\u00fcr das M2 iPad Pro entwickelt wird.\" \/>\n<meta property=\"og:url\" content=\"https:\/\/www.apfelpatient.de\/en\/rumors\/apple-is-reportedly-testing-macos-on-m2-ipad-pro\" \/>\n<meta property=\"og:site_name\" content=\"Apfelpatient\" \/>\n<meta property=\"article:publisher\" content=\"https:\/\/www.facebook.com\/apfelpatientOfficial\" \/>\n<meta property=\"article:author\" content=\"https:\/\/www.facebook.com\/apfelpatientOfficial\" \/>\n<meta property=\"article:published_time\" content=\"2022-10-20T16:49:28+00:00\" \/>\n<meta property=\"article:modified_time\" content=\"2022-10-20T16:49:29+00:00\" \/>\n<meta property=\"og:image\" content=\"https:\/\/www.apfelpatient.de\/wp-content\/uploads\/2022\/10\/Apple-iPad-Pro-Magic-Keyboard-M2-hero-2up-221018.jpg\" \/>\n\t<meta property=\"og:image:width\" content=\"1600\" \/>\n\t<meta property=\"og:image:height\" content=\"1066\" \/>\n\t<meta property=\"og:image:type\" content=\"image\/jpeg\" \/>\n<meta name=\"author\" content=\"Milan\" \/>\n<meta name=\"twitter:card\" content=\"summary_large_image\" \/>\n<meta name=\"twitter:description\" content=\"Ein Informant hat behauptet, dass Apple an einer Version von macOS arbeitet, die exklusiv f\u00fcr das M2 iPad Pro entwickelt wird.\" \/>\n<meta name=\"twitter:label1\" content=\"Written by\" \/>\n\t<meta name=\"twitter:data1\" content=\"Milan\" \/>\n\t<meta name=\"twitter:label2\" content=\"Est. reading time\" \/>\n\t<meta name=\"twitter:data2\" content=\"3 minutes\" \/>\n<script type=\"application\/ld+json\" class=\"yoast-schema-graph\">{\"@context\":\"https:\\\/\\\/schema.org\",\"@graph\":[{\"@type\":\"NewsArticle\",\"@id\":\"https:\\\/\\\/www.apfelpatient.de\\\/rumors\\\/apple-testet-angeblich-macos-auf-m2-ipad-pro#article\",\"isPartOf\":{\"@id\":\"https:\\\/\\\/www.apfelpatient.de\\\/rumors\\\/apple-testet-angeblich-macos-auf-m2-ipad-pro\"},\"author\":{\"@type\":\"Organization\",\"@id\":\"https:\\\/\\\/www.apfelpatient.de\\\/en\\\/#organization\",\"name\":\"Apfelpatient\",\"url\":\"https:\\\/\\\/www.apfelpatient.de\\\/en\\\/\"},\"headline\":\"Apple testet angeblich macOS auf M2 iPad Pro\",\"datePublished\":\"2022-10-20T16:49:28+00:00\",\"dateModified\":\"2022-10-20T16:49:29+00:00\",\"mainEntityOfPage\":{\"@id\":\"https:\\\/\\\/www.apfelpatient.de\\\/rumors\\\/apple-testet-angeblich-macos-auf-m2-ipad-pro\"},\"wordCount\":430,\"publisher\":{\"@type\":\"Organization\",\"@id\":\"https:\\\/\\\/www.apfelpatient.de\\\/en\\\/#organization\",\"name\":\"Apfelpatient\",\"url\":\"https:\\\/\\\/www.apfelpatient.de\\\/en\\\/\"},\"image\":{\"@id\":\"https:\\\/\\\/www.apfelpatient.de\\\/rumors\\\/apple-testet-angeblich-macos-auf-m2-ipad-pro#primaryimage\"},\"thumbnailUrl\":\"https:\\\/\\\/www.apfelpatient.de\\\/wp-content\\\/uploads\\\/2022\\\/10\\\/Apple-iPad-Pro-Magic-Keyboard-M2-hero-2up-221018.jpg\",\"keywords\":[\"iPad\",\"iPadOS\",\"macOS\"],\"articleSection\":\"Rumors\",\"inLanguage\":\"en-US\",\"copyrightYear\":\"2022\",\"copyrightHolder\":{\"@id\":\"https:\\\/\\\/www.apfelpatient.de\\\/en\\\/#organization\"}},{\"@type\":\"WebPage\",\"@id\":\"https:\\\/\\\/www.apfelpatient.de\\\/rumors\\\/apple-testet-angeblich-macos-auf-m2-ipad-pro\",\"url\":\"https:\\\/\\\/www.apfelpatient.de\\\/rumors\\\/apple-testet-angeblich-macos-auf-m2-ipad-pro\",\"name\":\"Apple testet angeblich macOS auf M2 iPad Pro Apfelpatient\",\"isPartOf\":{\"@id\":\"https:\\\/\\\/www.apfelpatient.de\\\/#website\"},\"primaryImageOfPage\":{\"@id\":\"https:\\\/\\\/www.apfelpatient.de\\\/rumors\\\/apple-testet-angeblich-macos-auf-m2-ipad-pro#primaryimage\"},\"image\":{\"@id\":\"https:\\\/\\\/www.apfelpatient.de\\\/rumors\\\/apple-testet-angeblich-macos-auf-m2-ipad-pro#primaryimage\"},\"thumbnailUrl\":\"https:\\\/\\\/www.apfelpatient.de\\\/wp-content\\\/uploads\\\/2022\\\/10\\\/Apple-iPad-Pro-Magic-Keyboard-M2-hero-2up-221018.jpg\",\"datePublished\":\"2022-10-20T16:49:28+00:00\",\"dateModified\":\"2022-10-20T16:49:29+00:00\",\"description\":\"Ein Informant hat behauptet, dass Apple an einer Version von macOS arbeitet, die exklusiv f\u00fcr das M2 iPad Pro entwickelt wird.\",\"breadcrumb\":{\"@id\":\"https:\\\/\\\/www.apfelpatient.de\\\/rumors\\\/apple-testet-angeblich-macos-auf-m2-ipad-pro#breadcrumb\"},\"inLanguage\":\"en-US\",\"potentialAction\":[{\"@type\":\"ReadAction\",\"target\":[\"https:\\\/\\\/www.apfelpatient.de\\\/rumors\\\/apple-testet-angeblich-macos-auf-m2-ipad-pro\"]}]},{\"@type\":\"ImageObject\",\"inLanguage\":\"en-US\",\"@id\":\"https:\\\/\\\/www.apfelpatient.de\\\/rumors\\\/apple-testet-angeblich-macos-auf-m2-ipad-pro#primaryimage\",\"url\":\"https:\\\/\\\/www.apfelpatient.de\\\/wp-content\\\/uploads\\\/2022\\\/10\\\/Apple-iPad-Pro-Magic-Keyboard-M2-hero-2up-221018.jpg\",\"contentUrl\":\"https:\\\/\\\/www.apfelpatient.de\\\/wp-content\\\/uploads\\\/2022\\\/10\\\/Apple-iPad-Pro-Magic-Keyboard-M2-hero-2up-221018.jpg\",\"width\":1600,\"height\":1066,\"caption\":\"Bild: Apple - iPad Pro 6\"},{\"@type\":\"BreadcrumbList\",\"@id\":\"https:\\\/\\\/www.apfelpatient.de\\\/rumors\\\/apple-testet-angeblich-macos-auf-m2-ipad-pro#breadcrumb\",\"itemListElement\":[{\"@type\":\"ListItem\",\"position\":1,\"name\":\"Startseite\",\"item\":\"https:\\\/\\\/www.apfelpatient.de\\\/\"},{\"@type\":\"ListItem\",\"position\":2,\"name\":\"Apple testet angeblich macOS auf M2 iPad Pro\"}]},{\"@type\":\"WebSite\",\"@id\":\"https:\\\/\\\/www.apfelpatient.de\\\/#website\",\"url\":\"https:\\\/\\\/www.apfelpatient.de\\\/\",\"name\":\"Apfelpatient\",\"description\":\"Alles rund um Apple!\",\"publisher\":{\"@type\":\"Organization\",\"@id\":\"https:\\\/\\\/www.apfelpatient.de\\\/en\\\/#organization\",\"name\":\"Apfelpatient\",\"url\":\"https:\\\/\\\/www.apfelpatient.de\\\/en\\\/\"},\"alternateName\":\"Apfelpatient\",\"potentialAction\":[{\"@type\":\"SearchAction\",\"target\":{\"@type\":\"EntryPoint\",\"urlTemplate\":\"https:\\\/\\\/www.apfelpatient.de\\\/?s={search_term_string}\"},\"query-input\":{\"@type\":\"PropertyValueSpecification\",\"valueRequired\":true,\"valueName\":\"search_term_string\"}}],\"inLanguage\":\"en-US\"},{\"@type\":[\"Person\",\"Organization\"],\"@id\":\"https:\\\/\\\/www.apfelpatient.de\\\/#\\\/schema\\\/person\\\/7dc56ad6c8e9824b76d2c08d4c140e13\",\"name\":\"Milan\",\"logo\":{\"@id\":\"https:\\\/\\\/www.apfelpatient.de\\\/#\\\/schema\\\/person\\\/image\\\/\"},\"description\":\"Hallo und herzlich willkommen auf meinem Technik-Blog! Als gro\u00dfer Apple-Fan berichte ich hier \u00fcber alles, was mit Apple zu tun hat: von den neuesten News und spannenden Ger\u00fcchten \u00fcber hilfreiche Tipps und Tricks bis hin zu ausf\u00fchrlichen Produkttests. Wenn du genauso technikbegeistert bist wie ich, bist du hier genau richtig!\",\"sameAs\":[\"https:\\\/\\\/www.facebook.com\\\/apfelpatientOfficial\",\"https:\\\/\\\/www.linkedin.com\\\/in\\\/milan-jovicic-42aa0231b\"],\"url\":\"https:\\\/\\\/www.apfelpatient.de\\\/en\\\/author\\\/apfeladmin\"}]}<\/script>\n<!-- \/ Yoast SEO Premium plugin. -->","yoast_head_json":{"title":"Apple reportedly testing macOS on M2 iPad Pro Apfelpatient","description":"A source has claimed that Apple is working on a version of macOS that will be developed exclusively for the M2 iPad Pro.","robots":{"index":"index","follow":"follow","max-snippet":"max-snippet:-1","max-image-preview":"max-image-preview:large","max-video-preview":"max-video-preview:-1"},"canonical":"https:\/\/www.apfelpatient.de\/en\/rumors\/apple-is-reportedly-testing-macos-on-m2-ipad-pro","og_locale":"en_US","og_type":"article","og_title":"Apple testet angeblich macOS auf M2 iPad Pro","og_description":"Ein Informant hat behauptet, dass Apple an einer Version von macOS arbeitet, die exklusiv f\u00fcr das M2 iPad Pro entwickelt wird.","og_url":"https:\/\/www.apfelpatient.de\/en\/rumors\/apple-is-reportedly-testing-macos-on-m2-ipad-pro","og_site_name":"Apfelpatient","article_publisher":"https:\/\/www.facebook.com\/apfelpatientOfficial","article_author":"https:\/\/www.facebook.com\/apfelpatientOfficial","article_published_time":"2022-10-20T16:49:28+00:00","article_modified_time":"2022-10-20T16:49:29+00:00","og_image":[{"width":1600,"height":1066,"url":"https:\/\/www.apfelpatient.de\/wp-content\/uploads\/2022\/10\/Apple-iPad-Pro-Magic-Keyboard-M2-hero-2up-221018.jpg","type":"image\/jpeg"}],"author":"Milan","twitter_card":"summary_large_image","twitter_description":"Ein Informant hat behauptet, dass Apple an einer Version von macOS arbeitet, die exklusiv f\u00fcr das M2 iPad Pro entwickelt wird.","twitter_misc":{"Written by":"Milan","Est. reading time":"3 minutes"},"schema":{"@context":"https:\/\/schema.org","@graph":[{"@type":"NewsArticle","@id":"https:\/\/www.apfelpatient.de\/rumors\/apple-testet-angeblich-macos-auf-m2-ipad-pro#article","isPartOf":{"@id":"https:\/\/www.apfelpatient.de\/rumors\/apple-testet-angeblich-macos-auf-m2-ipad-pro"},"author":{"@type":"Organization","@id":"https:\/\/www.apfelpatient.de\/en\/#organization","name":"Apfelpatient","url":"https:\/\/www.apfelpatient.de\/en\/"},"headline":"Apple testet angeblich macOS auf M2 iPad Pro","datePublished":"2022-10-20T16:49:28+00:00","dateModified":"2022-10-20T16:49:29+00:00","mainEntityOfPage":{"@id":"https:\/\/www.apfelpatient.de\/rumors\/apple-testet-angeblich-macos-auf-m2-ipad-pro"},"wordCount":430,"publisher":{"@type":"Organization","@id":"https:\/\/www.apfelpatient.de\/en\/#organization","name":"Apfelpatient","url":"https:\/\/www.apfelpatient.de\/en\/"},"image":{"@id":"https:\/\/www.apfelpatient.de\/rumors\/apple-testet-angeblich-macos-auf-m2-ipad-pro#primaryimage"},"thumbnailUrl":"https:\/\/www.apfelpatient.de\/wp-content\/uploads\/2022\/10\/Apple-iPad-Pro-Magic-Keyboard-M2-hero-2up-221018.jpg","keywords":["iPad","iPadOS","macOS"],"articleSection":"Rumors","inLanguage":"en-US","copyrightYear":"2022","copyrightHolder":{"@id":"https:\/\/www.apfelpatient.de\/en\/#organization"}},{"@type":"WebPage","@id":"https:\/\/www.apfelpatient.de\/rumors\/apple-testet-angeblich-macos-auf-m2-ipad-pro","url":"https:\/\/www.apfelpatient.de\/rumors\/apple-testet-angeblich-macos-auf-m2-ipad-pro","name":"Apple reportedly testing macOS on M2 iPad Pro Apfelpatient","isPartOf":{"@id":"https:\/\/www.apfelpatient.de\/#website"},"primaryImageOfPage":{"@id":"https:\/\/www.apfelpatient.de\/rumors\/apple-testet-angeblich-macos-auf-m2-ipad-pro#primaryimage"},"image":{"@id":"https:\/\/www.apfelpatient.de\/rumors\/apple-testet-angeblich-macos-auf-m2-ipad-pro#primaryimage"},"thumbnailUrl":"https:\/\/www.apfelpatient.de\/wp-content\/uploads\/2022\/10\/Apple-iPad-Pro-Magic-Keyboard-M2-hero-2up-221018.jpg","datePublished":"2022-10-20T16:49:28+00:00","dateModified":"2022-10-20T16:49:29+00:00","description":"A source has claimed that Apple is working on a version of macOS that will be developed exclusively for the M2 iPad Pro.","breadcrumb":{"@id":"https:\/\/www.apfelpatient.de\/rumors\/apple-testet-angeblich-macos-auf-m2-ipad-pro#breadcrumb"},"inLanguage":"en-US","potentialAction":[{"@type":"ReadAction","target":["https:\/\/www.apfelpatient.de\/rumors\/apple-testet-angeblich-macos-auf-m2-ipad-pro"]}]},{"@type":"ImageObject","inLanguage":"en-US","@id":"https:\/\/www.apfelpatient.de\/rumors\/apple-testet-angeblich-macos-auf-m2-ipad-pro#primaryimage","url":"https:\/\/www.apfelpatient.de\/wp-content\/uploads\/2022\/10\/Apple-iPad-Pro-Magic-Keyboard-M2-hero-2up-221018.jpg","contentUrl":"https:\/\/www.apfelpatient.de\/wp-content\/uploads\/2022\/10\/Apple-iPad-Pro-Magic-Keyboard-M2-hero-2up-221018.jpg","width":1600,"height":1066,"caption":"Bild: Apple - iPad Pro 6"},{"@type":"BreadcrumbList","@id":"https:\/\/www.apfelpatient.de\/rumors\/apple-testet-angeblich-macos-auf-m2-ipad-pro#breadcrumb","itemListElement":[{"@type":"ListItem","position":1,"name":"Startseite","item":"https:\/\/www.apfelpatient.de\/"},{"@type":"ListItem","position":2,"name":"Apple testet angeblich macOS auf M2 iPad Pro"}]},{"@type":"WebSite","@id":"https:\/\/www.apfelpatient.de\/#website","url":"https:\/\/www.apfelpatient.de\/","name":"apple patient","description":"Everything about Apple!","publisher":{"@type":"Organization","@id":"https:\/\/www.apfelpatient.de\/en\/#organization","name":"Apfelpatient","url":"https:\/\/www.apfelpatient.de\/en\/"},"alternateName":"Apfelpatient","potentialAction":[{"@type":"SearchAction","target":{"@type":"EntryPoint","urlTemplate":"https:\/\/www.apfelpatient.de\/?s={search_term_string}"},"query-input":{"@type":"PropertyValueSpecification","valueRequired":true,"valueName":"search_term_string"}}],"inLanguage":"en-US"},{"@type":["Person","Organization"],"@id":"https:\/\/www.apfelpatient.de\/#\/schema\/person\/7dc56ad6c8e9824b76d2c08d4c140e13","name":"Milan","logo":{"@id":"https:\/\/www.apfelpatient.de\/#\/schema\/person\/image\/"},"description":"Hello and welcome to my technology blog! As a big Apple fan, I report on everything to do with Apple: from the latest news and exciting rumors to helpful tips and tricks and detailed product tests. If you are as enthusiastic about technology as I am, you have come to the right place!","sameAs":["https:\/\/www.facebook.com\/apfelpatientOfficial","https:\/\/www.linkedin.com\/in\/milan-jovicic-42aa0231b"],"url":"https:\/\/www.apfelpatient.de\/en\/author\/apfeladmin"}]}},"_links":{"self":[{"href":"https:\/\/www.apfelpatient.de\/en\/wp-json\/wp\/v2\/posts\/34832","targetHints":{"allow":["GET"]}}],"collection":[{"href":"https:\/\/www.apfelpatient.de\/en\/wp-json\/wp\/v2\/posts"}],"about":[{"href":"https:\/\/www.apfelpatient.de\/en\/wp-json\/wp\/v2\/types\/post"}],"author":[{"embeddable":true,"href":"https:\/\/www.apfelpatient.de\/en\/wp-json\/wp\/v2\/users\/2"}],"replies":[{"embeddable":true,"href":"https:\/\/www.apfelpatient.de\/en\/wp-json\/wp\/v2\/comments?post=34832"}],"version-history":[{"count":0,"href":"https:\/\/www.apfelpatient.de\/en\/wp-json\/wp\/v2\/posts\/34832\/revisions"}],"wp:featuredmedia":[{"embeddable":true,"href":"https:\/\/www.apfelpatient.de\/en\/wp-json\/wp\/v2\/media\/34718"}],"wp:attachment":[{"href":"https:\/\/www.apfelpatient.de\/en\/wp-json\/wp\/v2\/media?parent=34832"}],"wp:term":[{"taxonomy":"category","embeddable":true,"href":"https:\/\/www.apfelpatient.de\/en\/wp-json\/wp\/v2\/categories?post=34832"},{"taxonomy":"post_tag","embeddable":true,"href":"https:\/\/www.apfelpatient.de\/en\/wp-json\/wp\/v2\/tags?post=34832"}],"curies":[{"name":"wp","href":"https:\/\/api.w.org\/{rel}","templated":true}]}}