{"id":34753,"date":"2022-10-18T18:53:40","date_gmt":"2022-10-18T16:53:40","guid":{"rendered":"https:\/\/www.apfelpatient.de\/?p=34753"},"modified":"2022-10-18T18:53:41","modified_gmt":"2022-10-18T16:53:41","slug":"m2-ipad-pro-enables-hover-mode-for-apple-pencil","status":"publish","type":"post","link":"https:\/\/www.apfelpatient.de\/en\/news\/m2-ipad-pro-ermoeglicht-hover-modus-fuer-apple-pencil","title":{"rendered":"M2 iPad Pro enables hover mode for Apple Pencil"},"content":{"rendered":"<p class=\"has-drop-cap\"><strong>The new M2 iPad Pro supports the second-generation Apple Pencil, a new feature that allows users to hold the Apple Pencil over the display to expand content, apps, widgets, and more.<\/strong><\/p>\n\n\n\n<p>In the <a href=\"https:\/\/www.apple.com\/newsroom\/2022\/10\/apple-introduces-next-generation-ipad-pro-supercharged-by-the-m2-chip\/\" target=\"_blank\" rel=\"noreferrer noopener\">press release<\/a>, in which the brand new M2 iPad Pro was introduced, Apple explains the new feature as follows:<\/p>\n\n\n\n<blockquote class=\"wp-block-quote is-layout-flow wp-block-quote-is-layout-flow\"><p>A new dimension to Apple Pencil. Apple Pencil Hover shows you exactly where your Apple Pencil will land on your display, so you can write, sketch, and illustrate with even greater precision. Watch apps and widgets on your Home screen expand as you hover over them. Preview your mark before you make it. See your watercolors blend before you paint. Apple Pencil Hover makes everything you do with Apple Pencil even more effortless.<\/p><\/blockquote>\n\n\n\n<h3 class=\"wp-block-heading\" id=\"h-m2-ipad-pro-apple-verbessert-die-inneren-werte\">M2 iPad Pro: Apple improves the inner values<\/h3>\n\n\n\n\n\n\n\n<p>The new M2 iPad Pro in conjunction with the second-generation Apple Pencil can detect electromagnetic signals sent from the tip of the pencil to the display from a distance of up to 12 mm.<\/p>\n\n\n\n<figure class=\"wp-block-image size-large\"><img decoding=\"async\" width=\"1024\" height=\"601\" src=\"https:\/\/www.apfelpatient.de\/wp-content\/uploads\/2022\/10\/A6C6C98D-F9E9-4128-A6D7-0C280EEFA500-1024x601.png\" alt=\"iPad Pro 6\" class=\"wp-image-34750\" srcset=\"https:\/\/www.apfelpatient.de\/wp-content\/uploads\/2022\/10\/A6C6C98D-F9E9-4128-A6D7-0C280EEFA500-1024x601.png 1024w, https:\/\/www.apfelpatient.de\/wp-content\/uploads\/2022\/10\/A6C6C98D-F9E9-4128-A6D7-0C280EEFA500-300x176.png 300w, https:\/\/www.apfelpatient.de\/wp-content\/uploads\/2022\/10\/A6C6C98D-F9E9-4128-A6D7-0C280EEFA500-768x451.png 768w, https:\/\/www.apfelpatient.de\/wp-content\/uploads\/2022\/10\/A6C6C98D-F9E9-4128-A6D7-0C280EEFA500-1536x901.png 1536w, https:\/\/www.apfelpatient.de\/wp-content\/uploads\/2022\/10\/A6C6C98D-F9E9-4128-A6D7-0C280EEFA500-750x440.png 750w, https:\/\/www.apfelpatient.de\/wp-content\/uploads\/2022\/10\/A6C6C98D-F9E9-4128-A6D7-0C280EEFA500-1140x669.png 1140w, https:\/\/www.apfelpatient.de\/wp-content\/uploads\/2022\/10\/A6C6C98D-F9E9-4128-A6D7-0C280EEFA500.png 1600w\" sizes=\"(max-width: 1024px) 100vw, 1024px\" \/><figcaption>Image: Apple \u2013 iPad Pro 6<\/figcaption><\/figure>\n\n\n\n<p>&quot;M2 immediately evaluates these signals and determines the position of the Apple Pencil in three dimensions,&quot; says Apple. The new M2 iPad Pro is otherwise a small upgrade that only includes the new M2 Apple Silicon chip and improved WiFi. (Image: Apple)<\/p>\n\n\n\n<ul class=\"wp-block-list\"><li><a href=\"https:\/\/www.apfelpatient.de\/en\/news\/with-m2-chip-apple-introduces-new-ipad-pro-models\">With M2 chip: Apple presents new iPad Pro models<\/a><\/li><\/ul>\n\n\n\n<h6 class=\"wp-block-heading translation-block\" id=\"h-kennt-ihr-schon-unsere-amazon-storefront-dort-findet-ihr-eine-handverlesene-auswahl-von-diversen-produkten-f-r-euer-iphone-und-co-viel-spa-beim-st-bern\"><em>Have you already visited our Amazon Storefront? There you&#039;ll find a hand-picked selection of various products for your iPhone and other devices \u2013 <span class=\"has-inline-color has-vivid-red-color\"><a href=\"https:\/\/www.amazon.de\/shop\/apfelpatientofficial\" class=\"ek-link\" data-wpel-link=\"exclude\" rel=\"follow noopener\" target=\"_self\"><span style=\"text-decoration: underline\" class=\"ek-underline\">enjoy browsing<\/span><\/a> !<\/span><\/em><\/h6>\n\n\n\n<h6 class=\"wp-block-heading translation-block\" id=\"h-der-beitrag-enthalt-partnerlinks\">This post contains <a data-type=\"URL\" data-id=\"https:\/\/www.apfelpatient.de\/partnerprogramm\" href=\"https:\/\/www.apfelpatient.de\/en\/partner-program\" data-wpel-link=\"internal\" target=\"_self\">affiliate links<\/a>.<\/h6>","protected":false},"excerpt":{"rendered":"<p>The M2 iPad Pro supports a new feature with the Apple Pencil 2, which allows users to hold it over the display.<\/p>","protected":false},"author":2,"featured_media":34752,"comment_status":"closed","ping_status":"closed","sticky":false,"template":"","format":"standard","meta":{"jnews-multi-image_gallery":[],"jnews_single_post":{"subtitle":"","format":"standard","video":"","gallery":"","source_name":"","source_url":"","via_name":"","via_url":"","override":[{"single_blog_custom":"","sidebar":"","second_sidebar":"","share_position":"","share_float_style":"","post_date_format":"","post_date_format_custom":"","post_reading_time_wpm":"","zoom_button_out_step":"1","zoom_button_in_step":"1","number_popup_post":"1"}],"image_override":[{"single_post_thumbnail_size":"","single_post_gallery_size":""}],"trending_post_position":"","trending_post_label":"","sponsored_post_label":"","sponsored_post_name":"","sponsored_post_url":"","sponsored_post_logo":"","sponsored_post_desc":""},"jnews_primary_category":{"id":"9"},"footnotes":""},"categories":[9],"tags":[17,168,18,33],"class_list":["post-34753","post","type-post","status-publish","format-standard","has-post-thumbnail","hentry","category-news","tag-apple-pencil","tag-apple-pencil-2","tag-ipad","tag-ipados"],"yoast_head":"<!-- This site is optimized with the Yoast SEO Premium plugin v27.5 (Yoast SEO v27.5) - https:\/\/yoast.com\/product\/yoast-seo-premium-wordpress\/ -->\n<title>M2 iPad Pro erm\u00f6glicht Hover-Modus f\u00fcr Apple Pencil<\/title>\n<meta name=\"description\" content=\"Das M2 iPad Pro unterst\u00fctzt mit dem Apple Pencil 2 eine neue Funktion, die es Nutzern erm\u00f6glicht, den diesen \u00fcber das Display zu halten.\" \/>\n<meta name=\"robots\" content=\"index, follow, max-snippet:-1, max-image-preview:large, max-video-preview:-1\" \/>\n<link rel=\"canonical\" href=\"https:\/\/www.apfelpatient.de\/en\/news\/m2-ipad-pro-enables-hover-mode-for-apple-pencil\" \/>\n<meta property=\"og:locale\" content=\"en_US\" \/>\n<meta property=\"og:type\" content=\"article\" \/>\n<meta property=\"og:title\" content=\"M2 iPad Pro erm\u00f6glicht Hover-Modus f\u00fcr Apple Pencil\" \/>\n<meta property=\"og:description\" content=\"Das M2 iPad Pro unterst\u00fctzt mit dem Apple Pencil 2 eine neue Funktion, die es Nutzern erm\u00f6glicht, den diesen \u00fcber das Display zu halten.\" \/>\n<meta property=\"og:url\" content=\"https:\/\/www.apfelpatient.de\/en\/news\/m2-ipad-pro-enables-hover-mode-for-apple-pencil\" \/>\n<meta property=\"og:site_name\" content=\"Apfelpatient\" \/>\n<meta property=\"article:publisher\" content=\"https:\/\/www.facebook.com\/apfelpatientOfficial\" \/>\n<meta property=\"article:author\" content=\"https:\/\/www.facebook.com\/apfelpatientOfficial\" \/>\n<meta property=\"article:published_time\" content=\"2022-10-18T16:53:40+00:00\" \/>\n<meta property=\"article:modified_time\" content=\"2022-10-18T16:53:41+00:00\" \/>\n<meta property=\"og:image\" content=\"https:\/\/www.apfelpatient.de\/wp-content\/uploads\/2022\/10\/AEDF2ADE-8049-4933-9DA0-A926CEA62603.png\" \/>\n\t<meta property=\"og:image:width\" content=\"1600\" \/>\n\t<meta property=\"og:image:height\" content=\"939\" \/>\n\t<meta property=\"og:image:type\" content=\"image\/png\" \/>\n<meta name=\"author\" content=\"Milan\" \/>\n<meta name=\"twitter:card\" content=\"summary_large_image\" \/>\n<meta name=\"twitter:description\" content=\"Das M2 iPad Pro unterst\u00fctzt mit dem Apple Pencil 2 eine neue Funktion, die es Nutzern erm\u00f6glicht, den diesen \u00fcber das Display zu halten.\" \/>\n<meta name=\"twitter:label1\" content=\"Written by\" \/>\n\t<meta name=\"twitter:data1\" content=\"Milan\" \/>\n\t<meta name=\"twitter:label2\" content=\"Est. reading time\" \/>\n\t<meta name=\"twitter:data2\" content=\"2 minutes\" \/>\n<script type=\"application\/ld+json\" class=\"yoast-schema-graph\">{\"@context\":\"https:\\\/\\\/schema.org\",\"@graph\":[{\"@type\":\"NewsArticle\",\"@id\":\"https:\\\/\\\/www.apfelpatient.de\\\/news\\\/m2-ipad-pro-ermoeglicht-hover-modus-fuer-apple-pencil#article\",\"isPartOf\":{\"@id\":\"https:\\\/\\\/www.apfelpatient.de\\\/news\\\/m2-ipad-pro-ermoeglicht-hover-modus-fuer-apple-pencil\"},\"author\":{\"@type\":\"Organization\",\"@id\":\"https:\\\/\\\/www.apfelpatient.de\\\/en\\\/#organization\",\"name\":\"Apfelpatient\",\"url\":\"https:\\\/\\\/www.apfelpatient.de\\\/en\\\/\"},\"headline\":\"M2 iPad Pro erm\u00f6glicht Hover-Modus f\u00fcr Apple Pencil\",\"datePublished\":\"2022-10-18T16:53:40+00:00\",\"dateModified\":\"2022-10-18T16:53:41+00:00\",\"mainEntityOfPage\":{\"@id\":\"https:\\\/\\\/www.apfelpatient.de\\\/news\\\/m2-ipad-pro-ermoeglicht-hover-modus-fuer-apple-pencil\"},\"wordCount\":259,\"publisher\":{\"@type\":\"Organization\",\"@id\":\"https:\\\/\\\/www.apfelpatient.de\\\/en\\\/#organization\",\"name\":\"Apfelpatient\",\"url\":\"https:\\\/\\\/www.apfelpatient.de\\\/en\\\/\"},\"image\":{\"@id\":\"https:\\\/\\\/www.apfelpatient.de\\\/news\\\/m2-ipad-pro-ermoeglicht-hover-modus-fuer-apple-pencil#primaryimage\"},\"thumbnailUrl\":\"https:\\\/\\\/www.apfelpatient.de\\\/wp-content\\\/uploads\\\/2022\\\/10\\\/AEDF2ADE-8049-4933-9DA0-A926CEA62603.png\",\"keywords\":[\"Apple Pencil\",\"Apple Pencil 2\",\"iPad\",\"iPadOS\"],\"articleSection\":\"News\",\"inLanguage\":\"en-US\",\"copyrightYear\":\"2022\",\"copyrightHolder\":{\"@id\":\"https:\\\/\\\/www.apfelpatient.de\\\/en\\\/#organization\"}},{\"@type\":\"WebPage\",\"@id\":\"https:\\\/\\\/www.apfelpatient.de\\\/news\\\/m2-ipad-pro-ermoeglicht-hover-modus-fuer-apple-pencil\",\"url\":\"https:\\\/\\\/www.apfelpatient.de\\\/news\\\/m2-ipad-pro-ermoeglicht-hover-modus-fuer-apple-pencil\",\"name\":\"M2 iPad Pro erm\u00f6glicht Hover-Modus f\u00fcr Apple Pencil\",\"isPartOf\":{\"@id\":\"https:\\\/\\\/www.apfelpatient.de\\\/#website\"},\"primaryImageOfPage\":{\"@id\":\"https:\\\/\\\/www.apfelpatient.de\\\/news\\\/m2-ipad-pro-ermoeglicht-hover-modus-fuer-apple-pencil#primaryimage\"},\"image\":{\"@id\":\"https:\\\/\\\/www.apfelpatient.de\\\/news\\\/m2-ipad-pro-ermoeglicht-hover-modus-fuer-apple-pencil#primaryimage\"},\"thumbnailUrl\":\"https:\\\/\\\/www.apfelpatient.de\\\/wp-content\\\/uploads\\\/2022\\\/10\\\/AEDF2ADE-8049-4933-9DA0-A926CEA62603.png\",\"datePublished\":\"2022-10-18T16:53:40+00:00\",\"dateModified\":\"2022-10-18T16:53:41+00:00\",\"description\":\"Das M2 iPad Pro unterst\u00fctzt mit dem Apple Pencil 2 eine neue Funktion, die es Nutzern erm\u00f6glicht, den diesen \u00fcber das Display zu halten.\",\"breadcrumb\":{\"@id\":\"https:\\\/\\\/www.apfelpatient.de\\\/news\\\/m2-ipad-pro-ermoeglicht-hover-modus-fuer-apple-pencil#breadcrumb\"},\"inLanguage\":\"en-US\",\"potentialAction\":[{\"@type\":\"ReadAction\",\"target\":[\"https:\\\/\\\/www.apfelpatient.de\\\/news\\\/m2-ipad-pro-ermoeglicht-hover-modus-fuer-apple-pencil\"]}]},{\"@type\":\"ImageObject\",\"inLanguage\":\"en-US\",\"@id\":\"https:\\\/\\\/www.apfelpatient.de\\\/news\\\/m2-ipad-pro-ermoeglicht-hover-modus-fuer-apple-pencil#primaryimage\",\"url\":\"https:\\\/\\\/www.apfelpatient.de\\\/wp-content\\\/uploads\\\/2022\\\/10\\\/AEDF2ADE-8049-4933-9DA0-A926CEA62603.png\",\"contentUrl\":\"https:\\\/\\\/www.apfelpatient.de\\\/wp-content\\\/uploads\\\/2022\\\/10\\\/AEDF2ADE-8049-4933-9DA0-A926CEA62603.png\",\"width\":1600,\"height\":939,\"caption\":\"Bild: Apple - iPad Pro 6\"},{\"@type\":\"BreadcrumbList\",\"@id\":\"https:\\\/\\\/www.apfelpatient.de\\\/news\\\/m2-ipad-pro-ermoeglicht-hover-modus-fuer-apple-pencil#breadcrumb\",\"itemListElement\":[{\"@type\":\"ListItem\",\"position\":1,\"name\":\"Startseite\",\"item\":\"https:\\\/\\\/www.apfelpatient.de\\\/\"},{\"@type\":\"ListItem\",\"position\":2,\"name\":\"M2 iPad Pro erm\u00f6glicht Hover-Modus f\u00fcr Apple Pencil\"}]},{\"@type\":\"WebSite\",\"@id\":\"https:\\\/\\\/www.apfelpatient.de\\\/#website\",\"url\":\"https:\\\/\\\/www.apfelpatient.de\\\/\",\"name\":\"Apfelpatient\",\"description\":\"Alles rund um Apple!\",\"publisher\":{\"@type\":\"Organization\",\"@id\":\"https:\\\/\\\/www.apfelpatient.de\\\/en\\\/#organization\",\"name\":\"Apfelpatient\",\"url\":\"https:\\\/\\\/www.apfelpatient.de\\\/en\\\/\"},\"alternateName\":\"Apfelpatient\",\"potentialAction\":[{\"@type\":\"SearchAction\",\"target\":{\"@type\":\"EntryPoint\",\"urlTemplate\":\"https:\\\/\\\/www.apfelpatient.de\\\/?s={search_term_string}\"},\"query-input\":{\"@type\":\"PropertyValueSpecification\",\"valueRequired\":true,\"valueName\":\"search_term_string\"}}],\"inLanguage\":\"en-US\"},{\"@type\":[\"Person\",\"Organization\"],\"@id\":\"https:\\\/\\\/www.apfelpatient.de\\\/#\\\/schema\\\/person\\\/7dc56ad6c8e9824b76d2c08d4c140e13\",\"name\":\"Milan\",\"logo\":{\"@id\":\"https:\\\/\\\/www.apfelpatient.de\\\/#\\\/schema\\\/person\\\/image\\\/\"},\"description\":\"Hallo und herzlich willkommen auf meinem Technik-Blog! Als gro\u00dfer Apple-Fan berichte ich hier \u00fcber alles, was mit Apple zu tun hat: von den neuesten News und spannenden Ger\u00fcchten \u00fcber hilfreiche Tipps und Tricks bis hin zu ausf\u00fchrlichen Produkttests. Wenn du genauso technikbegeistert bist wie ich, bist du hier genau richtig!\",\"sameAs\":[\"https:\\\/\\\/www.facebook.com\\\/apfelpatientOfficial\",\"https:\\\/\\\/www.linkedin.com\\\/in\\\/milan-jovicic-42aa0231b\"],\"url\":\"https:\\\/\\\/www.apfelpatient.de\\\/en\\\/author\\\/apfeladmin\"}]}<\/script>\n<!-- \/ Yoast SEO Premium plugin. -->","yoast_head_json":{"title":"M2 iPad Pro enables hover mode for Apple Pencil","description":"The M2 iPad Pro supports a new feature with the Apple Pencil 2, which allows users to hold it over the display.","robots":{"index":"index","follow":"follow","max-snippet":"max-snippet:-1","max-image-preview":"max-image-preview:large","max-video-preview":"max-video-preview:-1"},"canonical":"https:\/\/www.apfelpatient.de\/en\/news\/m2-ipad-pro-enables-hover-mode-for-apple-pencil","og_locale":"en_US","og_type":"article","og_title":"M2 iPad Pro erm\u00f6glicht Hover-Modus f\u00fcr Apple Pencil","og_description":"Das M2 iPad Pro unterst\u00fctzt mit dem Apple Pencil 2 eine neue Funktion, die es Nutzern erm\u00f6glicht, den diesen \u00fcber das Display zu halten.","og_url":"https:\/\/www.apfelpatient.de\/en\/news\/m2-ipad-pro-enables-hover-mode-for-apple-pencil","og_site_name":"Apfelpatient","article_publisher":"https:\/\/www.facebook.com\/apfelpatientOfficial","article_author":"https:\/\/www.facebook.com\/apfelpatientOfficial","article_published_time":"2022-10-18T16:53:40+00:00","article_modified_time":"2022-10-18T16:53:41+00:00","og_image":[{"width":1600,"height":939,"url":"https:\/\/www.apfelpatient.de\/wp-content\/uploads\/2022\/10\/AEDF2ADE-8049-4933-9DA0-A926CEA62603.png","type":"image\/png"}],"author":"Milan","twitter_card":"summary_large_image","twitter_description":"Das M2 iPad Pro unterst\u00fctzt mit dem Apple Pencil 2 eine neue Funktion, die es Nutzern erm\u00f6glicht, den diesen \u00fcber das Display zu halten.","twitter_misc":{"Written by":"Milan","Est. reading time":"2 minutes"},"schema":{"@context":"https:\/\/schema.org","@graph":[{"@type":"NewsArticle","@id":"https:\/\/www.apfelpatient.de\/news\/m2-ipad-pro-ermoeglicht-hover-modus-fuer-apple-pencil#article","isPartOf":{"@id":"https:\/\/www.apfelpatient.de\/news\/m2-ipad-pro-ermoeglicht-hover-modus-fuer-apple-pencil"},"author":{"@type":"Organization","@id":"https:\/\/www.apfelpatient.de\/en\/#organization","name":"Apfelpatient","url":"https:\/\/www.apfelpatient.de\/en\/"},"headline":"M2 iPad Pro erm\u00f6glicht Hover-Modus f\u00fcr Apple Pencil","datePublished":"2022-10-18T16:53:40+00:00","dateModified":"2022-10-18T16:53:41+00:00","mainEntityOfPage":{"@id":"https:\/\/www.apfelpatient.de\/news\/m2-ipad-pro-ermoeglicht-hover-modus-fuer-apple-pencil"},"wordCount":259,"publisher":{"@type":"Organization","@id":"https:\/\/www.apfelpatient.de\/en\/#organization","name":"Apfelpatient","url":"https:\/\/www.apfelpatient.de\/en\/"},"image":{"@id":"https:\/\/www.apfelpatient.de\/news\/m2-ipad-pro-ermoeglicht-hover-modus-fuer-apple-pencil#primaryimage"},"thumbnailUrl":"https:\/\/www.apfelpatient.de\/wp-content\/uploads\/2022\/10\/AEDF2ADE-8049-4933-9DA0-A926CEA62603.png","keywords":["Apple Pencil","Apple Pencil 2","iPad","iPadOS"],"articleSection":"News","inLanguage":"en-US","copyrightYear":"2022","copyrightHolder":{"@id":"https:\/\/www.apfelpatient.de\/en\/#organization"}},{"@type":"WebPage","@id":"https:\/\/www.apfelpatient.de\/news\/m2-ipad-pro-ermoeglicht-hover-modus-fuer-apple-pencil","url":"https:\/\/www.apfelpatient.de\/news\/m2-ipad-pro-ermoeglicht-hover-modus-fuer-apple-pencil","name":"M2 iPad Pro enables hover mode for Apple Pencil","isPartOf":{"@id":"https:\/\/www.apfelpatient.de\/#website"},"primaryImageOfPage":{"@id":"https:\/\/www.apfelpatient.de\/news\/m2-ipad-pro-ermoeglicht-hover-modus-fuer-apple-pencil#primaryimage"},"image":{"@id":"https:\/\/www.apfelpatient.de\/news\/m2-ipad-pro-ermoeglicht-hover-modus-fuer-apple-pencil#primaryimage"},"thumbnailUrl":"https:\/\/www.apfelpatient.de\/wp-content\/uploads\/2022\/10\/AEDF2ADE-8049-4933-9DA0-A926CEA62603.png","datePublished":"2022-10-18T16:53:40+00:00","dateModified":"2022-10-18T16:53:41+00:00","description":"The M2 iPad Pro supports a new feature with the Apple Pencil 2, which allows users to hold it over the display.","breadcrumb":{"@id":"https:\/\/www.apfelpatient.de\/news\/m2-ipad-pro-ermoeglicht-hover-modus-fuer-apple-pencil#breadcrumb"},"inLanguage":"en-US","potentialAction":[{"@type":"ReadAction","target":["https:\/\/www.apfelpatient.de\/news\/m2-ipad-pro-ermoeglicht-hover-modus-fuer-apple-pencil"]}]},{"@type":"ImageObject","inLanguage":"en-US","@id":"https:\/\/www.apfelpatient.de\/news\/m2-ipad-pro-ermoeglicht-hover-modus-fuer-apple-pencil#primaryimage","url":"https:\/\/www.apfelpatient.de\/wp-content\/uploads\/2022\/10\/AEDF2ADE-8049-4933-9DA0-A926CEA62603.png","contentUrl":"https:\/\/www.apfelpatient.de\/wp-content\/uploads\/2022\/10\/AEDF2ADE-8049-4933-9DA0-A926CEA62603.png","width":1600,"height":939,"caption":"Bild: Apple - iPad Pro 6"},{"@type":"BreadcrumbList","@id":"https:\/\/www.apfelpatient.de\/news\/m2-ipad-pro-ermoeglicht-hover-modus-fuer-apple-pencil#breadcrumb","itemListElement":[{"@type":"ListItem","position":1,"name":"Startseite","item":"https:\/\/www.apfelpatient.de\/"},{"@type":"ListItem","position":2,"name":"M2 iPad Pro erm\u00f6glicht Hover-Modus f\u00fcr Apple Pencil"}]},{"@type":"WebSite","@id":"https:\/\/www.apfelpatient.de\/#website","url":"https:\/\/www.apfelpatient.de\/","name":"apple patient","description":"Everything about Apple!","publisher":{"@type":"Organization","@id":"https:\/\/www.apfelpatient.de\/en\/#organization","name":"Apfelpatient","url":"https:\/\/www.apfelpatient.de\/en\/"},"alternateName":"Apfelpatient","potentialAction":[{"@type":"SearchAction","target":{"@type":"EntryPoint","urlTemplate":"https:\/\/www.apfelpatient.de\/?s={search_term_string}"},"query-input":{"@type":"PropertyValueSpecification","valueRequired":true,"valueName":"search_term_string"}}],"inLanguage":"en-US"},{"@type":["Person","Organization"],"@id":"https:\/\/www.apfelpatient.de\/#\/schema\/person\/7dc56ad6c8e9824b76d2c08d4c140e13","name":"Milan","logo":{"@id":"https:\/\/www.apfelpatient.de\/#\/schema\/person\/image\/"},"description":"Hello and welcome to my technology blog! As a big Apple fan, I report on everything to do with Apple: from the latest news and exciting rumors to helpful tips and tricks and detailed product tests. If you are as enthusiastic about technology as I am, you have come to the right place!","sameAs":["https:\/\/www.facebook.com\/apfelpatientOfficial","https:\/\/www.linkedin.com\/in\/milan-jovicic-42aa0231b"],"url":"https:\/\/www.apfelpatient.de\/en\/author\/apfeladmin"}]}},"_links":{"self":[{"href":"https:\/\/www.apfelpatient.de\/en\/wp-json\/wp\/v2\/posts\/34753","targetHints":{"allow":["GET"]}}],"collection":[{"href":"https:\/\/www.apfelpatient.de\/en\/wp-json\/wp\/v2\/posts"}],"about":[{"href":"https:\/\/www.apfelpatient.de\/en\/wp-json\/wp\/v2\/types\/post"}],"author":[{"embeddable":true,"href":"https:\/\/www.apfelpatient.de\/en\/wp-json\/wp\/v2\/users\/2"}],"replies":[{"embeddable":true,"href":"https:\/\/www.apfelpatient.de\/en\/wp-json\/wp\/v2\/comments?post=34753"}],"version-history":[{"count":0,"href":"https:\/\/www.apfelpatient.de\/en\/wp-json\/wp\/v2\/posts\/34753\/revisions"}],"wp:featuredmedia":[{"embeddable":true,"href":"https:\/\/www.apfelpatient.de\/en\/wp-json\/wp\/v2\/media\/34752"}],"wp:attachment":[{"href":"https:\/\/www.apfelpatient.de\/en\/wp-json\/wp\/v2\/media?parent=34753"}],"wp:term":[{"taxonomy":"category","embeddable":true,"href":"https:\/\/www.apfelpatient.de\/en\/wp-json\/wp\/v2\/categories?post=34753"},{"taxonomy":"post_tag","embeddable":true,"href":"https:\/\/www.apfelpatient.de\/en\/wp-json\/wp\/v2\/tags?post=34753"}],"curies":[{"name":"wp","href":"https:\/\/api.w.org\/{rel}","templated":true}]}}