{"id":34742,"date":"2022-10-18T18:28:16","date_gmt":"2022-10-18T16:28:16","guid":{"rendered":"https:\/\/www.apfelpatient.de\/?p=34742"},"modified":"2022-10-18T18:28:17","modified_gmt":"2022-10-18T16:28:17","slug":"ipados-16-1-macos-13-ventura-apple-announces-launch-date","status":"publish","type":"post","link":"https:\/\/www.apfelpatient.de\/en\/news\/ipados-16-1-macos-13-ventura-apple-gibt-starttermin-bekannt","title":{"rendered":"iPadOS 16.1 &amp; macOS 13 Ventura: Apple announces launch date"},"content":{"rendered":"<p class=\"has-drop-cap\"><strong>In addition to announcing the new iPad and iPad Pro models, Apple also announced that iPadOS 16.1 and macOS 13 Ventura will be available shortly before the devices&#039; release on October 26.<\/strong><\/p>\n\n\n\n<p>Apple has now <a href=\"https:\/\/www.apple.com\/newsroom\/\" target=\"_blank\" rel=\"noreferrer noopener\">confirmed<\/a>that iPadOS 16 has been delayed, that the first version will actually be iPadOS 16.1 and that it will be released on October 24th. In addition to the iPad operating system, macOS 13 Ventura is also scheduled to be launched.<\/p>\n\n\n\n<h3 class=\"wp-block-heading\" id=\"h-ipados-16-1-macos-13-ventura-stehen-in-den-startlochern\">iPadOS 16.1 &amp; macOS 13 Ventura are in the starting blocks<\/h3>\n\n\n\n<blockquote class=\"wp-block-quote is-layout-flow wp-block-quote-is-layout-flow\"><p>iPadOS 16, the powerful operating system designed specifically for iPad, will be available starting Monday, October 24, and will be included free with the new iPad. iPadOS 16 will be available as a free software update for iPad (5th generation and later), iPad mini (5th generation and later), iPad Air (3rd generation and later), and all iPad Pro models.<\/p><\/blockquote>\n\n\n\n<p>However, the company stresses that the update offers certain features that are particularly suited to the new iPads. On Tuesday, Apple also announced that macOS Ventura will be released to the public on October 24. The operating system has been available in beta for developers and public testers since the summer. The new updates include more continuity features with iPhone and iPad, a multitasking feature called Stage Manager, and more.<\/p>\n\n\n\n<h3 class=\"wp-block-heading\">The most important functions in macOS Ventura<\/h3>\n\n\n\n\n\n\n\n<p>Stage Manager is a new way to work with apps and windows. It automatically organizes open apps and windows, with the current window in the center and other open windows on the left. Users can also group windows when working on specific tasks or projects that require different apps. Stage Manager works with other macOS windowing tools, including Mission Control and Spaces. A new feature called Continuity Camera lets Mac owners use their iPhones as a webcam. A Mac can automatically detect and use the iPhone&#039;s camera when it&#039;s nearby, without having to wake it or select it. For more flexibility, the iPhone can connect to the Mac wirelessly. Continuity Camera can also use the iPhone&#039;s ultra-wide camera to enable Desktop View, which simultaneously shows the user&#039;s face and an overhead view of their desk.<\/p>\n\n\n\n<h3 class=\"wp-block-heading\">New Handoff features<\/h3>\n\n\n\n<p>Handoff is now available for FaceTime, allowing users to start a FaceTime call on one Apple device and transfer it to another nearby Apple device. For example, users can start a FaceTime call on iPhone or iPad and then transfer it to Mac with one click, or start a call on Mac and then switch to iPhone or iPad. In Safari, family and friends can use Tab Groups to share their favorite websites in Safari and see what tabs others are viewing in real time. Users can also create a list of bookmarks on a shared home screen and even start an iMessages conversation or FaceTime call from Safari.<\/p>\n\n\n\n<h3 class=\"wp-block-heading\">Big update wave on October 24th<\/h3>\n\n\n\n<p>In Mail, search has been updated to include recent emails, contacts, documents, photos, and more. You can also schedule emails and even cancel delivery after you&#039;ve pressed Send. Mail now intelligently detects when elements such as attachments or cc&#039;s are missing from a message. Users can also set reminders to re-read an email at a specific date and time, and they receive automatic suggestions for following up on an email if they haven&#039;t received a response. All of these features and more will be released with macOS Ventura on October 24. In addition to the Mac operating system, iPadOS 16.1, iOS 16.1, tvOS 16.1, and watchOS 9.1 will be released. (Image: Apple)<\/p>\n\n\n\n<ul class=\"wp-block-list\"><li><a href=\"https:\/\/www.apfelpatient.de\/en\/news\/copy-insert-ios-16-1-introduces-new-settings\">Copy &amp; Paste: iOS 16.1 introduces new settings<\/a><\/li><\/ul>\n\n\n\n<h6 class=\"wp-block-heading translation-block\" id=\"h-kennt-ihr-schon-unsere-amazon-storefront-dort-findet-ihr-eine-handverlesene-auswahl-von-diversen-produkten-f-r-euer-iphone-und-co-viel-spa-beim-st-bern\"><em>Have you already visited our Amazon Storefront? There you&#039;ll find a hand-picked selection of various products for your iPhone and other devices \u2013 <span class=\"has-inline-color has-vivid-red-color\"><a href=\"https:\/\/www.amazon.de\/shop\/apfelpatientofficial\" class=\"ek-link\" data-wpel-link=\"exclude\" rel=\"follow noopener\" target=\"_self\"><span style=\"text-decoration: underline\" class=\"ek-underline\">enjoy browsing<\/span><\/a> !<\/span><\/em><\/h6>\n\n\n\n<h6 class=\"wp-block-heading translation-block\" id=\"h-der-beitrag-enthalt-partnerlinks\">This post contains <a data-type=\"URL\" data-id=\"https:\/\/www.apfelpatient.de\/partnerprogramm\" href=\"https:\/\/www.apfelpatient.de\/en\/partner-program\" data-wpel-link=\"internal\" target=\"_self\">affiliate links<\/a>.<\/h6>","protected":false},"excerpt":{"rendered":"<p>Apple has announced that iPadOS 16.1 and macOS 13 Ventura will be available shortly before the devices&#039; release on October 26.<\/p>","protected":false},"author":2,"featured_media":34744,"comment_status":"closed","ping_status":"closed","sticky":false,"template":"","format":"standard","meta":{"jnews-multi-image_gallery":[],"jnews_single_post":{"subtitle":"","format":"standard","video":"","gallery":"","source_name":"","source_url":"","via_name":"","via_url":"","override":[{"single_blog_custom":"","sidebar":"","second_sidebar":"","share_position":"","share_float_style":"","post_date_format":"","post_date_format_custom":"","post_reading_time_wpm":"","zoom_button_out_step":"1","zoom_button_in_step":"1","number_popup_post":"1"}],"image_override":[{"single_post_thumbnail_size":"","single_post_gallery_size":""}],"trending_post_position":"","trending_post_label":"","sponsored_post_label":"","sponsored_post_name":"","sponsored_post_url":"","sponsored_post_logo":"","sponsored_post_desc":""},"jnews_primary_category":{"id":"9"},"footnotes":""},"categories":[9],"tags":[156,14,3,782,18,33,781,8,40,4,775,95,788,21,789],"class_list":["post-34742","post","type-post","status-publish","format-standard","has-post-thumbnail","hentry","category-news","tag-apple-tv","tag-apple-watch","tag-ios","tag-ios-16-1","tag-ipad","tag-ipados","tag-ipados-16-1","tag-iphone","tag-mac","tag-macos","tag-macos-13-ventura","tag-tvos","tag-tvos-16-1","tag-watchos","tag-watchos-9-1"],"yoast_head":"<!-- This site is optimized with the Yoast SEO Premium plugin v27.5 (Yoast SEO v27.5) - https:\/\/yoast.com\/product\/yoast-seo-premium-wordpress\/ -->\n<title>iPadOS 16.1 &amp; macOS 13 Ventura: Apple gibt Starttermin bekannt<\/title>\n<meta name=\"description\" content=\"Apple hat bekanntgegeben, dass iPadOS 16.1 und macOS 13 Ventura kurz vor der Ver\u00f6ffentlichung der Ger\u00e4te am 26. Oktober verf\u00fcgbar sein wird.\" \/>\n<meta name=\"robots\" content=\"index, follow, max-snippet:-1, max-image-preview:large, max-video-preview:-1\" \/>\n<link rel=\"canonical\" href=\"https:\/\/www.apfelpatient.de\/en\/news\/ipados-16-1-macos-13-ventura-apple-announces-launch-date\" \/>\n<meta property=\"og:locale\" content=\"en_US\" \/>\n<meta property=\"og:type\" content=\"article\" \/>\n<meta property=\"og:title\" content=\"iPadOS 16.1 &amp; macOS 13 Ventura: Apple gibt Starttermin bekannt\" \/>\n<meta property=\"og:description\" content=\"Apple hat bekanntgegeben, dass iPadOS 16.1 und macOS 13 Ventura kurz vor der Ver\u00f6ffentlichung der Ger\u00e4te am 26. Oktober verf\u00fcgbar sein wird.\" \/>\n<meta property=\"og:url\" content=\"https:\/\/www.apfelpatient.de\/en\/news\/ipados-16-1-macos-13-ventura-apple-announces-launch-date\" \/>\n<meta property=\"og:site_name\" content=\"Apfelpatient\" \/>\n<meta property=\"article:publisher\" content=\"https:\/\/www.facebook.com\/apfelpatientOfficial\" \/>\n<meta property=\"article:author\" content=\"https:\/\/www.facebook.com\/apfelpatientOfficial\" \/>\n<meta property=\"article:published_time\" content=\"2022-10-18T16:28:16+00:00\" \/>\n<meta property=\"article:modified_time\" content=\"2022-10-18T16:28:17+00:00\" \/>\n<meta property=\"og:image\" content=\"https:\/\/www.apfelpatient.de\/wp-content\/uploads\/2022\/10\/Apple-iPad-Pro-lifestyle-221018-1.jpg\" \/>\n\t<meta property=\"og:image:width\" content=\"1600\" \/>\n\t<meta property=\"og:image:height\" content=\"1066\" \/>\n\t<meta property=\"og:image:type\" content=\"image\/jpeg\" \/>\n<meta name=\"author\" content=\"Milan\" \/>\n<meta name=\"twitter:card\" content=\"summary_large_image\" \/>\n<meta name=\"twitter:description\" content=\"Apple hat bekanntgegeben, dass iPadOS 16.1 und macOS 13 Ventura kurz vor der Ver\u00f6ffentlichung der Ger\u00e4te am 26. Oktober verf\u00fcgbar sein wird.\" \/>\n<meta name=\"twitter:label1\" content=\"Written by\" \/>\n\t<meta name=\"twitter:data1\" content=\"Milan\" \/>\n\t<meta name=\"twitter:label2\" content=\"Est. reading time\" \/>\n\t<meta name=\"twitter:data2\" content=\"4 minutes\" \/>\n<script type=\"application\/ld+json\" class=\"yoast-schema-graph\">{\"@context\":\"https:\\\/\\\/schema.org\",\"@graph\":[{\"@type\":\"NewsArticle\",\"@id\":\"https:\\\/\\\/www.apfelpatient.de\\\/news\\\/ipados-16-1-macos-13-ventura-apple-gibt-starttermin-bekannt#article\",\"isPartOf\":{\"@id\":\"https:\\\/\\\/www.apfelpatient.de\\\/news\\\/ipados-16-1-macos-13-ventura-apple-gibt-starttermin-bekannt\"},\"author\":{\"@type\":\"Organization\",\"@id\":\"https:\\\/\\\/www.apfelpatient.de\\\/en\\\/#organization\",\"name\":\"Apfelpatient\",\"url\":\"https:\\\/\\\/www.apfelpatient.de\\\/en\\\/\"},\"headline\":\"iPadOS 16.1 &amp; macOS 13 Ventura: Apple gibt Starttermin bekannt\",\"datePublished\":\"2022-10-18T16:28:16+00:00\",\"dateModified\":\"2022-10-18T16:28:17+00:00\",\"mainEntityOfPage\":{\"@id\":\"https:\\\/\\\/www.apfelpatient.de\\\/news\\\/ipados-16-1-macos-13-ventura-apple-gibt-starttermin-bekannt\"},\"wordCount\":634,\"publisher\":{\"@type\":\"Organization\",\"@id\":\"https:\\\/\\\/www.apfelpatient.de\\\/en\\\/#organization\",\"name\":\"Apfelpatient\",\"url\":\"https:\\\/\\\/www.apfelpatient.de\\\/en\\\/\"},\"image\":{\"@id\":\"https:\\\/\\\/www.apfelpatient.de\\\/news\\\/ipados-16-1-macos-13-ventura-apple-gibt-starttermin-bekannt#primaryimage\"},\"thumbnailUrl\":\"https:\\\/\\\/www.apfelpatient.de\\\/wp-content\\\/uploads\\\/2022\\\/10\\\/Apple-iPad-Pro-lifestyle-221018-1.jpg\",\"keywords\":[\"Apple TV\",\"Apple Watch\",\"iOS\",\"iOS 16.1\",\"iPad\",\"iPadOS\",\"iPadOS 16.1\",\"iPhone\",\"Mac\",\"macOS\",\"macOS 13 Ventura\",\"tvOS\",\"tvOS 16.1\",\"watchOS\",\"watchOS 9.1\"],\"articleSection\":\"News\",\"inLanguage\":\"en-US\",\"copyrightYear\":\"2022\",\"copyrightHolder\":{\"@id\":\"https:\\\/\\\/www.apfelpatient.de\\\/en\\\/#organization\"}},{\"@type\":\"WebPage\",\"@id\":\"https:\\\/\\\/www.apfelpatient.de\\\/news\\\/ipados-16-1-macos-13-ventura-apple-gibt-starttermin-bekannt\",\"url\":\"https:\\\/\\\/www.apfelpatient.de\\\/news\\\/ipados-16-1-macos-13-ventura-apple-gibt-starttermin-bekannt\",\"name\":\"iPadOS 16.1 &amp; macOS 13 Ventura: Apple gibt Starttermin bekannt\",\"isPartOf\":{\"@id\":\"https:\\\/\\\/www.apfelpatient.de\\\/#website\"},\"primaryImageOfPage\":{\"@id\":\"https:\\\/\\\/www.apfelpatient.de\\\/news\\\/ipados-16-1-macos-13-ventura-apple-gibt-starttermin-bekannt#primaryimage\"},\"image\":{\"@id\":\"https:\\\/\\\/www.apfelpatient.de\\\/news\\\/ipados-16-1-macos-13-ventura-apple-gibt-starttermin-bekannt#primaryimage\"},\"thumbnailUrl\":\"https:\\\/\\\/www.apfelpatient.de\\\/wp-content\\\/uploads\\\/2022\\\/10\\\/Apple-iPad-Pro-lifestyle-221018-1.jpg\",\"datePublished\":\"2022-10-18T16:28:16+00:00\",\"dateModified\":\"2022-10-18T16:28:17+00:00\",\"description\":\"Apple hat bekanntgegeben, dass iPadOS 16.1 und macOS 13 Ventura kurz vor der Ver\u00f6ffentlichung der Ger\u00e4te am 26. Oktober verf\u00fcgbar sein wird.\",\"breadcrumb\":{\"@id\":\"https:\\\/\\\/www.apfelpatient.de\\\/news\\\/ipados-16-1-macos-13-ventura-apple-gibt-starttermin-bekannt#breadcrumb\"},\"inLanguage\":\"en-US\",\"potentialAction\":[{\"@type\":\"ReadAction\",\"target\":[\"https:\\\/\\\/www.apfelpatient.de\\\/news\\\/ipados-16-1-macos-13-ventura-apple-gibt-starttermin-bekannt\"]}]},{\"@type\":\"ImageObject\",\"inLanguage\":\"en-US\",\"@id\":\"https:\\\/\\\/www.apfelpatient.de\\\/news\\\/ipados-16-1-macos-13-ventura-apple-gibt-starttermin-bekannt#primaryimage\",\"url\":\"https:\\\/\\\/www.apfelpatient.de\\\/wp-content\\\/uploads\\\/2022\\\/10\\\/Apple-iPad-Pro-lifestyle-221018-1.jpg\",\"contentUrl\":\"https:\\\/\\\/www.apfelpatient.de\\\/wp-content\\\/uploads\\\/2022\\\/10\\\/Apple-iPad-Pro-lifestyle-221018-1.jpg\",\"width\":1600,\"height\":1066,\"caption\":\"Bild: Apple\"},{\"@type\":\"BreadcrumbList\",\"@id\":\"https:\\\/\\\/www.apfelpatient.de\\\/news\\\/ipados-16-1-macos-13-ventura-apple-gibt-starttermin-bekannt#breadcrumb\",\"itemListElement\":[{\"@type\":\"ListItem\",\"position\":1,\"name\":\"Startseite\",\"item\":\"https:\\\/\\\/www.apfelpatient.de\\\/\"},{\"@type\":\"ListItem\",\"position\":2,\"name\":\"iPadOS 16.1 &amp; macOS 13 Ventura: Apple gibt Starttermin bekannt\"}]},{\"@type\":\"WebSite\",\"@id\":\"https:\\\/\\\/www.apfelpatient.de\\\/#website\",\"url\":\"https:\\\/\\\/www.apfelpatient.de\\\/\",\"name\":\"Apfelpatient\",\"description\":\"Alles rund um Apple!\",\"publisher\":{\"@type\":\"Organization\",\"@id\":\"https:\\\/\\\/www.apfelpatient.de\\\/en\\\/#organization\",\"name\":\"Apfelpatient\",\"url\":\"https:\\\/\\\/www.apfelpatient.de\\\/en\\\/\"},\"alternateName\":\"Apfelpatient\",\"potentialAction\":[{\"@type\":\"SearchAction\",\"target\":{\"@type\":\"EntryPoint\",\"urlTemplate\":\"https:\\\/\\\/www.apfelpatient.de\\\/?s={search_term_string}\"},\"query-input\":{\"@type\":\"PropertyValueSpecification\",\"valueRequired\":true,\"valueName\":\"search_term_string\"}}],\"inLanguage\":\"en-US\"},{\"@type\":[\"Person\",\"Organization\"],\"@id\":\"https:\\\/\\\/www.apfelpatient.de\\\/#\\\/schema\\\/person\\\/7dc56ad6c8e9824b76d2c08d4c140e13\",\"name\":\"Milan\",\"logo\":{\"@id\":\"https:\\\/\\\/www.apfelpatient.de\\\/#\\\/schema\\\/person\\\/image\\\/\"},\"description\":\"Hallo und herzlich willkommen auf meinem Technik-Blog! Als gro\u00dfer Apple-Fan berichte ich hier \u00fcber alles, was mit Apple zu tun hat: von den neuesten News und spannenden Ger\u00fcchten \u00fcber hilfreiche Tipps und Tricks bis hin zu ausf\u00fchrlichen Produkttests. Wenn du genauso technikbegeistert bist wie ich, bist du hier genau richtig!\",\"sameAs\":[\"https:\\\/\\\/www.facebook.com\\\/apfelpatientOfficial\",\"https:\\\/\\\/www.linkedin.com\\\/in\\\/milan-jovicic-42aa0231b\"],\"url\":\"https:\\\/\\\/www.apfelpatient.de\\\/en\\\/author\\\/apfeladmin\"}]}<\/script>\n<!-- \/ Yoast SEO Premium plugin. -->","yoast_head_json":{"title":"iPadOS 16.1 &amp; macOS 13 Ventura: Apple announces launch date","description":"Apple has announced that iPadOS 16.1 and macOS 13 Ventura will be available shortly before the devices&#039; release on October 26.","robots":{"index":"index","follow":"follow","max-snippet":"max-snippet:-1","max-image-preview":"max-image-preview:large","max-video-preview":"max-video-preview:-1"},"canonical":"https:\/\/www.apfelpatient.de\/en\/news\/ipados-16-1-macos-13-ventura-apple-announces-launch-date","og_locale":"en_US","og_type":"article","og_title":"iPadOS 16.1 &amp; macOS 13 Ventura: Apple gibt Starttermin bekannt","og_description":"Apple hat bekanntgegeben, dass iPadOS 16.1 und macOS 13 Ventura kurz vor der Ver\u00f6ffentlichung der Ger\u00e4te am 26. Oktober verf\u00fcgbar sein wird.","og_url":"https:\/\/www.apfelpatient.de\/en\/news\/ipados-16-1-macos-13-ventura-apple-announces-launch-date","og_site_name":"Apfelpatient","article_publisher":"https:\/\/www.facebook.com\/apfelpatientOfficial","article_author":"https:\/\/www.facebook.com\/apfelpatientOfficial","article_published_time":"2022-10-18T16:28:16+00:00","article_modified_time":"2022-10-18T16:28:17+00:00","og_image":[{"width":1600,"height":1066,"url":"https:\/\/www.apfelpatient.de\/wp-content\/uploads\/2022\/10\/Apple-iPad-Pro-lifestyle-221018-1.jpg","type":"image\/jpeg"}],"author":"Milan","twitter_card":"summary_large_image","twitter_description":"Apple hat bekanntgegeben, dass iPadOS 16.1 und macOS 13 Ventura kurz vor der Ver\u00f6ffentlichung der Ger\u00e4te am 26. Oktober verf\u00fcgbar sein wird.","twitter_misc":{"Written by":"Milan","Est. reading time":"4 minutes"},"schema":{"@context":"https:\/\/schema.org","@graph":[{"@type":"NewsArticle","@id":"https:\/\/www.apfelpatient.de\/news\/ipados-16-1-macos-13-ventura-apple-gibt-starttermin-bekannt#article","isPartOf":{"@id":"https:\/\/www.apfelpatient.de\/news\/ipados-16-1-macos-13-ventura-apple-gibt-starttermin-bekannt"},"author":{"@type":"Organization","@id":"https:\/\/www.apfelpatient.de\/en\/#organization","name":"Apfelpatient","url":"https:\/\/www.apfelpatient.de\/en\/"},"headline":"iPadOS 16.1 &amp; macOS 13 Ventura: Apple gibt Starttermin bekannt","datePublished":"2022-10-18T16:28:16+00:00","dateModified":"2022-10-18T16:28:17+00:00","mainEntityOfPage":{"@id":"https:\/\/www.apfelpatient.de\/news\/ipados-16-1-macos-13-ventura-apple-gibt-starttermin-bekannt"},"wordCount":634,"publisher":{"@type":"Organization","@id":"https:\/\/www.apfelpatient.de\/en\/#organization","name":"Apfelpatient","url":"https:\/\/www.apfelpatient.de\/en\/"},"image":{"@id":"https:\/\/www.apfelpatient.de\/news\/ipados-16-1-macos-13-ventura-apple-gibt-starttermin-bekannt#primaryimage"},"thumbnailUrl":"https:\/\/www.apfelpatient.de\/wp-content\/uploads\/2022\/10\/Apple-iPad-Pro-lifestyle-221018-1.jpg","keywords":["Apple TV","Apple Watch","iOS","iOS 16.1","iPad","iPadOS","iPadOS 16.1","iPhone","Mac","macOS","macOS 13 Ventura","tvOS","tvOS 16.1","watchOS","watchOS 9.1"],"articleSection":"News","inLanguage":"en-US","copyrightYear":"2022","copyrightHolder":{"@id":"https:\/\/www.apfelpatient.de\/en\/#organization"}},{"@type":"WebPage","@id":"https:\/\/www.apfelpatient.de\/news\/ipados-16-1-macos-13-ventura-apple-gibt-starttermin-bekannt","url":"https:\/\/www.apfelpatient.de\/news\/ipados-16-1-macos-13-ventura-apple-gibt-starttermin-bekannt","name":"iPadOS 16.1 &amp; macOS 13 Ventura: Apple announces launch date","isPartOf":{"@id":"https:\/\/www.apfelpatient.de\/#website"},"primaryImageOfPage":{"@id":"https:\/\/www.apfelpatient.de\/news\/ipados-16-1-macos-13-ventura-apple-gibt-starttermin-bekannt#primaryimage"},"image":{"@id":"https:\/\/www.apfelpatient.de\/news\/ipados-16-1-macos-13-ventura-apple-gibt-starttermin-bekannt#primaryimage"},"thumbnailUrl":"https:\/\/www.apfelpatient.de\/wp-content\/uploads\/2022\/10\/Apple-iPad-Pro-lifestyle-221018-1.jpg","datePublished":"2022-10-18T16:28:16+00:00","dateModified":"2022-10-18T16:28:17+00:00","description":"Apple has announced that iPadOS 16.1 and macOS 13 Ventura will be available shortly before the devices&#039; release on October 26.","breadcrumb":{"@id":"https:\/\/www.apfelpatient.de\/news\/ipados-16-1-macos-13-ventura-apple-gibt-starttermin-bekannt#breadcrumb"},"inLanguage":"en-US","potentialAction":[{"@type":"ReadAction","target":["https:\/\/www.apfelpatient.de\/news\/ipados-16-1-macos-13-ventura-apple-gibt-starttermin-bekannt"]}]},{"@type":"ImageObject","inLanguage":"en-US","@id":"https:\/\/www.apfelpatient.de\/news\/ipados-16-1-macos-13-ventura-apple-gibt-starttermin-bekannt#primaryimage","url":"https:\/\/www.apfelpatient.de\/wp-content\/uploads\/2022\/10\/Apple-iPad-Pro-lifestyle-221018-1.jpg","contentUrl":"https:\/\/www.apfelpatient.de\/wp-content\/uploads\/2022\/10\/Apple-iPad-Pro-lifestyle-221018-1.jpg","width":1600,"height":1066,"caption":"Bild: Apple"},{"@type":"BreadcrumbList","@id":"https:\/\/www.apfelpatient.de\/news\/ipados-16-1-macos-13-ventura-apple-gibt-starttermin-bekannt#breadcrumb","itemListElement":[{"@type":"ListItem","position":1,"name":"Startseite","item":"https:\/\/www.apfelpatient.de\/"},{"@type":"ListItem","position":2,"name":"iPadOS 16.1 &amp; macOS 13 Ventura: Apple gibt Starttermin bekannt"}]},{"@type":"WebSite","@id":"https:\/\/www.apfelpatient.de\/#website","url":"https:\/\/www.apfelpatient.de\/","name":"apple patient","description":"Everything about Apple!","publisher":{"@type":"Organization","@id":"https:\/\/www.apfelpatient.de\/en\/#organization","name":"Apfelpatient","url":"https:\/\/www.apfelpatient.de\/en\/"},"alternateName":"Apfelpatient","potentialAction":[{"@type":"SearchAction","target":{"@type":"EntryPoint","urlTemplate":"https:\/\/www.apfelpatient.de\/?s={search_term_string}"},"query-input":{"@type":"PropertyValueSpecification","valueRequired":true,"valueName":"search_term_string"}}],"inLanguage":"en-US"},{"@type":["Person","Organization"],"@id":"https:\/\/www.apfelpatient.de\/#\/schema\/person\/7dc56ad6c8e9824b76d2c08d4c140e13","name":"Milan","logo":{"@id":"https:\/\/www.apfelpatient.de\/#\/schema\/person\/image\/"},"description":"Hello and welcome to my technology blog! As a big Apple fan, I report on everything to do with Apple: from the latest news and exciting rumors to helpful tips and tricks and detailed product tests. If you are as enthusiastic about technology as I am, you have come to the right place!","sameAs":["https:\/\/www.facebook.com\/apfelpatientOfficial","https:\/\/www.linkedin.com\/in\/milan-jovicic-42aa0231b"],"url":"https:\/\/www.apfelpatient.de\/en\/author\/apfeladmin"}]}},"_links":{"self":[{"href":"https:\/\/www.apfelpatient.de\/en\/wp-json\/wp\/v2\/posts\/34742","targetHints":{"allow":["GET"]}}],"collection":[{"href":"https:\/\/www.apfelpatient.de\/en\/wp-json\/wp\/v2\/posts"}],"about":[{"href":"https:\/\/www.apfelpatient.de\/en\/wp-json\/wp\/v2\/types\/post"}],"author":[{"embeddable":true,"href":"https:\/\/www.apfelpatient.de\/en\/wp-json\/wp\/v2\/users\/2"}],"replies":[{"embeddable":true,"href":"https:\/\/www.apfelpatient.de\/en\/wp-json\/wp\/v2\/comments?post=34742"}],"version-history":[{"count":0,"href":"https:\/\/www.apfelpatient.de\/en\/wp-json\/wp\/v2\/posts\/34742\/revisions"}],"wp:featuredmedia":[{"embeddable":true,"href":"https:\/\/www.apfelpatient.de\/en\/wp-json\/wp\/v2\/media\/34744"}],"wp:attachment":[{"href":"https:\/\/www.apfelpatient.de\/en\/wp-json\/wp\/v2\/media?parent=34742"}],"wp:term":[{"taxonomy":"category","embeddable":true,"href":"https:\/\/www.apfelpatient.de\/en\/wp-json\/wp\/v2\/categories?post=34742"},{"taxonomy":"post_tag","embeddable":true,"href":"https:\/\/www.apfelpatient.de\/en\/wp-json\/wp\/v2\/tags?post=34742"}],"curies":[{"name":"wp","href":"https:\/\/api.w.org\/{rel}","templated":true}]}}