{"id":34663,"date":"2022-10-15T20:48:29","date_gmt":"2022-10-15T18:48:29","guid":{"rendered":"https:\/\/www.apfelpatient.de\/?p=34663"},"modified":"2022-10-15T20:48:30","modified_gmt":"2022-10-15T18:48:30","slug":"ipad-pro-with-m2-chip-to-be-announced-soon","status":"publish","type":"post","link":"https:\/\/www.apfelpatient.de\/en\/rumors\/ipad-pro-mit-m2-chip-soll-in-kuerze-angekuendigt-werden","title":{"rendered":"iPad Pro with M2 chip to be announced soon"},"content":{"rendered":"<p class=\"has-drop-cap\"><strong>Apple is expected to announce new 11-inch and 12.9-inch iPad Pro models with M2 chip \u201cin a few days,\u201d according to Mark Gurman.<\/strong><\/p>\n\n\n\n<p>The new 11- and 12.9-inch models, codenamed J617 and J620, will be the first update to the high-end iPad since April 2021, when both models received the M1 chip and a new 12.9-inch MiniLED display. The upcoming iPad Pro models are expected to receive Apple&#039;s M2 chip for the first time in a year and a half, offering faster performance and possibly new charging features. As for the design, the new iPads will look like the current models, with no major changes expected. Previous rumors suggested that the smaller 11-inch model would get a MiniLED display, which is currently only found in the larger 12.9-inch device. But that new feature is no longer expected.<\/p>\n\n\n\n<h3 class=\"wp-block-heading\" id=\"h-neue-ipad-pro-modelle-werden-mittels-pressemitteilung-vorgestellt\">New iPad Pro models are presented via press release<\/h3>\n\n\n\n<p>The new iPad Pro models could also come with some sort of MagSafe charging feature, as previous reports have said. There is also a possibility that the new pro tablets will feature a wireless charging feature that will allow users to charge their iPhone or AirPods on the back of the iPad. Given the expected gradual update of the upcoming iPads, Apple is no longer planning an event for October. Apple is expected to announce the new iPads and the updates to the Mac lineup via press releases and updates on its website. In addition to new iPad devices, Apple is also expected to release iPadOS 16 later this month. Unlike in previous years, this year&#039;s iPadOS and iOS updates were not released at the same time.<\/p>\n\n\n\n<h3 class=\"wp-block-heading\">New Mac devices<\/h3>\n\n\n\n\n\n\n\n<p>Instead, Apple has delayed the release of iPadOS 16 until later in the fall to allow more time to continue developing the update and work on Stage Manager. Stage Manager is a new multitasking and windowing system for certain iPad models that is still plagued with bugs despite the release of iPadOS 16 in just a few weeks. In addition, <a href=\"https:\/\/www.bloomberg.com\/account\/newsletters\/power-on\" target=\"_blank\" rel=\"noreferrer noopener\">claimed<\/a> Gurman said that although Apple wants to introduce new Mac devices this year, they will follow later. Whether in October or even November remains to be seen. In any case, he assumes that new Mac models will not be announced at the same time as the updated iPad Pro. (Image: Apple)<\/p>\n\n\n\n<ul class=\"wp-block-list\"><li><a href=\"https:\/\/www.apfelpatient.de\/en\/generally\/apple-software-hardware-what-awaits-us-in-october\">Apple Software &amp; Hardware: What to expect in October<\/a><\/li><\/ul>\n\n\n\n<h6 class=\"wp-block-heading translation-block\" id=\"h-kennt-ihr-schon-unsere-amazon-storefront-dort-findet-ihr-eine-handverlesene-auswahl-von-diversen-produkten-f-r-euer-iphone-und-co-viel-spa-beim-st-bern\"><em>Have you already visited our Amazon Storefront? There you&#039;ll find a hand-picked selection of various products for your iPhone and other devices \u2013 <span class=\"has-inline-color has-vivid-red-color\"><a href=\"https:\/\/www.amazon.de\/shop\/apfelpatientofficial\" class=\"ek-link\" data-wpel-link=\"exclude\" rel=\"follow noopener\" target=\"_self\"><span style=\"text-decoration: underline\" class=\"ek-underline\">enjoy browsing<\/span><\/a> !<\/span><\/em><\/h6>\n\n\n\n<h6 class=\"wp-block-heading translation-block\" id=\"h-der-beitrag-enthalt-partnerlinks\">This post contains <a data-type=\"URL\" data-id=\"https:\/\/www.apfelpatient.de\/partnerprogramm\" href=\"https:\/\/www.apfelpatient.de\/en\/partner-program\" data-wpel-link=\"internal\" target=\"_self\">affiliate links<\/a>.<\/h6>","protected":false},"excerpt":{"rendered":"<p>Apple is expected to announce new 11-inch and 12.9-inch iPad Pro models with M2 chip \u201cin a few days,\u201d according to Mark Gurman.<\/p>","protected":false},"author":2,"featured_media":34193,"comment_status":"closed","ping_status":"closed","sticky":false,"template":"","format":"standard","meta":{"jnews-multi-image_gallery":[],"jnews_single_post":{"subtitle":"","format":"standard","video":"","gallery":"","source_name":"","source_url":"","via_name":"","via_url":"","override":[{"single_blog_custom":"","sidebar":"","second_sidebar":"","share_position":"","share_float_style":"","post_date_format":"","post_date_format_custom":"","post_reading_time_wpm":"","zoom_button_out_step":"1","zoom_button_in_step":"1","number_popup_post":"1"}],"image_override":[{"single_post_thumbnail_size":"","single_post_gallery_size":""}],"trending_post_position":"","trending_post_label":"","sponsored_post_label":"","sponsored_post_name":"","sponsored_post_url":"","sponsored_post_logo":"","sponsored_post_desc":""},"jnews_primary_category":{"id":"25"},"footnotes":""},"categories":[25],"tags":[18,66,40],"class_list":["post-34663","post","type-post","status-publish","format-standard","has-post-thumbnail","hentry","category-rumors","tag-ipad","tag-ipad-pro","tag-mac"],"yoast_head":"<!-- This site is optimized with the Yoast SEO Premium plugin v27.5 (Yoast SEO v27.5) - https:\/\/yoast.com\/product\/yoast-seo-premium-wordpress\/ -->\n<title>iPad Pro mit M2-Chip soll in K\u00fcrze angek\u00fcndigt werden<\/title>\n<meta name=\"description\" content=\"Apple wird neue 11-Zoll- und 12.9-Zoll iPad Pro Modelle mit M2-Chip, wie zu erwarten, &quot;in wenigen Tagen&quot; ank\u00fcndigen, so Mark Gurman.\" \/>\n<meta name=\"robots\" content=\"index, follow, max-snippet:-1, max-image-preview:large, max-video-preview:-1\" \/>\n<link rel=\"canonical\" href=\"https:\/\/www.apfelpatient.de\/en\/rumors\/ipad-pro-with-m2-chip-to-be-announced-soon\" \/>\n<meta property=\"og:locale\" content=\"en_US\" \/>\n<meta property=\"og:type\" content=\"article\" \/>\n<meta property=\"og:title\" content=\"iPad Pro mit M2-Chip soll in K\u00fcrze angek\u00fcndigt werden\" \/>\n<meta property=\"og:description\" content=\"Apple wird neue 11-Zoll- und 12.9-Zoll iPad Pro Modelle mit M2-Chip, wie zu erwarten, &quot;in wenigen Tagen&quot; ank\u00fcndigen, so Mark Gurman.\" \/>\n<meta property=\"og:url\" content=\"https:\/\/www.apfelpatient.de\/en\/rumors\/ipad-pro-with-m2-chip-to-be-announced-soon\" \/>\n<meta property=\"og:site_name\" content=\"Apfelpatient\" \/>\n<meta property=\"article:publisher\" content=\"https:\/\/www.facebook.com\/apfelpatientOfficial\" \/>\n<meta property=\"article:author\" content=\"https:\/\/www.facebook.com\/apfelpatientOfficial\" \/>\n<meta property=\"article:published_time\" content=\"2022-10-15T18:48:29+00:00\" \/>\n<meta property=\"article:modified_time\" content=\"2022-10-15T18:48:30+00:00\" \/>\n<meta property=\"og:image\" content=\"https:\/\/www.apfelpatient.de\/wp-content\/uploads\/2022\/09\/apple_ipad-pro-spring21_ipad-pro-magic-keyboard-2up_04202021-2.jpg\" \/>\n\t<meta property=\"og:image:width\" content=\"1600\" \/>\n\t<meta property=\"og:image:height\" content=\"900\" \/>\n\t<meta property=\"og:image:type\" content=\"image\/jpeg\" \/>\n<meta name=\"author\" content=\"Milan\" \/>\n<meta name=\"twitter:card\" content=\"summary_large_image\" \/>\n<meta name=\"twitter:description\" content=\"Apple wird neue 11-Zoll- und 12.9-Zoll iPad Pro Modelle mit M2-Chip, wie zu erwarten, &quot;in wenigen Tagen&quot; ank\u00fcndigen, so Mark Gurman.\" \/>\n<meta name=\"twitter:label1\" content=\"Written by\" \/>\n\t<meta name=\"twitter:data1\" content=\"Milan\" \/>\n\t<meta name=\"twitter:label2\" content=\"Est. reading time\" \/>\n\t<meta name=\"twitter:data2\" content=\"3 minutes\" \/>\n<script type=\"application\/ld+json\" class=\"yoast-schema-graph\">{\"@context\":\"https:\\\/\\\/schema.org\",\"@graph\":[{\"@type\":\"NewsArticle\",\"@id\":\"https:\\\/\\\/www.apfelpatient.de\\\/rumors\\\/ipad-pro-mit-m2-chip-soll-in-kuerze-angekuendigt-werden#article\",\"isPartOf\":{\"@id\":\"https:\\\/\\\/www.apfelpatient.de\\\/rumors\\\/ipad-pro-mit-m2-chip-soll-in-kuerze-angekuendigt-werden\"},\"author\":{\"@type\":\"Organization\",\"@id\":\"https:\\\/\\\/www.apfelpatient.de\\\/en\\\/#organization\",\"name\":\"Apfelpatient\",\"url\":\"https:\\\/\\\/www.apfelpatient.de\\\/en\\\/\"},\"headline\":\"iPad Pro mit M2-Chip soll in K\u00fcrze angek\u00fcndigt werden\",\"datePublished\":\"2022-10-15T18:48:29+00:00\",\"dateModified\":\"2022-10-15T18:48:30+00:00\",\"mainEntityOfPage\":{\"@id\":\"https:\\\/\\\/www.apfelpatient.de\\\/rumors\\\/ipad-pro-mit-m2-chip-soll-in-kuerze-angekuendigt-werden\"},\"wordCount\":421,\"publisher\":{\"@type\":\"Organization\",\"@id\":\"https:\\\/\\\/www.apfelpatient.de\\\/en\\\/#organization\",\"name\":\"Apfelpatient\",\"url\":\"https:\\\/\\\/www.apfelpatient.de\\\/en\\\/\"},\"image\":{\"@id\":\"https:\\\/\\\/www.apfelpatient.de\\\/rumors\\\/ipad-pro-mit-m2-chip-soll-in-kuerze-angekuendigt-werden#primaryimage\"},\"thumbnailUrl\":\"https:\\\/\\\/www.apfelpatient.de\\\/wp-content\\\/uploads\\\/2022\\\/09\\\/apple_ipad-pro-spring21_ipad-pro-magic-keyboard-2up_04202021-2.jpg\",\"keywords\":[\"iPad\",\"iPad Pro\",\"Mac\"],\"articleSection\":\"Rumors\",\"inLanguage\":\"en-US\",\"copyrightYear\":\"2022\",\"copyrightHolder\":{\"@id\":\"https:\\\/\\\/www.apfelpatient.de\\\/en\\\/#organization\"}},{\"@type\":\"WebPage\",\"@id\":\"https:\\\/\\\/www.apfelpatient.de\\\/rumors\\\/ipad-pro-mit-m2-chip-soll-in-kuerze-angekuendigt-werden\",\"url\":\"https:\\\/\\\/www.apfelpatient.de\\\/rumors\\\/ipad-pro-mit-m2-chip-soll-in-kuerze-angekuendigt-werden\",\"name\":\"iPad Pro mit M2-Chip soll in K\u00fcrze angek\u00fcndigt werden\",\"isPartOf\":{\"@id\":\"https:\\\/\\\/www.apfelpatient.de\\\/#website\"},\"primaryImageOfPage\":{\"@id\":\"https:\\\/\\\/www.apfelpatient.de\\\/rumors\\\/ipad-pro-mit-m2-chip-soll-in-kuerze-angekuendigt-werden#primaryimage\"},\"image\":{\"@id\":\"https:\\\/\\\/www.apfelpatient.de\\\/rumors\\\/ipad-pro-mit-m2-chip-soll-in-kuerze-angekuendigt-werden#primaryimage\"},\"thumbnailUrl\":\"https:\\\/\\\/www.apfelpatient.de\\\/wp-content\\\/uploads\\\/2022\\\/09\\\/apple_ipad-pro-spring21_ipad-pro-magic-keyboard-2up_04202021-2.jpg\",\"datePublished\":\"2022-10-15T18:48:29+00:00\",\"dateModified\":\"2022-10-15T18:48:30+00:00\",\"description\":\"Apple wird neue 11-Zoll- und 12.9-Zoll iPad Pro Modelle mit M2-Chip, wie zu erwarten, \\\"in wenigen Tagen\\\" ank\u00fcndigen, so Mark Gurman.\",\"breadcrumb\":{\"@id\":\"https:\\\/\\\/www.apfelpatient.de\\\/rumors\\\/ipad-pro-mit-m2-chip-soll-in-kuerze-angekuendigt-werden#breadcrumb\"},\"inLanguage\":\"en-US\",\"potentialAction\":[{\"@type\":\"ReadAction\",\"target\":[\"https:\\\/\\\/www.apfelpatient.de\\\/rumors\\\/ipad-pro-mit-m2-chip-soll-in-kuerze-angekuendigt-werden\"]}]},{\"@type\":\"ImageObject\",\"inLanguage\":\"en-US\",\"@id\":\"https:\\\/\\\/www.apfelpatient.de\\\/rumors\\\/ipad-pro-mit-m2-chip-soll-in-kuerze-angekuendigt-werden#primaryimage\",\"url\":\"https:\\\/\\\/www.apfelpatient.de\\\/wp-content\\\/uploads\\\/2022\\\/09\\\/apple_ipad-pro-spring21_ipad-pro-magic-keyboard-2up_04202021-2.jpg\",\"contentUrl\":\"https:\\\/\\\/www.apfelpatient.de\\\/wp-content\\\/uploads\\\/2022\\\/09\\\/apple_ipad-pro-spring21_ipad-pro-magic-keyboard-2up_04202021-2.jpg\",\"width\":1600,\"height\":900,\"caption\":\"Bild: Apple\"},{\"@type\":\"BreadcrumbList\",\"@id\":\"https:\\\/\\\/www.apfelpatient.de\\\/rumors\\\/ipad-pro-mit-m2-chip-soll-in-kuerze-angekuendigt-werden#breadcrumb\",\"itemListElement\":[{\"@type\":\"ListItem\",\"position\":1,\"name\":\"Startseite\",\"item\":\"https:\\\/\\\/www.apfelpatient.de\\\/\"},{\"@type\":\"ListItem\",\"position\":2,\"name\":\"iPad Pro mit M2-Chip soll in K\u00fcrze angek\u00fcndigt werden\"}]},{\"@type\":\"WebSite\",\"@id\":\"https:\\\/\\\/www.apfelpatient.de\\\/#website\",\"url\":\"https:\\\/\\\/www.apfelpatient.de\\\/\",\"name\":\"Apfelpatient\",\"description\":\"Alles rund um Apple!\",\"publisher\":{\"@type\":\"Organization\",\"@id\":\"https:\\\/\\\/www.apfelpatient.de\\\/en\\\/#organization\",\"name\":\"Apfelpatient\",\"url\":\"https:\\\/\\\/www.apfelpatient.de\\\/en\\\/\"},\"alternateName\":\"Apfelpatient\",\"potentialAction\":[{\"@type\":\"SearchAction\",\"target\":{\"@type\":\"EntryPoint\",\"urlTemplate\":\"https:\\\/\\\/www.apfelpatient.de\\\/?s={search_term_string}\"},\"query-input\":{\"@type\":\"PropertyValueSpecification\",\"valueRequired\":true,\"valueName\":\"search_term_string\"}}],\"inLanguage\":\"en-US\"},{\"@type\":[\"Person\",\"Organization\"],\"@id\":\"https:\\\/\\\/www.apfelpatient.de\\\/#\\\/schema\\\/person\\\/7dc56ad6c8e9824b76d2c08d4c140e13\",\"name\":\"Milan\",\"logo\":{\"@id\":\"https:\\\/\\\/www.apfelpatient.de\\\/#\\\/schema\\\/person\\\/image\\\/\"},\"description\":\"Hallo und herzlich willkommen auf meinem Technik-Blog! Als gro\u00dfer Apple-Fan berichte ich hier \u00fcber alles, was mit Apple zu tun hat: von den neuesten News und spannenden Ger\u00fcchten \u00fcber hilfreiche Tipps und Tricks bis hin zu ausf\u00fchrlichen Produkttests. Wenn du genauso technikbegeistert bist wie ich, bist du hier genau richtig!\",\"sameAs\":[\"https:\\\/\\\/www.facebook.com\\\/apfelpatientOfficial\",\"https:\\\/\\\/www.linkedin.com\\\/in\\\/milan-jovicic-42aa0231b\"],\"url\":\"https:\\\/\\\/www.apfelpatient.de\\\/en\\\/author\\\/apfeladmin\"}]}<\/script>\n<!-- \/ Yoast SEO Premium plugin. -->","yoast_head_json":{"title":"iPad Pro with M2 chip to be announced soon","description":"Apple is expected to announce new 11-inch and 12.9-inch iPad Pro models with M2 chip &quot;in a few days,&quot; according to Mark Gurman.","robots":{"index":"index","follow":"follow","max-snippet":"max-snippet:-1","max-image-preview":"max-image-preview:large","max-video-preview":"max-video-preview:-1"},"canonical":"https:\/\/www.apfelpatient.de\/en\/rumors\/ipad-pro-with-m2-chip-to-be-announced-soon","og_locale":"en_US","og_type":"article","og_title":"iPad Pro mit M2-Chip soll in K\u00fcrze angek\u00fcndigt werden","og_description":"Apple wird neue 11-Zoll- und 12.9-Zoll iPad Pro Modelle mit M2-Chip, wie zu erwarten, \"in wenigen Tagen\" ank\u00fcndigen, so Mark Gurman.","og_url":"https:\/\/www.apfelpatient.de\/en\/rumors\/ipad-pro-with-m2-chip-to-be-announced-soon","og_site_name":"Apfelpatient","article_publisher":"https:\/\/www.facebook.com\/apfelpatientOfficial","article_author":"https:\/\/www.facebook.com\/apfelpatientOfficial","article_published_time":"2022-10-15T18:48:29+00:00","article_modified_time":"2022-10-15T18:48:30+00:00","og_image":[{"width":1600,"height":900,"url":"https:\/\/www.apfelpatient.de\/wp-content\/uploads\/2022\/09\/apple_ipad-pro-spring21_ipad-pro-magic-keyboard-2up_04202021-2.jpg","type":"image\/jpeg"}],"author":"Milan","twitter_card":"summary_large_image","twitter_description":"Apple wird neue 11-Zoll- und 12.9-Zoll iPad Pro Modelle mit M2-Chip, wie zu erwarten, \"in wenigen Tagen\" ank\u00fcndigen, so Mark Gurman.","twitter_misc":{"Written by":"Milan","Est. reading time":"3 minutes"},"schema":{"@context":"https:\/\/schema.org","@graph":[{"@type":"NewsArticle","@id":"https:\/\/www.apfelpatient.de\/rumors\/ipad-pro-mit-m2-chip-soll-in-kuerze-angekuendigt-werden#article","isPartOf":{"@id":"https:\/\/www.apfelpatient.de\/rumors\/ipad-pro-mit-m2-chip-soll-in-kuerze-angekuendigt-werden"},"author":{"@type":"Organization","@id":"https:\/\/www.apfelpatient.de\/en\/#organization","name":"Apfelpatient","url":"https:\/\/www.apfelpatient.de\/en\/"},"headline":"iPad Pro mit M2-Chip soll in K\u00fcrze angek\u00fcndigt werden","datePublished":"2022-10-15T18:48:29+00:00","dateModified":"2022-10-15T18:48:30+00:00","mainEntityOfPage":{"@id":"https:\/\/www.apfelpatient.de\/rumors\/ipad-pro-mit-m2-chip-soll-in-kuerze-angekuendigt-werden"},"wordCount":421,"publisher":{"@type":"Organization","@id":"https:\/\/www.apfelpatient.de\/en\/#organization","name":"Apfelpatient","url":"https:\/\/www.apfelpatient.de\/en\/"},"image":{"@id":"https:\/\/www.apfelpatient.de\/rumors\/ipad-pro-mit-m2-chip-soll-in-kuerze-angekuendigt-werden#primaryimage"},"thumbnailUrl":"https:\/\/www.apfelpatient.de\/wp-content\/uploads\/2022\/09\/apple_ipad-pro-spring21_ipad-pro-magic-keyboard-2up_04202021-2.jpg","keywords":["iPad","iPad Pro","Mac"],"articleSection":"Rumors","inLanguage":"en-US","copyrightYear":"2022","copyrightHolder":{"@id":"https:\/\/www.apfelpatient.de\/en\/#organization"}},{"@type":"WebPage","@id":"https:\/\/www.apfelpatient.de\/rumors\/ipad-pro-mit-m2-chip-soll-in-kuerze-angekuendigt-werden","url":"https:\/\/www.apfelpatient.de\/rumors\/ipad-pro-mit-m2-chip-soll-in-kuerze-angekuendigt-werden","name":"iPad Pro with M2 chip to be announced soon","isPartOf":{"@id":"https:\/\/www.apfelpatient.de\/#website"},"primaryImageOfPage":{"@id":"https:\/\/www.apfelpatient.de\/rumors\/ipad-pro-mit-m2-chip-soll-in-kuerze-angekuendigt-werden#primaryimage"},"image":{"@id":"https:\/\/www.apfelpatient.de\/rumors\/ipad-pro-mit-m2-chip-soll-in-kuerze-angekuendigt-werden#primaryimage"},"thumbnailUrl":"https:\/\/www.apfelpatient.de\/wp-content\/uploads\/2022\/09\/apple_ipad-pro-spring21_ipad-pro-magic-keyboard-2up_04202021-2.jpg","datePublished":"2022-10-15T18:48:29+00:00","dateModified":"2022-10-15T18:48:30+00:00","description":"Apple is expected to announce new 11-inch and 12.9-inch iPad Pro models with M2 chip &quot;in a few days,&quot; according to Mark Gurman.","breadcrumb":{"@id":"https:\/\/www.apfelpatient.de\/rumors\/ipad-pro-mit-m2-chip-soll-in-kuerze-angekuendigt-werden#breadcrumb"},"inLanguage":"en-US","potentialAction":[{"@type":"ReadAction","target":["https:\/\/www.apfelpatient.de\/rumors\/ipad-pro-mit-m2-chip-soll-in-kuerze-angekuendigt-werden"]}]},{"@type":"ImageObject","inLanguage":"en-US","@id":"https:\/\/www.apfelpatient.de\/rumors\/ipad-pro-mit-m2-chip-soll-in-kuerze-angekuendigt-werden#primaryimage","url":"https:\/\/www.apfelpatient.de\/wp-content\/uploads\/2022\/09\/apple_ipad-pro-spring21_ipad-pro-magic-keyboard-2up_04202021-2.jpg","contentUrl":"https:\/\/www.apfelpatient.de\/wp-content\/uploads\/2022\/09\/apple_ipad-pro-spring21_ipad-pro-magic-keyboard-2up_04202021-2.jpg","width":1600,"height":900,"caption":"Bild: Apple"},{"@type":"BreadcrumbList","@id":"https:\/\/www.apfelpatient.de\/rumors\/ipad-pro-mit-m2-chip-soll-in-kuerze-angekuendigt-werden#breadcrumb","itemListElement":[{"@type":"ListItem","position":1,"name":"Startseite","item":"https:\/\/www.apfelpatient.de\/"},{"@type":"ListItem","position":2,"name":"iPad Pro mit M2-Chip soll in K\u00fcrze angek\u00fcndigt werden"}]},{"@type":"WebSite","@id":"https:\/\/www.apfelpatient.de\/#website","url":"https:\/\/www.apfelpatient.de\/","name":"apple patient","description":"Everything about Apple!","publisher":{"@type":"Organization","@id":"https:\/\/www.apfelpatient.de\/en\/#organization","name":"Apfelpatient","url":"https:\/\/www.apfelpatient.de\/en\/"},"alternateName":"Apfelpatient","potentialAction":[{"@type":"SearchAction","target":{"@type":"EntryPoint","urlTemplate":"https:\/\/www.apfelpatient.de\/?s={search_term_string}"},"query-input":{"@type":"PropertyValueSpecification","valueRequired":true,"valueName":"search_term_string"}}],"inLanguage":"en-US"},{"@type":["Person","Organization"],"@id":"https:\/\/www.apfelpatient.de\/#\/schema\/person\/7dc56ad6c8e9824b76d2c08d4c140e13","name":"Milan","logo":{"@id":"https:\/\/www.apfelpatient.de\/#\/schema\/person\/image\/"},"description":"Hello and welcome to my technology blog! As a big Apple fan, I report on everything to do with Apple: from the latest news and exciting rumors to helpful tips and tricks and detailed product tests. If you are as enthusiastic about technology as I am, you have come to the right place!","sameAs":["https:\/\/www.facebook.com\/apfelpatientOfficial","https:\/\/www.linkedin.com\/in\/milan-jovicic-42aa0231b"],"url":"https:\/\/www.apfelpatient.de\/en\/author\/apfeladmin"}]}},"_links":{"self":[{"href":"https:\/\/www.apfelpatient.de\/en\/wp-json\/wp\/v2\/posts\/34663","targetHints":{"allow":["GET"]}}],"collection":[{"href":"https:\/\/www.apfelpatient.de\/en\/wp-json\/wp\/v2\/posts"}],"about":[{"href":"https:\/\/www.apfelpatient.de\/en\/wp-json\/wp\/v2\/types\/post"}],"author":[{"embeddable":true,"href":"https:\/\/www.apfelpatient.de\/en\/wp-json\/wp\/v2\/users\/2"}],"replies":[{"embeddable":true,"href":"https:\/\/www.apfelpatient.de\/en\/wp-json\/wp\/v2\/comments?post=34663"}],"version-history":[{"count":0,"href":"https:\/\/www.apfelpatient.de\/en\/wp-json\/wp\/v2\/posts\/34663\/revisions"}],"wp:featuredmedia":[{"embeddable":true,"href":"https:\/\/www.apfelpatient.de\/en\/wp-json\/wp\/v2\/media\/34193"}],"wp:attachment":[{"href":"https:\/\/www.apfelpatient.de\/en\/wp-json\/wp\/v2\/media?parent=34663"}],"wp:term":[{"taxonomy":"category","embeddable":true,"href":"https:\/\/www.apfelpatient.de\/en\/wp-json\/wp\/v2\/categories?post=34663"},{"taxonomy":"post_tag","embeddable":true,"href":"https:\/\/www.apfelpatient.de\/en\/wp-json\/wp\/v2\/tags?post=34663"}],"curies":[{"name":"wp","href":"https:\/\/api.w.org\/{rel}","templated":true}]}}