{"id":34625,"date":"2022-10-11T21:40:09","date_gmt":"2022-10-11T19:40:09","guid":{"rendered":"https:\/\/www.apfelpatient.de\/?p=34625"},"modified":"2022-10-11T21:40:09","modified_gmt":"2022-10-11T19:40:09","slug":"quest-pro-this-is-the-new-mixed-reality-headset-from-meta","status":"publish","type":"post","link":"https:\/\/www.apfelpatient.de\/en\/news\/quest-pro-das-ist-das-neue-mixed-reality-headset-von-meta","title":{"rendered":"Quest Pro: This is the new mixed reality headset from Meta"},"content":{"rendered":"<p class=\"has-drop-cap\"><strong>Meta announced the Quest Pro mixed reality headset aimed at enterprise and professional markets at its Meta Connect 2022 conference.<\/strong><\/p>\n\n\n\n<p>The company will offer the Quest Pro alongside the existing, cheaper Quest 2. According to Meta <a href=\"https:\/\/about.fb.com\/news\/2022\/10\/meta-quest-pro-social-vr-connect-2022\/\" target=\"_blank\" rel=\"noreferrer noopener\">directs<\/a> The new Quest Pro is aimed at professional users and businesses who might justify a higher price. The Quest Pro, formerly known as Project Cambria, is thinner than the Quest 2. It attaches to the head with a padded plastic ring, while the battery has been moved to the back for better balance. The new &quot;pancake&quot; lenses are 40 % thinner than the Quest 2. The company says its optics technology &quot;folds&quot; light inside the optical module. The Quest Pro uses color transmission from four high-resolution cameras on the headset to capture and display a person&#039;s surroundings while they wear the device. The Quest 2, on the other hand, only has a black-and-white version of this technology.<\/p>\n\n\n\n<figure class=\"wp-block-image size-large\"><img decoding=\"async\" width=\"1024\" height=\"768\" src=\"https:\/\/www.apfelpatient.de\/wp-content\/uploads\/2022\/10\/6D26F076-C8BA-419D-8564-B7A85BEE58F7-1024x768.png\" alt=\"Meta Quest Pro\" class=\"wp-image-34622\" srcset=\"https:\/\/www.apfelpatient.de\/wp-content\/uploads\/2022\/10\/6D26F076-C8BA-419D-8564-B7A85BEE58F7-1024x768.png 1024w, https:\/\/www.apfelpatient.de\/wp-content\/uploads\/2022\/10\/6D26F076-C8BA-419D-8564-B7A85BEE58F7-300x225.png 300w, https:\/\/www.apfelpatient.de\/wp-content\/uploads\/2022\/10\/6D26F076-C8BA-419D-8564-B7A85BEE58F7-768x576.png 768w, https:\/\/www.apfelpatient.de\/wp-content\/uploads\/2022\/10\/6D26F076-C8BA-419D-8564-B7A85BEE58F7-1536x1152.png 1536w, https:\/\/www.apfelpatient.de\/wp-content\/uploads\/2022\/10\/6D26F076-C8BA-419D-8564-B7A85BEE58F7-750x563.png 750w, https:\/\/www.apfelpatient.de\/wp-content\/uploads\/2022\/10\/6D26F076-C8BA-419D-8564-B7A85BEE58F7-1140x855.png 1140w, https:\/\/www.apfelpatient.de\/wp-content\/uploads\/2022\/10\/6D26F076-C8BA-419D-8564-B7A85BEE58F7.png 1600w\" sizes=\"(max-width: 1024px) 100vw, 1024px\" \/><figcaption>Image: Meta \u2013 Quest Pro<\/figcaption><\/figure>\n\n\n\n<h3 class=\"wp-block-heading\" id=\"h-meta-quest-pro-verfugt-uber-eye-tracking-technologie\">Meta: Quest Pro features eye-tracking technology<\/h3>\n\n\n\n<p>This feature is designed to help capture &quot;mixed reality&quot; experiences, where digital content is overlaid on the environment rather than being limited to virtual reality. Unlike the Quest 2, the Quest Pro has eye-tracking technology with inward-facing cameras. Meta says they help detect if the headset is on correctly and enable facial expressions with meta avatars. The headset uses a Snapdragon XR2+ chipset with an 1800 x 1920 LCD panel for each eye, four times the size of the Quest 2. Meta says these displays offer 75% more contrast and 10% more pixels per degree of visibility than the Quest 2.<\/p>\n\n\n\n<figure class=\"wp-block-image size-large\"><img decoding=\"async\" width=\"1024\" height=\"768\" src=\"https:\/\/www.apfelpatient.de\/wp-content\/uploads\/2022\/10\/DB3557E2-56C1-43CC-A4F7-0F3107D9ADE7-1024x768.png\" alt=\"Meta Quest Pro\" class=\"wp-image-34623\" srcset=\"https:\/\/www.apfelpatient.de\/wp-content\/uploads\/2022\/10\/DB3557E2-56C1-43CC-A4F7-0F3107D9ADE7-1024x768.png 1024w, https:\/\/www.apfelpatient.de\/wp-content\/uploads\/2022\/10\/DB3557E2-56C1-43CC-A4F7-0F3107D9ADE7-300x225.png 300w, https:\/\/www.apfelpatient.de\/wp-content\/uploads\/2022\/10\/DB3557E2-56C1-43CC-A4F7-0F3107D9ADE7-768x576.png 768w, https:\/\/www.apfelpatient.de\/wp-content\/uploads\/2022\/10\/DB3557E2-56C1-43CC-A4F7-0F3107D9ADE7-1536x1152.png 1536w, https:\/\/www.apfelpatient.de\/wp-content\/uploads\/2022\/10\/DB3557E2-56C1-43CC-A4F7-0F3107D9ADE7-750x563.png 750w, https:\/\/www.apfelpatient.de\/wp-content\/uploads\/2022\/10\/DB3557E2-56C1-43CC-A4F7-0F3107D9ADE7-1140x855.png 1140w, https:\/\/www.apfelpatient.de\/wp-content\/uploads\/2022\/10\/DB3557E2-56C1-43CC-A4F7-0F3107D9ADE7.png 1600w\" sizes=\"(max-width: 1024px) 100vw, 1024px\" \/><figcaption>Image: Meta \u2013 Quest Pro<\/figcaption><\/figure>\n\n\n\n<h3 class=\"wp-block-heading\">New mixed reality headset for $1,499<\/h3>\n\n\n\n\n\n\n\n<p>Additionally, it highlighted that the 50 % chip delivers more power than the XR2 chip in the Quest 2. The Quest Pro has 12GB of RAM and 256GB of storage, 12 sensors for virtual reality and mixed reality, and spatial audio. The higher performance does have a downside. Meta says the Quest Pro only has one to two hours of battery life, instead of the two to three hours the Quest 2 achieved. The redesigned controllers for the new headset do away with the tracking rings of the Quest 2 and use integrated cameras that track the position of each controller in relation to the Quest Pro headset.<\/p>\n\n\n\n<figure class=\"wp-block-image size-large\"><img decoding=\"async\" width=\"1024\" height=\"768\" src=\"https:\/\/www.apfelpatient.de\/wp-content\/uploads\/2022\/10\/F5CAFB12-F92F-43B3-9515-8605552BAE90-1024x768.png\" alt=\"Meta Quest Pro\" class=\"wp-image-34624\" srcset=\"https:\/\/www.apfelpatient.de\/wp-content\/uploads\/2022\/10\/F5CAFB12-F92F-43B3-9515-8605552BAE90-1024x768.png 1024w, https:\/\/www.apfelpatient.de\/wp-content\/uploads\/2022\/10\/F5CAFB12-F92F-43B3-9515-8605552BAE90-300x225.png 300w, https:\/\/www.apfelpatient.de\/wp-content\/uploads\/2022\/10\/F5CAFB12-F92F-43B3-9515-8605552BAE90-768x576.png 768w, https:\/\/www.apfelpatient.de\/wp-content\/uploads\/2022\/10\/F5CAFB12-F92F-43B3-9515-8605552BAE90-1536x1152.png 1536w, https:\/\/www.apfelpatient.de\/wp-content\/uploads\/2022\/10\/F5CAFB12-F92F-43B3-9515-8605552BAE90-750x563.png 750w, https:\/\/www.apfelpatient.de\/wp-content\/uploads\/2022\/10\/F5CAFB12-F92F-43B3-9515-8605552BAE90-1140x855.png 1140w, https:\/\/www.apfelpatient.de\/wp-content\/uploads\/2022\/10\/F5CAFB12-F92F-43B3-9515-8605552BAE90.png 1600w\" sizes=\"(max-width: 1024px) 100vw, 1024px\" \/><figcaption>Image: Meta \u2013 Quest Pro<\/figcaption><\/figure>\n\n\n\n<p>Each controller is equipped with a Qualcomm Snapdragon 662 mobile processor. Meta sells the Quest Pro through its Meta Store for $1,499 and through retail partners in four countries. (Image: Meta)<\/p>\n\n\n\n<ul class=\"wp-block-list\"><li><a href=\"https:\/\/www.apfelpatient.de\/en\/rumors\/apple-reality-pro-the-first-of-three-apple-ar-vr-headsets\">Apple Reality Pro: The first of three Apple AR\/VR headsets<\/a><\/li><\/ul>\n\n\n\n<h6 class=\"wp-block-heading translation-block\" id=\"h-kennt-ihr-schon-unsere-amazon-storefront-dort-findet-ihr-eine-handverlesene-auswahl-von-diversen-produkten-f-r-euer-iphone-und-co-viel-spa-beim-st-bern\"><em>Have you already visited our Amazon Storefront? There you&#039;ll find a hand-picked selection of various products for your iPhone and other devices \u2013 <span class=\"has-inline-color has-vivid-red-color\"><a href=\"https:\/\/www.amazon.de\/shop\/apfelpatientofficial\" class=\"ek-link\" data-wpel-link=\"exclude\" rel=\"follow noopener\" target=\"_self\"><span style=\"text-decoration: underline\" class=\"ek-underline\">enjoy browsing<\/span><\/a> !<\/span><\/em><\/h6>\n\n\n\n<h6 class=\"wp-block-heading translation-block\" id=\"h-der-beitrag-enthalt-partnerlinks\">This post contains <a data-type=\"URL\" data-id=\"https:\/\/www.apfelpatient.de\/partnerprogramm\" href=\"https:\/\/www.apfelpatient.de\/en\/partner-program\" data-wpel-link=\"internal\" target=\"_self\">affiliate links<\/a>.<\/h6>","protected":false},"excerpt":{"rendered":"<p>With eye-tracking technology: Meta announced the mixed reality headset Quest Pro at its Meta Connect 2022 conference.<\/p>","protected":false},"author":2,"featured_media":34622,"comment_status":"closed","ping_status":"closed","sticky":false,"template":"","format":"standard","meta":{"jnews-multi-image_gallery":[],"jnews_single_post":{"subtitle":"","format":"standard","video":"","gallery":"","source_name":"","source_url":"","via_name":"","via_url":"","override":[{"single_blog_custom":"","sidebar":"","second_sidebar":"","share_position":"","share_float_style":"","post_date_format":"","post_date_format_custom":"","post_reading_time_wpm":"","zoom_button_out_step":"1","zoom_button_in_step":"1","number_popup_post":"1"}],"image_override":[{"single_post_thumbnail_size":"","single_post_gallery_size":""}],"trending_post_position":"","trending_post_label":"","sponsored_post_label":"","sponsored_post_name":"","sponsored_post_url":"","sponsored_post_logo":"","sponsored_post_desc":""},"jnews_primary_category":{"id":"9"},"footnotes":""},"categories":[9],"tags":[609],"class_list":["post-34625","post","type-post","status-publish","format-standard","has-post-thumbnail","hentry","category-news","tag-apple-vr-ar"],"yoast_head":"<!-- This site is optimized with the Yoast SEO Premium plugin v27.5 (Yoast SEO v27.5) - https:\/\/yoast.com\/product\/yoast-seo-premium-wordpress\/ -->\n<title>Quest Pro: Das ist das neue Mixed-Reality-Headset von Meta<\/title>\n<meta name=\"description\" content=\"Mit Eye-Tracking-Technologie: Meta hat im Rahmen seiner Konferenz Meta Connect 2022 das Mixed-Reality-Headset Quest Pro angek\u00fcndigt.\" \/>\n<meta name=\"robots\" content=\"index, follow, max-snippet:-1, max-image-preview:large, max-video-preview:-1\" \/>\n<link rel=\"canonical\" href=\"https:\/\/www.apfelpatient.de\/en\/news\/quest-pro-this-is-the-new-mixed-reality-headset-from-meta\" \/>\n<meta property=\"og:locale\" content=\"en_US\" \/>\n<meta property=\"og:type\" content=\"article\" \/>\n<meta property=\"og:title\" content=\"Quest Pro: Das ist das neue Mixed-Reality-Headset von Meta\" \/>\n<meta property=\"og:description\" content=\"Mit Eye-Tracking-Technologie: Meta hat im Rahmen seiner Konferenz Meta Connect 2022 das Mixed-Reality-Headset Quest Pro angek\u00fcndigt.\" \/>\n<meta property=\"og:url\" content=\"https:\/\/www.apfelpatient.de\/en\/news\/quest-pro-this-is-the-new-mixed-reality-headset-from-meta\" \/>\n<meta property=\"og:site_name\" content=\"Apfelpatient\" \/>\n<meta property=\"article:publisher\" content=\"https:\/\/www.facebook.com\/apfelpatientOfficial\" \/>\n<meta property=\"article:author\" content=\"https:\/\/www.facebook.com\/apfelpatientOfficial\" \/>\n<meta property=\"article:published_time\" content=\"2022-10-11T19:40:09+00:00\" \/>\n<meta property=\"og:image\" content=\"https:\/\/www.apfelpatient.de\/wp-content\/uploads\/2022\/10\/6D26F076-C8BA-419D-8564-B7A85BEE58F7.png\" \/>\n\t<meta property=\"og:image:width\" content=\"1600\" \/>\n\t<meta property=\"og:image:height\" content=\"1200\" \/>\n\t<meta property=\"og:image:type\" content=\"image\/png\" \/>\n<meta name=\"author\" content=\"Milan\" \/>\n<meta name=\"twitter:card\" content=\"summary_large_image\" \/>\n<meta name=\"twitter:description\" content=\"Mit Eye-Tracking-Technologie: Meta hat im Rahmen seiner Konferenz Meta Connect 2022 das Mixed-Reality-Headset Quest Pro angek\u00fcndigt.\" \/>\n<meta name=\"twitter:label1\" content=\"Written by\" \/>\n\t<meta name=\"twitter:data1\" content=\"Milan\" \/>\n\t<meta name=\"twitter:label2\" content=\"Est. reading time\" \/>\n\t<meta name=\"twitter:data2\" content=\"4 minutes\" \/>\n<script type=\"application\/ld+json\" class=\"yoast-schema-graph\">{\"@context\":\"https:\\\/\\\/schema.org\",\"@graph\":[{\"@type\":\"NewsArticle\",\"@id\":\"https:\\\/\\\/www.apfelpatient.de\\\/news\\\/quest-pro-das-ist-das-neue-mixed-reality-headset-von-meta#article\",\"isPartOf\":{\"@id\":\"https:\\\/\\\/www.apfelpatient.de\\\/news\\\/quest-pro-das-ist-das-neue-mixed-reality-headset-von-meta\"},\"author\":{\"@type\":\"Organization\",\"@id\":\"https:\\\/\\\/www.apfelpatient.de\\\/en\\\/#organization\",\"name\":\"Apfelpatient\",\"url\":\"https:\\\/\\\/www.apfelpatient.de\\\/en\\\/\"},\"headline\":\"Quest Pro: Das ist das neue Mixed-Reality-Headset von Meta\",\"datePublished\":\"2022-10-11T19:40:09+00:00\",\"mainEntityOfPage\":{\"@id\":\"https:\\\/\\\/www.apfelpatient.de\\\/news\\\/quest-pro-das-ist-das-neue-mixed-reality-headset-von-meta\"},\"wordCount\":450,\"publisher\":{\"@type\":\"Organization\",\"@id\":\"https:\\\/\\\/www.apfelpatient.de\\\/en\\\/#organization\",\"name\":\"Apfelpatient\",\"url\":\"https:\\\/\\\/www.apfelpatient.de\\\/en\\\/\"},\"image\":{\"@id\":\"https:\\\/\\\/www.apfelpatient.de\\\/news\\\/quest-pro-das-ist-das-neue-mixed-reality-headset-von-meta#primaryimage\"},\"thumbnailUrl\":\"https:\\\/\\\/www.apfelpatient.de\\\/wp-content\\\/uploads\\\/2022\\\/10\\\/6D26F076-C8BA-419D-8564-B7A85BEE58F7.png\",\"keywords\":[\"Apple VR\\\/AR\"],\"articleSection\":\"News\",\"inLanguage\":\"en-US\",\"copyrightYear\":\"2022\",\"copyrightHolder\":{\"@id\":\"https:\\\/\\\/www.apfelpatient.de\\\/en\\\/#organization\"}},{\"@type\":\"WebPage\",\"@id\":\"https:\\\/\\\/www.apfelpatient.de\\\/news\\\/quest-pro-das-ist-das-neue-mixed-reality-headset-von-meta\",\"url\":\"https:\\\/\\\/www.apfelpatient.de\\\/news\\\/quest-pro-das-ist-das-neue-mixed-reality-headset-von-meta\",\"name\":\"Quest Pro: Das ist das neue Mixed-Reality-Headset von Meta\",\"isPartOf\":{\"@id\":\"https:\\\/\\\/www.apfelpatient.de\\\/#website\"},\"primaryImageOfPage\":{\"@id\":\"https:\\\/\\\/www.apfelpatient.de\\\/news\\\/quest-pro-das-ist-das-neue-mixed-reality-headset-von-meta#primaryimage\"},\"image\":{\"@id\":\"https:\\\/\\\/www.apfelpatient.de\\\/news\\\/quest-pro-das-ist-das-neue-mixed-reality-headset-von-meta#primaryimage\"},\"thumbnailUrl\":\"https:\\\/\\\/www.apfelpatient.de\\\/wp-content\\\/uploads\\\/2022\\\/10\\\/6D26F076-C8BA-419D-8564-B7A85BEE58F7.png\",\"datePublished\":\"2022-10-11T19:40:09+00:00\",\"description\":\"Mit Eye-Tracking-Technologie: Meta hat im Rahmen seiner Konferenz Meta Connect 2022 das Mixed-Reality-Headset Quest Pro angek\u00fcndigt.\",\"breadcrumb\":{\"@id\":\"https:\\\/\\\/www.apfelpatient.de\\\/news\\\/quest-pro-das-ist-das-neue-mixed-reality-headset-von-meta#breadcrumb\"},\"inLanguage\":\"en-US\",\"potentialAction\":[{\"@type\":\"ReadAction\",\"target\":[\"https:\\\/\\\/www.apfelpatient.de\\\/news\\\/quest-pro-das-ist-das-neue-mixed-reality-headset-von-meta\"]}]},{\"@type\":\"ImageObject\",\"inLanguage\":\"en-US\",\"@id\":\"https:\\\/\\\/www.apfelpatient.de\\\/news\\\/quest-pro-das-ist-das-neue-mixed-reality-headset-von-meta#primaryimage\",\"url\":\"https:\\\/\\\/www.apfelpatient.de\\\/wp-content\\\/uploads\\\/2022\\\/10\\\/6D26F076-C8BA-419D-8564-B7A85BEE58F7.png\",\"contentUrl\":\"https:\\\/\\\/www.apfelpatient.de\\\/wp-content\\\/uploads\\\/2022\\\/10\\\/6D26F076-C8BA-419D-8564-B7A85BEE58F7.png\",\"width\":1600,\"height\":1200,\"caption\":\"Bild: Meta - Quest Pro\"},{\"@type\":\"BreadcrumbList\",\"@id\":\"https:\\\/\\\/www.apfelpatient.de\\\/news\\\/quest-pro-das-ist-das-neue-mixed-reality-headset-von-meta#breadcrumb\",\"itemListElement\":[{\"@type\":\"ListItem\",\"position\":1,\"name\":\"Startseite\",\"item\":\"https:\\\/\\\/www.apfelpatient.de\\\/\"},{\"@type\":\"ListItem\",\"position\":2,\"name\":\"Quest Pro: Das ist das neue Mixed-Reality-Headset von Meta\"}]},{\"@type\":\"WebSite\",\"@id\":\"https:\\\/\\\/www.apfelpatient.de\\\/#website\",\"url\":\"https:\\\/\\\/www.apfelpatient.de\\\/\",\"name\":\"Apfelpatient\",\"description\":\"Alles rund um Apple!\",\"publisher\":{\"@type\":\"Organization\",\"@id\":\"https:\\\/\\\/www.apfelpatient.de\\\/en\\\/#organization\",\"name\":\"Apfelpatient\",\"url\":\"https:\\\/\\\/www.apfelpatient.de\\\/en\\\/\"},\"alternateName\":\"Apfelpatient\",\"potentialAction\":[{\"@type\":\"SearchAction\",\"target\":{\"@type\":\"EntryPoint\",\"urlTemplate\":\"https:\\\/\\\/www.apfelpatient.de\\\/?s={search_term_string}\"},\"query-input\":{\"@type\":\"PropertyValueSpecification\",\"valueRequired\":true,\"valueName\":\"search_term_string\"}}],\"inLanguage\":\"en-US\"},{\"@type\":[\"Person\",\"Organization\"],\"@id\":\"https:\\\/\\\/www.apfelpatient.de\\\/#\\\/schema\\\/person\\\/7dc56ad6c8e9824b76d2c08d4c140e13\",\"name\":\"Milan\",\"logo\":{\"@id\":\"https:\\\/\\\/www.apfelpatient.de\\\/#\\\/schema\\\/person\\\/image\\\/\"},\"description\":\"Hallo und herzlich willkommen auf meinem Technik-Blog! Als gro\u00dfer Apple-Fan berichte ich hier \u00fcber alles, was mit Apple zu tun hat: von den neuesten News und spannenden Ger\u00fcchten \u00fcber hilfreiche Tipps und Tricks bis hin zu ausf\u00fchrlichen Produkttests. Wenn du genauso technikbegeistert bist wie ich, bist du hier genau richtig!\",\"sameAs\":[\"https:\\\/\\\/www.facebook.com\\\/apfelpatientOfficial\",\"https:\\\/\\\/www.linkedin.com\\\/in\\\/milan-jovicic-42aa0231b\"],\"url\":\"https:\\\/\\\/www.apfelpatient.de\\\/en\\\/author\\\/apfeladmin\"}]}<\/script>\n<!-- \/ Yoast SEO Premium plugin. -->","yoast_head_json":{"title":"Quest Pro: This is the new mixed reality headset from Meta","description":"With eye-tracking technology: Meta announced the mixed reality headset Quest Pro at its Meta Connect 2022 conference.","robots":{"index":"index","follow":"follow","max-snippet":"max-snippet:-1","max-image-preview":"max-image-preview:large","max-video-preview":"max-video-preview:-1"},"canonical":"https:\/\/www.apfelpatient.de\/en\/news\/quest-pro-this-is-the-new-mixed-reality-headset-from-meta","og_locale":"en_US","og_type":"article","og_title":"Quest Pro: Das ist das neue Mixed-Reality-Headset von Meta","og_description":"Mit Eye-Tracking-Technologie: Meta hat im Rahmen seiner Konferenz Meta Connect 2022 das Mixed-Reality-Headset Quest Pro angek\u00fcndigt.","og_url":"https:\/\/www.apfelpatient.de\/en\/news\/quest-pro-this-is-the-new-mixed-reality-headset-from-meta","og_site_name":"Apfelpatient","article_publisher":"https:\/\/www.facebook.com\/apfelpatientOfficial","article_author":"https:\/\/www.facebook.com\/apfelpatientOfficial","article_published_time":"2022-10-11T19:40:09+00:00","og_image":[{"width":1600,"height":1200,"url":"https:\/\/www.apfelpatient.de\/wp-content\/uploads\/2022\/10\/6D26F076-C8BA-419D-8564-B7A85BEE58F7.png","type":"image\/png"}],"author":"Milan","twitter_card":"summary_large_image","twitter_description":"Mit Eye-Tracking-Technologie: Meta hat im Rahmen seiner Konferenz Meta Connect 2022 das Mixed-Reality-Headset Quest Pro angek\u00fcndigt.","twitter_misc":{"Written by":"Milan","Est. reading time":"4 minutes"},"schema":{"@context":"https:\/\/schema.org","@graph":[{"@type":"NewsArticle","@id":"https:\/\/www.apfelpatient.de\/news\/quest-pro-das-ist-das-neue-mixed-reality-headset-von-meta#article","isPartOf":{"@id":"https:\/\/www.apfelpatient.de\/news\/quest-pro-das-ist-das-neue-mixed-reality-headset-von-meta"},"author":{"@type":"Organization","@id":"https:\/\/www.apfelpatient.de\/en\/#organization","name":"Apfelpatient","url":"https:\/\/www.apfelpatient.de\/en\/"},"headline":"Quest Pro: Das ist das neue Mixed-Reality-Headset von Meta","datePublished":"2022-10-11T19:40:09+00:00","mainEntityOfPage":{"@id":"https:\/\/www.apfelpatient.de\/news\/quest-pro-das-ist-das-neue-mixed-reality-headset-von-meta"},"wordCount":450,"publisher":{"@type":"Organization","@id":"https:\/\/www.apfelpatient.de\/en\/#organization","name":"Apfelpatient","url":"https:\/\/www.apfelpatient.de\/en\/"},"image":{"@id":"https:\/\/www.apfelpatient.de\/news\/quest-pro-das-ist-das-neue-mixed-reality-headset-von-meta#primaryimage"},"thumbnailUrl":"https:\/\/www.apfelpatient.de\/wp-content\/uploads\/2022\/10\/6D26F076-C8BA-419D-8564-B7A85BEE58F7.png","keywords":["Apple VR\/AR"],"articleSection":"News","inLanguage":"en-US","copyrightYear":"2022","copyrightHolder":{"@id":"https:\/\/www.apfelpatient.de\/en\/#organization"}},{"@type":"WebPage","@id":"https:\/\/www.apfelpatient.de\/news\/quest-pro-das-ist-das-neue-mixed-reality-headset-von-meta","url":"https:\/\/www.apfelpatient.de\/news\/quest-pro-das-ist-das-neue-mixed-reality-headset-von-meta","name":"Quest Pro: This is the new mixed reality headset from Meta","isPartOf":{"@id":"https:\/\/www.apfelpatient.de\/#website"},"primaryImageOfPage":{"@id":"https:\/\/www.apfelpatient.de\/news\/quest-pro-das-ist-das-neue-mixed-reality-headset-von-meta#primaryimage"},"image":{"@id":"https:\/\/www.apfelpatient.de\/news\/quest-pro-das-ist-das-neue-mixed-reality-headset-von-meta#primaryimage"},"thumbnailUrl":"https:\/\/www.apfelpatient.de\/wp-content\/uploads\/2022\/10\/6D26F076-C8BA-419D-8564-B7A85BEE58F7.png","datePublished":"2022-10-11T19:40:09+00:00","description":"With eye-tracking technology: Meta announced the mixed reality headset Quest Pro at its Meta Connect 2022 conference.","breadcrumb":{"@id":"https:\/\/www.apfelpatient.de\/news\/quest-pro-das-ist-das-neue-mixed-reality-headset-von-meta#breadcrumb"},"inLanguage":"en-US","potentialAction":[{"@type":"ReadAction","target":["https:\/\/www.apfelpatient.de\/news\/quest-pro-das-ist-das-neue-mixed-reality-headset-von-meta"]}]},{"@type":"ImageObject","inLanguage":"en-US","@id":"https:\/\/www.apfelpatient.de\/news\/quest-pro-das-ist-das-neue-mixed-reality-headset-von-meta#primaryimage","url":"https:\/\/www.apfelpatient.de\/wp-content\/uploads\/2022\/10\/6D26F076-C8BA-419D-8564-B7A85BEE58F7.png","contentUrl":"https:\/\/www.apfelpatient.de\/wp-content\/uploads\/2022\/10\/6D26F076-C8BA-419D-8564-B7A85BEE58F7.png","width":1600,"height":1200,"caption":"Bild: Meta - Quest Pro"},{"@type":"BreadcrumbList","@id":"https:\/\/www.apfelpatient.de\/news\/quest-pro-das-ist-das-neue-mixed-reality-headset-von-meta#breadcrumb","itemListElement":[{"@type":"ListItem","position":1,"name":"Startseite","item":"https:\/\/www.apfelpatient.de\/"},{"@type":"ListItem","position":2,"name":"Quest Pro: Das ist das neue Mixed-Reality-Headset von Meta"}]},{"@type":"WebSite","@id":"https:\/\/www.apfelpatient.de\/#website","url":"https:\/\/www.apfelpatient.de\/","name":"apple patient","description":"Everything about Apple!","publisher":{"@type":"Organization","@id":"https:\/\/www.apfelpatient.de\/en\/#organization","name":"Apfelpatient","url":"https:\/\/www.apfelpatient.de\/en\/"},"alternateName":"Apfelpatient","potentialAction":[{"@type":"SearchAction","target":{"@type":"EntryPoint","urlTemplate":"https:\/\/www.apfelpatient.de\/?s={search_term_string}"},"query-input":{"@type":"PropertyValueSpecification","valueRequired":true,"valueName":"search_term_string"}}],"inLanguage":"en-US"},{"@type":["Person","Organization"],"@id":"https:\/\/www.apfelpatient.de\/#\/schema\/person\/7dc56ad6c8e9824b76d2c08d4c140e13","name":"Milan","logo":{"@id":"https:\/\/www.apfelpatient.de\/#\/schema\/person\/image\/"},"description":"Hello and welcome to my technology blog! As a big Apple fan, I report on everything to do with Apple: from the latest news and exciting rumors to helpful tips and tricks and detailed product tests. If you are as enthusiastic about technology as I am, you have come to the right place!","sameAs":["https:\/\/www.facebook.com\/apfelpatientOfficial","https:\/\/www.linkedin.com\/in\/milan-jovicic-42aa0231b"],"url":"https:\/\/www.apfelpatient.de\/en\/author\/apfeladmin"}]}},"_links":{"self":[{"href":"https:\/\/www.apfelpatient.de\/en\/wp-json\/wp\/v2\/posts\/34625","targetHints":{"allow":["GET"]}}],"collection":[{"href":"https:\/\/www.apfelpatient.de\/en\/wp-json\/wp\/v2\/posts"}],"about":[{"href":"https:\/\/www.apfelpatient.de\/en\/wp-json\/wp\/v2\/types\/post"}],"author":[{"embeddable":true,"href":"https:\/\/www.apfelpatient.de\/en\/wp-json\/wp\/v2\/users\/2"}],"replies":[{"embeddable":true,"href":"https:\/\/www.apfelpatient.de\/en\/wp-json\/wp\/v2\/comments?post=34625"}],"version-history":[{"count":0,"href":"https:\/\/www.apfelpatient.de\/en\/wp-json\/wp\/v2\/posts\/34625\/revisions"}],"wp:featuredmedia":[{"embeddable":true,"href":"https:\/\/www.apfelpatient.de\/en\/wp-json\/wp\/v2\/media\/34622"}],"wp:attachment":[{"href":"https:\/\/www.apfelpatient.de\/en\/wp-json\/wp\/v2\/media?parent=34625"}],"wp:term":[{"taxonomy":"category","embeddable":true,"href":"https:\/\/www.apfelpatient.de\/en\/wp-json\/wp\/v2\/categories?post=34625"},{"taxonomy":"post_tag","embeddable":true,"href":"https:\/\/www.apfelpatient.de\/en\/wp-json\/wp\/v2\/tags?post=34625"}],"curies":[{"name":"wp","href":"https:\/\/api.w.org\/{rel}","templated":true}]}}