{"id":34484,"date":"2022-10-04T15:52:50","date_gmt":"2022-10-04T13:52:50","guid":{"rendered":"https:\/\/www.apfelpatient.de\/?p=34484"},"modified":"2022-10-04T15:52:51","modified_gmt":"2022-10-04T13:52:51","slug":"eu-law-iphone-co-must-use-usb-c-in-future","status":"publish","type":"post","link":"https:\/\/www.apfelpatient.de\/en\/news\/eu-gesetz-iphone-co-muessen-in-zukunft-usb-c-verwenden","title":{"rendered":"EU law: iPhone &amp; Co. must use USB-C in the future"},"content":{"rendered":"<p class=\"has-drop-cap\"><strong>The European Union requires that all iPhones and other electronic devices, including tablets, must be equipped with USB-C by the end of 2024 at the latest.<\/strong><\/p>\n\n\n\n<p>The EU&#039;s long-discussed plan to require manufacturers of smartphones, tablets, cameras and other devices to use a common standard for charging ports has now become law. It was passed by the EU Parliament on October 4, 2022 with 602 votes in favor, 13 against and 8 abstentions. An EU spokesperson <a href=\"https:\/\/www.europarl.europa.eu\/news\/en\/press-room\/20220930IPR41928\/long-awaited-common-charger-for-mobile-devices-will-be-a-reality-in-2024\" target=\"_blank\" rel=\"noreferrer noopener\">explained<\/a> included:<\/p>\n\n\n\n<blockquote class=\"wp-block-quote is-layout-flow wp-block-quote-is-layout-flow\"><p>The common charging point is finally becoming a reality in Europe. We have waited more than ten years for this law but now we can finally leave the current chaos of chargers behind. This future-proof law will enable the development of innovative charging solutions in the future and everyone will benefit from this - from frustrated consumers to our fragile environment. These are difficult times for politics but we have shown that the EU has not run out of ideas and solutions to improve the lives of millions of people in Europe and inspire other parts of the world to follow its example.<\/p><\/blockquote>\n\n\n\n<p>The EU has not committed to a date beyond the end of 2024. However, the new law must be formally approved and published to enter into force 20 days later. EU member states have a total of 24 months to adopt the law, meaning it can enter into force in November 2024 at the earliest.<\/p>\n\n\n\n<h3 class=\"wp-block-heading\" id=\"h-neues-eu-gesetz-diese-produkte-sind-betroffen\">New EU law: These products are affected<\/h3>\n\n\n\n<p>The EU has stated that the law applies to all new devices in these categories:<\/p>\n\n\n\n<ul class=\"wp-block-list\"><li>smartphones<\/li><li>tablets<\/li><li>digital cameras<\/li><li>headphones<\/li><li>handheld game consoles<\/li><li>Portable speakers<\/li><li>e-reader<\/li><li>keyboards<\/li><li>mice<\/li><li>Portable navigation systems<\/li><li>earplugs<\/li><li>laptops<\/li><\/ul>\n\n\n\n<p>Specifically, this applies to all of these devices if they can be charged via a wired cable and operate &quot;with a power of up to 100 watts.&quot; Each of these devices now requires a USB-C charging port. The law specifies that it must be a USB-C charger and while it claims to be &quot;future-proof,&quot; it&#039;s not clear what happens when a better alternative is invented.<\/p>\n\n\n\n<h3 class=\"wp-block-heading\">Apple and the EU<\/h3>\n\n\n\n<p>Apple has not yet commented publicly on the law, but has consistently opposed it during the long debate that preceded the law. In 2020, the company stated:<\/p>\n\n\n\n<blockquote class=\"wp-block-quote is-layout-flow wp-block-quote-is-layout-flow\"><p>We believe that regulation that forces conformity on the type of connector built into all smartphones would stifle innovation rather than encourage it and would harm European consumers and the wider economy. We hope that the Commission will continue to seek a solution that does not limit the industry&#039;s ability to innovate and offers customers exciting new technologies.<\/p><\/blockquote>\n\n\n\n<h3 class=\"wp-block-heading\">Wireless charging<\/h3>\n\n\n\n\n\n\n\n<p>The EU says a key goal of the new law is to reduce e-waste. Apple has argued that such a measure would result in the many accessories that use Lightning connectors - including cables - becoming e-waste very quickly. As for wireless charging, the EU statement says that the European Commission wants to &quot;harmonize the interoperability requirements&quot; for wireless charging. The EU seems to ignore that there is already a standard for wireless charging in the form of Qi charging. Apple&#039;s own MagSafe is already an evolution of Qi. (Photo by yalcin.sonat \/ Bigstockphoto)<\/p>\n\n\n\n<ul class=\"wp-block-list\"><li><a href=\"https:\/\/www.apfelpatient.de\/en\/news\/iphone-co-eu-calls-for-further-improvements-in-batteries-more\">iPhone &amp; Co.: EU calls for further improvements in batteries &amp; more<\/a><\/li><\/ul>\n\n\n\n<h6 class=\"wp-block-heading translation-block\" id=\"h-kennt-ihr-schon-unsere-amazon-storefront-dort-findet-ihr-eine-handverlesene-auswahl-von-diversen-produkten-f-r-euer-iphone-und-co-viel-spa-beim-st-bern\"><em>Have you already visited our Amazon Storefront? There you&#039;ll find a hand-picked selection of various products for your iPhone and other devices \u2013 <span class=\"has-inline-color has-vivid-red-color\"><a href=\"https:\/\/www.amazon.de\/shop\/apfelpatientofficial\" class=\"ek-link\" data-wpel-link=\"exclude\" rel=\"follow noopener\" target=\"_self\"><span style=\"text-decoration: underline\" class=\"ek-underline\">enjoy browsing<\/span><\/a> !<\/span><\/em><\/h6>\n\n\n\n<h6 class=\"wp-block-heading translation-block\" id=\"h-der-beitrag-enthalt-partnerlinks\">This post contains <a data-type=\"URL\" data-id=\"https:\/\/www.apfelpatient.de\/partnerprogramm\" href=\"https:\/\/www.apfelpatient.de\/en\/partner-program\" data-wpel-link=\"internal\" target=\"_self\">affiliate links<\/a>.<\/h6>","protected":false},"excerpt":{"rendered":"<p>The EU requires that all iPhones and other electronic devices must be equipped with USB-C by the end of 2024 at the latest.<\/p>","protected":false},"author":2,"featured_media":34482,"comment_status":"closed","ping_status":"closed","sticky":false,"template":"","format":"standard","meta":{"jnews-multi-image_gallery":[],"jnews_single_post":{"subtitle":"","format":"standard","video":"","gallery":"","source_name":"","source_url":"","via_name":"","via_url":"","override":[{"single_blog_custom":"","sidebar":"","second_sidebar":"","share_position":"","share_float_style":"","post_date_format":"","post_date_format_custom":"","post_reading_time_wpm":"","zoom_button_out_step":"1","zoom_button_in_step":"1","number_popup_post":"1"}],"image_override":[{"single_post_thumbnail_size":"","single_post_gallery_size":""}],"trending_post_position":"","trending_post_label":"","sponsored_post_label":"","sponsored_post_name":"","sponsored_post_url":"","sponsored_post_logo":"","sponsored_post_desc":""},"jnews_primary_category":{"id":"9"},"footnotes":""},"categories":[9],"tags":[28,18,8,40,13],"class_list":["post-34484","post","type-post","status-publish","format-standard","has-post-thumbnail","hentry","category-news","tag-airpods","tag-ipad","tag-iphone","tag-mac","tag-techpatient"],"yoast_head":"<!-- This site is optimized with the Yoast SEO Premium plugin v27.5 (Yoast SEO v27.5) - https:\/\/yoast.com\/product\/yoast-seo-premium-wordpress\/ -->\n<title>EU-Gesetz: iPhone &amp; Co. m\u00fcssen in Zukunft USB-C verwenden<\/title>\n<meta name=\"description\" content=\"Die EU schreibt vor, dass alle iPhones und andere elektronische Ger\u00e4te, bis sp\u00e4testens Ende 2024 mit USB-C ausgestattet sein m\u00fcssen.\" \/>\n<meta name=\"robots\" content=\"index, follow, max-snippet:-1, max-image-preview:large, max-video-preview:-1\" \/>\n<link rel=\"canonical\" href=\"https:\/\/www.apfelpatient.de\/en\/news\/eu-law-iphone-co-must-use-usb-c-in-future\" \/>\n<meta property=\"og:locale\" content=\"en_US\" \/>\n<meta property=\"og:type\" content=\"article\" \/>\n<meta property=\"og:title\" content=\"EU-Gesetz: iPhone &amp; Co. m\u00fcssen in Zukunft USB-C verwenden\" \/>\n<meta property=\"og:description\" content=\"Die EU schreibt vor, dass alle iPhones und andere elektronische Ger\u00e4te, bis sp\u00e4testens Ende 2024 mit USB-C ausgestattet sein m\u00fcssen.\" \/>\n<meta property=\"og:url\" content=\"https:\/\/www.apfelpatient.de\/en\/news\/eu-law-iphone-co-must-use-usb-c-in-future\" \/>\n<meta property=\"og:site_name\" content=\"Apfelpatient\" \/>\n<meta property=\"article:publisher\" content=\"https:\/\/www.facebook.com\/apfelpatientOfficial\" \/>\n<meta property=\"article:author\" content=\"https:\/\/www.facebook.com\/apfelpatientOfficial\" \/>\n<meta property=\"article:published_time\" content=\"2022-10-04T13:52:50+00:00\" \/>\n<meta property=\"article:modified_time\" content=\"2022-10-04T13:52:51+00:00\" \/>\n<meta property=\"og:image\" content=\"https:\/\/www.apfelpatient.de\/wp-content\/uploads\/2022\/10\/bigstock-Antalya-Turkey-June-456160457.jpg\" \/>\n\t<meta property=\"og:image:width\" content=\"1600\" \/>\n\t<meta property=\"og:image:height\" content=\"1067\" \/>\n\t<meta property=\"og:image:type\" content=\"image\/jpeg\" \/>\n<meta name=\"author\" content=\"Milan\" \/>\n<meta name=\"twitter:card\" content=\"summary_large_image\" \/>\n<meta name=\"twitter:description\" content=\"Die EU schreibt vor, dass alle iPhones und andere elektronische Ger\u00e4te, bis sp\u00e4testens Ende 2024 mit USB-C ausgestattet sein m\u00fcssen.\" \/>\n<meta name=\"twitter:label1\" content=\"Written by\" \/>\n\t<meta name=\"twitter:data1\" content=\"Milan\" \/>\n\t<meta name=\"twitter:label2\" content=\"Est. reading time\" \/>\n\t<meta name=\"twitter:data2\" content=\"3 minutes\" \/>\n<script type=\"application\/ld+json\" class=\"yoast-schema-graph\">{\"@context\":\"https:\\\/\\\/schema.org\",\"@graph\":[{\"@type\":\"NewsArticle\",\"@id\":\"https:\\\/\\\/www.apfelpatient.de\\\/news\\\/eu-gesetz-iphone-co-muessen-in-zukunft-usb-c-verwenden#article\",\"isPartOf\":{\"@id\":\"https:\\\/\\\/www.apfelpatient.de\\\/news\\\/eu-gesetz-iphone-co-muessen-in-zukunft-usb-c-verwenden\"},\"author\":{\"@type\":\"Organization\",\"@id\":\"https:\\\/\\\/www.apfelpatient.de\\\/en\\\/#organization\",\"name\":\"Apfelpatient\",\"url\":\"https:\\\/\\\/www.apfelpatient.de\\\/en\\\/\"},\"headline\":\"EU-Gesetz: iPhone &#038; Co. m\u00fcssen in Zukunft USB-C verwenden\",\"datePublished\":\"2022-10-04T13:52:50+00:00\",\"dateModified\":\"2022-10-04T13:52:51+00:00\",\"mainEntityOfPage\":{\"@id\":\"https:\\\/\\\/www.apfelpatient.de\\\/news\\\/eu-gesetz-iphone-co-muessen-in-zukunft-usb-c-verwenden\"},\"wordCount\":575,\"publisher\":{\"@type\":\"Organization\",\"@id\":\"https:\\\/\\\/www.apfelpatient.de\\\/en\\\/#organization\",\"name\":\"Apfelpatient\",\"url\":\"https:\\\/\\\/www.apfelpatient.de\\\/en\\\/\"},\"image\":{\"@id\":\"https:\\\/\\\/www.apfelpatient.de\\\/news\\\/eu-gesetz-iphone-co-muessen-in-zukunft-usb-c-verwenden#primaryimage\"},\"thumbnailUrl\":\"https:\\\/\\\/www.apfelpatient.de\\\/wp-content\\\/uploads\\\/2022\\\/10\\\/bigstock-Antalya-Turkey-June-456160457.jpg\",\"keywords\":[\"AirPods\",\"iPad\",\"iPhone\",\"Mac\",\"TechPatient\"],\"articleSection\":\"News\",\"inLanguage\":\"en-US\",\"copyrightYear\":\"2022\",\"copyrightHolder\":{\"@id\":\"https:\\\/\\\/www.apfelpatient.de\\\/en\\\/#organization\"}},{\"@type\":\"WebPage\",\"@id\":\"https:\\\/\\\/www.apfelpatient.de\\\/news\\\/eu-gesetz-iphone-co-muessen-in-zukunft-usb-c-verwenden\",\"url\":\"https:\\\/\\\/www.apfelpatient.de\\\/news\\\/eu-gesetz-iphone-co-muessen-in-zukunft-usb-c-verwenden\",\"name\":\"EU-Gesetz: iPhone & Co. m\u00fcssen in Zukunft USB-C verwenden\",\"isPartOf\":{\"@id\":\"https:\\\/\\\/www.apfelpatient.de\\\/#website\"},\"primaryImageOfPage\":{\"@id\":\"https:\\\/\\\/www.apfelpatient.de\\\/news\\\/eu-gesetz-iphone-co-muessen-in-zukunft-usb-c-verwenden#primaryimage\"},\"image\":{\"@id\":\"https:\\\/\\\/www.apfelpatient.de\\\/news\\\/eu-gesetz-iphone-co-muessen-in-zukunft-usb-c-verwenden#primaryimage\"},\"thumbnailUrl\":\"https:\\\/\\\/www.apfelpatient.de\\\/wp-content\\\/uploads\\\/2022\\\/10\\\/bigstock-Antalya-Turkey-June-456160457.jpg\",\"datePublished\":\"2022-10-04T13:52:50+00:00\",\"dateModified\":\"2022-10-04T13:52:51+00:00\",\"description\":\"Die EU schreibt vor, dass alle iPhones und andere elektronische Ger\u00e4te, bis sp\u00e4testens Ende 2024 mit USB-C ausgestattet sein m\u00fcssen.\",\"breadcrumb\":{\"@id\":\"https:\\\/\\\/www.apfelpatient.de\\\/news\\\/eu-gesetz-iphone-co-muessen-in-zukunft-usb-c-verwenden#breadcrumb\"},\"inLanguage\":\"en-US\",\"potentialAction\":[{\"@type\":\"ReadAction\",\"target\":[\"https:\\\/\\\/www.apfelpatient.de\\\/news\\\/eu-gesetz-iphone-co-muessen-in-zukunft-usb-c-verwenden\"]}]},{\"@type\":\"ImageObject\",\"inLanguage\":\"en-US\",\"@id\":\"https:\\\/\\\/www.apfelpatient.de\\\/news\\\/eu-gesetz-iphone-co-muessen-in-zukunft-usb-c-verwenden#primaryimage\",\"url\":\"https:\\\/\\\/www.apfelpatient.de\\\/wp-content\\\/uploads\\\/2022\\\/10\\\/bigstock-Antalya-Turkey-June-456160457.jpg\",\"contentUrl\":\"https:\\\/\\\/www.apfelpatient.de\\\/wp-content\\\/uploads\\\/2022\\\/10\\\/bigstock-Antalya-Turkey-June-456160457.jpg\",\"width\":1600,\"height\":1067,\"caption\":\"Antalya, TURKEY - June 10, 2022. Apple Iphone 13 Pro and Usb-c or Type-C Wired Charger. EU is forcing all devices to use Usb-c or Type-C\"},{\"@type\":\"BreadcrumbList\",\"@id\":\"https:\\\/\\\/www.apfelpatient.de\\\/news\\\/eu-gesetz-iphone-co-muessen-in-zukunft-usb-c-verwenden#breadcrumb\",\"itemListElement\":[{\"@type\":\"ListItem\",\"position\":1,\"name\":\"Startseite\",\"item\":\"https:\\\/\\\/www.apfelpatient.de\\\/\"},{\"@type\":\"ListItem\",\"position\":2,\"name\":\"EU-Gesetz: iPhone &#038; Co. m\u00fcssen in Zukunft USB-C verwenden\"}]},{\"@type\":\"WebSite\",\"@id\":\"https:\\\/\\\/www.apfelpatient.de\\\/#website\",\"url\":\"https:\\\/\\\/www.apfelpatient.de\\\/\",\"name\":\"Apfelpatient\",\"description\":\"Alles rund um Apple!\",\"publisher\":{\"@type\":\"Organization\",\"@id\":\"https:\\\/\\\/www.apfelpatient.de\\\/en\\\/#organization\",\"name\":\"Apfelpatient\",\"url\":\"https:\\\/\\\/www.apfelpatient.de\\\/en\\\/\"},\"alternateName\":\"Apfelpatient\",\"potentialAction\":[{\"@type\":\"SearchAction\",\"target\":{\"@type\":\"EntryPoint\",\"urlTemplate\":\"https:\\\/\\\/www.apfelpatient.de\\\/?s={search_term_string}\"},\"query-input\":{\"@type\":\"PropertyValueSpecification\",\"valueRequired\":true,\"valueName\":\"search_term_string\"}}],\"inLanguage\":\"en-US\"},{\"@type\":[\"Person\",\"Organization\"],\"@id\":\"https:\\\/\\\/www.apfelpatient.de\\\/#\\\/schema\\\/person\\\/7dc56ad6c8e9824b76d2c08d4c140e13\",\"name\":\"Milan\",\"logo\":{\"@id\":\"https:\\\/\\\/www.apfelpatient.de\\\/#\\\/schema\\\/person\\\/image\\\/\"},\"description\":\"Hallo und herzlich willkommen auf meinem Technik-Blog! Als gro\u00dfer Apple-Fan berichte ich hier \u00fcber alles, was mit Apple zu tun hat: von den neuesten News und spannenden Ger\u00fcchten \u00fcber hilfreiche Tipps und Tricks bis hin zu ausf\u00fchrlichen Produkttests. Wenn du genauso technikbegeistert bist wie ich, bist du hier genau richtig!\",\"sameAs\":[\"https:\\\/\\\/www.facebook.com\\\/apfelpatientOfficial\",\"https:\\\/\\\/www.linkedin.com\\\/in\\\/milan-jovicic-42aa0231b\"],\"url\":\"https:\\\/\\\/www.apfelpatient.de\\\/en\\\/author\\\/apfeladmin\"}]}<\/script>\n<!-- \/ Yoast SEO Premium plugin. -->","yoast_head_json":{"title":"EU law: iPhone &amp; Co. must use USB-C in the future","description":"The EU requires that all iPhones and other electronic devices must be equipped with USB-C by the end of 2024 at the latest.","robots":{"index":"index","follow":"follow","max-snippet":"max-snippet:-1","max-image-preview":"max-image-preview:large","max-video-preview":"max-video-preview:-1"},"canonical":"https:\/\/www.apfelpatient.de\/en\/news\/eu-law-iphone-co-must-use-usb-c-in-future","og_locale":"en_US","og_type":"article","og_title":"EU-Gesetz: iPhone & Co. m\u00fcssen in Zukunft USB-C verwenden","og_description":"Die EU schreibt vor, dass alle iPhones und andere elektronische Ger\u00e4te, bis sp\u00e4testens Ende 2024 mit USB-C ausgestattet sein m\u00fcssen.","og_url":"https:\/\/www.apfelpatient.de\/en\/news\/eu-law-iphone-co-must-use-usb-c-in-future","og_site_name":"Apfelpatient","article_publisher":"https:\/\/www.facebook.com\/apfelpatientOfficial","article_author":"https:\/\/www.facebook.com\/apfelpatientOfficial","article_published_time":"2022-10-04T13:52:50+00:00","article_modified_time":"2022-10-04T13:52:51+00:00","og_image":[{"width":1600,"height":1067,"url":"https:\/\/www.apfelpatient.de\/wp-content\/uploads\/2022\/10\/bigstock-Antalya-Turkey-June-456160457.jpg","type":"image\/jpeg"}],"author":"Milan","twitter_card":"summary_large_image","twitter_description":"Die EU schreibt vor, dass alle iPhones und andere elektronische Ger\u00e4te, bis sp\u00e4testens Ende 2024 mit USB-C ausgestattet sein m\u00fcssen.","twitter_misc":{"Written by":"Milan","Est. reading time":"3 minutes"},"schema":{"@context":"https:\/\/schema.org","@graph":[{"@type":"NewsArticle","@id":"https:\/\/www.apfelpatient.de\/news\/eu-gesetz-iphone-co-muessen-in-zukunft-usb-c-verwenden#article","isPartOf":{"@id":"https:\/\/www.apfelpatient.de\/news\/eu-gesetz-iphone-co-muessen-in-zukunft-usb-c-verwenden"},"author":{"@type":"Organization","@id":"https:\/\/www.apfelpatient.de\/en\/#organization","name":"Apfelpatient","url":"https:\/\/www.apfelpatient.de\/en\/"},"headline":"EU-Gesetz: iPhone &#038; Co. m\u00fcssen in Zukunft USB-C verwenden","datePublished":"2022-10-04T13:52:50+00:00","dateModified":"2022-10-04T13:52:51+00:00","mainEntityOfPage":{"@id":"https:\/\/www.apfelpatient.de\/news\/eu-gesetz-iphone-co-muessen-in-zukunft-usb-c-verwenden"},"wordCount":575,"publisher":{"@type":"Organization","@id":"https:\/\/www.apfelpatient.de\/en\/#organization","name":"Apfelpatient","url":"https:\/\/www.apfelpatient.de\/en\/"},"image":{"@id":"https:\/\/www.apfelpatient.de\/news\/eu-gesetz-iphone-co-muessen-in-zukunft-usb-c-verwenden#primaryimage"},"thumbnailUrl":"https:\/\/www.apfelpatient.de\/wp-content\/uploads\/2022\/10\/bigstock-Antalya-Turkey-June-456160457.jpg","keywords":["AirPods","iPad","iPhone","Mac","TechPatient"],"articleSection":"News","inLanguage":"en-US","copyrightYear":"2022","copyrightHolder":{"@id":"https:\/\/www.apfelpatient.de\/en\/#organization"}},{"@type":"WebPage","@id":"https:\/\/www.apfelpatient.de\/news\/eu-gesetz-iphone-co-muessen-in-zukunft-usb-c-verwenden","url":"https:\/\/www.apfelpatient.de\/news\/eu-gesetz-iphone-co-muessen-in-zukunft-usb-c-verwenden","name":"EU law: iPhone &amp; Co. must use USB-C in the future","isPartOf":{"@id":"https:\/\/www.apfelpatient.de\/#website"},"primaryImageOfPage":{"@id":"https:\/\/www.apfelpatient.de\/news\/eu-gesetz-iphone-co-muessen-in-zukunft-usb-c-verwenden#primaryimage"},"image":{"@id":"https:\/\/www.apfelpatient.de\/news\/eu-gesetz-iphone-co-muessen-in-zukunft-usb-c-verwenden#primaryimage"},"thumbnailUrl":"https:\/\/www.apfelpatient.de\/wp-content\/uploads\/2022\/10\/bigstock-Antalya-Turkey-June-456160457.jpg","datePublished":"2022-10-04T13:52:50+00:00","dateModified":"2022-10-04T13:52:51+00:00","description":"The EU requires that all iPhones and other electronic devices must be equipped with USB-C by the end of 2024 at the latest.","breadcrumb":{"@id":"https:\/\/www.apfelpatient.de\/news\/eu-gesetz-iphone-co-muessen-in-zukunft-usb-c-verwenden#breadcrumb"},"inLanguage":"en-US","potentialAction":[{"@type":"ReadAction","target":["https:\/\/www.apfelpatient.de\/news\/eu-gesetz-iphone-co-muessen-in-zukunft-usb-c-verwenden"]}]},{"@type":"ImageObject","inLanguage":"en-US","@id":"https:\/\/www.apfelpatient.de\/news\/eu-gesetz-iphone-co-muessen-in-zukunft-usb-c-verwenden#primaryimage","url":"https:\/\/www.apfelpatient.de\/wp-content\/uploads\/2022\/10\/bigstock-Antalya-Turkey-June-456160457.jpg","contentUrl":"https:\/\/www.apfelpatient.de\/wp-content\/uploads\/2022\/10\/bigstock-Antalya-Turkey-June-456160457.jpg","width":1600,"height":1067,"caption":"Antalya, TURKEY - June 10, 2022. Apple Iphone 13 Pro and Usb-c or Type-C Wired Charger. EU is forcing all devices to use Usb-c or Type-C"},{"@type":"BreadcrumbList","@id":"https:\/\/www.apfelpatient.de\/news\/eu-gesetz-iphone-co-muessen-in-zukunft-usb-c-verwenden#breadcrumb","itemListElement":[{"@type":"ListItem","position":1,"name":"Startseite","item":"https:\/\/www.apfelpatient.de\/"},{"@type":"ListItem","position":2,"name":"EU-Gesetz: iPhone &#038; Co. m\u00fcssen in Zukunft USB-C verwenden"}]},{"@type":"WebSite","@id":"https:\/\/www.apfelpatient.de\/#website","url":"https:\/\/www.apfelpatient.de\/","name":"apple patient","description":"Everything about Apple!","publisher":{"@type":"Organization","@id":"https:\/\/www.apfelpatient.de\/en\/#organization","name":"Apfelpatient","url":"https:\/\/www.apfelpatient.de\/en\/"},"alternateName":"Apfelpatient","potentialAction":[{"@type":"SearchAction","target":{"@type":"EntryPoint","urlTemplate":"https:\/\/www.apfelpatient.de\/?s={search_term_string}"},"query-input":{"@type":"PropertyValueSpecification","valueRequired":true,"valueName":"search_term_string"}}],"inLanguage":"en-US"},{"@type":["Person","Organization"],"@id":"https:\/\/www.apfelpatient.de\/#\/schema\/person\/7dc56ad6c8e9824b76d2c08d4c140e13","name":"Milan","logo":{"@id":"https:\/\/www.apfelpatient.de\/#\/schema\/person\/image\/"},"description":"Hello and welcome to my technology blog! As a big Apple fan, I report on everything to do with Apple: from the latest news and exciting rumors to helpful tips and tricks and detailed product tests. If you are as enthusiastic about technology as I am, you have come to the right place!","sameAs":["https:\/\/www.facebook.com\/apfelpatientOfficial","https:\/\/www.linkedin.com\/in\/milan-jovicic-42aa0231b"],"url":"https:\/\/www.apfelpatient.de\/en\/author\/apfeladmin"}]}},"_links":{"self":[{"href":"https:\/\/www.apfelpatient.de\/en\/wp-json\/wp\/v2\/posts\/34484","targetHints":{"allow":["GET"]}}],"collection":[{"href":"https:\/\/www.apfelpatient.de\/en\/wp-json\/wp\/v2\/posts"}],"about":[{"href":"https:\/\/www.apfelpatient.de\/en\/wp-json\/wp\/v2\/types\/post"}],"author":[{"embeddable":true,"href":"https:\/\/www.apfelpatient.de\/en\/wp-json\/wp\/v2\/users\/2"}],"replies":[{"embeddable":true,"href":"https:\/\/www.apfelpatient.de\/en\/wp-json\/wp\/v2\/comments?post=34484"}],"version-history":[{"count":0,"href":"https:\/\/www.apfelpatient.de\/en\/wp-json\/wp\/v2\/posts\/34484\/revisions"}],"wp:featuredmedia":[{"embeddable":true,"href":"https:\/\/www.apfelpatient.de\/en\/wp-json\/wp\/v2\/media\/34482"}],"wp:attachment":[{"href":"https:\/\/www.apfelpatient.de\/en\/wp-json\/wp\/v2\/media?parent=34484"}],"wp:term":[{"taxonomy":"category","embeddable":true,"href":"https:\/\/www.apfelpatient.de\/en\/wp-json\/wp\/v2\/categories?post=34484"},{"taxonomy":"post_tag","embeddable":true,"href":"https:\/\/www.apfelpatient.de\/en\/wp-json\/wp\/v2\/tags?post=34484"}],"curies":[{"name":"wp","href":"https:\/\/api.w.org\/{rel}","templated":true}]}}