{"id":34375,"date":"2022-09-26T17:05:51","date_gmt":"2022-09-26T15:05:51","guid":{"rendered":"https:\/\/www.apfelpatient.de\/?p=34375"},"modified":"2022-09-26T17:05:52","modified_gmt":"2022-09-26T15:05:52","slug":"iphone-15-ultra-with-usb-c-and-two-front-cameras","status":"publish","type":"post","link":"https:\/\/www.apfelpatient.de\/en\/rumors\/iphone-15-ultra-mit-usb-c-und-zwei-frontkameras","title":{"rendered":"iPhone 15 Ultra with USB-C and two front cameras?"},"content":{"rendered":"<p class=\"has-drop-cap\"><strong>Rumors about the so-called iPhone 15 Ultra are entering the next round. This time the focus is on the front camera and the port.<\/strong><\/p>\n\n\n\n<p>On Sunday, the first rumors about a new iPhone model <a href=\"https:\/\/www.apfelpatient.de\/en\/rumors\/will-apple-introduce-the-iphone-15-ultra-next-year\">loud<\/a>: The iPhone 14 Pro Max will be followed by the iPhone 15 Ultra in 2023. Following the example of the Apple Watch Ultra and the M1 Ultra, the new model should theoretically offer an even higher quality experience than the iPhone 14 Pro. However, Sunday&#039;s claim was accompanied by few details about the hardware, such as the use of USB-C and a revised design. Now leaker MajinBu has provided a few more possible details. According to the <a href=\"https:\/\/twitter.com\/MajinBuOfficial\/status\/1574360719965003776?s=20&amp;t=_18w8A1frezYYiHACH-BaQ\" target=\"_blank\" rel=\"noreferrer noopener\">source<\/a> According to MajinBu, the iPhone 15 Ultra will have two cameras on the front. The existing TrueDepth camera array has multiple components but only one camera sensor, so the alleged Ultra upgrade will offer an additional sensor.<\/p>\n\n\n\n<h3 class=\"wp-block-heading\" id=\"h-iphone-15-ultra-geruchte-sollten-mit-vorsicht-genossen-werden\">iPhone 15 Ultra: Rumors should be treated with caution<\/h3>\n\n\n\n\n\n\n\n<p>The reason for the second camera was not given. In theory, it could be used for stereoscopic video recording or simply for different levels of optical zoom. The leaker also claims that the iPhone 15 Ultra will use USB-C and launch with a 256GB storage capacity. The iPhone 15 Pro will, as usual, only use a front-facing camera and launch with a 128GB storage capacity. However, this model will apparently also get USB-C. Even though Apple&#039;s design and manufacturing efforts for its flagship devices can stretch for over a year, such rumors are usually more speculation than reality at this extremely early stage. More leaks should emerge throughout the year that will shed light on whether MajinBu&#039;s claim is accurate or not. (Photo by Unsplash \/ James Yarema)<\/p>\n\n\n\n<ul class=\"wp-block-list\"><li><a href=\"https:\/\/www.apfelpatient.de\/en\/rumors\/iphone-15-apple-plans-to-increase-differences-between-models\">iPhone 15: Apple plans to increase differences between models<\/a><\/li><\/ul>\n\n\n\n<h6 class=\"wp-block-heading translation-block\" id=\"h-kennt-ihr-schon-unsere-amazon-storefront-dort-findet-ihr-eine-handverlesene-auswahl-von-diversen-produkten-f-r-euer-iphone-und-co-viel-spa-beim-st-bern\"><em>Have you already visited our Amazon Storefront? There you&#039;ll find a hand-picked selection of various products for your iPhone and other devices \u2013 <span class=\"has-inline-color has-vivid-red-color\"><a href=\"https:\/\/www.amazon.de\/shop\/apfelpatientofficial\" class=\"ek-link\" data-wpel-link=\"exclude\" rel=\"follow noopener\" target=\"_self\"><span style=\"text-decoration: underline\" class=\"ek-underline\">enjoy browsing<\/span><\/a> !<\/span><\/em><\/h6>\n\n\n\n<h6 class=\"wp-block-heading translation-block\" id=\"h-der-beitrag-enthalt-partnerlinks\">This post contains <a data-type=\"URL\" data-id=\"https:\/\/www.apfelpatient.de\/partnerprogramm\" href=\"https:\/\/www.apfelpatient.de\/en\/partner-program\" data-wpel-link=\"internal\" target=\"_self\">affiliate links<\/a>.<\/h6>","protected":false},"excerpt":{"rendered":"<p>Rumors about the so-called iPhone 15 Ultra are entering the next round. This time the focus is on the front camera and the port.<\/p>","protected":false},"author":2,"featured_media":34374,"comment_status":"closed","ping_status":"closed","sticky":false,"template":"","format":"standard","meta":{"jnews-multi-image_gallery":[],"jnews_single_post":{"subtitle":"","format":"standard","video":"","gallery":"","source_name":"","source_url":"","via_name":"","via_url":"","override":[{"single_blog_custom":"","sidebar":"","second_sidebar":"","share_position":"","share_float_style":"","post_date_format":"","post_date_format_custom":"","post_reading_time_wpm":"","zoom_button_out_step":"1","zoom_button_in_step":"1","number_popup_post":"1"}],"image_override":[{"single_post_thumbnail_size":"","single_post_gallery_size":""}],"trending_post_position":"","trending_post_label":"","sponsored_post_label":"","sponsored_post_name":"","sponsored_post_url":"","sponsored_post_logo":"","sponsored_post_desc":""},"jnews_primary_category":{"id":"25"},"footnotes":""},"categories":[25],"tags":[8,689,579],"class_list":["post-34375","post","type-post","status-publish","format-standard","has-post-thumbnail","hentry","category-rumors","tag-iphone","tag-iphone-15","tag-iphone-2023"],"yoast_head":"<!-- This site is optimized with the Yoast SEO Premium plugin v27.5 (Yoast SEO v27.5) - https:\/\/yoast.com\/product\/yoast-seo-premium-wordpress\/ -->\n<title>iPhone 15 Ultra mit USB-C und zwei Frontkameras? Apfelpatient<\/title>\n<meta name=\"description\" content=\"Ger\u00fcchte rund um das sogenannte iPhone 15 Ultra gehen in die n\u00e4chste Runde. Dieses mal stehen die Frontkamera sowie der Port im Fokus.\" \/>\n<meta name=\"robots\" content=\"index, follow, max-snippet:-1, max-image-preview:large, max-video-preview:-1\" \/>\n<link rel=\"canonical\" href=\"https:\/\/www.apfelpatient.de\/en\/rumors\/iphone-15-ultra-with-usb-c-and-two-front-cameras\" \/>\n<meta property=\"og:locale\" content=\"en_US\" \/>\n<meta property=\"og:type\" content=\"article\" \/>\n<meta property=\"og:title\" content=\"iPhone 15 Ultra mit USB-C und zwei Frontkameras?\" \/>\n<meta property=\"og:description\" content=\"Ger\u00fcchte rund um das sogenannte iPhone 15 Ultra gehen in die n\u00e4chste Runde. Dieses mal stehen die Frontkamera sowie der Port im Fokus.\" \/>\n<meta property=\"og:url\" content=\"https:\/\/www.apfelpatient.de\/en\/rumors\/iphone-15-ultra-with-usb-c-and-two-front-cameras\" \/>\n<meta property=\"og:site_name\" content=\"Apfelpatient\" \/>\n<meta property=\"article:publisher\" content=\"https:\/\/www.facebook.com\/apfelpatientOfficial\" \/>\n<meta property=\"article:author\" content=\"https:\/\/www.facebook.com\/apfelpatientOfficial\" \/>\n<meta property=\"article:published_time\" content=\"2022-09-26T15:05:51+00:00\" \/>\n<meta property=\"article:modified_time\" content=\"2022-09-26T15:05:52+00:00\" \/>\n<meta property=\"og:image\" content=\"https:\/\/www.apfelpatient.de\/wp-content\/uploads\/2022\/09\/james-yarema-ZYVrM9caRpU-unsplash.jpg\" \/>\n\t<meta property=\"og:image:width\" content=\"1600\" \/>\n\t<meta property=\"og:image:height\" content=\"1067\" \/>\n\t<meta property=\"og:image:type\" content=\"image\/jpeg\" \/>\n<meta name=\"author\" content=\"Milan\" \/>\n<meta name=\"twitter:card\" content=\"summary_large_image\" \/>\n<meta name=\"twitter:description\" content=\"Ger\u00fcchte rund um das sogenannte iPhone 15 Ultra gehen in die n\u00e4chste Runde. Dieses mal stehen die Frontkamera sowie der Port im Fokus.\" \/>\n<meta name=\"twitter:label1\" content=\"Written by\" \/>\n\t<meta name=\"twitter:data1\" content=\"Milan\" \/>\n\t<meta name=\"twitter:label2\" content=\"Est. reading time\" \/>\n\t<meta name=\"twitter:data2\" content=\"2 minutes\" \/>\n<script type=\"application\/ld+json\" class=\"yoast-schema-graph\">{\"@context\":\"https:\\\/\\\/schema.org\",\"@graph\":[{\"@type\":\"NewsArticle\",\"@id\":\"https:\\\/\\\/www.apfelpatient.de\\\/rumors\\\/iphone-15-ultra-mit-usb-c-und-zwei-frontkameras#article\",\"isPartOf\":{\"@id\":\"https:\\\/\\\/www.apfelpatient.de\\\/rumors\\\/iphone-15-ultra-mit-usb-c-und-zwei-frontkameras\"},\"author\":{\"@type\":\"Organization\",\"@id\":\"https:\\\/\\\/www.apfelpatient.de\\\/en\\\/#organization\",\"name\":\"Apfelpatient\",\"url\":\"https:\\\/\\\/www.apfelpatient.de\\\/en\\\/\"},\"headline\":\"iPhone 15 Ultra mit USB-C und zwei Frontkameras?\",\"datePublished\":\"2022-09-26T15:05:51+00:00\",\"dateModified\":\"2022-09-26T15:05:52+00:00\",\"mainEntityOfPage\":{\"@id\":\"https:\\\/\\\/www.apfelpatient.de\\\/rumors\\\/iphone-15-ultra-mit-usb-c-und-zwei-frontkameras\"},\"wordCount\":305,\"publisher\":{\"@type\":\"Organization\",\"@id\":\"https:\\\/\\\/www.apfelpatient.de\\\/en\\\/#organization\",\"name\":\"Apfelpatient\",\"url\":\"https:\\\/\\\/www.apfelpatient.de\\\/en\\\/\"},\"image\":{\"@id\":\"https:\\\/\\\/www.apfelpatient.de\\\/rumors\\\/iphone-15-ultra-mit-usb-c-und-zwei-frontkameras#primaryimage\"},\"thumbnailUrl\":\"https:\\\/\\\/www.apfelpatient.de\\\/wp-content\\\/uploads\\\/2022\\\/09\\\/james-yarema-ZYVrM9caRpU-unsplash.jpg\",\"keywords\":[\"iPhone\",\"iPhone 15\",\"iPhone 2023\"],\"articleSection\":\"Rumors\",\"inLanguage\":\"en-US\",\"copyrightYear\":\"2022\",\"copyrightHolder\":{\"@id\":\"https:\\\/\\\/www.apfelpatient.de\\\/en\\\/#organization\"}},{\"@type\":\"WebPage\",\"@id\":\"https:\\\/\\\/www.apfelpatient.de\\\/rumors\\\/iphone-15-ultra-mit-usb-c-und-zwei-frontkameras\",\"url\":\"https:\\\/\\\/www.apfelpatient.de\\\/rumors\\\/iphone-15-ultra-mit-usb-c-und-zwei-frontkameras\",\"name\":\"iPhone 15 Ultra mit USB-C und zwei Frontkameras? Apfelpatient\",\"isPartOf\":{\"@id\":\"https:\\\/\\\/www.apfelpatient.de\\\/#website\"},\"primaryImageOfPage\":{\"@id\":\"https:\\\/\\\/www.apfelpatient.de\\\/rumors\\\/iphone-15-ultra-mit-usb-c-und-zwei-frontkameras#primaryimage\"},\"image\":{\"@id\":\"https:\\\/\\\/www.apfelpatient.de\\\/rumors\\\/iphone-15-ultra-mit-usb-c-und-zwei-frontkameras#primaryimage\"},\"thumbnailUrl\":\"https:\\\/\\\/www.apfelpatient.de\\\/wp-content\\\/uploads\\\/2022\\\/09\\\/james-yarema-ZYVrM9caRpU-unsplash.jpg\",\"datePublished\":\"2022-09-26T15:05:51+00:00\",\"dateModified\":\"2022-09-26T15:05:52+00:00\",\"description\":\"Ger\u00fcchte rund um das sogenannte iPhone 15 Ultra gehen in die n\u00e4chste Runde. Dieses mal stehen die Frontkamera sowie der Port im Fokus.\",\"breadcrumb\":{\"@id\":\"https:\\\/\\\/www.apfelpatient.de\\\/rumors\\\/iphone-15-ultra-mit-usb-c-und-zwei-frontkameras#breadcrumb\"},\"inLanguage\":\"en-US\",\"potentialAction\":[{\"@type\":\"ReadAction\",\"target\":[\"https:\\\/\\\/www.apfelpatient.de\\\/rumors\\\/iphone-15-ultra-mit-usb-c-und-zwei-frontkameras\"]}]},{\"@type\":\"ImageObject\",\"inLanguage\":\"en-US\",\"@id\":\"https:\\\/\\\/www.apfelpatient.de\\\/rumors\\\/iphone-15-ultra-mit-usb-c-und-zwei-frontkameras#primaryimage\",\"url\":\"https:\\\/\\\/www.apfelpatient.de\\\/wp-content\\\/uploads\\\/2022\\\/09\\\/james-yarema-ZYVrM9caRpU-unsplash.jpg\",\"contentUrl\":\"https:\\\/\\\/www.apfelpatient.de\\\/wp-content\\\/uploads\\\/2022\\\/09\\\/james-yarema-ZYVrM9caRpU-unsplash.jpg\",\"width\":1600,\"height\":1067,\"caption\":\"Photo by Unsplash \\\/ James Yarema\"},{\"@type\":\"BreadcrumbList\",\"@id\":\"https:\\\/\\\/www.apfelpatient.de\\\/rumors\\\/iphone-15-ultra-mit-usb-c-und-zwei-frontkameras#breadcrumb\",\"itemListElement\":[{\"@type\":\"ListItem\",\"position\":1,\"name\":\"Startseite\",\"item\":\"https:\\\/\\\/www.apfelpatient.de\\\/\"},{\"@type\":\"ListItem\",\"position\":2,\"name\":\"iPhone 15 Ultra mit USB-C und zwei Frontkameras?\"}]},{\"@type\":\"WebSite\",\"@id\":\"https:\\\/\\\/www.apfelpatient.de\\\/#website\",\"url\":\"https:\\\/\\\/www.apfelpatient.de\\\/\",\"name\":\"Apfelpatient\",\"description\":\"Alles rund um Apple!\",\"publisher\":{\"@type\":\"Organization\",\"@id\":\"https:\\\/\\\/www.apfelpatient.de\\\/en\\\/#organization\",\"name\":\"Apfelpatient\",\"url\":\"https:\\\/\\\/www.apfelpatient.de\\\/en\\\/\"},\"alternateName\":\"Apfelpatient\",\"potentialAction\":[{\"@type\":\"SearchAction\",\"target\":{\"@type\":\"EntryPoint\",\"urlTemplate\":\"https:\\\/\\\/www.apfelpatient.de\\\/?s={search_term_string}\"},\"query-input\":{\"@type\":\"PropertyValueSpecification\",\"valueRequired\":true,\"valueName\":\"search_term_string\"}}],\"inLanguage\":\"en-US\"},{\"@type\":[\"Person\",\"Organization\"],\"@id\":\"https:\\\/\\\/www.apfelpatient.de\\\/#\\\/schema\\\/person\\\/7dc56ad6c8e9824b76d2c08d4c140e13\",\"name\":\"Milan\",\"logo\":{\"@id\":\"https:\\\/\\\/www.apfelpatient.de\\\/#\\\/schema\\\/person\\\/image\\\/\"},\"description\":\"Hallo und herzlich willkommen auf meinem Technik-Blog! Als gro\u00dfer Apple-Fan berichte ich hier \u00fcber alles, was mit Apple zu tun hat: von den neuesten News und spannenden Ger\u00fcchten \u00fcber hilfreiche Tipps und Tricks bis hin zu ausf\u00fchrlichen Produkttests. Wenn du genauso technikbegeistert bist wie ich, bist du hier genau richtig!\",\"sameAs\":[\"https:\\\/\\\/www.facebook.com\\\/apfelpatientOfficial\",\"https:\\\/\\\/www.linkedin.com\\\/in\\\/milan-jovicic-42aa0231b\"],\"url\":\"https:\\\/\\\/www.apfelpatient.de\\\/en\\\/author\\\/apfeladmin\"}]}<\/script>\n<!-- \/ Yoast SEO Premium plugin. -->","yoast_head_json":{"title":"iPhone 15 Ultra with USB-C and two front cameras? Apfelpatient","description":"Rumors about the so-called iPhone 15 Ultra are entering the next round. This time the focus is on the front camera and the port.","robots":{"index":"index","follow":"follow","max-snippet":"max-snippet:-1","max-image-preview":"max-image-preview:large","max-video-preview":"max-video-preview:-1"},"canonical":"https:\/\/www.apfelpatient.de\/en\/rumors\/iphone-15-ultra-with-usb-c-and-two-front-cameras","og_locale":"en_US","og_type":"article","og_title":"iPhone 15 Ultra mit USB-C und zwei Frontkameras?","og_description":"Ger\u00fcchte rund um das sogenannte iPhone 15 Ultra gehen in die n\u00e4chste Runde. Dieses mal stehen die Frontkamera sowie der Port im Fokus.","og_url":"https:\/\/www.apfelpatient.de\/en\/rumors\/iphone-15-ultra-with-usb-c-and-two-front-cameras","og_site_name":"Apfelpatient","article_publisher":"https:\/\/www.facebook.com\/apfelpatientOfficial","article_author":"https:\/\/www.facebook.com\/apfelpatientOfficial","article_published_time":"2022-09-26T15:05:51+00:00","article_modified_time":"2022-09-26T15:05:52+00:00","og_image":[{"width":1600,"height":1067,"url":"https:\/\/www.apfelpatient.de\/wp-content\/uploads\/2022\/09\/james-yarema-ZYVrM9caRpU-unsplash.jpg","type":"image\/jpeg"}],"author":"Milan","twitter_card":"summary_large_image","twitter_description":"Ger\u00fcchte rund um das sogenannte iPhone 15 Ultra gehen in die n\u00e4chste Runde. Dieses mal stehen die Frontkamera sowie der Port im Fokus.","twitter_misc":{"Written by":"Milan","Est. reading time":"2 minutes"},"schema":{"@context":"https:\/\/schema.org","@graph":[{"@type":"NewsArticle","@id":"https:\/\/www.apfelpatient.de\/rumors\/iphone-15-ultra-mit-usb-c-und-zwei-frontkameras#article","isPartOf":{"@id":"https:\/\/www.apfelpatient.de\/rumors\/iphone-15-ultra-mit-usb-c-und-zwei-frontkameras"},"author":{"@type":"Organization","@id":"https:\/\/www.apfelpatient.de\/en\/#organization","name":"Apfelpatient","url":"https:\/\/www.apfelpatient.de\/en\/"},"headline":"iPhone 15 Ultra mit USB-C und zwei Frontkameras?","datePublished":"2022-09-26T15:05:51+00:00","dateModified":"2022-09-26T15:05:52+00:00","mainEntityOfPage":{"@id":"https:\/\/www.apfelpatient.de\/rumors\/iphone-15-ultra-mit-usb-c-und-zwei-frontkameras"},"wordCount":305,"publisher":{"@type":"Organization","@id":"https:\/\/www.apfelpatient.de\/en\/#organization","name":"Apfelpatient","url":"https:\/\/www.apfelpatient.de\/en\/"},"image":{"@id":"https:\/\/www.apfelpatient.de\/rumors\/iphone-15-ultra-mit-usb-c-und-zwei-frontkameras#primaryimage"},"thumbnailUrl":"https:\/\/www.apfelpatient.de\/wp-content\/uploads\/2022\/09\/james-yarema-ZYVrM9caRpU-unsplash.jpg","keywords":["iPhone","iPhone 15","iPhone 2023"],"articleSection":"Rumors","inLanguage":"en-US","copyrightYear":"2022","copyrightHolder":{"@id":"https:\/\/www.apfelpatient.de\/en\/#organization"}},{"@type":"WebPage","@id":"https:\/\/www.apfelpatient.de\/rumors\/iphone-15-ultra-mit-usb-c-und-zwei-frontkameras","url":"https:\/\/www.apfelpatient.de\/rumors\/iphone-15-ultra-mit-usb-c-und-zwei-frontkameras","name":"iPhone 15 Ultra with USB-C and two front cameras? Apfelpatient","isPartOf":{"@id":"https:\/\/www.apfelpatient.de\/#website"},"primaryImageOfPage":{"@id":"https:\/\/www.apfelpatient.de\/rumors\/iphone-15-ultra-mit-usb-c-und-zwei-frontkameras#primaryimage"},"image":{"@id":"https:\/\/www.apfelpatient.de\/rumors\/iphone-15-ultra-mit-usb-c-und-zwei-frontkameras#primaryimage"},"thumbnailUrl":"https:\/\/www.apfelpatient.de\/wp-content\/uploads\/2022\/09\/james-yarema-ZYVrM9caRpU-unsplash.jpg","datePublished":"2022-09-26T15:05:51+00:00","dateModified":"2022-09-26T15:05:52+00:00","description":"Rumors about the so-called iPhone 15 Ultra are entering the next round. This time the focus is on the front camera and the port.","breadcrumb":{"@id":"https:\/\/www.apfelpatient.de\/rumors\/iphone-15-ultra-mit-usb-c-und-zwei-frontkameras#breadcrumb"},"inLanguage":"en-US","potentialAction":[{"@type":"ReadAction","target":["https:\/\/www.apfelpatient.de\/rumors\/iphone-15-ultra-mit-usb-c-und-zwei-frontkameras"]}]},{"@type":"ImageObject","inLanguage":"en-US","@id":"https:\/\/www.apfelpatient.de\/rumors\/iphone-15-ultra-mit-usb-c-und-zwei-frontkameras#primaryimage","url":"https:\/\/www.apfelpatient.de\/wp-content\/uploads\/2022\/09\/james-yarema-ZYVrM9caRpU-unsplash.jpg","contentUrl":"https:\/\/www.apfelpatient.de\/wp-content\/uploads\/2022\/09\/james-yarema-ZYVrM9caRpU-unsplash.jpg","width":1600,"height":1067,"caption":"Photo by Unsplash \/ James Yarema"},{"@type":"BreadcrumbList","@id":"https:\/\/www.apfelpatient.de\/rumors\/iphone-15-ultra-mit-usb-c-und-zwei-frontkameras#breadcrumb","itemListElement":[{"@type":"ListItem","position":1,"name":"Startseite","item":"https:\/\/www.apfelpatient.de\/"},{"@type":"ListItem","position":2,"name":"iPhone 15 Ultra mit USB-C und zwei Frontkameras?"}]},{"@type":"WebSite","@id":"https:\/\/www.apfelpatient.de\/#website","url":"https:\/\/www.apfelpatient.de\/","name":"apple patient","description":"Everything about Apple!","publisher":{"@type":"Organization","@id":"https:\/\/www.apfelpatient.de\/en\/#organization","name":"Apfelpatient","url":"https:\/\/www.apfelpatient.de\/en\/"},"alternateName":"Apfelpatient","potentialAction":[{"@type":"SearchAction","target":{"@type":"EntryPoint","urlTemplate":"https:\/\/www.apfelpatient.de\/?s={search_term_string}"},"query-input":{"@type":"PropertyValueSpecification","valueRequired":true,"valueName":"search_term_string"}}],"inLanguage":"en-US"},{"@type":["Person","Organization"],"@id":"https:\/\/www.apfelpatient.de\/#\/schema\/person\/7dc56ad6c8e9824b76d2c08d4c140e13","name":"Milan","logo":{"@id":"https:\/\/www.apfelpatient.de\/#\/schema\/person\/image\/"},"description":"Hello and welcome to my technology blog! As a big Apple fan, I report on everything to do with Apple: from the latest news and exciting rumors to helpful tips and tricks and detailed product tests. If you are as enthusiastic about technology as I am, you have come to the right place!","sameAs":["https:\/\/www.facebook.com\/apfelpatientOfficial","https:\/\/www.linkedin.com\/in\/milan-jovicic-42aa0231b"],"url":"https:\/\/www.apfelpatient.de\/en\/author\/apfeladmin"}]}},"_links":{"self":[{"href":"https:\/\/www.apfelpatient.de\/en\/wp-json\/wp\/v2\/posts\/34375","targetHints":{"allow":["GET"]}}],"collection":[{"href":"https:\/\/www.apfelpatient.de\/en\/wp-json\/wp\/v2\/posts"}],"about":[{"href":"https:\/\/www.apfelpatient.de\/en\/wp-json\/wp\/v2\/types\/post"}],"author":[{"embeddable":true,"href":"https:\/\/www.apfelpatient.de\/en\/wp-json\/wp\/v2\/users\/2"}],"replies":[{"embeddable":true,"href":"https:\/\/www.apfelpatient.de\/en\/wp-json\/wp\/v2\/comments?post=34375"}],"version-history":[{"count":0,"href":"https:\/\/www.apfelpatient.de\/en\/wp-json\/wp\/v2\/posts\/34375\/revisions"}],"wp:featuredmedia":[{"embeddable":true,"href":"https:\/\/www.apfelpatient.de\/en\/wp-json\/wp\/v2\/media\/34374"}],"wp:attachment":[{"href":"https:\/\/www.apfelpatient.de\/en\/wp-json\/wp\/v2\/media?parent=34375"}],"wp:term":[{"taxonomy":"category","embeddable":true,"href":"https:\/\/www.apfelpatient.de\/en\/wp-json\/wp\/v2\/categories?post=34375"},{"taxonomy":"post_tag","embeddable":true,"href":"https:\/\/www.apfelpatient.de\/en\/wp-json\/wp\/v2\/tags?post=34375"}],"curies":[{"name":"wp","href":"https:\/\/api.w.org\/{rel}","templated":true}]}}