{"id":34349,"date":"2022-09-25T17:26:32","date_gmt":"2022-09-25T15:26:32","guid":{"rendered":"https:\/\/www.apfelpatient.de\/?p=34349"},"modified":"2022-09-25T17:26:32","modified_gmt":"2022-09-25T15:26:32","slug":"will-apple-introduce-the-iphone-15-ultra-next-year","status":"publish","type":"post","link":"https:\/\/www.apfelpatient.de\/en\/rumors\/wird-apple-naechstes-jahr-das-iphone-15-ultra-vorstellen","title":{"rendered":"Will Apple introduce the iPhone 15 Ultra next year?"},"content":{"rendered":"<p class=\"has-drop-cap\"><strong>Apple is preparing to potentially replace its \u201cPro Max\u201d iPhone with an all-new \u201cUltra\u201d model of the iPhone 15 next year, according to a new report.<\/strong><\/p>\n\n\n\n<p>In his current \u201cPower On\u201d newsletter <a href=\"https:\/\/www.bloomberg.com\/account\/newsletters\/power-on\" target=\"_blank\" rel=\"noreferrer noopener\">writes<\/a> Mark Gurman that Apple is planning a redesigned design, USB-C and a possible name change for the iPhone 15. According to Gurman, Apple could replace its &quot;Pro Max&quot; branding, which it has used since the iPhone 11, with &quot;Ultra&quot;.<\/p>\n\n\n\n<blockquote class=\"wp-block-quote is-layout-flow wp-block-quote-is-layout-flow\"><p>Based on Apple&#039;s current pattern, we can expect a revised iPhone design next year, accompanied by a switch to USB-C and a possible new Ultra model to replace the Pro Max.<\/p><\/blockquote>\n\n\n\n<h3 class=\"wp-block-heading\" id=\"h-iphone-15-ultra-konnte-das-pro-max-modell-ersetzen\">iPhone 15 Ultra could replace the \u201cPro Max\u201d model<\/h3>\n\n\n\n\n\n\n\n<p>The switch to the &quot;Ultra&quot; designation for the most premium iPhone would follow in the footsteps of naming decisions Apple has made recently. For example, the most robust Apple Watch to date is called the Apple Watch Ultra, while the most powerful Apple Silicon chip to date is called the M1 Ultra. There are no concrete details on the iPhone 15 yet, as it is still a year away. But it is widely expected that Apple will switch to USB-C for next year&#039;s iPhones. It is also believed that the hole- and pill-shaped cutouts introduced with the iPhone 14 Pro will make their way to all models in the iPhone 15 lineup. (Photo by Unsplash \/ James Yarema)<\/p>\n\n\n\n<ul class=\"wp-block-list\"><li><a href=\"https:\/\/www.apfelpatient.de\/en\/rumors\/iphone-15-cheaper-models-to-receive-dynamic-island\">iPhone 15: Cheaper models to get Dynamic Island<\/a><\/li><\/ul>\n\n\n\n<h6 class=\"wp-block-heading translation-block\" id=\"h-kennt-ihr-schon-unsere-amazon-storefront-dort-findet-ihr-eine-handverlesene-auswahl-von-diversen-produkten-f-r-euer-iphone-und-co-viel-spa-beim-st-bern\"><em>Have you already visited our Amazon Storefront? There you&#039;ll find a hand-picked selection of various products for your iPhone and other devices \u2013 <span class=\"has-inline-color has-vivid-red-color\"><a href=\"https:\/\/www.amazon.de\/shop\/apfelpatientofficial\" class=\"ek-link\" data-wpel-link=\"exclude\" rel=\"follow noopener\" target=\"_self\"><span style=\"text-decoration: underline\" class=\"ek-underline\">enjoy browsing<\/span><\/a> !<\/span><\/em><\/h6>\n\n\n\n<h6 class=\"wp-block-heading translation-block\" id=\"h-der-beitrag-enthalt-partnerlinks\">This post contains <a data-type=\"URL\" data-id=\"https:\/\/www.apfelpatient.de\/partnerprogramm\" href=\"https:\/\/www.apfelpatient.de\/en\/partner-program\" data-wpel-link=\"internal\" target=\"_self\">affiliate links<\/a>.<\/h6>","protected":false},"excerpt":{"rendered":"<p>Apple is preparing to potentially replace its \u201cPro Max\u201d model with an all-new iPhone 15 Ultra next year.<\/p>","protected":false},"author":2,"featured_media":34348,"comment_status":"closed","ping_status":"closed","sticky":false,"template":"","format":"standard","meta":{"jnews-multi-image_gallery":[],"jnews_single_post":{"subtitle":"","format":"standard","video":"","gallery":"","source_name":"","source_url":"","via_name":"","via_url":"","override":[{"single_blog_custom":"","sidebar":"","second_sidebar":"","share_position":"","share_float_style":"","post_date_format":"","post_date_format_custom":"","post_reading_time_wpm":"","zoom_button_out_step":"1","zoom_button_in_step":"1","number_popup_post":"1"}],"image_override":[{"single_post_thumbnail_size":"","single_post_gallery_size":""}],"trending_post_position":"","trending_post_label":"","sponsored_post_label":"","sponsored_post_name":"","sponsored_post_url":"","sponsored_post_logo":"","sponsored_post_desc":""},"jnews_primary_category":{"id":"25"},"footnotes":""},"categories":[25],"tags":[8,689,579],"class_list":["post-34349","post","type-post","status-publish","format-standard","has-post-thumbnail","hentry","category-rumors","tag-iphone","tag-iphone-15","tag-iphone-2023"],"yoast_head":"<!-- This site is optimized with the Yoast SEO Premium plugin v27.5 (Yoast SEO v27.5) - https:\/\/yoast.com\/product\/yoast-seo-premium-wordpress\/ -->\n<title>Wird Apple n\u00e4chstes Jahr das iPhone 15 Ultra vorstellen?<\/title>\n<meta name=\"description\" content=\"Apple bereitet sich darauf vor, sein &quot;Pro Max&quot;-Modell im n\u00e4chsten Jahr m\u00f6glicherweise durch ein v\u00f6llig neues iPhone 15 Ultra zu ersetzen.\" \/>\n<meta name=\"robots\" content=\"index, follow, max-snippet:-1, max-image-preview:large, max-video-preview:-1\" \/>\n<link rel=\"canonical\" href=\"https:\/\/www.apfelpatient.de\/en\/rumors\/will-apple-introduce-the-iphone-15-ultra-next-year\" \/>\n<meta property=\"og:locale\" content=\"en_US\" \/>\n<meta property=\"og:type\" content=\"article\" \/>\n<meta property=\"og:title\" content=\"Wird Apple n\u00e4chstes Jahr das iPhone 15 Ultra vorstellen?\" \/>\n<meta property=\"og:description\" content=\"Apple bereitet sich darauf vor, sein &quot;Pro Max&quot;-Modell im n\u00e4chsten Jahr m\u00f6glicherweise durch ein v\u00f6llig neues iPhone 15 Ultra zu ersetzen.\" \/>\n<meta property=\"og:url\" content=\"https:\/\/www.apfelpatient.de\/en\/rumors\/will-apple-introduce-the-iphone-15-ultra-next-year\" \/>\n<meta property=\"og:site_name\" content=\"Apfelpatient\" \/>\n<meta property=\"article:publisher\" content=\"https:\/\/www.facebook.com\/apfelpatientOfficial\" \/>\n<meta property=\"article:author\" content=\"https:\/\/www.facebook.com\/apfelpatientOfficial\" \/>\n<meta property=\"article:published_time\" content=\"2022-09-25T15:26:32+00:00\" \/>\n<meta property=\"og:image\" content=\"https:\/\/www.apfelpatient.de\/wp-content\/uploads\/2022\/09\/james-yarema-MQ25dT1yi1w-unsplash.jpg\" \/>\n\t<meta property=\"og:image:width\" content=\"1600\" \/>\n\t<meta property=\"og:image:height\" content=\"1067\" \/>\n\t<meta property=\"og:image:type\" content=\"image\/jpeg\" \/>\n<meta name=\"author\" content=\"Milan\" \/>\n<meta name=\"twitter:card\" content=\"summary_large_image\" \/>\n<meta name=\"twitter:description\" content=\"Apple bereitet sich darauf vor, sein &quot;Pro Max&quot;-Modell im n\u00e4chsten Jahr m\u00f6glicherweise durch ein v\u00f6llig neues iPhone 15 Ultra zu ersetzen.\" \/>\n<meta name=\"twitter:label1\" content=\"Written by\" \/>\n\t<meta name=\"twitter:data1\" content=\"Milan\" \/>\n\t<meta name=\"twitter:label2\" content=\"Est. reading time\" \/>\n\t<meta name=\"twitter:data2\" content=\"2 minutes\" \/>\n<script type=\"application\/ld+json\" class=\"yoast-schema-graph\">{\"@context\":\"https:\\\/\\\/schema.org\",\"@graph\":[{\"@type\":\"NewsArticle\",\"@id\":\"https:\\\/\\\/www.apfelpatient.de\\\/rumors\\\/wird-apple-naechstes-jahr-das-iphone-15-ultra-vorstellen#article\",\"isPartOf\":{\"@id\":\"https:\\\/\\\/www.apfelpatient.de\\\/rumors\\\/wird-apple-naechstes-jahr-das-iphone-15-ultra-vorstellen\"},\"author\":{\"@type\":\"Organization\",\"@id\":\"https:\\\/\\\/www.apfelpatient.de\\\/en\\\/#organization\",\"name\":\"Apfelpatient\",\"url\":\"https:\\\/\\\/www.apfelpatient.de\\\/en\\\/\"},\"headline\":\"Wird Apple n\u00e4chstes Jahr das iPhone 15 Ultra vorstellen?\",\"datePublished\":\"2022-09-25T15:26:32+00:00\",\"mainEntityOfPage\":{\"@id\":\"https:\\\/\\\/www.apfelpatient.de\\\/rumors\\\/wird-apple-naechstes-jahr-das-iphone-15-ultra-vorstellen\"},\"wordCount\":252,\"publisher\":{\"@type\":\"Organization\",\"@id\":\"https:\\\/\\\/www.apfelpatient.de\\\/en\\\/#organization\",\"name\":\"Apfelpatient\",\"url\":\"https:\\\/\\\/www.apfelpatient.de\\\/en\\\/\"},\"image\":{\"@id\":\"https:\\\/\\\/www.apfelpatient.de\\\/rumors\\\/wird-apple-naechstes-jahr-das-iphone-15-ultra-vorstellen#primaryimage\"},\"thumbnailUrl\":\"https:\\\/\\\/www.apfelpatient.de\\\/wp-content\\\/uploads\\\/2022\\\/09\\\/james-yarema-MQ25dT1yi1w-unsplash.jpg\",\"keywords\":[\"iPhone\",\"iPhone 15\",\"iPhone 2023\"],\"articleSection\":\"Rumors\",\"inLanguage\":\"en-US\",\"copyrightYear\":\"2022\",\"copyrightHolder\":{\"@id\":\"https:\\\/\\\/www.apfelpatient.de\\\/en\\\/#organization\"}},{\"@type\":\"WebPage\",\"@id\":\"https:\\\/\\\/www.apfelpatient.de\\\/rumors\\\/wird-apple-naechstes-jahr-das-iphone-15-ultra-vorstellen\",\"url\":\"https:\\\/\\\/www.apfelpatient.de\\\/rumors\\\/wird-apple-naechstes-jahr-das-iphone-15-ultra-vorstellen\",\"name\":\"Wird Apple n\u00e4chstes Jahr das iPhone 15 Ultra vorstellen?\",\"isPartOf\":{\"@id\":\"https:\\\/\\\/www.apfelpatient.de\\\/#website\"},\"primaryImageOfPage\":{\"@id\":\"https:\\\/\\\/www.apfelpatient.de\\\/rumors\\\/wird-apple-naechstes-jahr-das-iphone-15-ultra-vorstellen#primaryimage\"},\"image\":{\"@id\":\"https:\\\/\\\/www.apfelpatient.de\\\/rumors\\\/wird-apple-naechstes-jahr-das-iphone-15-ultra-vorstellen#primaryimage\"},\"thumbnailUrl\":\"https:\\\/\\\/www.apfelpatient.de\\\/wp-content\\\/uploads\\\/2022\\\/09\\\/james-yarema-MQ25dT1yi1w-unsplash.jpg\",\"datePublished\":\"2022-09-25T15:26:32+00:00\",\"description\":\"Apple bereitet sich darauf vor, sein \\\"Pro Max\\\"-Modell im n\u00e4chsten Jahr m\u00f6glicherweise durch ein v\u00f6llig neues iPhone 15 Ultra zu ersetzen.\",\"breadcrumb\":{\"@id\":\"https:\\\/\\\/www.apfelpatient.de\\\/rumors\\\/wird-apple-naechstes-jahr-das-iphone-15-ultra-vorstellen#breadcrumb\"},\"inLanguage\":\"en-US\",\"potentialAction\":[{\"@type\":\"ReadAction\",\"target\":[\"https:\\\/\\\/www.apfelpatient.de\\\/rumors\\\/wird-apple-naechstes-jahr-das-iphone-15-ultra-vorstellen\"]}]},{\"@type\":\"ImageObject\",\"inLanguage\":\"en-US\",\"@id\":\"https:\\\/\\\/www.apfelpatient.de\\\/rumors\\\/wird-apple-naechstes-jahr-das-iphone-15-ultra-vorstellen#primaryimage\",\"url\":\"https:\\\/\\\/www.apfelpatient.de\\\/wp-content\\\/uploads\\\/2022\\\/09\\\/james-yarema-MQ25dT1yi1w-unsplash.jpg\",\"contentUrl\":\"https:\\\/\\\/www.apfelpatient.de\\\/wp-content\\\/uploads\\\/2022\\\/09\\\/james-yarema-MQ25dT1yi1w-unsplash.jpg\",\"width\":1600,\"height\":1067,\"caption\":\"Photo by Unsplash \\\/ James Yarema\"},{\"@type\":\"BreadcrumbList\",\"@id\":\"https:\\\/\\\/www.apfelpatient.de\\\/rumors\\\/wird-apple-naechstes-jahr-das-iphone-15-ultra-vorstellen#breadcrumb\",\"itemListElement\":[{\"@type\":\"ListItem\",\"position\":1,\"name\":\"Startseite\",\"item\":\"https:\\\/\\\/www.apfelpatient.de\\\/\"},{\"@type\":\"ListItem\",\"position\":2,\"name\":\"Wird Apple n\u00e4chstes Jahr das iPhone 15 Ultra vorstellen?\"}]},{\"@type\":\"WebSite\",\"@id\":\"https:\\\/\\\/www.apfelpatient.de\\\/#website\",\"url\":\"https:\\\/\\\/www.apfelpatient.de\\\/\",\"name\":\"Apfelpatient\",\"description\":\"Alles rund um Apple!\",\"publisher\":{\"@type\":\"Organization\",\"@id\":\"https:\\\/\\\/www.apfelpatient.de\\\/en\\\/#organization\",\"name\":\"Apfelpatient\",\"url\":\"https:\\\/\\\/www.apfelpatient.de\\\/en\\\/\"},\"alternateName\":\"Apfelpatient\",\"potentialAction\":[{\"@type\":\"SearchAction\",\"target\":{\"@type\":\"EntryPoint\",\"urlTemplate\":\"https:\\\/\\\/www.apfelpatient.de\\\/?s={search_term_string}\"},\"query-input\":{\"@type\":\"PropertyValueSpecification\",\"valueRequired\":true,\"valueName\":\"search_term_string\"}}],\"inLanguage\":\"en-US\"},{\"@type\":[\"Person\",\"Organization\"],\"@id\":\"https:\\\/\\\/www.apfelpatient.de\\\/#\\\/schema\\\/person\\\/35b3ddba5832f2bfc7fff5206d4f6b7b\",\"name\":\"Milan\",\"logo\":{\"@id\":\"https:\\\/\\\/www.apfelpatient.de\\\/#\\\/schema\\\/person\\\/image\\\/\"},\"description\":\"Hallo und herzlich willkommen auf meinem Technik-Blog! Als gro\u00dfer Apple-Fan berichte ich hier \u00fcber alles, was mit Apple zu tun hat: von den neuesten News und spannenden Ger\u00fcchten \u00fcber hilfreiche Tipps und Tricks bis hin zu ausf\u00fchrlichen Produkttests. Wenn du genauso technikbegeistert bist wie ich, bist du hier genau richtig!\",\"sameAs\":[\"https:\\\/\\\/www.facebook.com\\\/apfelpatientOfficial\",\"https:\\\/\\\/www.linkedin.com\\\/in\\\/milan-jovicic-42aa0231b\"],\"url\":\"https:\\\/\\\/www.apfelpatient.de\\\/en\\\/author\\\/apfeladmin\"}]}<\/script>\n<!-- \/ Yoast SEO Premium plugin. -->","yoast_head_json":{"title":"Will Apple introduce the iPhone 15 Ultra next year?","description":"Apple is preparing to possibly replace its &quot;Pro Max&quot; model with an all-new iPhone 15 Ultra next year.","robots":{"index":"index","follow":"follow","max-snippet":"max-snippet:-1","max-image-preview":"max-image-preview:large","max-video-preview":"max-video-preview:-1"},"canonical":"https:\/\/www.apfelpatient.de\/en\/rumors\/will-apple-introduce-the-iphone-15-ultra-next-year","og_locale":"en_US","og_type":"article","og_title":"Wird Apple n\u00e4chstes Jahr das iPhone 15 Ultra vorstellen?","og_description":"Apple bereitet sich darauf vor, sein \"Pro Max\"-Modell im n\u00e4chsten Jahr m\u00f6glicherweise durch ein v\u00f6llig neues iPhone 15 Ultra zu ersetzen.","og_url":"https:\/\/www.apfelpatient.de\/en\/rumors\/will-apple-introduce-the-iphone-15-ultra-next-year","og_site_name":"Apfelpatient","article_publisher":"https:\/\/www.facebook.com\/apfelpatientOfficial","article_author":"https:\/\/www.facebook.com\/apfelpatientOfficial","article_published_time":"2022-09-25T15:26:32+00:00","og_image":[{"width":1600,"height":1067,"url":"https:\/\/www.apfelpatient.de\/wp-content\/uploads\/2022\/09\/james-yarema-MQ25dT1yi1w-unsplash.jpg","type":"image\/jpeg"}],"author":"Milan","twitter_card":"summary_large_image","twitter_description":"Apple bereitet sich darauf vor, sein \"Pro Max\"-Modell im n\u00e4chsten Jahr m\u00f6glicherweise durch ein v\u00f6llig neues iPhone 15 Ultra zu ersetzen.","twitter_misc":{"Written by":"Milan","Est. reading time":"2 minutes"},"schema":{"@context":"https:\/\/schema.org","@graph":[{"@type":"NewsArticle","@id":"https:\/\/www.apfelpatient.de\/rumors\/wird-apple-naechstes-jahr-das-iphone-15-ultra-vorstellen#article","isPartOf":{"@id":"https:\/\/www.apfelpatient.de\/rumors\/wird-apple-naechstes-jahr-das-iphone-15-ultra-vorstellen"},"author":{"@type":"Organization","@id":"https:\/\/www.apfelpatient.de\/en\/#organization","name":"Apfelpatient","url":"https:\/\/www.apfelpatient.de\/en\/"},"headline":"Wird Apple n\u00e4chstes Jahr das iPhone 15 Ultra vorstellen?","datePublished":"2022-09-25T15:26:32+00:00","mainEntityOfPage":{"@id":"https:\/\/www.apfelpatient.de\/rumors\/wird-apple-naechstes-jahr-das-iphone-15-ultra-vorstellen"},"wordCount":252,"publisher":{"@type":"Organization","@id":"https:\/\/www.apfelpatient.de\/en\/#organization","name":"Apfelpatient","url":"https:\/\/www.apfelpatient.de\/en\/"},"image":{"@id":"https:\/\/www.apfelpatient.de\/rumors\/wird-apple-naechstes-jahr-das-iphone-15-ultra-vorstellen#primaryimage"},"thumbnailUrl":"https:\/\/www.apfelpatient.de\/wp-content\/uploads\/2022\/09\/james-yarema-MQ25dT1yi1w-unsplash.jpg","keywords":["iPhone","iPhone 15","iPhone 2023"],"articleSection":"Rumors","inLanguage":"en-US","copyrightYear":"2022","copyrightHolder":{"@id":"https:\/\/www.apfelpatient.de\/en\/#organization"}},{"@type":"WebPage","@id":"https:\/\/www.apfelpatient.de\/rumors\/wird-apple-naechstes-jahr-das-iphone-15-ultra-vorstellen","url":"https:\/\/www.apfelpatient.de\/rumors\/wird-apple-naechstes-jahr-das-iphone-15-ultra-vorstellen","name":"Will Apple introduce the iPhone 15 Ultra next year?","isPartOf":{"@id":"https:\/\/www.apfelpatient.de\/#website"},"primaryImageOfPage":{"@id":"https:\/\/www.apfelpatient.de\/rumors\/wird-apple-naechstes-jahr-das-iphone-15-ultra-vorstellen#primaryimage"},"image":{"@id":"https:\/\/www.apfelpatient.de\/rumors\/wird-apple-naechstes-jahr-das-iphone-15-ultra-vorstellen#primaryimage"},"thumbnailUrl":"https:\/\/www.apfelpatient.de\/wp-content\/uploads\/2022\/09\/james-yarema-MQ25dT1yi1w-unsplash.jpg","datePublished":"2022-09-25T15:26:32+00:00","description":"Apple is preparing to possibly replace its &quot;Pro Max&quot; model with an all-new iPhone 15 Ultra next year.","breadcrumb":{"@id":"https:\/\/www.apfelpatient.de\/rumors\/wird-apple-naechstes-jahr-das-iphone-15-ultra-vorstellen#breadcrumb"},"inLanguage":"en-US","potentialAction":[{"@type":"ReadAction","target":["https:\/\/www.apfelpatient.de\/rumors\/wird-apple-naechstes-jahr-das-iphone-15-ultra-vorstellen"]}]},{"@type":"ImageObject","inLanguage":"en-US","@id":"https:\/\/www.apfelpatient.de\/rumors\/wird-apple-naechstes-jahr-das-iphone-15-ultra-vorstellen#primaryimage","url":"https:\/\/www.apfelpatient.de\/wp-content\/uploads\/2022\/09\/james-yarema-MQ25dT1yi1w-unsplash.jpg","contentUrl":"https:\/\/www.apfelpatient.de\/wp-content\/uploads\/2022\/09\/james-yarema-MQ25dT1yi1w-unsplash.jpg","width":1600,"height":1067,"caption":"Photo by Unsplash \/ James Yarema"},{"@type":"BreadcrumbList","@id":"https:\/\/www.apfelpatient.de\/rumors\/wird-apple-naechstes-jahr-das-iphone-15-ultra-vorstellen#breadcrumb","itemListElement":[{"@type":"ListItem","position":1,"name":"Startseite","item":"https:\/\/www.apfelpatient.de\/"},{"@type":"ListItem","position":2,"name":"Wird Apple n\u00e4chstes Jahr das iPhone 15 Ultra vorstellen?"}]},{"@type":"WebSite","@id":"https:\/\/www.apfelpatient.de\/#website","url":"https:\/\/www.apfelpatient.de\/","name":"apple patient","description":"Everything about Apple!","publisher":{"@type":"Organization","@id":"https:\/\/www.apfelpatient.de\/en\/#organization","name":"Apfelpatient","url":"https:\/\/www.apfelpatient.de\/en\/"},"alternateName":"Apfelpatient","potentialAction":[{"@type":"SearchAction","target":{"@type":"EntryPoint","urlTemplate":"https:\/\/www.apfelpatient.de\/?s={search_term_string}"},"query-input":{"@type":"PropertyValueSpecification","valueRequired":true,"valueName":"search_term_string"}}],"inLanguage":"en-US"},{"@type":["Person","Organization"],"@id":"https:\/\/www.apfelpatient.de\/#\/schema\/person\/35b3ddba5832f2bfc7fff5206d4f6b7b","name":"Milan","logo":{"@id":"https:\/\/www.apfelpatient.de\/#\/schema\/person\/image\/"},"description":"Hello and welcome to my technology blog! As a big Apple fan, I report on everything to do with Apple: from the latest news and exciting rumors to helpful tips and tricks and detailed product tests. If you are as enthusiastic about technology as I am, you have come to the right place!","sameAs":["https:\/\/www.facebook.com\/apfelpatientOfficial","https:\/\/www.linkedin.com\/in\/milan-jovicic-42aa0231b"],"url":"https:\/\/www.apfelpatient.de\/en\/author\/apfeladmin"}]}},"_links":{"self":[{"href":"https:\/\/www.apfelpatient.de\/en\/wp-json\/wp\/v2\/posts\/34349","targetHints":{"allow":["GET"]}}],"collection":[{"href":"https:\/\/www.apfelpatient.de\/en\/wp-json\/wp\/v2\/posts"}],"about":[{"href":"https:\/\/www.apfelpatient.de\/en\/wp-json\/wp\/v2\/types\/post"}],"author":[{"embeddable":true,"href":"https:\/\/www.apfelpatient.de\/en\/wp-json\/wp\/v2\/users\/2"}],"replies":[{"embeddable":true,"href":"https:\/\/www.apfelpatient.de\/en\/wp-json\/wp\/v2\/comments?post=34349"}],"version-history":[{"count":0,"href":"https:\/\/www.apfelpatient.de\/en\/wp-json\/wp\/v2\/posts\/34349\/revisions"}],"wp:featuredmedia":[{"embeddable":true,"href":"https:\/\/www.apfelpatient.de\/en\/wp-json\/wp\/v2\/media\/34348"}],"wp:attachment":[{"href":"https:\/\/www.apfelpatient.de\/en\/wp-json\/wp\/v2\/media?parent=34349"}],"wp:term":[{"taxonomy":"category","embeddable":true,"href":"https:\/\/www.apfelpatient.de\/en\/wp-json\/wp\/v2\/categories?post=34349"},{"taxonomy":"post_tag","embeddable":true,"href":"https:\/\/www.apfelpatient.de\/en\/wp-json\/wp\/v2\/tags?post=34349"}],"curies":[{"name":"wp","href":"https:\/\/api.w.org\/{rel}","templated":true}]}}