{"id":34280,"date":"2022-09-22T17:07:21","date_gmt":"2022-09-22T15:07:21","guid":{"rendered":"https:\/\/www.apfelpatient.de\/?p=34280"},"modified":"2025-04-14T09:11:35","modified_gmt":"2025-04-14T07:11:35","slug":"airpods-pro-2-in-the-test-sound-quality-noise-cancellation-more","status":"publish","type":"post","link":"https:\/\/www.apfelpatient.de\/en\/news\/airpods-pro-2-im-test-klangqualitaet-geraeuschunterdrueckung-mehr","title":{"rendered":"AirPods Pro 2 in the test: sound quality, noise cancellation &amp; more"},"content":{"rendered":"<p class=\"has-drop-cap\"><strong>The AirPods Pro 2 will be officially available from Friday, September 23rd. Now selected media and YouTube channels have already published the first reviews of Apple&#039;s latest earbuds.<\/strong><\/p>\n\n\n\n<p>The second-generation AirPods Pro cost \u20ac299 and offer improved audio quality, longer battery life and up to two times better noise cancellation than the original AirPods Pro. They also feature swipe-based volume control, an improved integrated skin detection sensor that turns audio on and off more precisely and a new XS ear tip option. In addition, the latest generation of Pro earbuds feature an updated charging case with a built-in speaker and U1 chip for Find My support with Precise Finding, an opening for attaching a lanyard loop for comfortable carrying and are IPX4 water and sweat resistant. In addition to Lightning and MagSafe, the case can now also be charged with an Apple Watch charger.<\/p>\n\n\n\n<h3 class=\"wp-block-heading\" id=\"h-airpods-pro-2-im-test\">AirPods Pro 2 in the test<\/h3>\n\n\n\n<p>Chris Welch of The Verge <a href=\"https:\/\/www.theverge.com\/23365910\/apple-airpods-pro-second-generation-review\" target=\"_blank\" rel=\"noreferrer noopener\">says<\/a>that the active noise cancellation has been \u201csignificantly\u201d improved:<\/p>\n\n\n\n<blockquote class=\"wp-block-quote is-layout-flow wp-block-quote-is-layout-flow\"><p>Apple has made significant strides in active noise cancellation. The company says the new implementation is, on average, &quot;up to&quot; two times as effective as the original AirPods Pro. While I don&#039;t have any scientific measuring tools, that claim doesn&#039;t seem unrealistic. In our office, I recently changed desks and now sit near a vent that makes a constant hum. The original AirPods Pro leave a trace of this in noise cancellation mode, but with the second-generation AirPods Pro, the noise is completely suppressed and undetectable. While I can still hear my coworkers&#039; conversations when they&#039;re right next to my desk, most of the time I have peace and quiet with the AirPods Pro. I&#039;ve also noticed significant improvements when commuting on the subway. When I drive through Brooklyn every day, there&#039;s less street noise coming through.<\/p><\/blockquote>\n\n\n\n<p>Welch also noticed an overall better sound quality. <a href=\"https:\/\/www.engadget.com\/airpods-pro-review-second-generation-130048218.html?guccounter=1\" target=\"_blank\" rel=\"noreferrer noopener\">writes<\/a> he:<\/p>\n\n\n\n<blockquote class=\"wp-block-quote is-layout-flow wp-block-quote-is-layout-flow\"><p>Let&#039;s get straight to the sound quality. Apple has completely redesigned the amplifier and drivers in the AirPods Pro. The drivers are the same size (11 millimeters) as in the third generation AirPods, but they sound better and deliver the cleanest and most dynamic output of any AirPod to date.<\/p><\/blockquote>\n\n\n\n<p>Billy Steele of Engadget achieved the advertised battery life of about six hours:<\/p>\n\n\n\n<blockquote class=\"wp-block-quote is-layout-flow wp-block-quote-is-layout-flow\"><p>In my testing, I managed six hours and fifteen minutes with a mix of noise cancellation, transparency mode, and calls. That&#039;s more than the previous generation (4.5 hours) and in line with what most competitors offer these days. Sure, some companies offer more than 10 hours on a charge, but the average for the noise-canceling products I&#039;ve tested is five to seven hours. More battery life would always be nice, but the six or seven hours Apple offers are enough to get you through the workday if you take a quick break.<\/p><\/blockquote>\n\n\n\n<h3 class=\"wp-block-heading\">AirPods Pro 2: Charging case supports &quot;Find My&quot; search<\/h3>\n\n\n\n\n\n\n\n<p>Andrew Liszewski of Gizmodo says the new swipe volume control is a welcome improvement but can be a little clunky at times:<\/p>\n\n\n\n<blockquote class=\"wp-block-quote is-layout-flow wp-block-quote-is-layout-flow\"><p>It&#039;s a welcome improvement but unfortunately one that I found a little difficult to use. Occasionally I had to swipe a few times before anything happened. Since I generally hate touching my earbuds while wearing them (they inevitably slip a little when I do), I think I&#039;ll continue to use Siri voice commands for volume control or skipping tracks (that&#039;s the only thing Siri does very well).<\/p><\/blockquote>\n\n\n\n<p>WIRED&#039;s Parker Hall discussed the charging case&#039;s integrated speaker. Hall <a href=\"https:\/\/www.wired.com\/review\/apple-airpods-pro-2nd-generation\/\" target=\"_blank\" rel=\"noreferrer noopener\">writes<\/a>that it &quot;rings quite loudly&quot; to assist with location tracking. At the same time, he criticizes the lack of a USB-C port.<\/p>\n\n\n\n<blockquote class=\"wp-block-quote is-layout-flow wp-block-quote-is-layout-flow\"><p>Want to find the case using Apple&#039;s Find My app? Now you can, and it rings pretty loudly. It also dings a little when it starts charging. Speaking of which, you can charge wirelessly as usual (the case also supports MagSafe), but it&#039;s a shame that Apple still relies on the Lightning connector instead of USB-C.<\/p><\/blockquote>\n\n\n\n<p>If you want the new plugs, you can order them from Apple for 299 euros. The charging case can be engraved free of charge - even with your own Memoji. (Image: Apple)<\/p>\n\n\n\n<ul class=\"wp-block-list\"><li><a href=\"https:\/\/www.apfelpatient.de\/en\/news\/airpods-pro-2-interesting-details-from-the-data-sheet\">AirPods Pro 2: Interesting details from the data sheet<\/a><\/li><\/ul>\n\n\n\n<h6 class=\"wp-block-heading translation-block\" id=\"h-kennt-ihr-schon-unsere-amazon-storefront-dort-findet-ihr-eine-handverlesene-auswahl-von-diversen-produkten-f-r-euer-iphone-und-co-viel-spa-beim-st-bern\"><em>Have you already visited our Amazon Storefront? There you&#039;ll find a hand-picked selection of various products for your iPhone and other devices \u2013 <span class=\"has-inline-color has-vivid-red-color\"><a href=\"https:\/\/www.amazon.de\/shop\/apfelpatientofficial\" class=\"ek-link\" data-wpel-link=\"exclude\" rel=\"follow noopener\" target=\"_self\"><span style=\"text-decoration: underline\" class=\"ek-underline\">enjoy browsing<\/span><\/a> !<\/span><\/em><\/h6>\n\n\n\n<h6 class=\"wp-block-heading translation-block\" id=\"h-der-beitrag-enthalt-partnerlinks\">This post contains <a data-type=\"URL\" data-id=\"https:\/\/www.apfelpatient.de\/partnerprogramm\" href=\"https:\/\/www.apfelpatient.de\/en\/partner-program\" data-wpel-link=\"internal\" target=\"_self\">affiliate links<\/a>.<\/h6>","protected":false},"excerpt":{"rendered":"<p>AirPods Pro 2: Now selected media and YouTube channels have already published the first test reports on Apple&#039;s latest earbuds.<\/p>","protected":false},"author":2,"featured_media":33690,"comment_status":"closed","ping_status":"closed","sticky":false,"template":"","format":"standard","meta":{"jnews-multi-image_gallery":[],"jnews_single_post":{"subtitle":"","format":"standard","video":"","gallery":"","source_name":"","source_url":"","via_name":"","via_url":"","override":[{"single_blog_custom":"","sidebar":"","second_sidebar":"","share_position":"","share_float_style":"","post_date_format":"","post_date_format_custom":"","post_reading_time_wpm":"","zoom_button_out_step":"1","zoom_button_in_step":"1","number_popup_post":"1"}],"image_override":[{"single_post_thumbnail_size":"","single_post_gallery_size":""}],"trending_post_position":"","trending_post_label":"","sponsored_post_label":"","sponsored_post_name":"","sponsored_post_url":"","sponsored_post_logo":"","sponsored_post_desc":""},"jnews_primary_category":{"id":"9"},"footnotes":""},"categories":[9],"tags":[28,401],"class_list":["post-34280","post","type-post","status-publish","format-standard","has-post-thumbnail","hentry","category-news","tag-airpods","tag-airpods-pro-2"],"yoast_head":"<!-- This site is optimized with the Yoast SEO Premium plugin v27.5 (Yoast SEO v27.5) - https:\/\/yoast.com\/product\/yoast-seo-premium-wordpress\/ -->\n<title>AirPods Pro 2 im Test: Klangqualit\u00e4t, Ger\u00e4uschunterdr\u00fcckung &amp; mehr<\/title>\n<meta name=\"description\" content=\"AirPods Pro 2: Nun haben ausgew\u00e4hlte Medien und YouTube-Kan\u00e4le bereits die ersten Testberichte zu Apples neuesten St\u00f6pseln ver\u00f6ffentlicht.\" \/>\n<meta name=\"robots\" content=\"index, follow, max-snippet:-1, max-image-preview:large, max-video-preview:-1\" \/>\n<link rel=\"canonical\" href=\"https:\/\/www.apfelpatient.de\/en\/news\/airpods-pro-2-in-the-test-sound-quality-noise-cancellation-more\" \/>\n<meta property=\"og:locale\" content=\"en_US\" \/>\n<meta property=\"og:type\" content=\"article\" \/>\n<meta property=\"og:title\" content=\"AirPods Pro 2 im Test: Klangqualit\u00e4t, Ger\u00e4uschunterdr\u00fcckung &amp; mehr\" \/>\n<meta property=\"og:description\" content=\"AirPods Pro 2: Nun haben ausgew\u00e4hlte Medien und YouTube-Kan\u00e4le bereits die ersten Testberichte zu Apples neuesten St\u00f6pseln ver\u00f6ffentlicht.\" \/>\n<meta property=\"og:url\" content=\"https:\/\/www.apfelpatient.de\/en\/news\/airpods-pro-2-in-the-test-sound-quality-noise-cancellation-more\" \/>\n<meta property=\"og:site_name\" content=\"Apfelpatient\" \/>\n<meta property=\"article:publisher\" content=\"https:\/\/www.facebook.com\/apfelpatientOfficial\" \/>\n<meta property=\"article:author\" content=\"https:\/\/www.facebook.com\/apfelpatientOfficial\" \/>\n<meta property=\"article:published_time\" content=\"2022-09-22T15:07:21+00:00\" \/>\n<meta property=\"article:modified_time\" content=\"2025-04-14T07:11:35+00:00\" \/>\n<meta property=\"og:image\" content=\"https:\/\/www.apfelpatient.de\/wp-content\/uploads\/2022\/09\/Apple-AirPods-Pro-2nd-gen-hero-220907.jpg\" \/>\n\t<meta property=\"og:image:width\" content=\"1600\" \/>\n\t<meta property=\"og:image:height\" content=\"1280\" \/>\n\t<meta property=\"og:image:type\" content=\"image\/jpeg\" \/>\n<meta name=\"author\" content=\"Milan\" \/>\n<meta name=\"twitter:card\" content=\"summary_large_image\" \/>\n<meta name=\"twitter:description\" content=\"AirPods Pro 2: Nun haben ausgew\u00e4hlte Medien und YouTube-Kan\u00e4le bereits die ersten Testberichte zu Apples neuesten St\u00f6pseln ver\u00f6ffentlicht.\" \/>\n<meta name=\"twitter:label1\" content=\"Written by\" \/>\n\t<meta name=\"twitter:data1\" content=\"Milan\" \/>\n\t<meta name=\"twitter:label2\" content=\"Est. reading time\" \/>\n\t<meta name=\"twitter:data2\" content=\"5 minutes\" \/>\n<script type=\"application\/ld+json\" class=\"yoast-schema-graph\">{\"@context\":\"https:\\\/\\\/schema.org\",\"@graph\":[{\"@type\":\"NewsArticle\",\"@id\":\"https:\\\/\\\/www.apfelpatient.de\\\/news\\\/airpods-pro-2-im-test-klangqualitaet-geraeuschunterdrueckung-mehr#article\",\"isPartOf\":{\"@id\":\"https:\\\/\\\/www.apfelpatient.de\\\/news\\\/airpods-pro-2-im-test-klangqualitaet-geraeuschunterdrueckung-mehr\"},\"author\":{\"@type\":\"Organization\",\"@id\":\"https:\\\/\\\/www.apfelpatient.de\\\/en\\\/#organization\",\"name\":\"Apfelpatient\",\"url\":\"https:\\\/\\\/www.apfelpatient.de\\\/en\\\/\"},\"headline\":\"AirPods Pro 2 im Test: Klangqualit\u00e4t, Ger\u00e4uschunterdr\u00fcckung &amp; mehr\",\"datePublished\":\"2022-09-22T15:07:21+00:00\",\"dateModified\":\"2025-04-14T07:11:35+00:00\",\"mainEntityOfPage\":{\"@id\":\"https:\\\/\\\/www.apfelpatient.de\\\/news\\\/airpods-pro-2-im-test-klangqualitaet-geraeuschunterdrueckung-mehr\"},\"wordCount\":766,\"publisher\":{\"@type\":\"Organization\",\"@id\":\"https:\\\/\\\/www.apfelpatient.de\\\/en\\\/#organization\",\"name\":\"Apfelpatient\",\"url\":\"https:\\\/\\\/www.apfelpatient.de\\\/en\\\/\"},\"image\":{\"@id\":\"https:\\\/\\\/www.apfelpatient.de\\\/news\\\/airpods-pro-2-im-test-klangqualitaet-geraeuschunterdrueckung-mehr#primaryimage\"},\"thumbnailUrl\":\"https:\\\/\\\/www.apfelpatient.de\\\/wp-content\\\/uploads\\\/2022\\\/09\\\/Apple-AirPods-Pro-2nd-gen-hero-220907.jpg\",\"keywords\":[\"AirPods\",\"AirPods Pro 2\"],\"articleSection\":\"News\",\"inLanguage\":\"en-US\",\"copyrightYear\":\"2022\",\"copyrightHolder\":{\"@id\":\"https:\\\/\\\/www.apfelpatient.de\\\/en\\\/#organization\"}},{\"@type\":\"WebPage\",\"@id\":\"https:\\\/\\\/www.apfelpatient.de\\\/news\\\/airpods-pro-2-im-test-klangqualitaet-geraeuschunterdrueckung-mehr\",\"url\":\"https:\\\/\\\/www.apfelpatient.de\\\/news\\\/airpods-pro-2-im-test-klangqualitaet-geraeuschunterdrueckung-mehr\",\"name\":\"AirPods Pro 2 im Test: Klangqualit\u00e4t, Ger\u00e4uschunterdr\u00fcckung &amp; mehr\",\"isPartOf\":{\"@id\":\"https:\\\/\\\/www.apfelpatient.de\\\/#website\"},\"primaryImageOfPage\":{\"@id\":\"https:\\\/\\\/www.apfelpatient.de\\\/news\\\/airpods-pro-2-im-test-klangqualitaet-geraeuschunterdrueckung-mehr#primaryimage\"},\"image\":{\"@id\":\"https:\\\/\\\/www.apfelpatient.de\\\/news\\\/airpods-pro-2-im-test-klangqualitaet-geraeuschunterdrueckung-mehr#primaryimage\"},\"thumbnailUrl\":\"https:\\\/\\\/www.apfelpatient.de\\\/wp-content\\\/uploads\\\/2022\\\/09\\\/Apple-AirPods-Pro-2nd-gen-hero-220907.jpg\",\"datePublished\":\"2022-09-22T15:07:21+00:00\",\"dateModified\":\"2025-04-14T07:11:35+00:00\",\"description\":\"AirPods Pro 2: Nun haben ausgew\u00e4hlte Medien und YouTube-Kan\u00e4le bereits die ersten Testberichte zu Apples neuesten St\u00f6pseln ver\u00f6ffentlicht.\",\"breadcrumb\":{\"@id\":\"https:\\\/\\\/www.apfelpatient.de\\\/news\\\/airpods-pro-2-im-test-klangqualitaet-geraeuschunterdrueckung-mehr#breadcrumb\"},\"inLanguage\":\"en-US\",\"potentialAction\":[{\"@type\":\"ReadAction\",\"target\":[\"https:\\\/\\\/www.apfelpatient.de\\\/news\\\/airpods-pro-2-im-test-klangqualitaet-geraeuschunterdrueckung-mehr\"]}]},{\"@type\":\"ImageObject\",\"inLanguage\":\"en-US\",\"@id\":\"https:\\\/\\\/www.apfelpatient.de\\\/news\\\/airpods-pro-2-im-test-klangqualitaet-geraeuschunterdrueckung-mehr#primaryimage\",\"url\":\"https:\\\/\\\/www.apfelpatient.de\\\/wp-content\\\/uploads\\\/2022\\\/09\\\/Apple-AirPods-Pro-2nd-gen-hero-220907.jpg\",\"contentUrl\":\"https:\\\/\\\/www.apfelpatient.de\\\/wp-content\\\/uploads\\\/2022\\\/09\\\/Apple-AirPods-Pro-2nd-gen-hero-220907.jpg\",\"width\":1600,\"height\":1280,\"caption\":\"Bild: Apple - AirPods Pro 2\"},{\"@type\":\"BreadcrumbList\",\"@id\":\"https:\\\/\\\/www.apfelpatient.de\\\/news\\\/airpods-pro-2-im-test-klangqualitaet-geraeuschunterdrueckung-mehr#breadcrumb\",\"itemListElement\":[{\"@type\":\"ListItem\",\"position\":1,\"name\":\"Startseite\",\"item\":\"https:\\\/\\\/www.apfelpatient.de\\\/\"},{\"@type\":\"ListItem\",\"position\":2,\"name\":\"AirPods Pro 2 im Test: Klangqualit\u00e4t, Ger\u00e4uschunterdr\u00fcckung &amp; mehr\"}]},{\"@type\":\"WebSite\",\"@id\":\"https:\\\/\\\/www.apfelpatient.de\\\/#website\",\"url\":\"https:\\\/\\\/www.apfelpatient.de\\\/\",\"name\":\"Apfelpatient\",\"description\":\"Alles rund um Apple!\",\"publisher\":{\"@type\":\"Organization\",\"@id\":\"https:\\\/\\\/www.apfelpatient.de\\\/en\\\/#organization\",\"name\":\"Apfelpatient\",\"url\":\"https:\\\/\\\/www.apfelpatient.de\\\/en\\\/\"},\"alternateName\":\"Apfelpatient\",\"potentialAction\":[{\"@type\":\"SearchAction\",\"target\":{\"@type\":\"EntryPoint\",\"urlTemplate\":\"https:\\\/\\\/www.apfelpatient.de\\\/?s={search_term_string}\"},\"query-input\":{\"@type\":\"PropertyValueSpecification\",\"valueRequired\":true,\"valueName\":\"search_term_string\"}}],\"inLanguage\":\"en-US\"},{\"@type\":[\"Person\",\"Organization\"],\"@id\":\"https:\\\/\\\/www.apfelpatient.de\\\/#\\\/schema\\\/person\\\/7dc56ad6c8e9824b76d2c08d4c140e13\",\"name\":\"Milan\",\"logo\":{\"@id\":\"https:\\\/\\\/www.apfelpatient.de\\\/#\\\/schema\\\/person\\\/image\\\/\"},\"description\":\"Hallo und herzlich willkommen auf meinem Technik-Blog! Als gro\u00dfer Apple-Fan berichte ich hier \u00fcber alles, was mit Apple zu tun hat: von den neuesten News und spannenden Ger\u00fcchten \u00fcber hilfreiche Tipps und Tricks bis hin zu ausf\u00fchrlichen Produkttests. Wenn du genauso technikbegeistert bist wie ich, bist du hier genau richtig!\",\"sameAs\":[\"https:\\\/\\\/www.facebook.com\\\/apfelpatientOfficial\",\"https:\\\/\\\/www.linkedin.com\\\/in\\\/milan-jovicic-42aa0231b\"],\"url\":\"https:\\\/\\\/www.apfelpatient.de\\\/en\\\/author\\\/apfeladmin\"}]}<\/script>\n<!-- \/ Yoast SEO Premium plugin. -->","yoast_head_json":{"title":"AirPods Pro 2 in the test: sound quality, noise cancellation &amp; more","description":"AirPods Pro 2: Now selected media and YouTube channels have already published the first test reports on Apple&#039;s latest earbuds.","robots":{"index":"index","follow":"follow","max-snippet":"max-snippet:-1","max-image-preview":"max-image-preview:large","max-video-preview":"max-video-preview:-1"},"canonical":"https:\/\/www.apfelpatient.de\/en\/news\/airpods-pro-2-in-the-test-sound-quality-noise-cancellation-more","og_locale":"en_US","og_type":"article","og_title":"AirPods Pro 2 im Test: Klangqualit\u00e4t, Ger\u00e4uschunterdr\u00fcckung &amp; mehr","og_description":"AirPods Pro 2: Nun haben ausgew\u00e4hlte Medien und YouTube-Kan\u00e4le bereits die ersten Testberichte zu Apples neuesten St\u00f6pseln ver\u00f6ffentlicht.","og_url":"https:\/\/www.apfelpatient.de\/en\/news\/airpods-pro-2-in-the-test-sound-quality-noise-cancellation-more","og_site_name":"Apfelpatient","article_publisher":"https:\/\/www.facebook.com\/apfelpatientOfficial","article_author":"https:\/\/www.facebook.com\/apfelpatientOfficial","article_published_time":"2022-09-22T15:07:21+00:00","article_modified_time":"2025-04-14T07:11:35+00:00","og_image":[{"width":1600,"height":1280,"url":"https:\/\/www.apfelpatient.de\/wp-content\/uploads\/2022\/09\/Apple-AirPods-Pro-2nd-gen-hero-220907.jpg","type":"image\/jpeg"}],"author":"Milan","twitter_card":"summary_large_image","twitter_description":"AirPods Pro 2: Nun haben ausgew\u00e4hlte Medien und YouTube-Kan\u00e4le bereits die ersten Testberichte zu Apples neuesten St\u00f6pseln ver\u00f6ffentlicht.","twitter_misc":{"Written by":"Milan","Est. reading time":"5 minutes"},"schema":{"@context":"https:\/\/schema.org","@graph":[{"@type":"NewsArticle","@id":"https:\/\/www.apfelpatient.de\/news\/airpods-pro-2-im-test-klangqualitaet-geraeuschunterdrueckung-mehr#article","isPartOf":{"@id":"https:\/\/www.apfelpatient.de\/news\/airpods-pro-2-im-test-klangqualitaet-geraeuschunterdrueckung-mehr"},"author":{"@type":"Organization","@id":"https:\/\/www.apfelpatient.de\/en\/#organization","name":"Apfelpatient","url":"https:\/\/www.apfelpatient.de\/en\/"},"headline":"AirPods Pro 2 im Test: Klangqualit\u00e4t, Ger\u00e4uschunterdr\u00fcckung &amp; mehr","datePublished":"2022-09-22T15:07:21+00:00","dateModified":"2025-04-14T07:11:35+00:00","mainEntityOfPage":{"@id":"https:\/\/www.apfelpatient.de\/news\/airpods-pro-2-im-test-klangqualitaet-geraeuschunterdrueckung-mehr"},"wordCount":766,"publisher":{"@type":"Organization","@id":"https:\/\/www.apfelpatient.de\/en\/#organization","name":"Apfelpatient","url":"https:\/\/www.apfelpatient.de\/en\/"},"image":{"@id":"https:\/\/www.apfelpatient.de\/news\/airpods-pro-2-im-test-klangqualitaet-geraeuschunterdrueckung-mehr#primaryimage"},"thumbnailUrl":"https:\/\/www.apfelpatient.de\/wp-content\/uploads\/2022\/09\/Apple-AirPods-Pro-2nd-gen-hero-220907.jpg","keywords":["AirPods","AirPods Pro 2"],"articleSection":"News","inLanguage":"en-US","copyrightYear":"2022","copyrightHolder":{"@id":"https:\/\/www.apfelpatient.de\/en\/#organization"}},{"@type":"WebPage","@id":"https:\/\/www.apfelpatient.de\/news\/airpods-pro-2-im-test-klangqualitaet-geraeuschunterdrueckung-mehr","url":"https:\/\/www.apfelpatient.de\/news\/airpods-pro-2-im-test-klangqualitaet-geraeuschunterdrueckung-mehr","name":"AirPods Pro 2 in the test: sound quality, noise cancellation &amp; more","isPartOf":{"@id":"https:\/\/www.apfelpatient.de\/#website"},"primaryImageOfPage":{"@id":"https:\/\/www.apfelpatient.de\/news\/airpods-pro-2-im-test-klangqualitaet-geraeuschunterdrueckung-mehr#primaryimage"},"image":{"@id":"https:\/\/www.apfelpatient.de\/news\/airpods-pro-2-im-test-klangqualitaet-geraeuschunterdrueckung-mehr#primaryimage"},"thumbnailUrl":"https:\/\/www.apfelpatient.de\/wp-content\/uploads\/2022\/09\/Apple-AirPods-Pro-2nd-gen-hero-220907.jpg","datePublished":"2022-09-22T15:07:21+00:00","dateModified":"2025-04-14T07:11:35+00:00","description":"AirPods Pro 2: Now selected media and YouTube channels have already published the first test reports on Apple&#039;s latest earbuds.","breadcrumb":{"@id":"https:\/\/www.apfelpatient.de\/news\/airpods-pro-2-im-test-klangqualitaet-geraeuschunterdrueckung-mehr#breadcrumb"},"inLanguage":"en-US","potentialAction":[{"@type":"ReadAction","target":["https:\/\/www.apfelpatient.de\/news\/airpods-pro-2-im-test-klangqualitaet-geraeuschunterdrueckung-mehr"]}]},{"@type":"ImageObject","inLanguage":"en-US","@id":"https:\/\/www.apfelpatient.de\/news\/airpods-pro-2-im-test-klangqualitaet-geraeuschunterdrueckung-mehr#primaryimage","url":"https:\/\/www.apfelpatient.de\/wp-content\/uploads\/2022\/09\/Apple-AirPods-Pro-2nd-gen-hero-220907.jpg","contentUrl":"https:\/\/www.apfelpatient.de\/wp-content\/uploads\/2022\/09\/Apple-AirPods-Pro-2nd-gen-hero-220907.jpg","width":1600,"height":1280,"caption":"Bild: Apple - AirPods Pro 2"},{"@type":"BreadcrumbList","@id":"https:\/\/www.apfelpatient.de\/news\/airpods-pro-2-im-test-klangqualitaet-geraeuschunterdrueckung-mehr#breadcrumb","itemListElement":[{"@type":"ListItem","position":1,"name":"Startseite","item":"https:\/\/www.apfelpatient.de\/"},{"@type":"ListItem","position":2,"name":"AirPods Pro 2 im Test: Klangqualit\u00e4t, Ger\u00e4uschunterdr\u00fcckung &amp; mehr"}]},{"@type":"WebSite","@id":"https:\/\/www.apfelpatient.de\/#website","url":"https:\/\/www.apfelpatient.de\/","name":"apple patient","description":"Everything about Apple!","publisher":{"@type":"Organization","@id":"https:\/\/www.apfelpatient.de\/en\/#organization","name":"Apfelpatient","url":"https:\/\/www.apfelpatient.de\/en\/"},"alternateName":"Apfelpatient","potentialAction":[{"@type":"SearchAction","target":{"@type":"EntryPoint","urlTemplate":"https:\/\/www.apfelpatient.de\/?s={search_term_string}"},"query-input":{"@type":"PropertyValueSpecification","valueRequired":true,"valueName":"search_term_string"}}],"inLanguage":"en-US"},{"@type":["Person","Organization"],"@id":"https:\/\/www.apfelpatient.de\/#\/schema\/person\/7dc56ad6c8e9824b76d2c08d4c140e13","name":"Milan","logo":{"@id":"https:\/\/www.apfelpatient.de\/#\/schema\/person\/image\/"},"description":"Hello and welcome to my technology blog! As a big Apple fan, I report on everything to do with Apple: from the latest news and exciting rumors to helpful tips and tricks and detailed product tests. If you are as enthusiastic about technology as I am, you have come to the right place!","sameAs":["https:\/\/www.facebook.com\/apfelpatientOfficial","https:\/\/www.linkedin.com\/in\/milan-jovicic-42aa0231b"],"url":"https:\/\/www.apfelpatient.de\/en\/author\/apfeladmin"}]}},"_links":{"self":[{"href":"https:\/\/www.apfelpatient.de\/en\/wp-json\/wp\/v2\/posts\/34280","targetHints":{"allow":["GET"]}}],"collection":[{"href":"https:\/\/www.apfelpatient.de\/en\/wp-json\/wp\/v2\/posts"}],"about":[{"href":"https:\/\/www.apfelpatient.de\/en\/wp-json\/wp\/v2\/types\/post"}],"author":[{"embeddable":true,"href":"https:\/\/www.apfelpatient.de\/en\/wp-json\/wp\/v2\/users\/2"}],"replies":[{"embeddable":true,"href":"https:\/\/www.apfelpatient.de\/en\/wp-json\/wp\/v2\/comments?post=34280"}],"version-history":[{"count":0,"href":"https:\/\/www.apfelpatient.de\/en\/wp-json\/wp\/v2\/posts\/34280\/revisions"}],"wp:featuredmedia":[{"embeddable":true,"href":"https:\/\/www.apfelpatient.de\/en\/wp-json\/wp\/v2\/media\/33690"}],"wp:attachment":[{"href":"https:\/\/www.apfelpatient.de\/en\/wp-json\/wp\/v2\/media?parent=34280"}],"wp:term":[{"taxonomy":"category","embeddable":true,"href":"https:\/\/www.apfelpatient.de\/en\/wp-json\/wp\/v2\/categories?post=34280"},{"taxonomy":"post_tag","embeddable":true,"href":"https:\/\/www.apfelpatient.de\/en\/wp-json\/wp\/v2\/tags?post=34280"}],"curies":[{"name":"wp","href":"https:\/\/api.w.org\/{rel}","templated":true}]}}