{"id":3425,"date":"2019-02-03T15:39:54","date_gmt":"2019-02-03T14:39:54","guid":{"rendered":"https:\/\/www.apfelpatient.de\/?p=3425"},"modified":"2025-02-06T07:26:57","modified_gmt":"2025-02-06T06:26:57","slug":"ios-13-compatibility-these-devices-are-supposedly-about-to-be-discontinued","status":"publish","type":"post","link":"https:\/\/www.apfelpatient.de\/en\/rumors\/ios-13-kompatibilitaet-diese-geraete-stehen-angeblich-vor-dem-aus","title":{"rendered":"iOS 13 compatibility: These devices are reportedly about to be discontinued"},"content":{"rendered":"<p><strong>Apple presents the new versions of macOS, iOS, watchOS and tvOS every year at the WWDC (World Wide Developer Conference). The mobile operating system iOS is attracting particularly great interest - possible features for iOS 13 were recently leaked.<\/strong><\/p>\n<p class=\"p1\"><\/p>\n<p>This year, Apple should introduce the next major iOS version - iOS 13. After iOS 12 was supposed to be a pure performance update with only a few new features, according to Apple, iOS 13 is eagerly awaited. The main focus of iOS 12 was, among other things, on optimizing performance and improving battery life. Now the expectations for iOS 13 are particularly high - to the new <a href=\"https:\/\/www.apfelpatient.de\/en\">iOS 13 features<\/a> For example, the dark mode should be included.<\/p>\n<p><strong>Four iPhone line-ups in danger<\/strong><\/p>\n<p>Now a new rumor is causing trouble - compatibility. The new iOS 13 is supposed to retire four iPhone line-ups - allegedly. Accordingly, support for the iPhone 5S, iPhone SE, iPhone 6 and iPhone 6 Plus is to be dropped - as if that wasn&#039;t enough, rumor has it that the iPhone 6S and iPhone 6S Plus are also on the hit list. The elimination of the iPhone 5S would still be acceptable, but what about the newer models? Apart from the iPhone 6 and iPhone 6 Plus, the other iPhone models are less than five years old - whether Apple really wants to shorten the life cycles of its own devices cannot currently be answered with certainty. The fact is: Such a step is likely to cause great anger among fans - we personally doubt that Apple will take such a path.<\/p>\n<p><strong>iPad models before the end<\/strong><\/p>\n<p>According to the report, the iPad Air and iPad Air 2 as well as all four iPad mini models will be left empty-handed. If this is the case, Apple would also be phasing out the iPad mini 4 too early - the small tablet was introduced in September 2015. It remains to be seen whether the rumors will turn out to be true, and since there has been no confirmation of this so far, the whole thing should of course be treated with particular caution. Observers suspect that the upcoming WWDC 2019 will take place in June.<\/p>\n<h6><a href=\"https:\/\/t.me\/apfelpatient_official\"><em><strong>Don&#039;t want to miss any more news? Then subscribe to our Telegram channel here<\/strong><\/em><\/a><\/h6>","protected":false},"excerpt":{"rendered":"<p>Apple stellt j\u00e4hrlich auf der WWDC (World Wide Developer Conference) die neuen Versionen von macOS, iOS, watchOS und tvOS vor. Besonders gro\u00dfes Interesse erregt dabei das mobile Betriebssystem iOS &#8211; erst k\u00fcrzlich sind m\u00f6gliche Features zu iOS 13 durchgesickert. In diesem Jahr sollte Apple die n\u00e4chste gro\u00dfe iOS Version vorstellen \u2013 n\u00e4mlich iOS 13. Nachdem [&hellip;]<\/p>\n","protected":false},"author":2,"featured_media":2031,"comment_status":"open","ping_status":"open","sticky":false,"template":"","format":"standard","meta":{"jnews-multi-image_gallery":[],"jnews_single_post":[],"jnews_primary_category":[],"footnotes":""},"categories":[25],"tags":[3,199,18,8,203],"class_list":["post-3425","post","type-post","status-publish","format-standard","has-post-thumbnail","hentry","category-rumors","tag-ios","tag-ios-13","tag-ipad","tag-iphone","tag-wwdc"],"yoast_head":"<!-- This site is optimized with the Yoast SEO Premium plugin v27.5 (Yoast SEO v27.5) - https:\/\/yoast.com\/product\/yoast-seo-premium-wordpress\/ -->\n<title>iOS 13 Kompatibilit\u00e4t: Diese Ger\u00e4te stehen angeblich vor dem Aus Apfelpatient<\/title>\n<meta name=\"description\" content=\"- Apple stellt j\u00e4hrlich auf der WWDC (World Wide Developer Conference) die neuen Versionen von macOS, iOS, watchOS und tvOS vor. Besonders gro\u00dfes Interesse erregt dabei das mobile Betriebssystem iOS - erst k\u00fcrzlich sind m\u00f6gliche Features zu iOS 13 durchgesickert.\" \/>\n<meta name=\"robots\" content=\"index, follow, max-snippet:-1, max-image-preview:large, max-video-preview:-1\" \/>\n<link rel=\"canonical\" href=\"https:\/\/www.apfelpatient.de\/en\/rumors\/ios-13-compatibility-these-devices-are-supposedly-about-to-be-discontinued\" \/>\n<meta property=\"og:locale\" content=\"en_US\" \/>\n<meta property=\"og:type\" content=\"article\" \/>\n<meta property=\"og:title\" content=\"iOS 13 Kompatibilit\u00e4t: Diese Ger\u00e4te stehen angeblich vor dem Aus\" \/>\n<meta property=\"og:description\" content=\"- Apple stellt j\u00e4hrlich auf der WWDC (World Wide Developer Conference) die neuen Versionen von macOS, iOS, watchOS und tvOS vor. Besonders gro\u00dfes Interesse erregt dabei das mobile Betriebssystem iOS - erst k\u00fcrzlich sind m\u00f6gliche Features zu iOS 13 durchgesickert.\" \/>\n<meta property=\"og:url\" content=\"https:\/\/www.apfelpatient.de\/en\/rumors\/ios-13-compatibility-these-devices-are-supposedly-about-to-be-discontinued\" \/>\n<meta property=\"og:site_name\" content=\"Apfelpatient\" \/>\n<meta property=\"article:publisher\" content=\"https:\/\/www.facebook.com\/apfelpatientOfficial\" \/>\n<meta property=\"article:author\" content=\"https:\/\/www.facebook.com\/apfelpatientOfficial\" \/>\n<meta property=\"article:published_time\" content=\"2019-02-03T14:39:54+00:00\" \/>\n<meta property=\"article:modified_time\" content=\"2025-02-06T06:26:57+00:00\" \/>\n<meta property=\"og:image\" content=\"https:\/\/www.apfelpatient.de\/wp-content\/uploads\/2018\/09\/Apple-Keynote_Directive-Games-Atli-Sveinsson_09122018.jpg\" \/>\n\t<meta property=\"og:image:width\" content=\"1632\" \/>\n\t<meta property=\"og:image:height\" content=\"1088\" \/>\n\t<meta property=\"og:image:type\" content=\"image\/jpeg\" \/>\n<meta name=\"author\" content=\"Milan\" \/>\n<meta name=\"twitter:card\" content=\"summary_large_image\" \/>\n<meta name=\"twitter:label1\" content=\"Written by\" \/>\n\t<meta name=\"twitter:data1\" content=\"Milan\" \/>\n\t<meta name=\"twitter:label2\" content=\"Est. reading time\" \/>\n\t<meta name=\"twitter:data2\" content=\"2 minutes\" \/>\n<script type=\"application\/ld+json\" class=\"yoast-schema-graph\">{\"@context\":\"https:\\\/\\\/schema.org\",\"@graph\":[{\"@type\":\"NewsArticle\",\"@id\":\"https:\\\/\\\/www.apfelpatient.de\\\/rumors\\\/ios-13-kompatibilitaet-diese-geraete-stehen-angeblich-vor-dem-aus#article\",\"isPartOf\":{\"@id\":\"https:\\\/\\\/www.apfelpatient.de\\\/rumors\\\/ios-13-kompatibilitaet-diese-geraete-stehen-angeblich-vor-dem-aus\"},\"author\":{\"@type\":\"Organization\",\"@id\":\"https:\\\/\\\/www.apfelpatient.de\\\/en\\\/#organization\",\"name\":\"Apfelpatient\",\"url\":\"https:\\\/\\\/www.apfelpatient.de\\\/en\\\/\"},\"headline\":\"iOS 13 Kompatibilit\u00e4t: Diese Ger\u00e4te stehen angeblich vor dem Aus\",\"datePublished\":\"2019-02-03T14:39:54+00:00\",\"dateModified\":\"2025-02-06T06:26:57+00:00\",\"mainEntityOfPage\":{\"@id\":\"https:\\\/\\\/www.apfelpatient.de\\\/rumors\\\/ios-13-kompatibilitaet-diese-geraete-stehen-angeblich-vor-dem-aus\"},\"wordCount\":380,\"commentCount\":0,\"publisher\":{\"@type\":\"Organization\",\"@id\":\"https:\\\/\\\/www.apfelpatient.de\\\/en\\\/#organization\",\"name\":\"Apfelpatient\",\"url\":\"https:\\\/\\\/www.apfelpatient.de\\\/en\\\/\"},\"image\":{\"@id\":\"https:\\\/\\\/www.apfelpatient.de\\\/rumors\\\/ios-13-kompatibilitaet-diese-geraete-stehen-angeblich-vor-dem-aus#primaryimage\"},\"thumbnailUrl\":\"https:\\\/\\\/www.apfelpatient.de\\\/wp-content\\\/uploads\\\/2018\\\/09\\\/Apple-Keynote_Directive-Games-Atli-Sveinsson_09122018.jpg\",\"keywords\":[\"iOS\",\"iOS 13\",\"iPad\",\"iPhone\",\"WWDC\"],\"articleSection\":\"Rumors\",\"inLanguage\":\"en-US\",\"potentialAction\":[{\"@type\":\"CommentAction\",\"name\":\"Comment\",\"target\":[\"https:\\\/\\\/www.apfelpatient.de\\\/rumors\\\/ios-13-kompatibilitaet-diese-geraete-stehen-angeblich-vor-dem-aus#respond\"]}],\"copyrightYear\":\"2019\",\"copyrightHolder\":{\"@id\":\"https:\\\/\\\/www.apfelpatient.de\\\/en\\\/#organization\"}},{\"@type\":\"WebPage\",\"@id\":\"https:\\\/\\\/www.apfelpatient.de\\\/rumors\\\/ios-13-kompatibilitaet-diese-geraete-stehen-angeblich-vor-dem-aus\",\"url\":\"https:\\\/\\\/www.apfelpatient.de\\\/rumors\\\/ios-13-kompatibilitaet-diese-geraete-stehen-angeblich-vor-dem-aus\",\"name\":\"iOS 13 Kompatibilit\u00e4t: Diese Ger\u00e4te stehen angeblich vor dem Aus Apfelpatient\",\"isPartOf\":{\"@id\":\"https:\\\/\\\/www.apfelpatient.de\\\/#website\"},\"primaryImageOfPage\":{\"@id\":\"https:\\\/\\\/www.apfelpatient.de\\\/rumors\\\/ios-13-kompatibilitaet-diese-geraete-stehen-angeblich-vor-dem-aus#primaryimage\"},\"image\":{\"@id\":\"https:\\\/\\\/www.apfelpatient.de\\\/rumors\\\/ios-13-kompatibilitaet-diese-geraete-stehen-angeblich-vor-dem-aus#primaryimage\"},\"thumbnailUrl\":\"https:\\\/\\\/www.apfelpatient.de\\\/wp-content\\\/uploads\\\/2018\\\/09\\\/Apple-Keynote_Directive-Games-Atli-Sveinsson_09122018.jpg\",\"datePublished\":\"2019-02-03T14:39:54+00:00\",\"dateModified\":\"2025-02-06T06:26:57+00:00\",\"description\":\"- Apple stellt j\u00e4hrlich auf der WWDC (World Wide Developer Conference) die neuen Versionen von macOS, iOS, watchOS und tvOS vor. Besonders gro\u00dfes Interesse erregt dabei das mobile Betriebssystem iOS - erst k\u00fcrzlich sind m\u00f6gliche Features zu iOS 13 durchgesickert.\",\"breadcrumb\":{\"@id\":\"https:\\\/\\\/www.apfelpatient.de\\\/rumors\\\/ios-13-kompatibilitaet-diese-geraete-stehen-angeblich-vor-dem-aus#breadcrumb\"},\"inLanguage\":\"en-US\",\"potentialAction\":[{\"@type\":\"ReadAction\",\"target\":[\"https:\\\/\\\/www.apfelpatient.de\\\/rumors\\\/ios-13-kompatibilitaet-diese-geraete-stehen-angeblich-vor-dem-aus\"]}]},{\"@type\":\"ImageObject\",\"inLanguage\":\"en-US\",\"@id\":\"https:\\\/\\\/www.apfelpatient.de\\\/rumors\\\/ios-13-kompatibilitaet-diese-geraete-stehen-angeblich-vor-dem-aus#primaryimage\",\"url\":\"https:\\\/\\\/www.apfelpatient.de\\\/wp-content\\\/uploads\\\/2018\\\/09\\\/Apple-Keynote_Directive-Games-Atli-Sveinsson_09122018.jpg\",\"contentUrl\":\"https:\\\/\\\/www.apfelpatient.de\\\/wp-content\\\/uploads\\\/2018\\\/09\\\/Apple-Keynote_Directive-Games-Atli-Sveinsson_09122018.jpg\",\"width\":1632,\"height\":1088,\"caption\":\"Bild: Apple\"},{\"@type\":\"BreadcrumbList\",\"@id\":\"https:\\\/\\\/www.apfelpatient.de\\\/rumors\\\/ios-13-kompatibilitaet-diese-geraete-stehen-angeblich-vor-dem-aus#breadcrumb\",\"itemListElement\":[{\"@type\":\"ListItem\",\"position\":1,\"name\":\"Startseite\",\"item\":\"https:\\\/\\\/www.apfelpatient.de\\\/\"},{\"@type\":\"ListItem\",\"position\":2,\"name\":\"iOS 13 Kompatibilit\u00e4t: Diese Ger\u00e4te stehen angeblich vor dem Aus\"}]},{\"@type\":\"WebSite\",\"@id\":\"https:\\\/\\\/www.apfelpatient.de\\\/#website\",\"url\":\"https:\\\/\\\/www.apfelpatient.de\\\/\",\"name\":\"Apfelpatient\",\"description\":\"Alles rund um Apple!\",\"publisher\":{\"@type\":\"Organization\",\"@id\":\"https:\\\/\\\/www.apfelpatient.de\\\/en\\\/#organization\",\"name\":\"Apfelpatient\",\"url\":\"https:\\\/\\\/www.apfelpatient.de\\\/en\\\/\"},\"alternateName\":\"Apfelpatient\",\"potentialAction\":[{\"@type\":\"SearchAction\",\"target\":{\"@type\":\"EntryPoint\",\"urlTemplate\":\"https:\\\/\\\/www.apfelpatient.de\\\/?s={search_term_string}\"},\"query-input\":{\"@type\":\"PropertyValueSpecification\",\"valueRequired\":true,\"valueName\":\"search_term_string\"}}],\"inLanguage\":\"en-US\"},{\"@type\":[\"Person\",\"Organization\"],\"@id\":\"https:\\\/\\\/www.apfelpatient.de\\\/#\\\/schema\\\/person\\\/7dc56ad6c8e9824b76d2c08d4c140e13\",\"name\":\"Milan\",\"logo\":{\"@id\":\"https:\\\/\\\/www.apfelpatient.de\\\/#\\\/schema\\\/person\\\/image\\\/\"},\"description\":\"Hallo und herzlich willkommen auf meinem Technik-Blog! Als gro\u00dfer Apple-Fan berichte ich hier \u00fcber alles, was mit Apple zu tun hat: von den neuesten News und spannenden Ger\u00fcchten \u00fcber hilfreiche Tipps und Tricks bis hin zu ausf\u00fchrlichen Produkttests. Wenn du genauso technikbegeistert bist wie ich, bist du hier genau richtig!\",\"sameAs\":[\"https:\\\/\\\/www.facebook.com\\\/apfelpatientOfficial\",\"https:\\\/\\\/www.linkedin.com\\\/in\\\/milan-jovicic-42aa0231b\"],\"url\":\"https:\\\/\\\/www.apfelpatient.de\\\/en\\\/author\\\/apfeladmin\"}]}<\/script>\n<!-- \/ Yoast SEO Premium plugin. -->","yoast_head_json":{"title":"iOS 13 Compatibility: These devices are reportedly about to be discontinued Apfelpatient","description":"- Apple presents the new versions of macOS, iOS, watchOS and tvOS every year at the WWDC (World Wide Developer Conference). The mobile operating system iOS is attracting particularly great interest - possible features for iOS 13 were recently leaked.","robots":{"index":"index","follow":"follow","max-snippet":"max-snippet:-1","max-image-preview":"max-image-preview:large","max-video-preview":"max-video-preview:-1"},"canonical":"https:\/\/www.apfelpatient.de\/en\/rumors\/ios-13-compatibility-these-devices-are-supposedly-about-to-be-discontinued","og_locale":"en_US","og_type":"article","og_title":"iOS 13 Kompatibilit\u00e4t: Diese Ger\u00e4te stehen angeblich vor dem Aus","og_description":"- Apple stellt j\u00e4hrlich auf der WWDC (World Wide Developer Conference) die neuen Versionen von macOS, iOS, watchOS und tvOS vor. Besonders gro\u00dfes Interesse erregt dabei das mobile Betriebssystem iOS - erst k\u00fcrzlich sind m\u00f6gliche Features zu iOS 13 durchgesickert.","og_url":"https:\/\/www.apfelpatient.de\/en\/rumors\/ios-13-compatibility-these-devices-are-supposedly-about-to-be-discontinued","og_site_name":"Apfelpatient","article_publisher":"https:\/\/www.facebook.com\/apfelpatientOfficial","article_author":"https:\/\/www.facebook.com\/apfelpatientOfficial","article_published_time":"2019-02-03T14:39:54+00:00","article_modified_time":"2025-02-06T06:26:57+00:00","og_image":[{"width":1632,"height":1088,"url":"https:\/\/www.apfelpatient.de\/wp-content\/uploads\/2018\/09\/Apple-Keynote_Directive-Games-Atli-Sveinsson_09122018.jpg","type":"image\/jpeg"}],"author":"Milan","twitter_card":"summary_large_image","twitter_misc":{"Written by":"Milan","Est. reading time":"2 minutes"},"schema":{"@context":"https:\/\/schema.org","@graph":[{"@type":"NewsArticle","@id":"https:\/\/www.apfelpatient.de\/rumors\/ios-13-kompatibilitaet-diese-geraete-stehen-angeblich-vor-dem-aus#article","isPartOf":{"@id":"https:\/\/www.apfelpatient.de\/rumors\/ios-13-kompatibilitaet-diese-geraete-stehen-angeblich-vor-dem-aus"},"author":{"@type":"Organization","@id":"https:\/\/www.apfelpatient.de\/en\/#organization","name":"Apfelpatient","url":"https:\/\/www.apfelpatient.de\/en\/"},"headline":"iOS 13 Kompatibilit\u00e4t: Diese Ger\u00e4te stehen angeblich vor dem Aus","datePublished":"2019-02-03T14:39:54+00:00","dateModified":"2025-02-06T06:26:57+00:00","mainEntityOfPage":{"@id":"https:\/\/www.apfelpatient.de\/rumors\/ios-13-kompatibilitaet-diese-geraete-stehen-angeblich-vor-dem-aus"},"wordCount":380,"commentCount":0,"publisher":{"@type":"Organization","@id":"https:\/\/www.apfelpatient.de\/en\/#organization","name":"Apfelpatient","url":"https:\/\/www.apfelpatient.de\/en\/"},"image":{"@id":"https:\/\/www.apfelpatient.de\/rumors\/ios-13-kompatibilitaet-diese-geraete-stehen-angeblich-vor-dem-aus#primaryimage"},"thumbnailUrl":"https:\/\/www.apfelpatient.de\/wp-content\/uploads\/2018\/09\/Apple-Keynote_Directive-Games-Atli-Sveinsson_09122018.jpg","keywords":["iOS","iOS 13","iPad","iPhone","WWDC"],"articleSection":"Rumors","inLanguage":"en-US","potentialAction":[{"@type":"CommentAction","name":"Comment","target":["https:\/\/www.apfelpatient.de\/rumors\/ios-13-kompatibilitaet-diese-geraete-stehen-angeblich-vor-dem-aus#respond"]}],"copyrightYear":"2019","copyrightHolder":{"@id":"https:\/\/www.apfelpatient.de\/en\/#organization"}},{"@type":"WebPage","@id":"https:\/\/www.apfelpatient.de\/rumors\/ios-13-kompatibilitaet-diese-geraete-stehen-angeblich-vor-dem-aus","url":"https:\/\/www.apfelpatient.de\/rumors\/ios-13-kompatibilitaet-diese-geraete-stehen-angeblich-vor-dem-aus","name":"iOS 13 Compatibility: These devices are reportedly about to be discontinued Apfelpatient","isPartOf":{"@id":"https:\/\/www.apfelpatient.de\/#website"},"primaryImageOfPage":{"@id":"https:\/\/www.apfelpatient.de\/rumors\/ios-13-kompatibilitaet-diese-geraete-stehen-angeblich-vor-dem-aus#primaryimage"},"image":{"@id":"https:\/\/www.apfelpatient.de\/rumors\/ios-13-kompatibilitaet-diese-geraete-stehen-angeblich-vor-dem-aus#primaryimage"},"thumbnailUrl":"https:\/\/www.apfelpatient.de\/wp-content\/uploads\/2018\/09\/Apple-Keynote_Directive-Games-Atli-Sveinsson_09122018.jpg","datePublished":"2019-02-03T14:39:54+00:00","dateModified":"2025-02-06T06:26:57+00:00","description":"- Apple presents the new versions of macOS, iOS, watchOS and tvOS every year at the WWDC (World Wide Developer Conference). The mobile operating system iOS is attracting particularly great interest - possible features for iOS 13 were recently leaked.","breadcrumb":{"@id":"https:\/\/www.apfelpatient.de\/rumors\/ios-13-kompatibilitaet-diese-geraete-stehen-angeblich-vor-dem-aus#breadcrumb"},"inLanguage":"en-US","potentialAction":[{"@type":"ReadAction","target":["https:\/\/www.apfelpatient.de\/rumors\/ios-13-kompatibilitaet-diese-geraete-stehen-angeblich-vor-dem-aus"]}]},{"@type":"ImageObject","inLanguage":"en-US","@id":"https:\/\/www.apfelpatient.de\/rumors\/ios-13-kompatibilitaet-diese-geraete-stehen-angeblich-vor-dem-aus#primaryimage","url":"https:\/\/www.apfelpatient.de\/wp-content\/uploads\/2018\/09\/Apple-Keynote_Directive-Games-Atli-Sveinsson_09122018.jpg","contentUrl":"https:\/\/www.apfelpatient.de\/wp-content\/uploads\/2018\/09\/Apple-Keynote_Directive-Games-Atli-Sveinsson_09122018.jpg","width":1632,"height":1088,"caption":"Bild: Apple"},{"@type":"BreadcrumbList","@id":"https:\/\/www.apfelpatient.de\/rumors\/ios-13-kompatibilitaet-diese-geraete-stehen-angeblich-vor-dem-aus#breadcrumb","itemListElement":[{"@type":"ListItem","position":1,"name":"Startseite","item":"https:\/\/www.apfelpatient.de\/"},{"@type":"ListItem","position":2,"name":"iOS 13 Kompatibilit\u00e4t: Diese Ger\u00e4te stehen angeblich vor dem Aus"}]},{"@type":"WebSite","@id":"https:\/\/www.apfelpatient.de\/#website","url":"https:\/\/www.apfelpatient.de\/","name":"apple patient","description":"Everything about Apple!","publisher":{"@type":"Organization","@id":"https:\/\/www.apfelpatient.de\/en\/#organization","name":"Apfelpatient","url":"https:\/\/www.apfelpatient.de\/en\/"},"alternateName":"Apfelpatient","potentialAction":[{"@type":"SearchAction","target":{"@type":"EntryPoint","urlTemplate":"https:\/\/www.apfelpatient.de\/?s={search_term_string}"},"query-input":{"@type":"PropertyValueSpecification","valueRequired":true,"valueName":"search_term_string"}}],"inLanguage":"en-US"},{"@type":["Person","Organization"],"@id":"https:\/\/www.apfelpatient.de\/#\/schema\/person\/7dc56ad6c8e9824b76d2c08d4c140e13","name":"Milan","logo":{"@id":"https:\/\/www.apfelpatient.de\/#\/schema\/person\/image\/"},"description":"Hello and welcome to my technology blog! As a big Apple fan, I report on everything to do with Apple: from the latest news and exciting rumors to helpful tips and tricks and detailed product tests. If you are as enthusiastic about technology as I am, you have come to the right place!","sameAs":["https:\/\/www.facebook.com\/apfelpatientOfficial","https:\/\/www.linkedin.com\/in\/milan-jovicic-42aa0231b"],"url":"https:\/\/www.apfelpatient.de\/en\/author\/apfeladmin"}]}},"_links":{"self":[{"href":"https:\/\/www.apfelpatient.de\/en\/wp-json\/wp\/v2\/posts\/3425","targetHints":{"allow":["GET"]}}],"collection":[{"href":"https:\/\/www.apfelpatient.de\/en\/wp-json\/wp\/v2\/posts"}],"about":[{"href":"https:\/\/www.apfelpatient.de\/en\/wp-json\/wp\/v2\/types\/post"}],"author":[{"embeddable":true,"href":"https:\/\/www.apfelpatient.de\/en\/wp-json\/wp\/v2\/users\/2"}],"replies":[{"embeddable":true,"href":"https:\/\/www.apfelpatient.de\/en\/wp-json\/wp\/v2\/comments?post=3425"}],"version-history":[{"count":0,"href":"https:\/\/www.apfelpatient.de\/en\/wp-json\/wp\/v2\/posts\/3425\/revisions"}],"wp:featuredmedia":[{"embeddable":true,"href":"https:\/\/www.apfelpatient.de\/en\/wp-json\/wp\/v2\/media\/2031"}],"wp:attachment":[{"href":"https:\/\/www.apfelpatient.de\/en\/wp-json\/wp\/v2\/media?parent=3425"}],"wp:term":[{"taxonomy":"category","embeddable":true,"href":"https:\/\/www.apfelpatient.de\/en\/wp-json\/wp\/v2\/categories?post=3425"},{"taxonomy":"post_tag","embeddable":true,"href":"https:\/\/www.apfelpatient.de\/en\/wp-json\/wp\/v2\/tags?post=3425"}],"curies":[{"name":"wp","href":"https:\/\/api.w.org\/{rel}","templated":true}]}}