{"id":3409,"date":"2019-02-01T13:54:30","date_gmt":"2019-02-01T12:54:30","guid":{"rendered":"https:\/\/www.apfelpatient.de\/?p=3409"},"modified":"2019-02-01T13:54:30","modified_gmt":"2019-02-01T12:54:30","slug":"qualcomm-apple-should-pay-or-tim-cook-should-go-to-prison","status":"publish","type":"post","link":"https:\/\/www.apfelpatient.de\/en\/news\/qualcomm-apple-soll-zahlen-oder-tim-cook-soll-ins-gefaengnis-gehen","title":{"rendered":"Qualcomm: Apple should pay or Tim Cook should go to jail"},"content":{"rendered":"<p><strong>It sounds strange \u2013 but it\u2019s true. That is Qualcomm\u2019s new demand before the Munich Regional Court.<\/strong><\/p>\n<p class=\"p1\"><\/p>\n<p>On December 20, 2018, the Munich Regional Court issued a ruling in favor of semiconductor manufacturer Qualcomm against Apple. According to this ruling, Apple is no longer allowed to sell or market certain iPhone models in this country.<\/p>\n<p>The reason for this is the violation of a patent whose technology optimizes the power consumption of the mobile phone chip. According to Qualcomm, Apple cannot change this with an iOS update. The ruling is not yet legally binding, but is provisionally enforceable. After Qualcomm deposited a security deposit of over 1.34 billion euros in securities, the sales ban came into force on January 3, 2019. Accordingly, Apple is no longer allowed to sell or market the iPhone 7, iPhone 7+, iPhone 8, iPhone 8+ and iPhone X models in this country.<\/p>\n<p><strong>Non-compliance with the ban is the reason for new demand<\/strong><\/p>\n<p>Apple has removed the affected iPhone models from its 15 stores in Germany and has therefore temporarily stopped selling them. Apple&#039;s press release at the time commented on the disappointment of the ruling and pointed out that all affected devices were available from retailers and contractual partners (Gravis &amp; Co.). Qualcomm has obtained an injunction against this statement. The Munich Regional Court subsequently ruled that the passage in the press release was misleading. According to the ruling, Apple is no longer allowed to make such statements in the future. Despite the ban, the affected iPhone devices can still be purchased from third-party retailers. This is exactly what Apple should have prevented by confiscating all devices and then scrapping them. Qualcomm has now filed a new application against Apple at the Munich Regional Court for this reason.<\/p>\n<p><strong>prison for Tim Cook<\/strong><\/p>\n\n<p>According to the application, Qualcomm is demanding a penalty for Apple&#039;s failure - in the millions. The exact amount is not yet known. If Apple does not pay, the Munich Regional Court should impose coercive detention on Apple CEO Tim Cook - according to the content of the application.<\/p>\n<p><strong>Apple comments on Qualcomm&#039;s new demand<\/strong><\/p>\n<p>Apple has now commented on Qualcomm&#039;s new demand and describes it as a diversionary tactic. Apple believes that it has complied with the sales ban so far and refuses to initiate a recall for the devices in question (iPhone 7, iPhone 7+, iPhone 8, iPhone 8+ and iPhone X) that are still on sale at other retailers - according to Apple, it is not obliged to do so. Cupertino has appealed against the ruling of December 20, 2018.<\/p>\n<h6><a href=\"https:\/\/t.me\/apfelpatient_official\"><em><strong>Don&#039;t want to miss any more news? Then subscribe to our Telegram channel here<\/strong><\/em><\/a><\/h6>","protected":false},"excerpt":{"rendered":"<p>Es h\u00f6rt sich komisch an &#8211; aber es ist wahr. So lautet\u00a0 Qualcomms neue Forderung vor dem Landgericht M\u00fcnchen. Am 20. Dezember 2018 hat das Landgericht M\u00fcnchen ein Urteil zugunsten des Halbleiterherstellers Qualcomm gegen Apple ausgesprochen. Demnach darf Apple hierzulande bestimmte iPhone Modelle nicht mehr verkaufen bzw. in Verkehr bringen. Grund daf\u00fcr sei die Verletzung [&hellip;]<\/p>\n","protected":false},"author":2,"featured_media":3182,"comment_status":"open","ping_status":"open","sticky":false,"template":"","format":"standard","meta":{"jnews-multi-image_gallery":[],"jnews_single_post":[],"jnews_primary_category":[],"footnotes":""},"categories":[9],"tags":[147,8,10],"class_list":["post-3409","post","type-post","status-publish","format-standard","has-post-thumbnail","hentry","category-news","tag-apple","tag-iphone","tag-qualcomm"],"yoast_head":"<!-- This site is optimized with the Yoast SEO Premium plugin v27.5 (Yoast SEO v27.5) - https:\/\/yoast.com\/product\/yoast-seo-premium-wordpress\/ -->\n<title>Qualcomm: Apple soll zahlen oder Tim Cook soll ins Gef\u00e4ngnis gehen Apfelpatient<\/title>\n<meta name=\"description\" content=\"-Es h\u00f6rt sich komisch an - aber es ist wahr. So lautet\u00a0 Qualcomms neue Forderung vor dem Landgericht M\u00fcnchen.\" \/>\n<meta name=\"robots\" content=\"index, follow, max-snippet:-1, max-image-preview:large, max-video-preview:-1\" \/>\n<link rel=\"canonical\" href=\"https:\/\/www.apfelpatient.de\/en\/news\/qualcomm-apple-should-pay-or-tim-cook-should-go-to-prison\" \/>\n<meta property=\"og:locale\" content=\"en_US\" \/>\n<meta property=\"og:type\" content=\"article\" \/>\n<meta property=\"og:title\" content=\"Qualcomm: Apple soll zahlen oder Tim Cook soll ins Gef\u00e4ngnis gehen\" \/>\n<meta property=\"og:description\" content=\"-Es h\u00f6rt sich komisch an - aber es ist wahr. So lautet\u00a0 Qualcomms neue Forderung vor dem Landgericht M\u00fcnchen.\" \/>\n<meta property=\"og:url\" content=\"https:\/\/www.apfelpatient.de\/en\/news\/qualcomm-apple-should-pay-or-tim-cook-should-go-to-prison\" \/>\n<meta property=\"og:site_name\" content=\"Apfelpatient\" \/>\n<meta property=\"article:publisher\" content=\"https:\/\/www.facebook.com\/apfelpatientOfficial\" \/>\n<meta property=\"article:author\" content=\"https:\/\/www.facebook.com\/apfelpatientOfficial\" \/>\n<meta property=\"article:published_time\" content=\"2019-02-01T12:54:30+00:00\" \/>\n<meta property=\"og:image\" content=\"https:\/\/www.apfelpatient.de\/wp-content\/uploads\/2019\/01\/rawpixel-1055781-unsplash.jpg\" \/>\n\t<meta property=\"og:image:width\" content=\"4000\" \/>\n\t<meta property=\"og:image:height\" content=\"2682\" \/>\n\t<meta property=\"og:image:type\" content=\"image\/jpeg\" \/>\n<meta name=\"author\" content=\"Milan\" \/>\n<meta name=\"twitter:card\" content=\"summary_large_image\" \/>\n<meta name=\"twitter:label1\" content=\"Written by\" \/>\n\t<meta name=\"twitter:data1\" content=\"Milan\" \/>\n\t<meta name=\"twitter:label2\" content=\"Est. reading time\" \/>\n\t<meta name=\"twitter:data2\" content=\"2 minutes\" \/>\n<script type=\"application\/ld+json\" class=\"yoast-schema-graph\">{\"@context\":\"https:\\\/\\\/schema.org\",\"@graph\":[{\"@type\":\"NewsArticle\",\"@id\":\"https:\\\/\\\/www.apfelpatient.de\\\/news\\\/qualcomm-apple-soll-zahlen-oder-tim-cook-soll-ins-gefaengnis-gehen#article\",\"isPartOf\":{\"@id\":\"https:\\\/\\\/www.apfelpatient.de\\\/news\\\/qualcomm-apple-soll-zahlen-oder-tim-cook-soll-ins-gefaengnis-gehen\"},\"author\":{\"@type\":\"Organization\",\"@id\":\"https:\\\/\\\/www.apfelpatient.de\\\/en\\\/#organization\",\"name\":\"Apfelpatient\",\"url\":\"https:\\\/\\\/www.apfelpatient.de\\\/en\\\/\"},\"headline\":\"Qualcomm: Apple soll zahlen oder Tim Cook soll ins Gef\u00e4ngnis gehen\",\"datePublished\":\"2019-02-01T12:54:30+00:00\",\"mainEntityOfPage\":{\"@id\":\"https:\\\/\\\/www.apfelpatient.de\\\/news\\\/qualcomm-apple-soll-zahlen-oder-tim-cook-soll-ins-gefaengnis-gehen\"},\"wordCount\":444,\"commentCount\":0,\"publisher\":{\"@type\":\"Organization\",\"@id\":\"https:\\\/\\\/www.apfelpatient.de\\\/en\\\/#organization\",\"name\":\"Apfelpatient\",\"url\":\"https:\\\/\\\/www.apfelpatient.de\\\/en\\\/\"},\"image\":{\"@id\":\"https:\\\/\\\/www.apfelpatient.de\\\/news\\\/qualcomm-apple-soll-zahlen-oder-tim-cook-soll-ins-gefaengnis-gehen#primaryimage\"},\"thumbnailUrl\":\"https:\\\/\\\/www.apfelpatient.de\\\/wp-content\\\/uploads\\\/2019\\\/01\\\/rawpixel-1055781-unsplash.jpg\",\"keywords\":[\"Apple\",\"iPhone\",\"Qualcomm\"],\"articleSection\":\"News\",\"inLanguage\":\"en-US\",\"potentialAction\":[{\"@type\":\"CommentAction\",\"name\":\"Comment\",\"target\":[\"https:\\\/\\\/www.apfelpatient.de\\\/news\\\/qualcomm-apple-soll-zahlen-oder-tim-cook-soll-ins-gefaengnis-gehen#respond\"]}],\"copyrightYear\":\"2019\",\"copyrightHolder\":{\"@id\":\"https:\\\/\\\/www.apfelpatient.de\\\/en\\\/#organization\"}},{\"@type\":\"WebPage\",\"@id\":\"https:\\\/\\\/www.apfelpatient.de\\\/news\\\/qualcomm-apple-soll-zahlen-oder-tim-cook-soll-ins-gefaengnis-gehen\",\"url\":\"https:\\\/\\\/www.apfelpatient.de\\\/news\\\/qualcomm-apple-soll-zahlen-oder-tim-cook-soll-ins-gefaengnis-gehen\",\"name\":\"Qualcomm: Apple soll zahlen oder Tim Cook soll ins Gef\u00e4ngnis gehen Apfelpatient\",\"isPartOf\":{\"@id\":\"https:\\\/\\\/www.apfelpatient.de\\\/#website\"},\"primaryImageOfPage\":{\"@id\":\"https:\\\/\\\/www.apfelpatient.de\\\/news\\\/qualcomm-apple-soll-zahlen-oder-tim-cook-soll-ins-gefaengnis-gehen#primaryimage\"},\"image\":{\"@id\":\"https:\\\/\\\/www.apfelpatient.de\\\/news\\\/qualcomm-apple-soll-zahlen-oder-tim-cook-soll-ins-gefaengnis-gehen#primaryimage\"},\"thumbnailUrl\":\"https:\\\/\\\/www.apfelpatient.de\\\/wp-content\\\/uploads\\\/2019\\\/01\\\/rawpixel-1055781-unsplash.jpg\",\"datePublished\":\"2019-02-01T12:54:30+00:00\",\"description\":\"-Es h\u00f6rt sich komisch an - aber es ist wahr. So lautet\u00a0 Qualcomms neue Forderung vor dem Landgericht M\u00fcnchen.\",\"breadcrumb\":{\"@id\":\"https:\\\/\\\/www.apfelpatient.de\\\/news\\\/qualcomm-apple-soll-zahlen-oder-tim-cook-soll-ins-gefaengnis-gehen#breadcrumb\"},\"inLanguage\":\"en-US\",\"potentialAction\":[{\"@type\":\"ReadAction\",\"target\":[\"https:\\\/\\\/www.apfelpatient.de\\\/news\\\/qualcomm-apple-soll-zahlen-oder-tim-cook-soll-ins-gefaengnis-gehen\"]}]},{\"@type\":\"ImageObject\",\"inLanguage\":\"en-US\",\"@id\":\"https:\\\/\\\/www.apfelpatient.de\\\/news\\\/qualcomm-apple-soll-zahlen-oder-tim-cook-soll-ins-gefaengnis-gehen#primaryimage\",\"url\":\"https:\\\/\\\/www.apfelpatient.de\\\/wp-content\\\/uploads\\\/2019\\\/01\\\/rawpixel-1055781-unsplash.jpg\",\"contentUrl\":\"https:\\\/\\\/www.apfelpatient.de\\\/wp-content\\\/uploads\\\/2019\\\/01\\\/rawpixel-1055781-unsplash.jpg\",\"width\":4000,\"height\":2682,\"caption\":\"Photo by Unsplash\"},{\"@type\":\"BreadcrumbList\",\"@id\":\"https:\\\/\\\/www.apfelpatient.de\\\/news\\\/qualcomm-apple-soll-zahlen-oder-tim-cook-soll-ins-gefaengnis-gehen#breadcrumb\",\"itemListElement\":[{\"@type\":\"ListItem\",\"position\":1,\"name\":\"Startseite\",\"item\":\"https:\\\/\\\/www.apfelpatient.de\\\/\"},{\"@type\":\"ListItem\",\"position\":2,\"name\":\"Qualcomm: Apple soll zahlen oder Tim Cook soll ins Gef\u00e4ngnis gehen\"}]},{\"@type\":\"WebSite\",\"@id\":\"https:\\\/\\\/www.apfelpatient.de\\\/#website\",\"url\":\"https:\\\/\\\/www.apfelpatient.de\\\/\",\"name\":\"Apfelpatient\",\"description\":\"Alles rund um Apple!\",\"publisher\":{\"@type\":\"Organization\",\"@id\":\"https:\\\/\\\/www.apfelpatient.de\\\/en\\\/#organization\",\"name\":\"Apfelpatient\",\"url\":\"https:\\\/\\\/www.apfelpatient.de\\\/en\\\/\"},\"alternateName\":\"Apfelpatient\",\"potentialAction\":[{\"@type\":\"SearchAction\",\"target\":{\"@type\":\"EntryPoint\",\"urlTemplate\":\"https:\\\/\\\/www.apfelpatient.de\\\/?s={search_term_string}\"},\"query-input\":{\"@type\":\"PropertyValueSpecification\",\"valueRequired\":true,\"valueName\":\"search_term_string\"}}],\"inLanguage\":\"en-US\"},{\"@type\":[\"Person\",\"Organization\"],\"@id\":\"https:\\\/\\\/www.apfelpatient.de\\\/#\\\/schema\\\/person\\\/7dc56ad6c8e9824b76d2c08d4c140e13\",\"name\":\"Milan\",\"logo\":{\"@id\":\"https:\\\/\\\/www.apfelpatient.de\\\/#\\\/schema\\\/person\\\/image\\\/\"},\"description\":\"Hallo und herzlich willkommen auf meinem Technik-Blog! Als gro\u00dfer Apple-Fan berichte ich hier \u00fcber alles, was mit Apple zu tun hat: von den neuesten News und spannenden Ger\u00fcchten \u00fcber hilfreiche Tipps und Tricks bis hin zu ausf\u00fchrlichen Produkttests. Wenn du genauso technikbegeistert bist wie ich, bist du hier genau richtig!\",\"sameAs\":[\"https:\\\/\\\/www.facebook.com\\\/apfelpatientOfficial\",\"https:\\\/\\\/www.linkedin.com\\\/in\\\/milan-jovicic-42aa0231b\"],\"url\":\"https:\\\/\\\/www.apfelpatient.de\\\/en\\\/author\\\/apfeladmin\"}]}<\/script>\n<!-- \/ Yoast SEO Premium plugin. -->","yoast_head_json":{"title":"Qualcomm: Apple should pay or Tim Cook should go to prison Apfelpatient","description":"-It sounds strange - but it&#039;s true. That is Qualcomm&#039;s new demand before the Munich Regional Court.","robots":{"index":"index","follow":"follow","max-snippet":"max-snippet:-1","max-image-preview":"max-image-preview:large","max-video-preview":"max-video-preview:-1"},"canonical":"https:\/\/www.apfelpatient.de\/en\/news\/qualcomm-apple-should-pay-or-tim-cook-should-go-to-prison","og_locale":"en_US","og_type":"article","og_title":"Qualcomm: Apple soll zahlen oder Tim Cook soll ins Gef\u00e4ngnis gehen","og_description":"-Es h\u00f6rt sich komisch an - aber es ist wahr. So lautet\u00a0 Qualcomms neue Forderung vor dem Landgericht M\u00fcnchen.","og_url":"https:\/\/www.apfelpatient.de\/en\/news\/qualcomm-apple-should-pay-or-tim-cook-should-go-to-prison","og_site_name":"Apfelpatient","article_publisher":"https:\/\/www.facebook.com\/apfelpatientOfficial","article_author":"https:\/\/www.facebook.com\/apfelpatientOfficial","article_published_time":"2019-02-01T12:54:30+00:00","og_image":[{"width":4000,"height":2682,"url":"https:\/\/www.apfelpatient.de\/wp-content\/uploads\/2019\/01\/rawpixel-1055781-unsplash.jpg","type":"image\/jpeg"}],"author":"Milan","twitter_card":"summary_large_image","twitter_misc":{"Written by":"Milan","Est. reading time":"2 minutes"},"schema":{"@context":"https:\/\/schema.org","@graph":[{"@type":"NewsArticle","@id":"https:\/\/www.apfelpatient.de\/news\/qualcomm-apple-soll-zahlen-oder-tim-cook-soll-ins-gefaengnis-gehen#article","isPartOf":{"@id":"https:\/\/www.apfelpatient.de\/news\/qualcomm-apple-soll-zahlen-oder-tim-cook-soll-ins-gefaengnis-gehen"},"author":{"@type":"Organization","@id":"https:\/\/www.apfelpatient.de\/en\/#organization","name":"Apfelpatient","url":"https:\/\/www.apfelpatient.de\/en\/"},"headline":"Qualcomm: Apple soll zahlen oder Tim Cook soll ins Gef\u00e4ngnis gehen","datePublished":"2019-02-01T12:54:30+00:00","mainEntityOfPage":{"@id":"https:\/\/www.apfelpatient.de\/news\/qualcomm-apple-soll-zahlen-oder-tim-cook-soll-ins-gefaengnis-gehen"},"wordCount":444,"commentCount":0,"publisher":{"@type":"Organization","@id":"https:\/\/www.apfelpatient.de\/en\/#organization","name":"Apfelpatient","url":"https:\/\/www.apfelpatient.de\/en\/"},"image":{"@id":"https:\/\/www.apfelpatient.de\/news\/qualcomm-apple-soll-zahlen-oder-tim-cook-soll-ins-gefaengnis-gehen#primaryimage"},"thumbnailUrl":"https:\/\/www.apfelpatient.de\/wp-content\/uploads\/2019\/01\/rawpixel-1055781-unsplash.jpg","keywords":["Apple","iPhone","Qualcomm"],"articleSection":"News","inLanguage":"en-US","potentialAction":[{"@type":"CommentAction","name":"Comment","target":["https:\/\/www.apfelpatient.de\/news\/qualcomm-apple-soll-zahlen-oder-tim-cook-soll-ins-gefaengnis-gehen#respond"]}],"copyrightYear":"2019","copyrightHolder":{"@id":"https:\/\/www.apfelpatient.de\/en\/#organization"}},{"@type":"WebPage","@id":"https:\/\/www.apfelpatient.de\/news\/qualcomm-apple-soll-zahlen-oder-tim-cook-soll-ins-gefaengnis-gehen","url":"https:\/\/www.apfelpatient.de\/news\/qualcomm-apple-soll-zahlen-oder-tim-cook-soll-ins-gefaengnis-gehen","name":"Qualcomm: Apple should pay or Tim Cook should go to prison Apfelpatient","isPartOf":{"@id":"https:\/\/www.apfelpatient.de\/#website"},"primaryImageOfPage":{"@id":"https:\/\/www.apfelpatient.de\/news\/qualcomm-apple-soll-zahlen-oder-tim-cook-soll-ins-gefaengnis-gehen#primaryimage"},"image":{"@id":"https:\/\/www.apfelpatient.de\/news\/qualcomm-apple-soll-zahlen-oder-tim-cook-soll-ins-gefaengnis-gehen#primaryimage"},"thumbnailUrl":"https:\/\/www.apfelpatient.de\/wp-content\/uploads\/2019\/01\/rawpixel-1055781-unsplash.jpg","datePublished":"2019-02-01T12:54:30+00:00","description":"-It sounds strange - but it&#039;s true. That is Qualcomm&#039;s new demand before the Munich Regional Court.","breadcrumb":{"@id":"https:\/\/www.apfelpatient.de\/news\/qualcomm-apple-soll-zahlen-oder-tim-cook-soll-ins-gefaengnis-gehen#breadcrumb"},"inLanguage":"en-US","potentialAction":[{"@type":"ReadAction","target":["https:\/\/www.apfelpatient.de\/news\/qualcomm-apple-soll-zahlen-oder-tim-cook-soll-ins-gefaengnis-gehen"]}]},{"@type":"ImageObject","inLanguage":"en-US","@id":"https:\/\/www.apfelpatient.de\/news\/qualcomm-apple-soll-zahlen-oder-tim-cook-soll-ins-gefaengnis-gehen#primaryimage","url":"https:\/\/www.apfelpatient.de\/wp-content\/uploads\/2019\/01\/rawpixel-1055781-unsplash.jpg","contentUrl":"https:\/\/www.apfelpatient.de\/wp-content\/uploads\/2019\/01\/rawpixel-1055781-unsplash.jpg","width":4000,"height":2682,"caption":"Photo by Unsplash"},{"@type":"BreadcrumbList","@id":"https:\/\/www.apfelpatient.de\/news\/qualcomm-apple-soll-zahlen-oder-tim-cook-soll-ins-gefaengnis-gehen#breadcrumb","itemListElement":[{"@type":"ListItem","position":1,"name":"Startseite","item":"https:\/\/www.apfelpatient.de\/"},{"@type":"ListItem","position":2,"name":"Qualcomm: Apple soll zahlen oder Tim Cook soll ins Gef\u00e4ngnis gehen"}]},{"@type":"WebSite","@id":"https:\/\/www.apfelpatient.de\/#website","url":"https:\/\/www.apfelpatient.de\/","name":"apple patient","description":"Everything about Apple!","publisher":{"@type":"Organization","@id":"https:\/\/www.apfelpatient.de\/en\/#organization","name":"Apfelpatient","url":"https:\/\/www.apfelpatient.de\/en\/"},"alternateName":"Apfelpatient","potentialAction":[{"@type":"SearchAction","target":{"@type":"EntryPoint","urlTemplate":"https:\/\/www.apfelpatient.de\/?s={search_term_string}"},"query-input":{"@type":"PropertyValueSpecification","valueRequired":true,"valueName":"search_term_string"}}],"inLanguage":"en-US"},{"@type":["Person","Organization"],"@id":"https:\/\/www.apfelpatient.de\/#\/schema\/person\/7dc56ad6c8e9824b76d2c08d4c140e13","name":"Milan","logo":{"@id":"https:\/\/www.apfelpatient.de\/#\/schema\/person\/image\/"},"description":"Hello and welcome to my technology blog! As a big Apple fan, I report on everything to do with Apple: from the latest news and exciting rumors to helpful tips and tricks and detailed product tests. If you are as enthusiastic about technology as I am, you have come to the right place!","sameAs":["https:\/\/www.facebook.com\/apfelpatientOfficial","https:\/\/www.linkedin.com\/in\/milan-jovicic-42aa0231b"],"url":"https:\/\/www.apfelpatient.de\/en\/author\/apfeladmin"}]}},"_links":{"self":[{"href":"https:\/\/www.apfelpatient.de\/en\/wp-json\/wp\/v2\/posts\/3409","targetHints":{"allow":["GET"]}}],"collection":[{"href":"https:\/\/www.apfelpatient.de\/en\/wp-json\/wp\/v2\/posts"}],"about":[{"href":"https:\/\/www.apfelpatient.de\/en\/wp-json\/wp\/v2\/types\/post"}],"author":[{"embeddable":true,"href":"https:\/\/www.apfelpatient.de\/en\/wp-json\/wp\/v2\/users\/2"}],"replies":[{"embeddable":true,"href":"https:\/\/www.apfelpatient.de\/en\/wp-json\/wp\/v2\/comments?post=3409"}],"version-history":[{"count":0,"href":"https:\/\/www.apfelpatient.de\/en\/wp-json\/wp\/v2\/posts\/3409\/revisions"}],"wp:featuredmedia":[{"embeddable":true,"href":"https:\/\/www.apfelpatient.de\/en\/wp-json\/wp\/v2\/media\/3182"}],"wp:attachment":[{"href":"https:\/\/www.apfelpatient.de\/en\/wp-json\/wp\/v2\/media?parent=3409"}],"wp:term":[{"taxonomy":"category","embeddable":true,"href":"https:\/\/www.apfelpatient.de\/en\/wp-json\/wp\/v2\/categories?post=3409"},{"taxonomy":"post_tag","embeddable":true,"href":"https:\/\/www.apfelpatient.de\/en\/wp-json\/wp\/v2\/tags?post=3409"}],"curies":[{"name":"wp","href":"https:\/\/api.w.org\/{rel}","templated":true}]}}