{"id":3407,"date":"2019-02-01T13:33:27","date_gmt":"2019-02-01T12:33:27","guid":{"rendered":"https:\/\/www.apfelpatient.de\/?p=3407"},"modified":"2019-02-01T13:33:27","modified_gmt":"2019-02-01T12:33:27","slug":"goodbye-imac-for-these-models-the-service-ends-now","status":"publish","type":"post","link":"https:\/\/www.apfelpatient.de\/en\/news\/goodbye-imac-fuer-diese-modelle-endet-nun-der-service","title":{"rendered":"Goodbye iMac: Service for these models is now ending"},"content":{"rendered":"<p><strong>It was already announced by a rumor at the beginning of January \u2013 Apple has now officially expanded the vintage list to include two iMac models, among others.<\/strong><\/p>\n<p class=\"p1\"><\/p>\n<p>An internal document was leaked to the US website MacRumors at the beginning of January. According to it, Apple would discontinue two iMacs on January 30th. Now the case has happened. The 21.5&quot; and 27&quot; iMac models from 2012 are affected. As soon as Apple devices are listed as &quot;obsolete&quot; or &quot;discontinued&quot;, support ends.<\/p>\n<p><strong>Other devices from 2012 obsolete<\/strong><\/p>\n<p>In addition to the two iMac models, other 2012 products were phased out. These include the Mac Pro (2012), MacBook Air 11&quot; and 13&quot; from mid-2012 and the MacBook Pro mid-2012 without Retina display. Apple has also put two MacBook Pro devices with Retina display from mid-2012 on the list.<\/p>\n<p><strong>What does this mean for users?<\/strong><\/p>\n<p>This means that users can no longer get repairs from Apple or authorized service providers. In the event of a problem, they have to resort to independent service providers. Apart from a few exceptions, Apple&#039;s rule of thumb is to produce spare parts for devices for five years - but this period only starts when production of the respective device is discontinued. Only then is the customer forced to look for spare parts elsewhere.<\/p>\n<p><strong>repair program for vintage devices<\/strong><\/p>\n<p>Perhaps Apple will show mercy and include the affected iMac models in its repair program for vintage devices. This is a pilot program with restrictions.<\/p>\n<p class=\"p1\"><\/p>\n<p>If the Apple Store or service provider does not have a particular component, the repair cannot be carried out. The iPhone 4s, iPhone 5, MacBook Air (11-inch and 13-inch, mid-2012), MacBook Pro 15\u2033 (mid-2012) and iMac (21.5 and 27-inch, mid-2011 - USA and Turkey only) are currently supported by this program. It is expected to last until around 2020.<\/p>\n<h6><a href=\"https:\/\/t.me\/apfelpatient_official\"><em><strong>Don&#039;t want to miss any more news? Then subscribe to our Telegram channel here<\/strong><\/em><\/a><\/h6>","protected":false},"excerpt":{"rendered":"<p>Anfang Januar hat es sich bereits durch ein Ger\u00fccht angek\u00fcndigt &#8211; Apple hat nun offiziell die Vintage-Liste unter Anderem um zwei iMac Modelle erweitert. Der US-Webseite MacRumors wurde Anfang Januar ein internes Dokument zugespielt. Demnach w\u00fcrde Apple zwei iMacs am 30. Januar abk\u00fcndigen. Nun ist der Fall eingetreten. Betroffen sind die iMac Modelle mit 21,5\u2033 [&hellip;]<\/p>\n","protected":false},"author":2,"featured_media":3153,"comment_status":"open","ping_status":"open","sticky":false,"template":"","format":"standard","meta":{"jnews-multi-image_gallery":[],"jnews_single_post":[],"jnews_primary_category":[],"footnotes":""},"categories":[9],"tags":[72,40,59,180],"class_list":["post-3407","post","type-post","status-publish","format-standard","has-post-thumbnail","hentry","category-news","tag-imac","tag-mac","tag-obsolet","tag-vintage"],"yoast_head":"<!-- This site is optimized with the Yoast SEO Premium plugin v27.5 (Yoast SEO v27.5) - https:\/\/yoast.com\/product\/yoast-seo-premium-wordpress\/ -->\n<title>Goodbye iMac: F\u00fcr diese Modelle endet nun der Service Apfelpatient<\/title>\n<meta name=\"description\" content=\"- Anfang Januar hat es sich bereits durch ein Ger\u00fccht angek\u00fcndigt - Apple hat nun offiziell die Vintage-Liste unter Anderem um zwei iMac Modelle erweitert.\" \/>\n<meta name=\"robots\" content=\"index, follow, max-snippet:-1, max-image-preview:large, max-video-preview:-1\" \/>\n<link rel=\"canonical\" href=\"https:\/\/www.apfelpatient.de\/en\/news\/goodbye-imac-for-these-models-the-service-ends-now\" \/>\n<meta property=\"og:locale\" content=\"en_US\" \/>\n<meta property=\"og:type\" content=\"article\" \/>\n<meta property=\"og:title\" content=\"Goodbye iMac: F\u00fcr diese Modelle endet nun der Service\" \/>\n<meta property=\"og:description\" content=\"- Anfang Januar hat es sich bereits durch ein Ger\u00fccht angek\u00fcndigt - Apple hat nun offiziell die Vintage-Liste unter Anderem um zwei iMac Modelle erweitert.\" \/>\n<meta property=\"og:url\" content=\"https:\/\/www.apfelpatient.de\/en\/news\/goodbye-imac-for-these-models-the-service-ends-now\" \/>\n<meta property=\"og:site_name\" content=\"Apfelpatient\" \/>\n<meta property=\"article:publisher\" content=\"https:\/\/www.facebook.com\/apfelpatientOfficial\" \/>\n<meta property=\"article:author\" content=\"https:\/\/www.facebook.com\/apfelpatientOfficial\" \/>\n<meta property=\"article:published_time\" content=\"2019-02-01T12:33:27+00:00\" \/>\n<meta property=\"og:image\" content=\"https:\/\/www.apfelpatient.de\/wp-content\/uploads\/2019\/01\/carl-heyerdahl-181868-unsplash.jpg\" \/>\n\t<meta property=\"og:image:width\" content=\"1024\" \/>\n\t<meta property=\"og:image:height\" content=\"683\" \/>\n\t<meta property=\"og:image:type\" content=\"image\/jpeg\" \/>\n<meta name=\"author\" content=\"Milan\" \/>\n<meta name=\"twitter:card\" content=\"summary_large_image\" \/>\n<meta name=\"twitter:label1\" content=\"Written by\" \/>\n\t<meta name=\"twitter:data1\" content=\"Milan\" \/>\n\t<meta name=\"twitter:label2\" content=\"Est. reading time\" \/>\n\t<meta name=\"twitter:data2\" content=\"2 minutes\" \/>\n<script type=\"application\/ld+json\" class=\"yoast-schema-graph\">{\"@context\":\"https:\\\/\\\/schema.org\",\"@graph\":[{\"@type\":\"NewsArticle\",\"@id\":\"https:\\\/\\\/www.apfelpatient.de\\\/news\\\/goodbye-imac-fuer-diese-modelle-endet-nun-der-service#article\",\"isPartOf\":{\"@id\":\"https:\\\/\\\/www.apfelpatient.de\\\/news\\\/goodbye-imac-fuer-diese-modelle-endet-nun-der-service\"},\"author\":{\"@type\":\"Organization\",\"@id\":\"https:\\\/\\\/www.apfelpatient.de\\\/en\\\/#organization\",\"name\":\"Apfelpatient\",\"url\":\"https:\\\/\\\/www.apfelpatient.de\\\/en\\\/\"},\"headline\":\"Goodbye iMac: F\u00fcr diese Modelle endet nun der Service\",\"datePublished\":\"2019-02-01T12:33:27+00:00\",\"mainEntityOfPage\":{\"@id\":\"https:\\\/\\\/www.apfelpatient.de\\\/news\\\/goodbye-imac-fuer-diese-modelle-endet-nun-der-service\"},\"wordCount\":320,\"commentCount\":0,\"publisher\":{\"@type\":\"Organization\",\"@id\":\"https:\\\/\\\/www.apfelpatient.de\\\/en\\\/#organization\",\"name\":\"Apfelpatient\",\"url\":\"https:\\\/\\\/www.apfelpatient.de\\\/en\\\/\"},\"image\":{\"@id\":\"https:\\\/\\\/www.apfelpatient.de\\\/news\\\/goodbye-imac-fuer-diese-modelle-endet-nun-der-service#primaryimage\"},\"thumbnailUrl\":\"https:\\\/\\\/www.apfelpatient.de\\\/wp-content\\\/uploads\\\/2019\\\/01\\\/carl-heyerdahl-181868-unsplash.jpg\",\"keywords\":[\"iMac\",\"Mac\",\"Obsolet\",\"Vintage\"],\"articleSection\":\"News\",\"inLanguage\":\"en-US\",\"potentialAction\":[{\"@type\":\"CommentAction\",\"name\":\"Comment\",\"target\":[\"https:\\\/\\\/www.apfelpatient.de\\\/news\\\/goodbye-imac-fuer-diese-modelle-endet-nun-der-service#respond\"]}],\"copyrightYear\":\"2019\",\"copyrightHolder\":{\"@id\":\"https:\\\/\\\/www.apfelpatient.de\\\/en\\\/#organization\"}},{\"@type\":\"WebPage\",\"@id\":\"https:\\\/\\\/www.apfelpatient.de\\\/news\\\/goodbye-imac-fuer-diese-modelle-endet-nun-der-service\",\"url\":\"https:\\\/\\\/www.apfelpatient.de\\\/news\\\/goodbye-imac-fuer-diese-modelle-endet-nun-der-service\",\"name\":\"Goodbye iMac: F\u00fcr diese Modelle endet nun der Service Apfelpatient\",\"isPartOf\":{\"@id\":\"https:\\\/\\\/www.apfelpatient.de\\\/#website\"},\"primaryImageOfPage\":{\"@id\":\"https:\\\/\\\/www.apfelpatient.de\\\/news\\\/goodbye-imac-fuer-diese-modelle-endet-nun-der-service#primaryimage\"},\"image\":{\"@id\":\"https:\\\/\\\/www.apfelpatient.de\\\/news\\\/goodbye-imac-fuer-diese-modelle-endet-nun-der-service#primaryimage\"},\"thumbnailUrl\":\"https:\\\/\\\/www.apfelpatient.de\\\/wp-content\\\/uploads\\\/2019\\\/01\\\/carl-heyerdahl-181868-unsplash.jpg\",\"datePublished\":\"2019-02-01T12:33:27+00:00\",\"description\":\"- Anfang Januar hat es sich bereits durch ein Ger\u00fccht angek\u00fcndigt - Apple hat nun offiziell die Vintage-Liste unter Anderem um zwei iMac Modelle erweitert.\",\"breadcrumb\":{\"@id\":\"https:\\\/\\\/www.apfelpatient.de\\\/news\\\/goodbye-imac-fuer-diese-modelle-endet-nun-der-service#breadcrumb\"},\"inLanguage\":\"en-US\",\"potentialAction\":[{\"@type\":\"ReadAction\",\"target\":[\"https:\\\/\\\/www.apfelpatient.de\\\/news\\\/goodbye-imac-fuer-diese-modelle-endet-nun-der-service\"]}]},{\"@type\":\"ImageObject\",\"inLanguage\":\"en-US\",\"@id\":\"https:\\\/\\\/www.apfelpatient.de\\\/news\\\/goodbye-imac-fuer-diese-modelle-endet-nun-der-service#primaryimage\",\"url\":\"https:\\\/\\\/www.apfelpatient.de\\\/wp-content\\\/uploads\\\/2019\\\/01\\\/carl-heyerdahl-181868-unsplash.jpg\",\"contentUrl\":\"https:\\\/\\\/www.apfelpatient.de\\\/wp-content\\\/uploads\\\/2019\\\/01\\\/carl-heyerdahl-181868-unsplash.jpg\",\"width\":5760,\"height\":3840,\"caption\":\"Photo by Unsplash\"},{\"@type\":\"BreadcrumbList\",\"@id\":\"https:\\\/\\\/www.apfelpatient.de\\\/news\\\/goodbye-imac-fuer-diese-modelle-endet-nun-der-service#breadcrumb\",\"itemListElement\":[{\"@type\":\"ListItem\",\"position\":1,\"name\":\"Startseite\",\"item\":\"https:\\\/\\\/www.apfelpatient.de\\\/\"},{\"@type\":\"ListItem\",\"position\":2,\"name\":\"Goodbye iMac: F\u00fcr diese Modelle endet nun der Service\"}]},{\"@type\":\"WebSite\",\"@id\":\"https:\\\/\\\/www.apfelpatient.de\\\/#website\",\"url\":\"https:\\\/\\\/www.apfelpatient.de\\\/\",\"name\":\"Apfelpatient\",\"description\":\"Alles rund um Apple!\",\"publisher\":{\"@type\":\"Organization\",\"@id\":\"https:\\\/\\\/www.apfelpatient.de\\\/en\\\/#organization\",\"name\":\"Apfelpatient\",\"url\":\"https:\\\/\\\/www.apfelpatient.de\\\/en\\\/\"},\"alternateName\":\"Apfelpatient\",\"potentialAction\":[{\"@type\":\"SearchAction\",\"target\":{\"@type\":\"EntryPoint\",\"urlTemplate\":\"https:\\\/\\\/www.apfelpatient.de\\\/?s={search_term_string}\"},\"query-input\":{\"@type\":\"PropertyValueSpecification\",\"valueRequired\":true,\"valueName\":\"search_term_string\"}}],\"inLanguage\":\"en-US\"},{\"@type\":[\"Person\",\"Organization\"],\"@id\":\"https:\\\/\\\/www.apfelpatient.de\\\/#\\\/schema\\\/person\\\/7dc56ad6c8e9824b76d2c08d4c140e13\",\"name\":\"Milan\",\"logo\":{\"@id\":\"https:\\\/\\\/www.apfelpatient.de\\\/#\\\/schema\\\/person\\\/image\\\/\"},\"description\":\"Hallo und herzlich willkommen auf meinem Technik-Blog! Als gro\u00dfer Apple-Fan berichte ich hier \u00fcber alles, was mit Apple zu tun hat: von den neuesten News und spannenden Ger\u00fcchten \u00fcber hilfreiche Tipps und Tricks bis hin zu ausf\u00fchrlichen Produkttests. Wenn du genauso technikbegeistert bist wie ich, bist du hier genau richtig!\",\"sameAs\":[\"https:\\\/\\\/www.facebook.com\\\/apfelpatientOfficial\",\"https:\\\/\\\/www.linkedin.com\\\/in\\\/milan-jovicic-42aa0231b\"],\"url\":\"https:\\\/\\\/www.apfelpatient.de\\\/en\\\/author\\\/apfeladmin\"}]}<\/script>\n<!-- \/ Yoast SEO Premium plugin. -->","yoast_head_json":{"title":"Goodbye iMac: Service Apfelpatient ends for these models","description":"- It was already announced by a rumor at the beginning of January - Apple has now officially expanded the vintage list to include two iMac models, among others.","robots":{"index":"index","follow":"follow","max-snippet":"max-snippet:-1","max-image-preview":"max-image-preview:large","max-video-preview":"max-video-preview:-1"},"canonical":"https:\/\/www.apfelpatient.de\/en\/news\/goodbye-imac-for-these-models-the-service-ends-now","og_locale":"en_US","og_type":"article","og_title":"Goodbye iMac: F\u00fcr diese Modelle endet nun der Service","og_description":"- Anfang Januar hat es sich bereits durch ein Ger\u00fccht angek\u00fcndigt - Apple hat nun offiziell die Vintage-Liste unter Anderem um zwei iMac Modelle erweitert.","og_url":"https:\/\/www.apfelpatient.de\/en\/news\/goodbye-imac-for-these-models-the-service-ends-now","og_site_name":"Apfelpatient","article_publisher":"https:\/\/www.facebook.com\/apfelpatientOfficial","article_author":"https:\/\/www.facebook.com\/apfelpatientOfficial","article_published_time":"2019-02-01T12:33:27+00:00","og_image":[{"url":"https:\/\/www.apfelpatient.de\/wp-content\/uploads\/2019\/01\/carl-heyerdahl-181868-unsplash.jpg","width":1024,"height":683,"type":"image\/jpeg"}],"author":"Milan","twitter_card":"summary_large_image","twitter_misc":{"Written by":"Milan","Est. reading time":"2 minutes"},"schema":{"@context":"https:\/\/schema.org","@graph":[{"@type":"NewsArticle","@id":"https:\/\/www.apfelpatient.de\/news\/goodbye-imac-fuer-diese-modelle-endet-nun-der-service#article","isPartOf":{"@id":"https:\/\/www.apfelpatient.de\/news\/goodbye-imac-fuer-diese-modelle-endet-nun-der-service"},"author":{"@type":"Organization","@id":"https:\/\/www.apfelpatient.de\/en\/#organization","name":"Apfelpatient","url":"https:\/\/www.apfelpatient.de\/en\/"},"headline":"Goodbye iMac: F\u00fcr diese Modelle endet nun der Service","datePublished":"2019-02-01T12:33:27+00:00","mainEntityOfPage":{"@id":"https:\/\/www.apfelpatient.de\/news\/goodbye-imac-fuer-diese-modelle-endet-nun-der-service"},"wordCount":320,"commentCount":0,"publisher":{"@type":"Organization","@id":"https:\/\/www.apfelpatient.de\/en\/#organization","name":"Apfelpatient","url":"https:\/\/www.apfelpatient.de\/en\/"},"image":{"@id":"https:\/\/www.apfelpatient.de\/news\/goodbye-imac-fuer-diese-modelle-endet-nun-der-service#primaryimage"},"thumbnailUrl":"https:\/\/www.apfelpatient.de\/wp-content\/uploads\/2019\/01\/carl-heyerdahl-181868-unsplash.jpg","keywords":["iMac","Mac","Obsolet","Vintage"],"articleSection":"News","inLanguage":"en-US","potentialAction":[{"@type":"CommentAction","name":"Comment","target":["https:\/\/www.apfelpatient.de\/news\/goodbye-imac-fuer-diese-modelle-endet-nun-der-service#respond"]}],"copyrightYear":"2019","copyrightHolder":{"@id":"https:\/\/www.apfelpatient.de\/en\/#organization"}},{"@type":"WebPage","@id":"https:\/\/www.apfelpatient.de\/news\/goodbye-imac-fuer-diese-modelle-endet-nun-der-service","url":"https:\/\/www.apfelpatient.de\/news\/goodbye-imac-fuer-diese-modelle-endet-nun-der-service","name":"Goodbye iMac: Service Apfelpatient ends for these models","isPartOf":{"@id":"https:\/\/www.apfelpatient.de\/#website"},"primaryImageOfPage":{"@id":"https:\/\/www.apfelpatient.de\/news\/goodbye-imac-fuer-diese-modelle-endet-nun-der-service#primaryimage"},"image":{"@id":"https:\/\/www.apfelpatient.de\/news\/goodbye-imac-fuer-diese-modelle-endet-nun-der-service#primaryimage"},"thumbnailUrl":"https:\/\/www.apfelpatient.de\/wp-content\/uploads\/2019\/01\/carl-heyerdahl-181868-unsplash.jpg","datePublished":"2019-02-01T12:33:27+00:00","description":"- It was already announced by a rumor at the beginning of January - Apple has now officially expanded the vintage list to include two iMac models, among others.","breadcrumb":{"@id":"https:\/\/www.apfelpatient.de\/news\/goodbye-imac-fuer-diese-modelle-endet-nun-der-service#breadcrumb"},"inLanguage":"en-US","potentialAction":[{"@type":"ReadAction","target":["https:\/\/www.apfelpatient.de\/news\/goodbye-imac-fuer-diese-modelle-endet-nun-der-service"]}]},{"@type":"ImageObject","inLanguage":"en-US","@id":"https:\/\/www.apfelpatient.de\/news\/goodbye-imac-fuer-diese-modelle-endet-nun-der-service#primaryimage","url":"https:\/\/www.apfelpatient.de\/wp-content\/uploads\/2019\/01\/carl-heyerdahl-181868-unsplash.jpg","contentUrl":"https:\/\/www.apfelpatient.de\/wp-content\/uploads\/2019\/01\/carl-heyerdahl-181868-unsplash.jpg","width":5760,"height":3840,"caption":"Photo by Unsplash"},{"@type":"BreadcrumbList","@id":"https:\/\/www.apfelpatient.de\/news\/goodbye-imac-fuer-diese-modelle-endet-nun-der-service#breadcrumb","itemListElement":[{"@type":"ListItem","position":1,"name":"Startseite","item":"https:\/\/www.apfelpatient.de\/"},{"@type":"ListItem","position":2,"name":"Goodbye iMac: F\u00fcr diese Modelle endet nun der Service"}]},{"@type":"WebSite","@id":"https:\/\/www.apfelpatient.de\/#website","url":"https:\/\/www.apfelpatient.de\/","name":"apple patient","description":"Everything about Apple!","publisher":{"@type":"Organization","@id":"https:\/\/www.apfelpatient.de\/en\/#organization","name":"Apfelpatient","url":"https:\/\/www.apfelpatient.de\/en\/"},"alternateName":"Apfelpatient","potentialAction":[{"@type":"SearchAction","target":{"@type":"EntryPoint","urlTemplate":"https:\/\/www.apfelpatient.de\/?s={search_term_string}"},"query-input":{"@type":"PropertyValueSpecification","valueRequired":true,"valueName":"search_term_string"}}],"inLanguage":"en-US"},{"@type":["Person","Organization"],"@id":"https:\/\/www.apfelpatient.de\/#\/schema\/person\/7dc56ad6c8e9824b76d2c08d4c140e13","name":"Milan","logo":{"@id":"https:\/\/www.apfelpatient.de\/#\/schema\/person\/image\/"},"description":"Hello and welcome to my technology blog! As a big Apple fan, I report on everything to do with Apple: from the latest news and exciting rumors to helpful tips and tricks and detailed product tests. If you are as enthusiastic about technology as I am, you have come to the right place!","sameAs":["https:\/\/www.facebook.com\/apfelpatientOfficial","https:\/\/www.linkedin.com\/in\/milan-jovicic-42aa0231b"],"url":"https:\/\/www.apfelpatient.de\/en\/author\/apfeladmin"}]}},"_links":{"self":[{"href":"https:\/\/www.apfelpatient.de\/en\/wp-json\/wp\/v2\/posts\/3407","targetHints":{"allow":["GET"]}}],"collection":[{"href":"https:\/\/www.apfelpatient.de\/en\/wp-json\/wp\/v2\/posts"}],"about":[{"href":"https:\/\/www.apfelpatient.de\/en\/wp-json\/wp\/v2\/types\/post"}],"author":[{"embeddable":true,"href":"https:\/\/www.apfelpatient.de\/en\/wp-json\/wp\/v2\/users\/2"}],"replies":[{"embeddable":true,"href":"https:\/\/www.apfelpatient.de\/en\/wp-json\/wp\/v2\/comments?post=3407"}],"version-history":[{"count":0,"href":"https:\/\/www.apfelpatient.de\/en\/wp-json\/wp\/v2\/posts\/3407\/revisions"}],"wp:featuredmedia":[{"embeddable":true,"href":"https:\/\/www.apfelpatient.de\/en\/wp-json\/wp\/v2\/media\/3153"}],"wp:attachment":[{"href":"https:\/\/www.apfelpatient.de\/en\/wp-json\/wp\/v2\/media?parent=3407"}],"wp:term":[{"taxonomy":"category","embeddable":true,"href":"https:\/\/www.apfelpatient.de\/en\/wp-json\/wp\/v2\/categories?post=3407"},{"taxonomy":"post_tag","embeddable":true,"href":"https:\/\/www.apfelpatient.de\/en\/wp-json\/wp\/v2\/tags?post=3407"}],"curies":[{"name":"wp","href":"https:\/\/api.w.org\/{rel}","templated":true}]}}