{"id":3401,"date":"2019-01-31T15:39:12","date_gmt":"2019-01-31T14:39:12","guid":{"rendered":"https:\/\/www.apfelpatient.de\/?p=3401"},"modified":"2025-02-06T07:21:22","modified_gmt":"2025-02-06T06:21:22","slug":"apple-keynote-in-spring-three-new-devices-are-to-be-presented","status":"publish","type":"post","link":"https:\/\/www.apfelpatient.de\/en\/rumors\/apple-keynote-im-fruehling-sollen-drei-neue-geraete-vorgestellt-werden","title":{"rendered":"Apple Keynote: Three new devices to be introduced in spring"},"content":{"rendered":"<p><strong>Many rumors and recently discovered leaks give us an idea of what to expect in the upcoming keynote \u2013 Bloomberg has also now commented on the topic.<\/strong><\/p>\n<p class=\"p1\"><\/p>\n<p>While Apple updates the iPad Pro models every fall, the entry-level 9.7&quot; iPad has already been updated twice in a row in March. According to the news channel, Apple wants to hold another keynote in the spring.<\/p>\n<p><strong>iPad 9.7&quot; successor<\/strong><\/p>\n<p>The affordable entry-level model could prove the rumors and <a href=\"https:\/\/www.apfelpatient.de\/en\">leaks<\/a> will be replaced by a 10&quot; model. This is to be achieved by narrowing the edges. It will also continue to be equipped with the biometric decryption method Touch ID. A USB-C port will also continue to be reserved for the iPad Pro. The entry-level tablet is to impress with an improved processor and graphics performance.<\/p>\n<p><strong>Those who are said to be dead live longer \u2013 iPad Mini 5<\/strong><\/p>\n<p>The iPad Mini was last updated in September 2015. Since then, there have been many rumors about the popular 7.9&quot; tablet. Apple seems to have planned a new edition here too. In addition to numerous rumors, a <a href=\"https:\/\/www.apfelpatient.de\/en\">leak<\/a> found in this regard. A change in the design is not to be expected - experts assume that the internal workings will be adapted.<\/p>\n<p><strong>iPod touch 7<\/strong><\/p>\n<p>In addition to the new iPad models, a new iPod touch has also been announced. The first iPod touch was introduced on September 5, 2007. Six different generations have since been released - they differ in their features. In addition to a few rumors, leaks were also found in the iOS 12.2 beta. Observers believe that the seventh generation will primarily appeal to a young target group.<\/p>\n\n<p>The iPod touch is intended to be an affordable entry-level device into the iOS world. This includes children and young people whose parents are not yet ready to buy an iPhone - the perfect audience.<\/p>\n<p>Bloomberg also claims to have learned that Apple will not introduce the fourth generation of the iPad Pro in the fall as usual, but only in spring 2020 \u2013 the reason is a new <a href=\"https:\/\/www.apfelpatient.de\/en\">3D camera system<\/a>.<\/p>","protected":false},"excerpt":{"rendered":"<p>Viele Ger\u00fcchte sowie k\u00fcrzlich entdeckte Leaks lassen ahnen, was uns in der kommenden Keynote erwarten wird &#8211; auch Bloomberg hat sich zu dem Thema nun ge\u00e4u\u00dfert. W\u00e4hrend Apple die iPad Pro Modelle j\u00e4hrlich im Herbst aktualisiert, wurde das Einsteiger-iPad mit 9,7\u2033 bereits zweimal in Folge im M\u00e4rz geupdatet. Dem Nachrichtensender zufolge m\u00f6chte Apple erneut im [&hellip;]<\/p>\n","protected":false},"author":2,"featured_media":1791,"comment_status":"open","ping_status":"open","sticky":false,"template":"","format":"standard","meta":{"jnews-multi-image_gallery":[],"jnews_single_post":[],"jnews_primary_category":[],"footnotes":""},"categories":[25],"tags":[112,18,196,197,221],"class_list":["post-3401","post","type-post","status-publish","format-standard","has-post-thumbnail","hentry","category-rumors","tag-apple-keynote","tag-ipad","tag-ipad-2019","tag-ipad-mini-5","tag-ipod-touch-7"],"yoast_head":"<!-- This site is optimized with the Yoast SEO Premium plugin v27.5 (Yoast SEO v27.5) - https:\/\/yoast.com\/product\/yoast-seo-premium-wordpress\/ -->\n<title>Apple Keynote: Im Fr\u00fchling sollen drei neue Ger\u00e4te vorgestellt werden Apfelpatient<\/title>\n<meta name=\"description\" content=\"- Viele Ger\u00fcchte sowie k\u00fcrzlich entdeckte Leaks lassen ahnen, was uns in der kommenden Keynote erwarten wird - auch Bloomberg hat sich zu dem Thema nun ge\u00e4u\u00dfert.\" \/>\n<meta name=\"robots\" content=\"index, follow, max-snippet:-1, max-image-preview:large, max-video-preview:-1\" \/>\n<link rel=\"canonical\" href=\"https:\/\/www.apfelpatient.de\/en\/rumors\/apple-keynote-in-spring-three-new-devices-are-to-be-presented\" \/>\n<meta property=\"og:locale\" content=\"en_US\" \/>\n<meta property=\"og:type\" content=\"article\" \/>\n<meta property=\"og:title\" content=\"Apple Keynote: Im Fr\u00fchling sollen drei neue Ger\u00e4te vorgestellt werden\" \/>\n<meta property=\"og:description\" content=\"- Viele Ger\u00fcchte sowie k\u00fcrzlich entdeckte Leaks lassen ahnen, was uns in der kommenden Keynote erwarten wird - auch Bloomberg hat sich zu dem Thema nun ge\u00e4u\u00dfert.\" \/>\n<meta property=\"og:url\" content=\"https:\/\/www.apfelpatient.de\/en\/rumors\/apple-keynote-in-spring-three-new-devices-are-to-be-presented\" \/>\n<meta property=\"og:site_name\" content=\"Apfelpatient\" \/>\n<meta property=\"article:publisher\" content=\"https:\/\/www.facebook.com\/apfelpatientOfficial\" \/>\n<meta property=\"article:author\" content=\"https:\/\/www.facebook.com\/apfelpatientOfficial\" \/>\n<meta property=\"article:published_time\" content=\"2019-01-31T14:39:12+00:00\" \/>\n<meta property=\"article:modified_time\" content=\"2025-02-06T06:21:22+00:00\" \/>\n<meta property=\"og:image\" content=\"https:\/\/www.apfelpatient.de\/wp-content\/uploads\/2018\/08\/IMG_8783.jpg\" \/>\n\t<meta property=\"og:image:width\" content=\"1200\" \/>\n\t<meta property=\"og:image:height\" content=\"833\" \/>\n\t<meta property=\"og:image:type\" content=\"image\/jpeg\" \/>\n<meta name=\"author\" content=\"Milan\" \/>\n<meta name=\"twitter:card\" content=\"summary_large_image\" \/>\n<meta name=\"twitter:label1\" content=\"Written by\" \/>\n\t<meta name=\"twitter:data1\" content=\"Milan\" \/>\n\t<meta name=\"twitter:label2\" content=\"Est. reading time\" \/>\n\t<meta name=\"twitter:data2\" content=\"2 minutes\" \/>\n<script type=\"application\/ld+json\" class=\"yoast-schema-graph\">{\"@context\":\"https:\\\/\\\/schema.org\",\"@graph\":[{\"@type\":\"NewsArticle\",\"@id\":\"https:\\\/\\\/www.apfelpatient.de\\\/rumors\\\/apple-keynote-im-fruehling-sollen-drei-neue-geraete-vorgestellt-werden#article\",\"isPartOf\":{\"@id\":\"https:\\\/\\\/www.apfelpatient.de\\\/rumors\\\/apple-keynote-im-fruehling-sollen-drei-neue-geraete-vorgestellt-werden\"},\"author\":{\"@type\":\"Organization\",\"@id\":\"https:\\\/\\\/www.apfelpatient.de\\\/en\\\/#organization\",\"name\":\"Apfelpatient\",\"url\":\"https:\\\/\\\/www.apfelpatient.de\\\/en\\\/\"},\"headline\":\"Apple Keynote: Im Fr\u00fchling sollen drei neue Ger\u00e4te vorgestellt werden\",\"datePublished\":\"2019-01-31T14:39:12+00:00\",\"dateModified\":\"2025-02-06T06:21:22+00:00\",\"mainEntityOfPage\":{\"@id\":\"https:\\\/\\\/www.apfelpatient.de\\\/rumors\\\/apple-keynote-im-fruehling-sollen-drei-neue-geraete-vorgestellt-werden\"},\"wordCount\":345,\"commentCount\":0,\"publisher\":{\"@type\":\"Organization\",\"@id\":\"https:\\\/\\\/www.apfelpatient.de\\\/en\\\/#organization\",\"name\":\"Apfelpatient\",\"url\":\"https:\\\/\\\/www.apfelpatient.de\\\/en\\\/\"},\"image\":{\"@id\":\"https:\\\/\\\/www.apfelpatient.de\\\/rumors\\\/apple-keynote-im-fruehling-sollen-drei-neue-geraete-vorgestellt-werden#primaryimage\"},\"thumbnailUrl\":\"https:\\\/\\\/www.apfelpatient.de\\\/wp-content\\\/uploads\\\/2018\\\/08\\\/IMG_8783.jpg\",\"keywords\":[\"Apple Keynote\",\"iPad\",\"iPad 2019\",\"iPad Mini 5\",\"iPod touch 7\"],\"articleSection\":\"Rumors\",\"inLanguage\":\"en-US\",\"potentialAction\":[{\"@type\":\"CommentAction\",\"name\":\"Comment\",\"target\":[\"https:\\\/\\\/www.apfelpatient.de\\\/rumors\\\/apple-keynote-im-fruehling-sollen-drei-neue-geraete-vorgestellt-werden#respond\"]}],\"copyrightYear\":\"2019\",\"copyrightHolder\":{\"@id\":\"https:\\\/\\\/www.apfelpatient.de\\\/en\\\/#organization\"}},{\"@type\":\"WebPage\",\"@id\":\"https:\\\/\\\/www.apfelpatient.de\\\/rumors\\\/apple-keynote-im-fruehling-sollen-drei-neue-geraete-vorgestellt-werden\",\"url\":\"https:\\\/\\\/www.apfelpatient.de\\\/rumors\\\/apple-keynote-im-fruehling-sollen-drei-neue-geraete-vorgestellt-werden\",\"name\":\"Apple Keynote: Im Fr\u00fchling sollen drei neue Ger\u00e4te vorgestellt werden Apfelpatient\",\"isPartOf\":{\"@id\":\"https:\\\/\\\/www.apfelpatient.de\\\/#website\"},\"primaryImageOfPage\":{\"@id\":\"https:\\\/\\\/www.apfelpatient.de\\\/rumors\\\/apple-keynote-im-fruehling-sollen-drei-neue-geraete-vorgestellt-werden#primaryimage\"},\"image\":{\"@id\":\"https:\\\/\\\/www.apfelpatient.de\\\/rumors\\\/apple-keynote-im-fruehling-sollen-drei-neue-geraete-vorgestellt-werden#primaryimage\"},\"thumbnailUrl\":\"https:\\\/\\\/www.apfelpatient.de\\\/wp-content\\\/uploads\\\/2018\\\/08\\\/IMG_8783.jpg\",\"datePublished\":\"2019-01-31T14:39:12+00:00\",\"dateModified\":\"2025-02-06T06:21:22+00:00\",\"description\":\"- Viele Ger\u00fcchte sowie k\u00fcrzlich entdeckte Leaks lassen ahnen, was uns in der kommenden Keynote erwarten wird - auch Bloomberg hat sich zu dem Thema nun ge\u00e4u\u00dfert.\",\"breadcrumb\":{\"@id\":\"https:\\\/\\\/www.apfelpatient.de\\\/rumors\\\/apple-keynote-im-fruehling-sollen-drei-neue-geraete-vorgestellt-werden#breadcrumb\"},\"inLanguage\":\"en-US\",\"potentialAction\":[{\"@type\":\"ReadAction\",\"target\":[\"https:\\\/\\\/www.apfelpatient.de\\\/rumors\\\/apple-keynote-im-fruehling-sollen-drei-neue-geraete-vorgestellt-werden\"]}]},{\"@type\":\"ImageObject\",\"inLanguage\":\"en-US\",\"@id\":\"https:\\\/\\\/www.apfelpatient.de\\\/rumors\\\/apple-keynote-im-fruehling-sollen-drei-neue-geraete-vorgestellt-werden#primaryimage\",\"url\":\"https:\\\/\\\/www.apfelpatient.de\\\/wp-content\\\/uploads\\\/2018\\\/08\\\/IMG_8783.jpg\",\"contentUrl\":\"https:\\\/\\\/www.apfelpatient.de\\\/wp-content\\\/uploads\\\/2018\\\/08\\\/IMG_8783.jpg\",\"width\":1200,\"height\":833,\"caption\":\"Bild: Apple\"},{\"@type\":\"BreadcrumbList\",\"@id\":\"https:\\\/\\\/www.apfelpatient.de\\\/rumors\\\/apple-keynote-im-fruehling-sollen-drei-neue-geraete-vorgestellt-werden#breadcrumb\",\"itemListElement\":[{\"@type\":\"ListItem\",\"position\":1,\"name\":\"Startseite\",\"item\":\"https:\\\/\\\/www.apfelpatient.de\\\/\"},{\"@type\":\"ListItem\",\"position\":2,\"name\":\"Apple Keynote: Im Fr\u00fchling sollen drei neue Ger\u00e4te vorgestellt werden\"}]},{\"@type\":\"WebSite\",\"@id\":\"https:\\\/\\\/www.apfelpatient.de\\\/#website\",\"url\":\"https:\\\/\\\/www.apfelpatient.de\\\/\",\"name\":\"Apfelpatient\",\"description\":\"Alles rund um Apple!\",\"publisher\":{\"@type\":\"Organization\",\"@id\":\"https:\\\/\\\/www.apfelpatient.de\\\/en\\\/#organization\",\"name\":\"Apfelpatient\",\"url\":\"https:\\\/\\\/www.apfelpatient.de\\\/en\\\/\"},\"alternateName\":\"Apfelpatient\",\"potentialAction\":[{\"@type\":\"SearchAction\",\"target\":{\"@type\":\"EntryPoint\",\"urlTemplate\":\"https:\\\/\\\/www.apfelpatient.de\\\/?s={search_term_string}\"},\"query-input\":{\"@type\":\"PropertyValueSpecification\",\"valueRequired\":true,\"valueName\":\"search_term_string\"}}],\"inLanguage\":\"en-US\"},{\"@type\":[\"Person\",\"Organization\"],\"@id\":\"https:\\\/\\\/www.apfelpatient.de\\\/#\\\/schema\\\/person\\\/7dc56ad6c8e9824b76d2c08d4c140e13\",\"name\":\"Milan\",\"logo\":{\"@id\":\"https:\\\/\\\/www.apfelpatient.de\\\/#\\\/schema\\\/person\\\/image\\\/\"},\"description\":\"Hallo und herzlich willkommen auf meinem Technik-Blog! Als gro\u00dfer Apple-Fan berichte ich hier \u00fcber alles, was mit Apple zu tun hat: von den neuesten News und spannenden Ger\u00fcchten \u00fcber hilfreiche Tipps und Tricks bis hin zu ausf\u00fchrlichen Produkttests. Wenn du genauso technikbegeistert bist wie ich, bist du hier genau richtig!\",\"sameAs\":[\"https:\\\/\\\/www.facebook.com\\\/apfelpatientOfficial\",\"https:\\\/\\\/www.linkedin.com\\\/in\\\/milan-jovicic-42aa0231b\"],\"url\":\"https:\\\/\\\/www.apfelpatient.de\\\/en\\\/author\\\/apfeladmin\"}]}<\/script>\n<!-- \/ Yoast SEO Premium plugin. -->","yoast_head_json":{"title":"Apple Keynote: Three new devices to be introduced in spring Apfelpatient","description":"- Many rumors and recently discovered leaks give us an idea of what to expect in the upcoming keynote - Bloomberg has also commented on the topic.","robots":{"index":"index","follow":"follow","max-snippet":"max-snippet:-1","max-image-preview":"max-image-preview:large","max-video-preview":"max-video-preview:-1"},"canonical":"https:\/\/www.apfelpatient.de\/en\/rumors\/apple-keynote-in-spring-three-new-devices-are-to-be-presented","og_locale":"en_US","og_type":"article","og_title":"Apple Keynote: Im Fr\u00fchling sollen drei neue Ger\u00e4te vorgestellt werden","og_description":"- Viele Ger\u00fcchte sowie k\u00fcrzlich entdeckte Leaks lassen ahnen, was uns in der kommenden Keynote erwarten wird - auch Bloomberg hat sich zu dem Thema nun ge\u00e4u\u00dfert.","og_url":"https:\/\/www.apfelpatient.de\/en\/rumors\/apple-keynote-in-spring-three-new-devices-are-to-be-presented","og_site_name":"Apfelpatient","article_publisher":"https:\/\/www.facebook.com\/apfelpatientOfficial","article_author":"https:\/\/www.facebook.com\/apfelpatientOfficial","article_published_time":"2019-01-31T14:39:12+00:00","article_modified_time":"2025-02-06T06:21:22+00:00","og_image":[{"width":1200,"height":833,"url":"https:\/\/www.apfelpatient.de\/wp-content\/uploads\/2018\/08\/IMG_8783.jpg","type":"image\/jpeg"}],"author":"Milan","twitter_card":"summary_large_image","twitter_misc":{"Written by":"Milan","Est. reading time":"2 minutes"},"schema":{"@context":"https:\/\/schema.org","@graph":[{"@type":"NewsArticle","@id":"https:\/\/www.apfelpatient.de\/rumors\/apple-keynote-im-fruehling-sollen-drei-neue-geraete-vorgestellt-werden#article","isPartOf":{"@id":"https:\/\/www.apfelpatient.de\/rumors\/apple-keynote-im-fruehling-sollen-drei-neue-geraete-vorgestellt-werden"},"author":{"@type":"Organization","@id":"https:\/\/www.apfelpatient.de\/en\/#organization","name":"Apfelpatient","url":"https:\/\/www.apfelpatient.de\/en\/"},"headline":"Apple Keynote: Im Fr\u00fchling sollen drei neue Ger\u00e4te vorgestellt werden","datePublished":"2019-01-31T14:39:12+00:00","dateModified":"2025-02-06T06:21:22+00:00","mainEntityOfPage":{"@id":"https:\/\/www.apfelpatient.de\/rumors\/apple-keynote-im-fruehling-sollen-drei-neue-geraete-vorgestellt-werden"},"wordCount":345,"commentCount":0,"publisher":{"@type":"Organization","@id":"https:\/\/www.apfelpatient.de\/en\/#organization","name":"Apfelpatient","url":"https:\/\/www.apfelpatient.de\/en\/"},"image":{"@id":"https:\/\/www.apfelpatient.de\/rumors\/apple-keynote-im-fruehling-sollen-drei-neue-geraete-vorgestellt-werden#primaryimage"},"thumbnailUrl":"https:\/\/www.apfelpatient.de\/wp-content\/uploads\/2018\/08\/IMG_8783.jpg","keywords":["Apple Keynote","iPad","iPad 2019","iPad Mini 5","iPod touch 7"],"articleSection":"Rumors","inLanguage":"en-US","potentialAction":[{"@type":"CommentAction","name":"Comment","target":["https:\/\/www.apfelpatient.de\/rumors\/apple-keynote-im-fruehling-sollen-drei-neue-geraete-vorgestellt-werden#respond"]}],"copyrightYear":"2019","copyrightHolder":{"@id":"https:\/\/www.apfelpatient.de\/en\/#organization"}},{"@type":"WebPage","@id":"https:\/\/www.apfelpatient.de\/rumors\/apple-keynote-im-fruehling-sollen-drei-neue-geraete-vorgestellt-werden","url":"https:\/\/www.apfelpatient.de\/rumors\/apple-keynote-im-fruehling-sollen-drei-neue-geraete-vorgestellt-werden","name":"Apple Keynote: Three new devices to be introduced in spring Apfelpatient","isPartOf":{"@id":"https:\/\/www.apfelpatient.de\/#website"},"primaryImageOfPage":{"@id":"https:\/\/www.apfelpatient.de\/rumors\/apple-keynote-im-fruehling-sollen-drei-neue-geraete-vorgestellt-werden#primaryimage"},"image":{"@id":"https:\/\/www.apfelpatient.de\/rumors\/apple-keynote-im-fruehling-sollen-drei-neue-geraete-vorgestellt-werden#primaryimage"},"thumbnailUrl":"https:\/\/www.apfelpatient.de\/wp-content\/uploads\/2018\/08\/IMG_8783.jpg","datePublished":"2019-01-31T14:39:12+00:00","dateModified":"2025-02-06T06:21:22+00:00","description":"- Many rumors and recently discovered leaks give us an idea of what to expect in the upcoming keynote - Bloomberg has also commented on the topic.","breadcrumb":{"@id":"https:\/\/www.apfelpatient.de\/rumors\/apple-keynote-im-fruehling-sollen-drei-neue-geraete-vorgestellt-werden#breadcrumb"},"inLanguage":"en-US","potentialAction":[{"@type":"ReadAction","target":["https:\/\/www.apfelpatient.de\/rumors\/apple-keynote-im-fruehling-sollen-drei-neue-geraete-vorgestellt-werden"]}]},{"@type":"ImageObject","inLanguage":"en-US","@id":"https:\/\/www.apfelpatient.de\/rumors\/apple-keynote-im-fruehling-sollen-drei-neue-geraete-vorgestellt-werden#primaryimage","url":"https:\/\/www.apfelpatient.de\/wp-content\/uploads\/2018\/08\/IMG_8783.jpg","contentUrl":"https:\/\/www.apfelpatient.de\/wp-content\/uploads\/2018\/08\/IMG_8783.jpg","width":1200,"height":833,"caption":"Bild: Apple"},{"@type":"BreadcrumbList","@id":"https:\/\/www.apfelpatient.de\/rumors\/apple-keynote-im-fruehling-sollen-drei-neue-geraete-vorgestellt-werden#breadcrumb","itemListElement":[{"@type":"ListItem","position":1,"name":"Startseite","item":"https:\/\/www.apfelpatient.de\/"},{"@type":"ListItem","position":2,"name":"Apple Keynote: Im Fr\u00fchling sollen drei neue Ger\u00e4te vorgestellt werden"}]},{"@type":"WebSite","@id":"https:\/\/www.apfelpatient.de\/#website","url":"https:\/\/www.apfelpatient.de\/","name":"apple patient","description":"Everything about Apple!","publisher":{"@type":"Organization","@id":"https:\/\/www.apfelpatient.de\/en\/#organization","name":"Apfelpatient","url":"https:\/\/www.apfelpatient.de\/en\/"},"alternateName":"Apfelpatient","potentialAction":[{"@type":"SearchAction","target":{"@type":"EntryPoint","urlTemplate":"https:\/\/www.apfelpatient.de\/?s={search_term_string}"},"query-input":{"@type":"PropertyValueSpecification","valueRequired":true,"valueName":"search_term_string"}}],"inLanguage":"en-US"},{"@type":["Person","Organization"],"@id":"https:\/\/www.apfelpatient.de\/#\/schema\/person\/7dc56ad6c8e9824b76d2c08d4c140e13","name":"Milan","logo":{"@id":"https:\/\/www.apfelpatient.de\/#\/schema\/person\/image\/"},"description":"Hello and welcome to my technology blog! As a big Apple fan, I report on everything to do with Apple: from the latest news and exciting rumors to helpful tips and tricks and detailed product tests. If you are as enthusiastic about technology as I am, you have come to the right place!","sameAs":["https:\/\/www.facebook.com\/apfelpatientOfficial","https:\/\/www.linkedin.com\/in\/milan-jovicic-42aa0231b"],"url":"https:\/\/www.apfelpatient.de\/en\/author\/apfeladmin"}]}},"_links":{"self":[{"href":"https:\/\/www.apfelpatient.de\/en\/wp-json\/wp\/v2\/posts\/3401","targetHints":{"allow":["GET"]}}],"collection":[{"href":"https:\/\/www.apfelpatient.de\/en\/wp-json\/wp\/v2\/posts"}],"about":[{"href":"https:\/\/www.apfelpatient.de\/en\/wp-json\/wp\/v2\/types\/post"}],"author":[{"embeddable":true,"href":"https:\/\/www.apfelpatient.de\/en\/wp-json\/wp\/v2\/users\/2"}],"replies":[{"embeddable":true,"href":"https:\/\/www.apfelpatient.de\/en\/wp-json\/wp\/v2\/comments?post=3401"}],"version-history":[{"count":0,"href":"https:\/\/www.apfelpatient.de\/en\/wp-json\/wp\/v2\/posts\/3401\/revisions"}],"wp:featuredmedia":[{"embeddable":true,"href":"https:\/\/www.apfelpatient.de\/en\/wp-json\/wp\/v2\/media\/1791"}],"wp:attachment":[{"href":"https:\/\/www.apfelpatient.de\/en\/wp-json\/wp\/v2\/media?parent=3401"}],"wp:term":[{"taxonomy":"category","embeddable":true,"href":"https:\/\/www.apfelpatient.de\/en\/wp-json\/wp\/v2\/categories?post=3401"},{"taxonomy":"post_tag","embeddable":true,"href":"https:\/\/www.apfelpatient.de\/en\/wp-json\/wp\/v2\/tags?post=3401"}],"curies":[{"name":"wp","href":"https:\/\/api.w.org\/{rel}","templated":true}]}}