{"id":33968,"date":"2022-09-25T15:42:44","date_gmt":"2022-09-25T13:42:44","guid":{"rendered":"https:\/\/www.apfelpatient.de\/?p=33968"},"modified":"2022-09-25T15:42:44","modified_gmt":"2022-09-25T13:42:44","slug":"m2-ipad-pro-more-these-apple-products-are-expected-in-october","status":"publish","type":"post","link":"https:\/\/www.apfelpatient.de\/en\/allgemein\/m2-ipad-pro-mehr-diese-apple-produkte-werden-im-oktober-erwartet","title":{"rendered":"M2 iPad Pro &amp; more: These Apple products are expected in October"},"content":{"rendered":"<p class=\"has-drop-cap\"><strong>After the September event, which featured new iPhone and Apple Watch models and the AirPods Pro 2, Apple often holds another event in October, highlighting new iPad and Mac models, and this year will likely be no exception.<\/strong><\/p>\n\n\n\n<p>According to rumors <a href=\"https:\/\/www.apple.com\/\" target=\"_blank\" rel=\"noreferrer noopener\">plant<\/a> For the October event, Apple is announcing new iPad Pro models with M2 chip, a redesigned entry-level 10th generation iPad, and at least a few more Macs with M2 chip, including the 14- and 16-inch MacBook Pro, the Mac mini, and\/or the Mac Pro.<\/p>\n\n\n\n<h3 class=\"wp-block-heading\" id=\"h-ipad-pro-mit-m2-chip\">iPad Pro with M2 chip<\/h3>\n\n\n\n<p>According to Bloomberg&#039;s Mark Gurman, Apple plans to release new iPad Pro models in October with the M2 chip and support for wireless charging with MagSafe. Both the 11-inch and 12.9-inch models of the iPad Pro are expected to be updated, with the 11-inch model still not having a miniLED display. According to Japanese blog Mac Otakara, the next iPad Pro models will have a similar body design to the current models, but with &quot;four-pin connectors&quot; on the top and bottom edges. What purpose these connectors serve and whether they will replace the existing three-pin Smart Connector on the iPad Pro is unclear. Apple last updated the iPad Pro in April 2021. New features include the M1 chip, a Thunderbolt port, 5G support for cellular models, a miniLED display on the 12.9-inch model, and an improved 12-megapixel front-facing camera with support for Apple&#039;s Center Stage feature, which helps you stay in the frame in video apps like FaceTime.<\/p>\n\n\n\n<h3 class=\"wp-block-heading\">10th generation iPad<\/h3>\n\n\n\n<p>Apple is expected to unveil a redesigned entry-level iPad in October with a larger 10.5-inch display, a USB-C port, and a flat body with a camera bump on the back. Other rumors include an A14 Bionic chip and 5G support for cellular models. Additionally, the 10th-generation iPad is expected to continue to feature a Touch ID home button, but rumors suggest the device will no longer have a headphone jack. Apple launched the 9th-generation iPad in September 2021. Key features include a 10.2-inch display, an A13 Bionic chip, an improved 12-megapixel front-facing camera with support for the Center Stage feature, True Tone, and doubling of the base storage.<\/p>\n\n\n\n<h3 class=\"wp-block-heading\">More Macs with M2 chips<\/h3>\n\n\n\n\n\n\n\n<p>In late August, Gurman said Apple is working on M2-based Mac mini, MacBook Pro, and Mac Pro models, adding that we&#039;ll &quot;probably see at least a pair of these devices in about two months,&quot; which is October. However, it&#039;s possible that some of these Macs will be announced later this year or next year.<\/p>\n\n\n\n<h3 class=\"wp-block-heading\">Mac mini with M2 and M2 Pro chips<\/h3>\n\n\n\n<p>Apple launched the Mac mini with an M1 chip as one of the first three Apple Silicon Macs in November 2020. Nearly two years later, a new version of the Mac mini with an M2 chip is on the horizon, according to Gurman. Apple still sells a higher-priced Mac mini configuration with Intel processors, but Gurman says that will be replaced by a model with an M2 Pro chip.<\/p>\n\n\n\n<h3 class=\"wp-block-heading\">MacBook Pro with M2 Pro and M2 Max chips<\/h3>\n\n\n\n<p>The next generation of 14- and 16-inch MacBook Pro models with M2 Pro and M2 Max chips are &quot;in development and testing&quot; and are expected to launch &quot;this fall,&quot; according to Gurman. As has been the case in recent years, the timeline could be pushed back due to supply chain disruptions or other factors. While some reports have suggested that the M2 Pro and M2 Max chips could be Apple&#039;s first 3nm chips, it looks more likely that the chips will stick to 5nm. The processors would feature modest performance gains compared to the M1 Pro and M1 Max chips. The number of GPU cores and memory (RAM) will likely be increased.<\/p>\n\n\n\n<h3 class=\"wp-block-heading\">Mac Pro with \u201cM2 Ultra\u201d and \u201cM2 Extreme\u201d chips<\/h3>\n\n\n\n<p>Following the announcement of the Mac Studio in March 2022, Apple has hinted that a version of the Mac Pro tower with Apple silicon will come later. In 2020, Apple said the transition from Intel processors to Apple Silicon chips across the Mac lineup would take about two years, so the announcement of the new Mac Pro is expected in late 2022. According to Gurman, the new Mac Pro will feature the &quot;M2 Ultra&quot; and &quot;M2 Extreme&quot; chips. It&#039;s possible that the new Mac Pro will be smaller due to the switch to Apple Silicon. It remains unclear whether the desktop computer will have major design changes compared to the current Intel-based model, which launched in December 2019. The new Mac Pro would be the fastest Mac ever and would significantly outperform the Mac Studio with the M1 Ultra chip.<\/p>\n\n\n\n<h3 class=\"wp-block-heading\">Apple TV with A14 chip?<\/h3>\n\n\n\n<p>According to analyst Ming-Chi Kuo, Apple plans to launch a new Apple TV with an &quot;improved cost structure&quot; in the second half of 2022. It remains unclear whether the device will be announced during the October event or at another time. According to Gurman, a new Apple TV with an A14 chip and 4GB of RAM is in development. It is not known whether this is the same model that Kuo mentioned. In any case, the internal upgrades would result in faster performance compared to the current Apple TV 4K, which is equipped with an A12 chip and 3GB of RAM.<\/p>\n\n\n\n<h3 class=\"wp-block-heading\">iPadOS 16 and macOS Ventura release dates<\/h3>\n\n\n\n\n\n\n\n<p>In addition to new hardware, new software is also expected. Apple said that iPadOS 16 and macOS Ventura will be released in October. The exact release dates will probably be announced at the next event. (Image: Apple)<\/p>\n\n\n\n<ul class=\"wp-block-list\"><li><a href=\"https:\/\/www.apfelpatient.de\/en\/news\/ios-16-watchos-9-more-now-available-for-download\">iOS 16, watchOS 9 &amp; more: Now available for download<\/a><\/li><\/ul>\n\n\n\n<h6 class=\"wp-block-heading translation-block\" id=\"h-kennt-ihr-schon-unsere-amazon-storefront-dort-findet-ihr-eine-handverlesene-auswahl-von-diversen-produkten-f-r-euer-iphone-und-co-viel-spa-beim-st-bern\"><em>Have you already visited our Amazon Storefront? There you&#039;ll find a hand-picked selection of various products for your iPhone and other devices \u2013 <span class=\"has-inline-color has-vivid-red-color\"><a href=\"https:\/\/www.amazon.de\/shop\/apfelpatientofficial\" class=\"ek-link\" data-wpel-link=\"exclude\" rel=\"follow noopener\" target=\"_self\"><span style=\"text-decoration: underline\" class=\"ek-underline\">enjoy browsing<\/span><\/a> !<\/span><\/em><\/h6>\n\n\n\n<h6 class=\"wp-block-heading translation-block\" id=\"h-der-beitrag-enthalt-partnerlinks\">This post contains <a data-type=\"URL\" data-id=\"https:\/\/www.apfelpatient.de\/partnerprogramm\" href=\"https:\/\/www.apfelpatient.de\/en\/partner-program\" data-wpel-link=\"internal\" target=\"_self\">affiliate links<\/a>.<\/h6>","protected":false},"excerpt":{"rendered":"<p>M2 iPad Pro and more: October is still a bit away but there are already a few hot candidates that come into consideration.<\/p>","protected":false},"author":2,"featured_media":33971,"comment_status":"closed","ping_status":"closed","sticky":false,"template":"","format":"standard","meta":{"jnews-multi-image_gallery":[],"jnews_single_post":{"subtitle":"","format":"standard","video":"","gallery":"","source_name":"","source_url":"","via_name":"","via_url":"","override":[{"single_blog_custom":"","sidebar":"","second_sidebar":"","share_position":"","share_float_style":"","post_date_format":"","post_date_format_custom":"","post_reading_time_wpm":"","zoom_button_out_step":"1","zoom_button_in_step":"1","number_popup_post":"1"}],"image_override":[{"single_post_thumbnail_size":"","single_post_gallery_size":""}],"trending_post_position":"","trending_post_label":"","sponsored_post_label":"","sponsored_post_name":"","sponsored_post_url":"","sponsored_post_logo":"","sponsored_post_desc":""},"jnews_primary_category":{"id":"2"},"footnotes":""},"categories":[2],"tags":[156,18,33,40,4],"class_list":["post-33968","post","type-post","status-publish","format-standard","has-post-thumbnail","hentry","category-allgemein","tag-apple-tv","tag-ipad","tag-ipados","tag-mac","tag-macos"],"yoast_head":"<!-- This site is optimized with the Yoast SEO Premium plugin v27.5 (Yoast SEO v27.5) - https:\/\/yoast.com\/product\/yoast-seo-premium-wordpress\/ -->\n<title>M2 iPad Pro &amp; mehr: Diese Apple Produkte werden im Oktober erwartet<\/title>\n<meta name=\"description\" content=\"M2 iPad Pro und mehr: Der Oktober ist zwar noch bisschen entfernt aber es gibt bereits ein paar hei\u00dfe Kandidaten, die in Frage kommen.\" \/>\n<meta name=\"robots\" content=\"index, follow, max-snippet:-1, max-image-preview:large, max-video-preview:-1\" \/>\n<link rel=\"canonical\" href=\"https:\/\/www.apfelpatient.de\/en\/generally\/m2-ipad-pro-more-these-apple-products-are-expected-in-october\" \/>\n<meta property=\"og:locale\" content=\"en_US\" \/>\n<meta property=\"og:type\" content=\"article\" \/>\n<meta property=\"og:title\" content=\"M2 iPad Pro &amp; mehr: Diese Apple Produkte werden im Oktober erwartet\" \/>\n<meta property=\"og:description\" content=\"M2 iPad Pro und mehr: Der Oktober ist zwar noch bisschen entfernt aber es gibt bereits ein paar hei\u00dfe Kandidaten, die in Frage kommen.\" \/>\n<meta property=\"og:url\" content=\"https:\/\/www.apfelpatient.de\/en\/generally\/m2-ipad-pro-more-these-apple-products-are-expected-in-october\" \/>\n<meta property=\"og:site_name\" content=\"Apfelpatient\" \/>\n<meta property=\"article:publisher\" content=\"https:\/\/www.facebook.com\/apfelpatientOfficial\" \/>\n<meta property=\"article:author\" content=\"https:\/\/www.facebook.com\/apfelpatientOfficial\" \/>\n<meta property=\"article:published_time\" content=\"2022-09-25T13:42:44+00:00\" \/>\n<meta property=\"og:image\" content=\"https:\/\/www.apfelpatient.de\/wp-content\/uploads\/2022\/09\/94A33C1E-380C-4748-B980-4A9D39D36BFA-1024x768.png\" \/>\n\t<meta property=\"og:image:width\" content=\"1024\" \/>\n\t<meta property=\"og:image:height\" content=\"768\" \/>\n\t<meta property=\"og:image:type\" content=\"image\/png\" \/>\n<meta name=\"author\" content=\"Milan\" \/>\n<meta name=\"twitter:card\" content=\"summary_large_image\" \/>\n<meta name=\"twitter:description\" content=\"M2 iPad Pro und mehr: Der Oktober ist zwar noch bisschen entfernt aber es gibt bereits ein paar hei\u00dfe Kandidaten, die in Frage kommen.\" \/>\n<meta name=\"twitter:label1\" content=\"Written by\" \/>\n\t<meta name=\"twitter:data1\" content=\"Milan\" \/>\n\t<meta name=\"twitter:label2\" content=\"Est. reading time\" \/>\n\t<meta name=\"twitter:data2\" content=\"6 minutes\" \/>\n<script type=\"application\/ld+json\" class=\"yoast-schema-graph\">{\"@context\":\"https:\\\/\\\/schema.org\",\"@graph\":[{\"@type\":\"NewsArticle\",\"@id\":\"https:\\\/\\\/www.apfelpatient.de\\\/allgemein\\\/m2-ipad-pro-mehr-diese-apple-produkte-werden-im-oktober-erwartet#article\",\"isPartOf\":{\"@id\":\"https:\\\/\\\/www.apfelpatient.de\\\/allgemein\\\/m2-ipad-pro-mehr-diese-apple-produkte-werden-im-oktober-erwartet\"},\"author\":{\"@type\":\"Organization\",\"@id\":\"https:\\\/\\\/www.apfelpatient.de\\\/en\\\/#organization\",\"name\":\"Apfelpatient\",\"url\":\"https:\\\/\\\/www.apfelpatient.de\\\/en\\\/\"},\"headline\":\"M2 iPad Pro &amp; mehr: Diese Apple Produkte werden im Oktober erwartet\",\"datePublished\":\"2022-09-25T13:42:44+00:00\",\"mainEntityOfPage\":{\"@id\":\"https:\\\/\\\/www.apfelpatient.de\\\/allgemein\\\/m2-ipad-pro-mehr-diese-apple-produkte-werden-im-oktober-erwartet\"},\"wordCount\":985,\"publisher\":{\"@type\":\"Organization\",\"@id\":\"https:\\\/\\\/www.apfelpatient.de\\\/en\\\/#organization\",\"name\":\"Apfelpatient\",\"url\":\"https:\\\/\\\/www.apfelpatient.de\\\/en\\\/\"},\"image\":{\"@id\":\"https:\\\/\\\/www.apfelpatient.de\\\/allgemein\\\/m2-ipad-pro-mehr-diese-apple-produkte-werden-im-oktober-erwartet#primaryimage\"},\"thumbnailUrl\":\"https:\\\/\\\/www.apfelpatient.de\\\/wp-content\\\/uploads\\\/2022\\\/09\\\/94A33C1E-380C-4748-B980-4A9D39D36BFA.png\",\"keywords\":[\"Apple TV\",\"iPad\",\"iPadOS\",\"Mac\",\"macOS\"],\"articleSection\":\"Allgemein\",\"inLanguage\":\"en-US\",\"copyrightYear\":\"2022\",\"copyrightHolder\":{\"@id\":\"https:\\\/\\\/www.apfelpatient.de\\\/en\\\/#organization\"}},{\"@type\":\"WebPage\",\"@id\":\"https:\\\/\\\/www.apfelpatient.de\\\/allgemein\\\/m2-ipad-pro-mehr-diese-apple-produkte-werden-im-oktober-erwartet\",\"url\":\"https:\\\/\\\/www.apfelpatient.de\\\/allgemein\\\/m2-ipad-pro-mehr-diese-apple-produkte-werden-im-oktober-erwartet\",\"name\":\"M2 iPad Pro &amp; mehr: Diese Apple Produkte werden im Oktober erwartet\",\"isPartOf\":{\"@id\":\"https:\\\/\\\/www.apfelpatient.de\\\/#website\"},\"primaryImageOfPage\":{\"@id\":\"https:\\\/\\\/www.apfelpatient.de\\\/allgemein\\\/m2-ipad-pro-mehr-diese-apple-produkte-werden-im-oktober-erwartet#primaryimage\"},\"image\":{\"@id\":\"https:\\\/\\\/www.apfelpatient.de\\\/allgemein\\\/m2-ipad-pro-mehr-diese-apple-produkte-werden-im-oktober-erwartet#primaryimage\"},\"thumbnailUrl\":\"https:\\\/\\\/www.apfelpatient.de\\\/wp-content\\\/uploads\\\/2022\\\/09\\\/94A33C1E-380C-4748-B980-4A9D39D36BFA.png\",\"datePublished\":\"2022-09-25T13:42:44+00:00\",\"description\":\"M2 iPad Pro und mehr: Der Oktober ist zwar noch bisschen entfernt aber es gibt bereits ein paar hei\u00dfe Kandidaten, die in Frage kommen.\",\"breadcrumb\":{\"@id\":\"https:\\\/\\\/www.apfelpatient.de\\\/allgemein\\\/m2-ipad-pro-mehr-diese-apple-produkte-werden-im-oktober-erwartet#breadcrumb\"},\"inLanguage\":\"en-US\",\"potentialAction\":[{\"@type\":\"ReadAction\",\"target\":[\"https:\\\/\\\/www.apfelpatient.de\\\/allgemein\\\/m2-ipad-pro-mehr-diese-apple-produkte-werden-im-oktober-erwartet\"]}]},{\"@type\":\"ImageObject\",\"inLanguage\":\"en-US\",\"@id\":\"https:\\\/\\\/www.apfelpatient.de\\\/allgemein\\\/m2-ipad-pro-mehr-diese-apple-produkte-werden-im-oktober-erwartet#primaryimage\",\"url\":\"https:\\\/\\\/www.apfelpatient.de\\\/wp-content\\\/uploads\\\/2022\\\/09\\\/94A33C1E-380C-4748-B980-4A9D39D36BFA.png\",\"contentUrl\":\"https:\\\/\\\/www.apfelpatient.de\\\/wp-content\\\/uploads\\\/2022\\\/09\\\/94A33C1E-380C-4748-B980-4A9D39D36BFA.png\",\"width\":1600,\"height\":1200,\"caption\":\"Bild: Apple\"},{\"@type\":\"BreadcrumbList\",\"@id\":\"https:\\\/\\\/www.apfelpatient.de\\\/allgemein\\\/m2-ipad-pro-mehr-diese-apple-produkte-werden-im-oktober-erwartet#breadcrumb\",\"itemListElement\":[{\"@type\":\"ListItem\",\"position\":1,\"name\":\"Startseite\",\"item\":\"https:\\\/\\\/www.apfelpatient.de\\\/\"},{\"@type\":\"ListItem\",\"position\":2,\"name\":\"M2 iPad Pro &amp; mehr: Diese Apple Produkte werden im Oktober erwartet\"}]},{\"@type\":\"WebSite\",\"@id\":\"https:\\\/\\\/www.apfelpatient.de\\\/#website\",\"url\":\"https:\\\/\\\/www.apfelpatient.de\\\/\",\"name\":\"Apfelpatient\",\"description\":\"Alles rund um Apple!\",\"publisher\":{\"@type\":\"Organization\",\"@id\":\"https:\\\/\\\/www.apfelpatient.de\\\/en\\\/#organization\",\"name\":\"Apfelpatient\",\"url\":\"https:\\\/\\\/www.apfelpatient.de\\\/en\\\/\"},\"alternateName\":\"Apfelpatient\",\"potentialAction\":[{\"@type\":\"SearchAction\",\"target\":{\"@type\":\"EntryPoint\",\"urlTemplate\":\"https:\\\/\\\/www.apfelpatient.de\\\/?s={search_term_string}\"},\"query-input\":{\"@type\":\"PropertyValueSpecification\",\"valueRequired\":true,\"valueName\":\"search_term_string\"}}],\"inLanguage\":\"en-US\"},{\"@type\":[\"Person\",\"Organization\"],\"@id\":\"https:\\\/\\\/www.apfelpatient.de\\\/#\\\/schema\\\/person\\\/35b3ddba5832f2bfc7fff5206d4f6b7b\",\"name\":\"Milan\",\"logo\":{\"@id\":\"https:\\\/\\\/www.apfelpatient.de\\\/#\\\/schema\\\/person\\\/image\\\/\"},\"description\":\"Hallo und herzlich willkommen auf meinem Technik-Blog! Als gro\u00dfer Apple-Fan berichte ich hier \u00fcber alles, was mit Apple zu tun hat: von den neuesten News und spannenden Ger\u00fcchten \u00fcber hilfreiche Tipps und Tricks bis hin zu ausf\u00fchrlichen Produkttests. Wenn du genauso technikbegeistert bist wie ich, bist du hier genau richtig!\",\"sameAs\":[\"https:\\\/\\\/www.facebook.com\\\/apfelpatientOfficial\",\"https:\\\/\\\/www.linkedin.com\\\/in\\\/milan-jovicic-42aa0231b\"],\"url\":\"https:\\\/\\\/www.apfelpatient.de\\\/en\\\/author\\\/apfeladmin\"}]}<\/script>\n<!-- \/ Yoast SEO Premium plugin. -->","yoast_head_json":{"title":"M2 iPad Pro &amp; more: These Apple products are expected in October","description":"M2 iPad Pro and more: October is still a bit away but there are already a few hot candidates that come into consideration.","robots":{"index":"index","follow":"follow","max-snippet":"max-snippet:-1","max-image-preview":"max-image-preview:large","max-video-preview":"max-video-preview:-1"},"canonical":"https:\/\/www.apfelpatient.de\/en\/generally\/m2-ipad-pro-more-these-apple-products-are-expected-in-october","og_locale":"en_US","og_type":"article","og_title":"M2 iPad Pro &amp; mehr: Diese Apple Produkte werden im Oktober erwartet","og_description":"M2 iPad Pro und mehr: Der Oktober ist zwar noch bisschen entfernt aber es gibt bereits ein paar hei\u00dfe Kandidaten, die in Frage kommen.","og_url":"https:\/\/www.apfelpatient.de\/en\/generally\/m2-ipad-pro-more-these-apple-products-are-expected-in-october","og_site_name":"Apfelpatient","article_publisher":"https:\/\/www.facebook.com\/apfelpatientOfficial","article_author":"https:\/\/www.facebook.com\/apfelpatientOfficial","article_published_time":"2022-09-25T13:42:44+00:00","og_image":[{"width":1024,"height":768,"url":"https:\/\/www.apfelpatient.de\/wp-content\/uploads\/2022\/09\/94A33C1E-380C-4748-B980-4A9D39D36BFA-1024x768.png","type":"image\/png"}],"author":"Milan","twitter_card":"summary_large_image","twitter_description":"M2 iPad Pro und mehr: Der Oktober ist zwar noch bisschen entfernt aber es gibt bereits ein paar hei\u00dfe Kandidaten, die in Frage kommen.","twitter_misc":{"Written by":"Milan","Est. reading time":"6 minutes"},"schema":{"@context":"https:\/\/schema.org","@graph":[{"@type":"NewsArticle","@id":"https:\/\/www.apfelpatient.de\/allgemein\/m2-ipad-pro-mehr-diese-apple-produkte-werden-im-oktober-erwartet#article","isPartOf":{"@id":"https:\/\/www.apfelpatient.de\/allgemein\/m2-ipad-pro-mehr-diese-apple-produkte-werden-im-oktober-erwartet"},"author":{"@type":"Organization","@id":"https:\/\/www.apfelpatient.de\/en\/#organization","name":"Apfelpatient","url":"https:\/\/www.apfelpatient.de\/en\/"},"headline":"M2 iPad Pro &amp; mehr: Diese Apple Produkte werden im Oktober erwartet","datePublished":"2022-09-25T13:42:44+00:00","mainEntityOfPage":{"@id":"https:\/\/www.apfelpatient.de\/allgemein\/m2-ipad-pro-mehr-diese-apple-produkte-werden-im-oktober-erwartet"},"wordCount":985,"publisher":{"@type":"Organization","@id":"https:\/\/www.apfelpatient.de\/en\/#organization","name":"Apfelpatient","url":"https:\/\/www.apfelpatient.de\/en\/"},"image":{"@id":"https:\/\/www.apfelpatient.de\/allgemein\/m2-ipad-pro-mehr-diese-apple-produkte-werden-im-oktober-erwartet#primaryimage"},"thumbnailUrl":"https:\/\/www.apfelpatient.de\/wp-content\/uploads\/2022\/09\/94A33C1E-380C-4748-B980-4A9D39D36BFA.png","keywords":["Apple TV","iPad","iPadOS","Mac","macOS"],"articleSection":"Allgemein","inLanguage":"en-US","copyrightYear":"2022","copyrightHolder":{"@id":"https:\/\/www.apfelpatient.de\/en\/#organization"}},{"@type":"WebPage","@id":"https:\/\/www.apfelpatient.de\/allgemein\/m2-ipad-pro-mehr-diese-apple-produkte-werden-im-oktober-erwartet","url":"https:\/\/www.apfelpatient.de\/allgemein\/m2-ipad-pro-mehr-diese-apple-produkte-werden-im-oktober-erwartet","name":"M2 iPad Pro &amp; more: These Apple products are expected in October","isPartOf":{"@id":"https:\/\/www.apfelpatient.de\/#website"},"primaryImageOfPage":{"@id":"https:\/\/www.apfelpatient.de\/allgemein\/m2-ipad-pro-mehr-diese-apple-produkte-werden-im-oktober-erwartet#primaryimage"},"image":{"@id":"https:\/\/www.apfelpatient.de\/allgemein\/m2-ipad-pro-mehr-diese-apple-produkte-werden-im-oktober-erwartet#primaryimage"},"thumbnailUrl":"https:\/\/www.apfelpatient.de\/wp-content\/uploads\/2022\/09\/94A33C1E-380C-4748-B980-4A9D39D36BFA.png","datePublished":"2022-09-25T13:42:44+00:00","description":"M2 iPad Pro and more: October is still a bit away but there are already a few hot candidates that come into consideration.","breadcrumb":{"@id":"https:\/\/www.apfelpatient.de\/allgemein\/m2-ipad-pro-mehr-diese-apple-produkte-werden-im-oktober-erwartet#breadcrumb"},"inLanguage":"en-US","potentialAction":[{"@type":"ReadAction","target":["https:\/\/www.apfelpatient.de\/allgemein\/m2-ipad-pro-mehr-diese-apple-produkte-werden-im-oktober-erwartet"]}]},{"@type":"ImageObject","inLanguage":"en-US","@id":"https:\/\/www.apfelpatient.de\/allgemein\/m2-ipad-pro-mehr-diese-apple-produkte-werden-im-oktober-erwartet#primaryimage","url":"https:\/\/www.apfelpatient.de\/wp-content\/uploads\/2022\/09\/94A33C1E-380C-4748-B980-4A9D39D36BFA.png","contentUrl":"https:\/\/www.apfelpatient.de\/wp-content\/uploads\/2022\/09\/94A33C1E-380C-4748-B980-4A9D39D36BFA.png","width":1600,"height":1200,"caption":"Bild: Apple"},{"@type":"BreadcrumbList","@id":"https:\/\/www.apfelpatient.de\/allgemein\/m2-ipad-pro-mehr-diese-apple-produkte-werden-im-oktober-erwartet#breadcrumb","itemListElement":[{"@type":"ListItem","position":1,"name":"Startseite","item":"https:\/\/www.apfelpatient.de\/"},{"@type":"ListItem","position":2,"name":"M2 iPad Pro &amp; mehr: Diese Apple Produkte werden im Oktober erwartet"}]},{"@type":"WebSite","@id":"https:\/\/www.apfelpatient.de\/#website","url":"https:\/\/www.apfelpatient.de\/","name":"apple patient","description":"Everything about Apple!","publisher":{"@type":"Organization","@id":"https:\/\/www.apfelpatient.de\/en\/#organization","name":"Apfelpatient","url":"https:\/\/www.apfelpatient.de\/en\/"},"alternateName":"Apfelpatient","potentialAction":[{"@type":"SearchAction","target":{"@type":"EntryPoint","urlTemplate":"https:\/\/www.apfelpatient.de\/?s={search_term_string}"},"query-input":{"@type":"PropertyValueSpecification","valueRequired":true,"valueName":"search_term_string"}}],"inLanguage":"en-US"},{"@type":["Person","Organization"],"@id":"https:\/\/www.apfelpatient.de\/#\/schema\/person\/35b3ddba5832f2bfc7fff5206d4f6b7b","name":"Milan","logo":{"@id":"https:\/\/www.apfelpatient.de\/#\/schema\/person\/image\/"},"description":"Hello and welcome to my technology blog! As a big Apple fan, I report on everything to do with Apple: from the latest news and exciting rumors to helpful tips and tricks and detailed product tests. If you are as enthusiastic about technology as I am, you have come to the right place!","sameAs":["https:\/\/www.facebook.com\/apfelpatientOfficial","https:\/\/www.linkedin.com\/in\/milan-jovicic-42aa0231b"],"url":"https:\/\/www.apfelpatient.de\/en\/author\/apfeladmin"}]}},"_links":{"self":[{"href":"https:\/\/www.apfelpatient.de\/en\/wp-json\/wp\/v2\/posts\/33968","targetHints":{"allow":["GET"]}}],"collection":[{"href":"https:\/\/www.apfelpatient.de\/en\/wp-json\/wp\/v2\/posts"}],"about":[{"href":"https:\/\/www.apfelpatient.de\/en\/wp-json\/wp\/v2\/types\/post"}],"author":[{"embeddable":true,"href":"https:\/\/www.apfelpatient.de\/en\/wp-json\/wp\/v2\/users\/2"}],"replies":[{"embeddable":true,"href":"https:\/\/www.apfelpatient.de\/en\/wp-json\/wp\/v2\/comments?post=33968"}],"version-history":[{"count":0,"href":"https:\/\/www.apfelpatient.de\/en\/wp-json\/wp\/v2\/posts\/33968\/revisions"}],"wp:featuredmedia":[{"embeddable":true,"href":"https:\/\/www.apfelpatient.de\/en\/wp-json\/wp\/v2\/media\/33971"}],"wp:attachment":[{"href":"https:\/\/www.apfelpatient.de\/en\/wp-json\/wp\/v2\/media?parent=33968"}],"wp:term":[{"taxonomy":"category","embeddable":true,"href":"https:\/\/www.apfelpatient.de\/en\/wp-json\/wp\/v2\/categories?post=33968"},{"taxonomy":"post_tag","embeddable":true,"href":"https:\/\/www.apfelpatient.de\/en\/wp-json\/wp\/v2\/tags?post=33968"}],"curies":[{"name":"wp","href":"https:\/\/api.w.org\/{rel}","templated":true}]}}