{"id":33813,"date":"2022-09-10T16:11:55","date_gmt":"2022-09-10T14:11:55","guid":{"rendered":"https:\/\/www.apfelpatient.de\/?p=33813"},"modified":"2022-09-10T16:11:56","modified_gmt":"2022-09-10T14:11:56","slug":"airpods-pro-2-interesting-details-from-the-data-sheet","status":"publish","type":"post","link":"https:\/\/www.apfelpatient.de\/en\/news\/airpods-pro-2-interessante-details-aus-dem-datenblatt","title":{"rendered":"AirPods Pro 2: Interesting details from the data sheet"},"content":{"rendered":"<p class=\"has-drop-cap\"><strong>Apple has introduced the AirPods Pro 2 alongside new iPhone and Apple Watch models. Here are a few interesting details.<\/strong><\/p>\n\n\n\n<p>The AirPods Pro 2 offer improved audio quality, longer battery life, up to twice the noise cancellation of the original AirPods Pro, a redesigned charging case with Find My support and water resistance, a new option for extra-small silicone tips, the ability to adjust volume by swiping up and down on the stem, and more. But the new buds feature other changes that Apple didn&#039;t mention during the keynote.<\/p>\n\n\n\n<figure class=\"wp-block-image size-large\"><img decoding=\"async\" width=\"1024\" height=\"576\" src=\"https:\/\/www.apfelpatient.de\/wp-content\/uploads\/2022\/09\/Apple-AirPods-Pro-2nd-gen-silicon-ear-tips-220907-1024x576.jpg\" alt=\"AirPods Pro 2\" class=\"wp-image-33746\" srcset=\"https:\/\/www.apfelpatient.de\/wp-content\/uploads\/2022\/09\/Apple-AirPods-Pro-2nd-gen-silicon-ear-tips-220907-1024x576.jpg 1024w, https:\/\/www.apfelpatient.de\/wp-content\/uploads\/2022\/09\/Apple-AirPods-Pro-2nd-gen-silicon-ear-tips-220907-300x169.jpg 300w, https:\/\/www.apfelpatient.de\/wp-content\/uploads\/2022\/09\/Apple-AirPods-Pro-2nd-gen-silicon-ear-tips-220907-768x432.jpg 768w, https:\/\/www.apfelpatient.de\/wp-content\/uploads\/2022\/09\/Apple-AirPods-Pro-2nd-gen-silicon-ear-tips-220907-1536x864.jpg 1536w, https:\/\/www.apfelpatient.de\/wp-content\/uploads\/2022\/09\/Apple-AirPods-Pro-2nd-gen-silicon-ear-tips-220907-750x422.jpg 750w, https:\/\/www.apfelpatient.de\/wp-content\/uploads\/2022\/09\/Apple-AirPods-Pro-2nd-gen-silicon-ear-tips-220907-1140x641.jpg 1140w, https:\/\/www.apfelpatient.de\/wp-content\/uploads\/2022\/09\/Apple-AirPods-Pro-2nd-gen-silicon-ear-tips-220907.jpg 1600w\" sizes=\"(max-width: 1024px) 100vw, 1024px\" \/><figcaption>Image: Apple \u2013 AirPods Pro 2<\/figcaption><\/figure>\n\n\n\n<h3 class=\"wp-block-heading\" id=\"h-air-pods-pro-2-ladecase\">Air Pods Pro 2 charging case<\/h3>\n\n\n\n<p>The new charging case weighs 50.8 grams without the AirPods Pro inside. This makes the new case about 11% heavier than the first generation, which weighs 45.6 grams. The weight of the left and right AirPods Pro earbuds, on the other hand, is almost unchanged.<\/p>\n\n\n\n<h3 class=\"wp-block-heading\">Improved in-ear detection<\/h3>\n\n\n\n<p>The AirPods Pro now feature a skin-detection sensor that can more accurately detect whether the AirPods are in a person&#039;s ears than the two optical sensors on the original AirPods Pro. According to Apple, the improved sensor turns the audio playback on or off on the new AirPods Pro more precisely, thus contributing to longer battery life. The skin-detection sensor was first integrated into the standard third-generation AirPods last year.<\/p>\n\n\n\n<h3 class=\"wp-block-heading\">carrying strap loop<\/h3>\n\n\n\n<p>The new AirPods Pro charging case has an integrated cutout for a lanyard loop on the right side of the case.<\/p>\n\n\n\n<figure class=\"wp-block-image size-large\"><img decoding=\"async\" width=\"1024\" height=\"576\" src=\"https:\/\/www.apfelpatient.de\/wp-content\/uploads\/2022\/09\/Apple-AirPods-Pro-2nd-gen-Apple-Watch-charger-220907-1024x576.jpg\" alt=\"AirPods Pro 2\" class=\"wp-image-33732\" srcset=\"https:\/\/www.apfelpatient.de\/wp-content\/uploads\/2022\/09\/Apple-AirPods-Pro-2nd-gen-Apple-Watch-charger-220907-1024x576.jpg 1024w, https:\/\/www.apfelpatient.de\/wp-content\/uploads\/2022\/09\/Apple-AirPods-Pro-2nd-gen-Apple-Watch-charger-220907-300x169.jpg 300w, https:\/\/www.apfelpatient.de\/wp-content\/uploads\/2022\/09\/Apple-AirPods-Pro-2nd-gen-Apple-Watch-charger-220907-768x432.jpg 768w, https:\/\/www.apfelpatient.de\/wp-content\/uploads\/2022\/09\/Apple-AirPods-Pro-2nd-gen-Apple-Watch-charger-220907-1536x864.jpg 1536w, https:\/\/www.apfelpatient.de\/wp-content\/uploads\/2022\/09\/Apple-AirPods-Pro-2nd-gen-Apple-Watch-charger-220907-750x422.jpg 750w, https:\/\/www.apfelpatient.de\/wp-content\/uploads\/2022\/09\/Apple-AirPods-Pro-2nd-gen-Apple-Watch-charger-220907-1140x641.jpg 1140w, https:\/\/www.apfelpatient.de\/wp-content\/uploads\/2022\/09\/Apple-AirPods-Pro-2nd-gen-Apple-Watch-charger-220907.jpg 1600w\" sizes=\"(max-width: 1024px) 100vw, 1024px\" \/><figcaption>Image: Apple \u2013 AirPods Pro 2<\/figcaption><\/figure>\n\n\n\n<h3 class=\"wp-block-heading\">Support for the Apple Watch charger<\/h3>\n\n\n\n<p>In addition to charging via MagSafe and Lightning, the new AirPods Pro can now also be charged with the Apple Watch&#039;s magnetic charging puck.<\/p>\n\n\n\n<h3 class=\"wp-block-heading\">Memoji personalization<\/h3>\n\n\n\n\n\n\n\n<p>Apple has announced that customers can personalize the AirPods Pro 2 case with their own Memoji for free through the Apple Store app.<\/p>\n\n\n\n<figure class=\"wp-block-image size-large\"><img decoding=\"async\" width=\"1024\" height=\"576\" src=\"https:\/\/www.apfelpatient.de\/wp-content\/uploads\/2022\/09\/Apple-AirPods-Pro-2nd-gen-Memoji-engraving-options-220907-1024x576.png\" alt=\"AirPods Pro 2\" class=\"wp-image-33745\" srcset=\"https:\/\/www.apfelpatient.de\/wp-content\/uploads\/2022\/09\/Apple-AirPods-Pro-2nd-gen-Memoji-engraving-options-220907-1024x576.png 1024w, https:\/\/www.apfelpatient.de\/wp-content\/uploads\/2022\/09\/Apple-AirPods-Pro-2nd-gen-Memoji-engraving-options-220907-300x169.png 300w, https:\/\/www.apfelpatient.de\/wp-content\/uploads\/2022\/09\/Apple-AirPods-Pro-2nd-gen-Memoji-engraving-options-220907-768x432.png 768w, https:\/\/www.apfelpatient.de\/wp-content\/uploads\/2022\/09\/Apple-AirPods-Pro-2nd-gen-Memoji-engraving-options-220907-1536x864.png 1536w, https:\/\/www.apfelpatient.de\/wp-content\/uploads\/2022\/09\/Apple-AirPods-Pro-2nd-gen-Memoji-engraving-options-220907-750x422.png 750w, https:\/\/www.apfelpatient.de\/wp-content\/uploads\/2022\/09\/Apple-AirPods-Pro-2nd-gen-Memoji-engraving-options-220907-1140x641.png 1140w, https:\/\/www.apfelpatient.de\/wp-content\/uploads\/2022\/09\/Apple-AirPods-Pro-2nd-gen-Memoji-engraving-options-220907.png 1600w\" sizes=\"(max-width: 1024px) 100vw, 1024px\" \/><figcaption>Image: Apple \u2013 AirPods Pro 2<\/figcaption><\/figure>\n\n\n\n<h3 class=\"wp-block-heading\">Bluetooth 5.3<\/h3>\n\n\n\n<p>Like the iPhone 14, the new AirPods Pro also support Bluetooth 5.3, according to Apple&#039;s technical specifications. Bluetooth 5.3 could pave the way for the AirPods Pro to support LE Audio, which would have several advantages for the wireless headphones. But Apple has not yet mentioned that the device supports LE Audio. If you want the new plugs, you can get them from Friday, September 9th for 299 euros <a href=\"https:\/\/www.apple.com\/de\/airpods\/\" target=\"_blank\" rel=\"noreferrer noopener\">pre-order<\/a>. Delivery will start on September 23rd. (Image: Apple)<\/p>\n\n\n\n<ul class=\"wp-block-list\"><li><a href=\"https:\/\/www.apfelpatient.de\/en\/news\/airpods-pro-2-all-new-features-of-the-h2-chip\">AirPods Pro 2: All new features of the H2 chip<\/a><\/li><\/ul>\n\n\n\n<h6 class=\"wp-block-heading translation-block\" id=\"h-kennt-ihr-schon-unsere-amazon-storefront-dort-findet-ihr-eine-handverlesene-auswahl-von-diversen-produkten-f-r-euer-iphone-und-co-viel-spa-beim-st-bern\"><em>Have you already visited our Amazon Storefront? There you&#039;ll find a hand-picked selection of various products for your iPhone and other devices \u2013 <span class=\"has-inline-color has-vivid-red-color\"><a href=\"https:\/\/www.amazon.de\/shop\/apfelpatientofficial\" class=\"ek-link\" data-wpel-link=\"exclude\" rel=\"follow noopener\" target=\"_self\"><span style=\"text-decoration: underline\" class=\"ek-underline\">enjoy browsing<\/span><\/a> !<\/span><\/em><\/h6>\n\n\n\n<h6 class=\"wp-block-heading translation-block\" id=\"h-der-beitrag-enthalt-partnerlinks\">This post contains <a data-type=\"URL\" data-id=\"https:\/\/www.apfelpatient.de\/partnerprogramm\" href=\"https:\/\/www.apfelpatient.de\/en\/partner-program\" data-wpel-link=\"internal\" target=\"_self\">affiliate links<\/a>.<\/h6>","protected":false},"excerpt":{"rendered":"<p>Apple has introduced the AirPods Pro 2 alongside new iPhone and Apple Watch models. Here are a few interesting details.<\/p>","protected":false},"author":2,"featured_media":33689,"comment_status":"closed","ping_status":"closed","sticky":false,"template":"","format":"standard","meta":{"jnews-multi-image_gallery":[],"jnews_single_post":{"subtitle":"","format":"standard","video":"","gallery":"","source_name":"","source_url":"","via_name":"","via_url":"","override":[{"single_blog_custom":"","sidebar":"","second_sidebar":"","share_position":"","share_float_style":"","post_date_format":"","post_date_format_custom":"","post_reading_time_wpm":"","zoom_button_out_step":"1","zoom_button_in_step":"1","number_popup_post":"1"}],"image_override":[{"single_post_thumbnail_size":"","single_post_gallery_size":""}],"trending_post_position":"","trending_post_label":"","sponsored_post_label":"","sponsored_post_name":"","sponsored_post_url":"","sponsored_post_logo":"","sponsored_post_desc":""},"jnews_primary_category":{"id":"9"},"footnotes":""},"categories":[9],"tags":[28,401],"class_list":["post-33813","post","type-post","status-publish","format-standard","has-post-thumbnail","hentry","category-news","tag-airpods","tag-airpods-pro-2"],"yoast_head":"<!-- This site is optimized with the Yoast SEO Premium plugin v27.5 (Yoast SEO v27.5) - https:\/\/yoast.com\/product\/yoast-seo-premium-wordpress\/ -->\n<title>AirPods Pro 2: Interessante Details aus dem Datenblatt<\/title>\n<meta name=\"description\" content=\"Apple hat neben neuen iPhone- und Apple Watch-Modellen die AirPods Pro 2 vorgestellt. Nachfolgend ein paar interessante Details.\" \/>\n<meta name=\"robots\" content=\"index, follow, max-snippet:-1, max-image-preview:large, max-video-preview:-1\" \/>\n<link rel=\"canonical\" href=\"https:\/\/www.apfelpatient.de\/en\/news\/airpods-pro-2-interesting-details-from-the-data-sheet\" \/>\n<meta property=\"og:locale\" content=\"en_US\" \/>\n<meta property=\"og:type\" content=\"article\" \/>\n<meta property=\"og:title\" content=\"AirPods Pro 2: Interessante Details aus dem Datenblatt\" \/>\n<meta property=\"og:description\" content=\"Apple hat neben neuen iPhone- und Apple Watch-Modellen die AirPods Pro 2 vorgestellt. Nachfolgend ein paar interessante Details.\" \/>\n<meta property=\"og:url\" content=\"https:\/\/www.apfelpatient.de\/en\/news\/airpods-pro-2-interesting-details-from-the-data-sheet\" \/>\n<meta property=\"og:site_name\" content=\"Apfelpatient\" \/>\n<meta property=\"article:publisher\" content=\"https:\/\/www.facebook.com\/apfelpatientOfficial\" \/>\n<meta property=\"article:author\" content=\"https:\/\/www.facebook.com\/apfelpatientOfficial\" \/>\n<meta property=\"article:published_time\" content=\"2022-09-10T14:11:55+00:00\" \/>\n<meta property=\"article:modified_time\" content=\"2022-09-10T14:11:56+00:00\" \/>\n<meta property=\"og:image\" content=\"https:\/\/www.apfelpatient.de\/wp-content\/uploads\/2022\/09\/Apple-AirPods-Pro-2nd-gen-H2-chip-220907.jpg\" \/>\n\t<meta property=\"og:image:width\" content=\"1600\" \/>\n\t<meta property=\"og:image:height\" content=\"900\" \/>\n\t<meta property=\"og:image:type\" content=\"image\/jpeg\" \/>\n<meta name=\"author\" content=\"Milan\" \/>\n<meta name=\"twitter:card\" content=\"summary_large_image\" \/>\n<meta name=\"twitter:description\" content=\"Apple hat neben neuen iPhone- und Apple Watch-Modellen die AirPods Pro 2 vorgestellt. Nachfolgend ein paar interessante Details.\" \/>\n<meta name=\"twitter:label1\" content=\"Written by\" \/>\n\t<meta name=\"twitter:data1\" content=\"Milan\" \/>\n\t<meta name=\"twitter:label2\" content=\"Est. reading time\" \/>\n\t<meta name=\"twitter:data2\" content=\"3 minutes\" \/>\n<script type=\"application\/ld+json\" class=\"yoast-schema-graph\">{\"@context\":\"https:\\\/\\\/schema.org\",\"@graph\":[{\"@type\":\"NewsArticle\",\"@id\":\"https:\\\/\\\/www.apfelpatient.de\\\/news\\\/airpods-pro-2-interessante-details-aus-dem-datenblatt#article\",\"isPartOf\":{\"@id\":\"https:\\\/\\\/www.apfelpatient.de\\\/news\\\/airpods-pro-2-interessante-details-aus-dem-datenblatt\"},\"author\":{\"@type\":\"Organization\",\"@id\":\"https:\\\/\\\/www.apfelpatient.de\\\/en\\\/#organization\",\"name\":\"Apfelpatient\",\"url\":\"https:\\\/\\\/www.apfelpatient.de\\\/en\\\/\"},\"headline\":\"AirPods Pro 2: Interessante Details aus dem Datenblatt\",\"datePublished\":\"2022-09-10T14:11:55+00:00\",\"dateModified\":\"2022-09-10T14:11:56+00:00\",\"mainEntityOfPage\":{\"@id\":\"https:\\\/\\\/www.apfelpatient.de\\\/news\\\/airpods-pro-2-interessante-details-aus-dem-datenblatt\"},\"wordCount\":425,\"publisher\":{\"@type\":\"Organization\",\"@id\":\"https:\\\/\\\/www.apfelpatient.de\\\/en\\\/#organization\",\"name\":\"Apfelpatient\",\"url\":\"https:\\\/\\\/www.apfelpatient.de\\\/en\\\/\"},\"image\":{\"@id\":\"https:\\\/\\\/www.apfelpatient.de\\\/news\\\/airpods-pro-2-interessante-details-aus-dem-datenblatt#primaryimage\"},\"thumbnailUrl\":\"https:\\\/\\\/www.apfelpatient.de\\\/wp-content\\\/uploads\\\/2022\\\/09\\\/Apple-AirPods-Pro-2nd-gen-H2-chip-220907.jpg\",\"keywords\":[\"AirPods\",\"AirPods Pro 2\"],\"articleSection\":\"News\",\"inLanguage\":\"en-US\",\"copyrightYear\":\"2022\",\"copyrightHolder\":{\"@id\":\"https:\\\/\\\/www.apfelpatient.de\\\/en\\\/#organization\"}},{\"@type\":\"WebPage\",\"@id\":\"https:\\\/\\\/www.apfelpatient.de\\\/news\\\/airpods-pro-2-interessante-details-aus-dem-datenblatt\",\"url\":\"https:\\\/\\\/www.apfelpatient.de\\\/news\\\/airpods-pro-2-interessante-details-aus-dem-datenblatt\",\"name\":\"AirPods Pro 2: Interessante Details aus dem Datenblatt\",\"isPartOf\":{\"@id\":\"https:\\\/\\\/www.apfelpatient.de\\\/#website\"},\"primaryImageOfPage\":{\"@id\":\"https:\\\/\\\/www.apfelpatient.de\\\/news\\\/airpods-pro-2-interessante-details-aus-dem-datenblatt#primaryimage\"},\"image\":{\"@id\":\"https:\\\/\\\/www.apfelpatient.de\\\/news\\\/airpods-pro-2-interessante-details-aus-dem-datenblatt#primaryimage\"},\"thumbnailUrl\":\"https:\\\/\\\/www.apfelpatient.de\\\/wp-content\\\/uploads\\\/2022\\\/09\\\/Apple-AirPods-Pro-2nd-gen-H2-chip-220907.jpg\",\"datePublished\":\"2022-09-10T14:11:55+00:00\",\"dateModified\":\"2022-09-10T14:11:56+00:00\",\"description\":\"Apple hat neben neuen iPhone- und Apple Watch-Modellen die AirPods Pro 2 vorgestellt. Nachfolgend ein paar interessante Details.\",\"breadcrumb\":{\"@id\":\"https:\\\/\\\/www.apfelpatient.de\\\/news\\\/airpods-pro-2-interessante-details-aus-dem-datenblatt#breadcrumb\"},\"inLanguage\":\"en-US\",\"potentialAction\":[{\"@type\":\"ReadAction\",\"target\":[\"https:\\\/\\\/www.apfelpatient.de\\\/news\\\/airpods-pro-2-interessante-details-aus-dem-datenblatt\"]}]},{\"@type\":\"ImageObject\",\"inLanguage\":\"en-US\",\"@id\":\"https:\\\/\\\/www.apfelpatient.de\\\/news\\\/airpods-pro-2-interessante-details-aus-dem-datenblatt#primaryimage\",\"url\":\"https:\\\/\\\/www.apfelpatient.de\\\/wp-content\\\/uploads\\\/2022\\\/09\\\/Apple-AirPods-Pro-2nd-gen-H2-chip-220907.jpg\",\"contentUrl\":\"https:\\\/\\\/www.apfelpatient.de\\\/wp-content\\\/uploads\\\/2022\\\/09\\\/Apple-AirPods-Pro-2nd-gen-H2-chip-220907.jpg\",\"width\":1600,\"height\":900,\"caption\":\"Bild: Apple - AirPods Pro 2\"},{\"@type\":\"BreadcrumbList\",\"@id\":\"https:\\\/\\\/www.apfelpatient.de\\\/news\\\/airpods-pro-2-interessante-details-aus-dem-datenblatt#breadcrumb\",\"itemListElement\":[{\"@type\":\"ListItem\",\"position\":1,\"name\":\"Startseite\",\"item\":\"https:\\\/\\\/www.apfelpatient.de\\\/\"},{\"@type\":\"ListItem\",\"position\":2,\"name\":\"AirPods Pro 2: Interessante Details aus dem Datenblatt\"}]},{\"@type\":\"WebSite\",\"@id\":\"https:\\\/\\\/www.apfelpatient.de\\\/#website\",\"url\":\"https:\\\/\\\/www.apfelpatient.de\\\/\",\"name\":\"Apfelpatient\",\"description\":\"Alles rund um Apple!\",\"publisher\":{\"@type\":\"Organization\",\"@id\":\"https:\\\/\\\/www.apfelpatient.de\\\/en\\\/#organization\",\"name\":\"Apfelpatient\",\"url\":\"https:\\\/\\\/www.apfelpatient.de\\\/en\\\/\"},\"alternateName\":\"Apfelpatient\",\"potentialAction\":[{\"@type\":\"SearchAction\",\"target\":{\"@type\":\"EntryPoint\",\"urlTemplate\":\"https:\\\/\\\/www.apfelpatient.de\\\/?s={search_term_string}\"},\"query-input\":{\"@type\":\"PropertyValueSpecification\",\"valueRequired\":true,\"valueName\":\"search_term_string\"}}],\"inLanguage\":\"en-US\"},{\"@type\":[\"Person\",\"Organization\"],\"@id\":\"https:\\\/\\\/www.apfelpatient.de\\\/#\\\/schema\\\/person\\\/7dc56ad6c8e9824b76d2c08d4c140e13\",\"name\":\"Milan\",\"logo\":{\"@id\":\"https:\\\/\\\/www.apfelpatient.de\\\/#\\\/schema\\\/person\\\/image\\\/\"},\"description\":\"Hallo und herzlich willkommen auf meinem Technik-Blog! Als gro\u00dfer Apple-Fan berichte ich hier \u00fcber alles, was mit Apple zu tun hat: von den neuesten News und spannenden Ger\u00fcchten \u00fcber hilfreiche Tipps und Tricks bis hin zu ausf\u00fchrlichen Produkttests. Wenn du genauso technikbegeistert bist wie ich, bist du hier genau richtig!\",\"sameAs\":[\"https:\\\/\\\/www.facebook.com\\\/apfelpatientOfficial\",\"https:\\\/\\\/www.linkedin.com\\\/in\\\/milan-jovicic-42aa0231b\"],\"url\":\"https:\\\/\\\/www.apfelpatient.de\\\/en\\\/author\\\/apfeladmin\"}]}<\/script>\n<!-- \/ Yoast SEO Premium plugin. -->","yoast_head_json":{"title":"AirPods Pro 2: Interesting details from the data sheet","description":"Apple has introduced the AirPods Pro 2 alongside new iPhone and Apple Watch models. Here are a few interesting details.","robots":{"index":"index","follow":"follow","max-snippet":"max-snippet:-1","max-image-preview":"max-image-preview:large","max-video-preview":"max-video-preview:-1"},"canonical":"https:\/\/www.apfelpatient.de\/en\/news\/airpods-pro-2-interesting-details-from-the-data-sheet","og_locale":"en_US","og_type":"article","og_title":"AirPods Pro 2: Interessante Details aus dem Datenblatt","og_description":"Apple hat neben neuen iPhone- und Apple Watch-Modellen die AirPods Pro 2 vorgestellt. Nachfolgend ein paar interessante Details.","og_url":"https:\/\/www.apfelpatient.de\/en\/news\/airpods-pro-2-interesting-details-from-the-data-sheet","og_site_name":"Apfelpatient","article_publisher":"https:\/\/www.facebook.com\/apfelpatientOfficial","article_author":"https:\/\/www.facebook.com\/apfelpatientOfficial","article_published_time":"2022-09-10T14:11:55+00:00","article_modified_time":"2022-09-10T14:11:56+00:00","og_image":[{"width":1600,"height":900,"url":"https:\/\/www.apfelpatient.de\/wp-content\/uploads\/2022\/09\/Apple-AirPods-Pro-2nd-gen-H2-chip-220907.jpg","type":"image\/jpeg"}],"author":"Milan","twitter_card":"summary_large_image","twitter_description":"Apple hat neben neuen iPhone- und Apple Watch-Modellen die AirPods Pro 2 vorgestellt. Nachfolgend ein paar interessante Details.","twitter_misc":{"Written by":"Milan","Est. reading time":"3 minutes"},"schema":{"@context":"https:\/\/schema.org","@graph":[{"@type":"NewsArticle","@id":"https:\/\/www.apfelpatient.de\/news\/airpods-pro-2-interessante-details-aus-dem-datenblatt#article","isPartOf":{"@id":"https:\/\/www.apfelpatient.de\/news\/airpods-pro-2-interessante-details-aus-dem-datenblatt"},"author":{"@type":"Organization","@id":"https:\/\/www.apfelpatient.de\/en\/#organization","name":"Apfelpatient","url":"https:\/\/www.apfelpatient.de\/en\/"},"headline":"AirPods Pro 2: Interessante Details aus dem Datenblatt","datePublished":"2022-09-10T14:11:55+00:00","dateModified":"2022-09-10T14:11:56+00:00","mainEntityOfPage":{"@id":"https:\/\/www.apfelpatient.de\/news\/airpods-pro-2-interessante-details-aus-dem-datenblatt"},"wordCount":425,"publisher":{"@type":"Organization","@id":"https:\/\/www.apfelpatient.de\/en\/#organization","name":"Apfelpatient","url":"https:\/\/www.apfelpatient.de\/en\/"},"image":{"@id":"https:\/\/www.apfelpatient.de\/news\/airpods-pro-2-interessante-details-aus-dem-datenblatt#primaryimage"},"thumbnailUrl":"https:\/\/www.apfelpatient.de\/wp-content\/uploads\/2022\/09\/Apple-AirPods-Pro-2nd-gen-H2-chip-220907.jpg","keywords":["AirPods","AirPods Pro 2"],"articleSection":"News","inLanguage":"en-US","copyrightYear":"2022","copyrightHolder":{"@id":"https:\/\/www.apfelpatient.de\/en\/#organization"}},{"@type":"WebPage","@id":"https:\/\/www.apfelpatient.de\/news\/airpods-pro-2-interessante-details-aus-dem-datenblatt","url":"https:\/\/www.apfelpatient.de\/news\/airpods-pro-2-interessante-details-aus-dem-datenblatt","name":"AirPods Pro 2: Interesting details from the data sheet","isPartOf":{"@id":"https:\/\/www.apfelpatient.de\/#website"},"primaryImageOfPage":{"@id":"https:\/\/www.apfelpatient.de\/news\/airpods-pro-2-interessante-details-aus-dem-datenblatt#primaryimage"},"image":{"@id":"https:\/\/www.apfelpatient.de\/news\/airpods-pro-2-interessante-details-aus-dem-datenblatt#primaryimage"},"thumbnailUrl":"https:\/\/www.apfelpatient.de\/wp-content\/uploads\/2022\/09\/Apple-AirPods-Pro-2nd-gen-H2-chip-220907.jpg","datePublished":"2022-09-10T14:11:55+00:00","dateModified":"2022-09-10T14:11:56+00:00","description":"Apple has introduced the AirPods Pro 2 alongside new iPhone and Apple Watch models. Here are a few interesting details.","breadcrumb":{"@id":"https:\/\/www.apfelpatient.de\/news\/airpods-pro-2-interessante-details-aus-dem-datenblatt#breadcrumb"},"inLanguage":"en-US","potentialAction":[{"@type":"ReadAction","target":["https:\/\/www.apfelpatient.de\/news\/airpods-pro-2-interessante-details-aus-dem-datenblatt"]}]},{"@type":"ImageObject","inLanguage":"en-US","@id":"https:\/\/www.apfelpatient.de\/news\/airpods-pro-2-interessante-details-aus-dem-datenblatt#primaryimage","url":"https:\/\/www.apfelpatient.de\/wp-content\/uploads\/2022\/09\/Apple-AirPods-Pro-2nd-gen-H2-chip-220907.jpg","contentUrl":"https:\/\/www.apfelpatient.de\/wp-content\/uploads\/2022\/09\/Apple-AirPods-Pro-2nd-gen-H2-chip-220907.jpg","width":1600,"height":900,"caption":"Bild: Apple - AirPods Pro 2"},{"@type":"BreadcrumbList","@id":"https:\/\/www.apfelpatient.de\/news\/airpods-pro-2-interessante-details-aus-dem-datenblatt#breadcrumb","itemListElement":[{"@type":"ListItem","position":1,"name":"Startseite","item":"https:\/\/www.apfelpatient.de\/"},{"@type":"ListItem","position":2,"name":"AirPods Pro 2: Interessante Details aus dem Datenblatt"}]},{"@type":"WebSite","@id":"https:\/\/www.apfelpatient.de\/#website","url":"https:\/\/www.apfelpatient.de\/","name":"apple patient","description":"Everything about Apple!","publisher":{"@type":"Organization","@id":"https:\/\/www.apfelpatient.de\/en\/#organization","name":"Apfelpatient","url":"https:\/\/www.apfelpatient.de\/en\/"},"alternateName":"Apfelpatient","potentialAction":[{"@type":"SearchAction","target":{"@type":"EntryPoint","urlTemplate":"https:\/\/www.apfelpatient.de\/?s={search_term_string}"},"query-input":{"@type":"PropertyValueSpecification","valueRequired":true,"valueName":"search_term_string"}}],"inLanguage":"en-US"},{"@type":["Person","Organization"],"@id":"https:\/\/www.apfelpatient.de\/#\/schema\/person\/7dc56ad6c8e9824b76d2c08d4c140e13","name":"Milan","logo":{"@id":"https:\/\/www.apfelpatient.de\/#\/schema\/person\/image\/"},"description":"Hello and welcome to my technology blog! As a big Apple fan, I report on everything to do with Apple: from the latest news and exciting rumors to helpful tips and tricks and detailed product tests. If you are as enthusiastic about technology as I am, you have come to the right place!","sameAs":["https:\/\/www.facebook.com\/apfelpatientOfficial","https:\/\/www.linkedin.com\/in\/milan-jovicic-42aa0231b"],"url":"https:\/\/www.apfelpatient.de\/en\/author\/apfeladmin"}]}},"_links":{"self":[{"href":"https:\/\/www.apfelpatient.de\/en\/wp-json\/wp\/v2\/posts\/33813","targetHints":{"allow":["GET"]}}],"collection":[{"href":"https:\/\/www.apfelpatient.de\/en\/wp-json\/wp\/v2\/posts"}],"about":[{"href":"https:\/\/www.apfelpatient.de\/en\/wp-json\/wp\/v2\/types\/post"}],"author":[{"embeddable":true,"href":"https:\/\/www.apfelpatient.de\/en\/wp-json\/wp\/v2\/users\/2"}],"replies":[{"embeddable":true,"href":"https:\/\/www.apfelpatient.de\/en\/wp-json\/wp\/v2\/comments?post=33813"}],"version-history":[{"count":0,"href":"https:\/\/www.apfelpatient.de\/en\/wp-json\/wp\/v2\/posts\/33813\/revisions"}],"wp:featuredmedia":[{"embeddable":true,"href":"https:\/\/www.apfelpatient.de\/en\/wp-json\/wp\/v2\/media\/33689"}],"wp:attachment":[{"href":"https:\/\/www.apfelpatient.de\/en\/wp-json\/wp\/v2\/media?parent=33813"}],"wp:term":[{"taxonomy":"category","embeddable":true,"href":"https:\/\/www.apfelpatient.de\/en\/wp-json\/wp\/v2\/categories?post=33813"},{"taxonomy":"post_tag","embeddable":true,"href":"https:\/\/www.apfelpatient.de\/en\/wp-json\/wp\/v2\/tags?post=33813"}],"curies":[{"name":"wp","href":"https:\/\/api.w.org\/{rel}","templated":true}]}}