{"id":33728,"date":"2022-09-07T21:42:00","date_gmt":"2022-09-07T19:42:00","guid":{"rendered":"https:\/\/www.apfelpatient.de\/?p=33728"},"modified":"2022-09-07T23:38:21","modified_gmt":"2022-09-07T21:38:21","slug":"airpods-pro-2-two-functions-will-be-added-with-ios-16-1","status":"publish","type":"post","link":"https:\/\/www.apfelpatient.de\/en\/news\/airpods-pro-2-zwei-funktionen-werden-mit-ios-16-1-nachgereicht","title":{"rendered":"AirPods Pro 2: Two features will be added with iOS 16.1"},"content":{"rendered":"<p class=\"has-drop-cap\"><strong>Two of the most important features of the new Apple AirPods Pro 2 will not be available when they ship on Friday, September 23rd.<\/strong><\/p>\n\n\n\n<p>The press release for the AirPods Pro 2 states in a <a href=\"https:\/\/www.apple.com\/newsroom\/2022\/09\/apple-announces-the-next-generation-of-airpods-pro\/\" target=\"_blank\" rel=\"noreferrer noopener\">footnote<\/a>:<\/p>\n\n\n\n<blockquote class=\"wp-block-quote is-layout-flow wp-block-quote-is-layout-flow\"><p>Personalized spatial audio profiles and Find My will be available with iPadOS 16 and macOS Ventura in October.<\/p><\/blockquote>\n\n\n\n<p>Since Apple requires the AirPods Pro 2 to be paired with an Apple device running the latest operating system, the footnote in the press release suggests that neither feature will work with iOS 16, which officially rolls out on Monday, September 12.<\/p>\n\n\n\n<h3 class=\"wp-block-heading\" id=\"h-airpods-pro-2-neue-funktionen-werden-mit-update-nachgereicht\">AirPods Pro 2: New features will be added with update<\/h3>\n\n\n\n<p>This probably means that AirPods Pro 2 users will have to wait until iOS 16.1 for the two features to be actively available. iOS 16.1 is currently in developer beta, so the first point version of iOS 16 will likely be released alongside the release of iPadOS 16.1 and macOS Ventura in October. With personalized Spatial Audio, users experience sound individually based on the size and shape of their head and ears. With the TrueDepth camera on iPhone, users can create a personal Spatial Audio profile that provides a listening experience tailored to them. The new AirPods Pro 2 feature an updated charging case with a new Find My speaker that can be used to locate them using the Find My app.<\/p>\n\n\n\n<h3 class=\"wp-block-heading\">AirPods 3: Apple offers new charging case<\/h3>\n\n\n\n\n\n\n\n<p>A small change not mentioned by Apple concerns the AirPods 3. The company not only introduced the second generation AirPods Pro today, but also equipped the third generation AirPods with a Lightning charging case without MagSafe wireless charging. This version of the case can only be charged with a Lightning cable. Buyers can therefore now choose between the two versions. While the AirPods 3 with Lightning case cost 209 euros, buyers have to pay 219 euros for the AirPods 3 with MagSafe charging case. This means that the new option is only worthwhile to a limited extent. However, if you want to do without the MagSafe charging option, you save 10 euros. (Image: Apple)<\/p>\n\n\n\n<ul class=\"wp-block-list\"><li><a href=\"https:\/\/www.apfelpatient.de\/en\/news\/far-out-event-apple-introduces-airpods-pro-2\">\u201cFar Out\u201d event: Apple introduces AirPods Pro 2<\/a><\/li><\/ul>\n\n\n\n<h6 class=\"wp-block-heading translation-block\" id=\"h-kennt-ihr-schon-unsere-amazon-storefront-dort-findet-ihr-eine-handverlesene-auswahl-von-diversen-produkten-f-r-euer-iphone-und-co-viel-spa-beim-st-bern\"><em>Have you already visited our Amazon Storefront? There you&#039;ll find a hand-picked selection of various products for your iPhone and other devices \u2013 <span class=\"has-inline-color has-vivid-red-color\"><a href=\"https:\/\/www.amazon.de\/shop\/apfelpatientofficial\" class=\"ek-link\" data-wpel-link=\"exclude\" rel=\"follow noopener\" target=\"_self\"><span style=\"text-decoration: underline\" class=\"ek-underline\">enjoy browsing<\/span><\/a> !<\/span><\/em><\/h6>\n\n\n\n<h6 class=\"wp-block-heading translation-block\" id=\"h-der-beitrag-enthalt-partnerlinks\">This post contains <a data-type=\"URL\" data-id=\"https:\/\/www.apfelpatient.de\/partnerprogramm\" href=\"https:\/\/www.apfelpatient.de\/en\/partner-program\" data-wpel-link=\"internal\" target=\"_self\">affiliate links<\/a>.<\/h6>","protected":false},"excerpt":{"rendered":"<p>Two of the most important features of the new Apple AirPods Pro 2 will not be available when they ship on September 23rd.<\/p>","protected":false},"author":2,"featured_media":33732,"comment_status":"closed","ping_status":"closed","sticky":false,"template":"","format":"standard","meta":{"jnews-multi-image_gallery":[],"jnews_single_post":{"subtitle":"","format":"standard","video":"","gallery":"","source_name":"","source_url":"","via_name":"","via_url":"","override":[{"single_blog_custom":"","sidebar":"","second_sidebar":"","share_position":"","share_float_style":"","post_date_format":"","post_date_format_custom":"","post_reading_time_wpm":"","zoom_button_out_step":"1","zoom_button_in_step":"1","number_popup_post":"1"}],"image_override":[{"single_post_thumbnail_size":"","single_post_gallery_size":""}],"trending_post_position":"","trending_post_label":"","sponsored_post_label":"","sponsored_post_name":"","sponsored_post_url":"","sponsored_post_logo":"","sponsored_post_desc":""},"jnews_primary_category":{"id":"9"},"footnotes":""},"categories":[9],"tags":[28,347],"class_list":["post-33728","post","type-post","status-publish","format-standard","has-post-thumbnail","hentry","category-news","tag-airpods","tag-airpods-pro"],"yoast_head":"<!-- This site is optimized with the Yoast SEO Premium plugin v27.5 (Yoast SEO v27.5) - https:\/\/yoast.com\/product\/yoast-seo-premium-wordpress\/ -->\n<title>AirPods Pro 2: Zwei Funktionen werden mit iOS 16.1 nachgereicht<\/title>\n<meta name=\"description\" content=\"Zwei der wichtigsten Funktionen der neuen Apple AirPods Pro 2 werden nicht verf\u00fcgbar sein, wenn sie am 23. September ausgeliefert werden.\" \/>\n<meta name=\"robots\" content=\"index, follow, max-snippet:-1, max-image-preview:large, max-video-preview:-1\" \/>\n<link rel=\"canonical\" href=\"https:\/\/www.apfelpatient.de\/en\/news\/airpods-pro-2-two-functions-will-be-added-with-ios-16-1\" \/>\n<meta property=\"og:locale\" content=\"en_US\" \/>\n<meta property=\"og:type\" content=\"article\" \/>\n<meta property=\"og:title\" content=\"AirPods Pro 2: Zwei Funktionen werden mit iOS 16.1 nachgereicht\" \/>\n<meta property=\"og:description\" content=\"Zwei der wichtigsten Funktionen der neuen Apple AirPods Pro 2 werden nicht verf\u00fcgbar sein, wenn sie am 23. September ausgeliefert werden.\" \/>\n<meta property=\"og:url\" content=\"https:\/\/www.apfelpatient.de\/en\/news\/airpods-pro-2-two-functions-will-be-added-with-ios-16-1\" \/>\n<meta property=\"og:site_name\" content=\"Apfelpatient\" \/>\n<meta property=\"article:publisher\" content=\"https:\/\/www.facebook.com\/apfelpatientOfficial\" \/>\n<meta property=\"article:author\" content=\"https:\/\/www.facebook.com\/apfelpatientOfficial\" \/>\n<meta property=\"article:published_time\" content=\"2022-09-07T19:42:00+00:00\" \/>\n<meta property=\"article:modified_time\" content=\"2022-09-07T21:38:21+00:00\" \/>\n<meta property=\"og:image\" content=\"https:\/\/www.apfelpatient.de\/wp-content\/uploads\/2022\/09\/Apple-AirPods-Pro-2nd-gen-Apple-Watch-charger-220907.jpg\" \/>\n\t<meta property=\"og:image:width\" content=\"1600\" \/>\n\t<meta property=\"og:image:height\" content=\"900\" \/>\n\t<meta property=\"og:image:type\" content=\"image\/jpeg\" \/>\n<meta name=\"author\" content=\"Milan\" \/>\n<meta name=\"twitter:card\" content=\"summary_large_image\" \/>\n<meta name=\"twitter:description\" content=\"Zwei der wichtigsten Funktionen der neuen Apple AirPods Pro 2 werden nicht verf\u00fcgbar sein, wenn sie am 23. September ausgeliefert werden.\" \/>\n<meta name=\"twitter:label1\" content=\"Written by\" \/>\n\t<meta name=\"twitter:data1\" content=\"Milan\" \/>\n\t<meta name=\"twitter:label2\" content=\"Est. reading time\" \/>\n\t<meta name=\"twitter:data2\" content=\"2 minutes\" \/>\n<script type=\"application\/ld+json\" class=\"yoast-schema-graph\">{\"@context\":\"https:\\\/\\\/schema.org\",\"@graph\":[{\"@type\":\"NewsArticle\",\"@id\":\"https:\\\/\\\/www.apfelpatient.de\\\/news\\\/airpods-pro-2-zwei-funktionen-werden-mit-ios-16-1-nachgereicht#article\",\"isPartOf\":{\"@id\":\"https:\\\/\\\/www.apfelpatient.de\\\/news\\\/airpods-pro-2-zwei-funktionen-werden-mit-ios-16-1-nachgereicht\"},\"author\":{\"@type\":\"Organization\",\"@id\":\"https:\\\/\\\/www.apfelpatient.de\\\/en\\\/#organization\",\"name\":\"Apfelpatient\",\"url\":\"https:\\\/\\\/www.apfelpatient.de\\\/en\\\/\"},\"headline\":\"AirPods Pro 2: Zwei Funktionen werden mit iOS 16.1 nachgereicht\",\"datePublished\":\"2022-09-07T19:42:00+00:00\",\"dateModified\":\"2022-09-07T21:38:21+00:00\",\"mainEntityOfPage\":{\"@id\":\"https:\\\/\\\/www.apfelpatient.de\\\/news\\\/airpods-pro-2-zwei-funktionen-werden-mit-ios-16-1-nachgereicht\"},\"wordCount\":370,\"publisher\":{\"@type\":\"Organization\",\"@id\":\"https:\\\/\\\/www.apfelpatient.de\\\/en\\\/#organization\",\"name\":\"Apfelpatient\",\"url\":\"https:\\\/\\\/www.apfelpatient.de\\\/en\\\/\"},\"image\":{\"@id\":\"https:\\\/\\\/www.apfelpatient.de\\\/news\\\/airpods-pro-2-zwei-funktionen-werden-mit-ios-16-1-nachgereicht#primaryimage\"},\"thumbnailUrl\":\"https:\\\/\\\/www.apfelpatient.de\\\/wp-content\\\/uploads\\\/2022\\\/09\\\/Apple-AirPods-Pro-2nd-gen-Apple-Watch-charger-220907.jpg\",\"keywords\":[\"AirPods\",\"AirPods Pro\"],\"articleSection\":\"News\",\"inLanguage\":\"en-US\",\"copyrightYear\":\"2022\",\"copyrightHolder\":{\"@id\":\"https:\\\/\\\/www.apfelpatient.de\\\/en\\\/#organization\"}},{\"@type\":\"WebPage\",\"@id\":\"https:\\\/\\\/www.apfelpatient.de\\\/news\\\/airpods-pro-2-zwei-funktionen-werden-mit-ios-16-1-nachgereicht\",\"url\":\"https:\\\/\\\/www.apfelpatient.de\\\/news\\\/airpods-pro-2-zwei-funktionen-werden-mit-ios-16-1-nachgereicht\",\"name\":\"AirPods Pro 2: Zwei Funktionen werden mit iOS 16.1 nachgereicht\",\"isPartOf\":{\"@id\":\"https:\\\/\\\/www.apfelpatient.de\\\/#website\"},\"primaryImageOfPage\":{\"@id\":\"https:\\\/\\\/www.apfelpatient.de\\\/news\\\/airpods-pro-2-zwei-funktionen-werden-mit-ios-16-1-nachgereicht#primaryimage\"},\"image\":{\"@id\":\"https:\\\/\\\/www.apfelpatient.de\\\/news\\\/airpods-pro-2-zwei-funktionen-werden-mit-ios-16-1-nachgereicht#primaryimage\"},\"thumbnailUrl\":\"https:\\\/\\\/www.apfelpatient.de\\\/wp-content\\\/uploads\\\/2022\\\/09\\\/Apple-AirPods-Pro-2nd-gen-Apple-Watch-charger-220907.jpg\",\"datePublished\":\"2022-09-07T19:42:00+00:00\",\"dateModified\":\"2022-09-07T21:38:21+00:00\",\"description\":\"Zwei der wichtigsten Funktionen der neuen Apple AirPods Pro 2 werden nicht verf\u00fcgbar sein, wenn sie am 23. September ausgeliefert werden.\",\"breadcrumb\":{\"@id\":\"https:\\\/\\\/www.apfelpatient.de\\\/news\\\/airpods-pro-2-zwei-funktionen-werden-mit-ios-16-1-nachgereicht#breadcrumb\"},\"inLanguage\":\"en-US\",\"potentialAction\":[{\"@type\":\"ReadAction\",\"target\":[\"https:\\\/\\\/www.apfelpatient.de\\\/news\\\/airpods-pro-2-zwei-funktionen-werden-mit-ios-16-1-nachgereicht\"]}]},{\"@type\":\"ImageObject\",\"inLanguage\":\"en-US\",\"@id\":\"https:\\\/\\\/www.apfelpatient.de\\\/news\\\/airpods-pro-2-zwei-funktionen-werden-mit-ios-16-1-nachgereicht#primaryimage\",\"url\":\"https:\\\/\\\/www.apfelpatient.de\\\/wp-content\\\/uploads\\\/2022\\\/09\\\/Apple-AirPods-Pro-2nd-gen-Apple-Watch-charger-220907.jpg\",\"contentUrl\":\"https:\\\/\\\/www.apfelpatient.de\\\/wp-content\\\/uploads\\\/2022\\\/09\\\/Apple-AirPods-Pro-2nd-gen-Apple-Watch-charger-220907.jpg\",\"width\":1600,\"height\":900,\"caption\":\"Bild: Apple - AirPods Pro 2\"},{\"@type\":\"BreadcrumbList\",\"@id\":\"https:\\\/\\\/www.apfelpatient.de\\\/news\\\/airpods-pro-2-zwei-funktionen-werden-mit-ios-16-1-nachgereicht#breadcrumb\",\"itemListElement\":[{\"@type\":\"ListItem\",\"position\":1,\"name\":\"Startseite\",\"item\":\"https:\\\/\\\/www.apfelpatient.de\\\/\"},{\"@type\":\"ListItem\",\"position\":2,\"name\":\"AirPods Pro 2: Zwei Funktionen werden mit iOS 16.1 nachgereicht\"}]},{\"@type\":\"WebSite\",\"@id\":\"https:\\\/\\\/www.apfelpatient.de\\\/#website\",\"url\":\"https:\\\/\\\/www.apfelpatient.de\\\/\",\"name\":\"Apfelpatient\",\"description\":\"Alles rund um Apple!\",\"publisher\":{\"@type\":\"Organization\",\"@id\":\"https:\\\/\\\/www.apfelpatient.de\\\/en\\\/#organization\",\"name\":\"Apfelpatient\",\"url\":\"https:\\\/\\\/www.apfelpatient.de\\\/en\\\/\"},\"alternateName\":\"Apfelpatient\",\"potentialAction\":[{\"@type\":\"SearchAction\",\"target\":{\"@type\":\"EntryPoint\",\"urlTemplate\":\"https:\\\/\\\/www.apfelpatient.de\\\/?s={search_term_string}\"},\"query-input\":{\"@type\":\"PropertyValueSpecification\",\"valueRequired\":true,\"valueName\":\"search_term_string\"}}],\"inLanguage\":\"en-US\"},{\"@type\":[\"Person\",\"Organization\"],\"@id\":\"https:\\\/\\\/www.apfelpatient.de\\\/#\\\/schema\\\/person\\\/7dc56ad6c8e9824b76d2c08d4c140e13\",\"name\":\"Milan\",\"logo\":{\"@id\":\"https:\\\/\\\/www.apfelpatient.de\\\/#\\\/schema\\\/person\\\/image\\\/\"},\"description\":\"Hallo und herzlich willkommen auf meinem Technik-Blog! Als gro\u00dfer Apple-Fan berichte ich hier \u00fcber alles, was mit Apple zu tun hat: von den neuesten News und spannenden Ger\u00fcchten \u00fcber hilfreiche Tipps und Tricks bis hin zu ausf\u00fchrlichen Produkttests. Wenn du genauso technikbegeistert bist wie ich, bist du hier genau richtig!\",\"sameAs\":[\"https:\\\/\\\/www.facebook.com\\\/apfelpatientOfficial\",\"https:\\\/\\\/www.linkedin.com\\\/in\\\/milan-jovicic-42aa0231b\"],\"url\":\"https:\\\/\\\/www.apfelpatient.de\\\/en\\\/author\\\/apfeladmin\"}]}<\/script>\n<!-- \/ Yoast SEO Premium plugin. -->","yoast_head_json":{"title":"AirPods Pro 2: Two features will be added with iOS 16.1","description":"Two of the most important features of the new Apple AirPods Pro 2 will not be available when they ship on September 23rd.","robots":{"index":"index","follow":"follow","max-snippet":"max-snippet:-1","max-image-preview":"max-image-preview:large","max-video-preview":"max-video-preview:-1"},"canonical":"https:\/\/www.apfelpatient.de\/en\/news\/airpods-pro-2-two-functions-will-be-added-with-ios-16-1","og_locale":"en_US","og_type":"article","og_title":"AirPods Pro 2: Zwei Funktionen werden mit iOS 16.1 nachgereicht","og_description":"Zwei der wichtigsten Funktionen der neuen Apple AirPods Pro 2 werden nicht verf\u00fcgbar sein, wenn sie am 23. September ausgeliefert werden.","og_url":"https:\/\/www.apfelpatient.de\/en\/news\/airpods-pro-2-two-functions-will-be-added-with-ios-16-1","og_site_name":"Apfelpatient","article_publisher":"https:\/\/www.facebook.com\/apfelpatientOfficial","article_author":"https:\/\/www.facebook.com\/apfelpatientOfficial","article_published_time":"2022-09-07T19:42:00+00:00","article_modified_time":"2022-09-07T21:38:21+00:00","og_image":[{"width":1600,"height":900,"url":"https:\/\/www.apfelpatient.de\/wp-content\/uploads\/2022\/09\/Apple-AirPods-Pro-2nd-gen-Apple-Watch-charger-220907.jpg","type":"image\/jpeg"}],"author":"Milan","twitter_card":"summary_large_image","twitter_description":"Zwei der wichtigsten Funktionen der neuen Apple AirPods Pro 2 werden nicht verf\u00fcgbar sein, wenn sie am 23. September ausgeliefert werden.","twitter_misc":{"Written by":"Milan","Est. reading time":"2 minutes"},"schema":{"@context":"https:\/\/schema.org","@graph":[{"@type":"NewsArticle","@id":"https:\/\/www.apfelpatient.de\/news\/airpods-pro-2-zwei-funktionen-werden-mit-ios-16-1-nachgereicht#article","isPartOf":{"@id":"https:\/\/www.apfelpatient.de\/news\/airpods-pro-2-zwei-funktionen-werden-mit-ios-16-1-nachgereicht"},"author":{"@type":"Organization","@id":"https:\/\/www.apfelpatient.de\/en\/#organization","name":"Apfelpatient","url":"https:\/\/www.apfelpatient.de\/en\/"},"headline":"AirPods Pro 2: Zwei Funktionen werden mit iOS 16.1 nachgereicht","datePublished":"2022-09-07T19:42:00+00:00","dateModified":"2022-09-07T21:38:21+00:00","mainEntityOfPage":{"@id":"https:\/\/www.apfelpatient.de\/news\/airpods-pro-2-zwei-funktionen-werden-mit-ios-16-1-nachgereicht"},"wordCount":370,"publisher":{"@type":"Organization","@id":"https:\/\/www.apfelpatient.de\/en\/#organization","name":"Apfelpatient","url":"https:\/\/www.apfelpatient.de\/en\/"},"image":{"@id":"https:\/\/www.apfelpatient.de\/news\/airpods-pro-2-zwei-funktionen-werden-mit-ios-16-1-nachgereicht#primaryimage"},"thumbnailUrl":"https:\/\/www.apfelpatient.de\/wp-content\/uploads\/2022\/09\/Apple-AirPods-Pro-2nd-gen-Apple-Watch-charger-220907.jpg","keywords":["AirPods","AirPods Pro"],"articleSection":"News","inLanguage":"en-US","copyrightYear":"2022","copyrightHolder":{"@id":"https:\/\/www.apfelpatient.de\/en\/#organization"}},{"@type":"WebPage","@id":"https:\/\/www.apfelpatient.de\/news\/airpods-pro-2-zwei-funktionen-werden-mit-ios-16-1-nachgereicht","url":"https:\/\/www.apfelpatient.de\/news\/airpods-pro-2-zwei-funktionen-werden-mit-ios-16-1-nachgereicht","name":"AirPods Pro 2: Two features will be added with iOS 16.1","isPartOf":{"@id":"https:\/\/www.apfelpatient.de\/#website"},"primaryImageOfPage":{"@id":"https:\/\/www.apfelpatient.de\/news\/airpods-pro-2-zwei-funktionen-werden-mit-ios-16-1-nachgereicht#primaryimage"},"image":{"@id":"https:\/\/www.apfelpatient.de\/news\/airpods-pro-2-zwei-funktionen-werden-mit-ios-16-1-nachgereicht#primaryimage"},"thumbnailUrl":"https:\/\/www.apfelpatient.de\/wp-content\/uploads\/2022\/09\/Apple-AirPods-Pro-2nd-gen-Apple-Watch-charger-220907.jpg","datePublished":"2022-09-07T19:42:00+00:00","dateModified":"2022-09-07T21:38:21+00:00","description":"Two of the most important features of the new Apple AirPods Pro 2 will not be available when they ship on September 23rd.","breadcrumb":{"@id":"https:\/\/www.apfelpatient.de\/news\/airpods-pro-2-zwei-funktionen-werden-mit-ios-16-1-nachgereicht#breadcrumb"},"inLanguage":"en-US","potentialAction":[{"@type":"ReadAction","target":["https:\/\/www.apfelpatient.de\/news\/airpods-pro-2-zwei-funktionen-werden-mit-ios-16-1-nachgereicht"]}]},{"@type":"ImageObject","inLanguage":"en-US","@id":"https:\/\/www.apfelpatient.de\/news\/airpods-pro-2-zwei-funktionen-werden-mit-ios-16-1-nachgereicht#primaryimage","url":"https:\/\/www.apfelpatient.de\/wp-content\/uploads\/2022\/09\/Apple-AirPods-Pro-2nd-gen-Apple-Watch-charger-220907.jpg","contentUrl":"https:\/\/www.apfelpatient.de\/wp-content\/uploads\/2022\/09\/Apple-AirPods-Pro-2nd-gen-Apple-Watch-charger-220907.jpg","width":1600,"height":900,"caption":"Bild: Apple - AirPods Pro 2"},{"@type":"BreadcrumbList","@id":"https:\/\/www.apfelpatient.de\/news\/airpods-pro-2-zwei-funktionen-werden-mit-ios-16-1-nachgereicht#breadcrumb","itemListElement":[{"@type":"ListItem","position":1,"name":"Startseite","item":"https:\/\/www.apfelpatient.de\/"},{"@type":"ListItem","position":2,"name":"AirPods Pro 2: Zwei Funktionen werden mit iOS 16.1 nachgereicht"}]},{"@type":"WebSite","@id":"https:\/\/www.apfelpatient.de\/#website","url":"https:\/\/www.apfelpatient.de\/","name":"apple patient","description":"Everything about Apple!","publisher":{"@type":"Organization","@id":"https:\/\/www.apfelpatient.de\/en\/#organization","name":"Apfelpatient","url":"https:\/\/www.apfelpatient.de\/en\/"},"alternateName":"Apfelpatient","potentialAction":[{"@type":"SearchAction","target":{"@type":"EntryPoint","urlTemplate":"https:\/\/www.apfelpatient.de\/?s={search_term_string}"},"query-input":{"@type":"PropertyValueSpecification","valueRequired":true,"valueName":"search_term_string"}}],"inLanguage":"en-US"},{"@type":["Person","Organization"],"@id":"https:\/\/www.apfelpatient.de\/#\/schema\/person\/7dc56ad6c8e9824b76d2c08d4c140e13","name":"Milan","logo":{"@id":"https:\/\/www.apfelpatient.de\/#\/schema\/person\/image\/"},"description":"Hello and welcome to my technology blog! As a big Apple fan, I report on everything to do with Apple: from the latest news and exciting rumors to helpful tips and tricks and detailed product tests. If you are as enthusiastic about technology as I am, you have come to the right place!","sameAs":["https:\/\/www.facebook.com\/apfelpatientOfficial","https:\/\/www.linkedin.com\/in\/milan-jovicic-42aa0231b"],"url":"https:\/\/www.apfelpatient.de\/en\/author\/apfeladmin"}]}},"_links":{"self":[{"href":"https:\/\/www.apfelpatient.de\/en\/wp-json\/wp\/v2\/posts\/33728","targetHints":{"allow":["GET"]}}],"collection":[{"href":"https:\/\/www.apfelpatient.de\/en\/wp-json\/wp\/v2\/posts"}],"about":[{"href":"https:\/\/www.apfelpatient.de\/en\/wp-json\/wp\/v2\/types\/post"}],"author":[{"embeddable":true,"href":"https:\/\/www.apfelpatient.de\/en\/wp-json\/wp\/v2\/users\/2"}],"replies":[{"embeddable":true,"href":"https:\/\/www.apfelpatient.de\/en\/wp-json\/wp\/v2\/comments?post=33728"}],"version-history":[{"count":0,"href":"https:\/\/www.apfelpatient.de\/en\/wp-json\/wp\/v2\/posts\/33728\/revisions"}],"wp:featuredmedia":[{"embeddable":true,"href":"https:\/\/www.apfelpatient.de\/en\/wp-json\/wp\/v2\/media\/33732"}],"wp:attachment":[{"href":"https:\/\/www.apfelpatient.de\/en\/wp-json\/wp\/v2\/media?parent=33728"}],"wp:term":[{"taxonomy":"category","embeddable":true,"href":"https:\/\/www.apfelpatient.de\/en\/wp-json\/wp\/v2\/categories?post=33728"},{"taxonomy":"post_tag","embeddable":true,"href":"https:\/\/www.apfelpatient.de\/en\/wp-json\/wp\/v2\/tags?post=33728"}],"curies":[{"name":"wp","href":"https:\/\/api.w.org\/{rel}","templated":true}]}}