{"id":33672,"date":"2022-09-07T20:52:23","date_gmt":"2022-09-07T18:52:23","guid":{"rendered":"https:\/\/www.apfelpatient.de\/?p=33672"},"modified":"2022-09-07T20:52:24","modified_gmt":"2022-09-07T18:52:24","slug":"far-out-event-apple-introduces-airpods-pro-2","status":"publish","type":"post","link":"https:\/\/www.apfelpatient.de\/en\/news\/far-out-event-apple-stellt-airpods-pro-2-vor","title":{"rendered":"\u201cFar Out\u201d event: Apple introduces AirPods Pro 2"},"content":{"rendered":"<p class=\"has-drop-cap\"><strong>As expected, Apple has introduced the second generation of AirPods Pro \u2013 the AirPods 2. Below you will find a summary of all the new features.<\/strong><\/p>\n\n\n\n<p>The second generation of AirPods Pro features a new wireless, lossless codec and improved battery life <a href=\"https:\/\/www.apple.com\/newsroom\/2022\/09\/apple-announces-the-next-generation-of-airpods-pro\/\" target=\"_blank\" rel=\"noreferrer noopener\">announced<\/a>. Apple hasn&#039;t changed much about the overall design of the new AirPods Pro 2 - however, the speaker grilles, stem, and other small aspects have been slightly altered. The charging case has been redesigned and now includes a lanyard. Additionally, the AirPods can now be charged using the Apple Watch charger. In addition, they have a larger speaker when the case is searched for using Find My. The AirPods themselves have the same design but they now have new silicone tips. As for the stems, these now include touch controls.<\/p>\n\n\n\n<h3 class=\"wp-block-heading\" id=\"h-airpods-pro-2-mehr-akkulaufzeit-bessere-gerauschunterdruckung\">AirPods Pro 2: More battery life, better noise cancellation<\/h3>\n\n\n\n\n\n\n\n<p>Apple says the new AirPods Pro have a longer battery life, up to six hours on a single charge. The charging case allows for up to 30 hours of use and can now be engraved with Memoji.<\/p>\n\n\n\n<figure class=\"wp-block-image size-large\"><img decoding=\"async\" width=\"1024\" height=\"819\" src=\"https:\/\/www.apfelpatient.de\/wp-content\/uploads\/2022\/09\/Apple-AirPods-Pro-2nd-gen-hero-220907-1024x819.jpg\" alt=\"AirPods Pro 2\" class=\"wp-image-33690\" srcset=\"https:\/\/www.apfelpatient.de\/wp-content\/uploads\/2022\/09\/Apple-AirPods-Pro-2nd-gen-hero-220907-1024x819.jpg 1024w, https:\/\/www.apfelpatient.de\/wp-content\/uploads\/2022\/09\/Apple-AirPods-Pro-2nd-gen-hero-220907-300x240.jpg 300w, https:\/\/www.apfelpatient.de\/wp-content\/uploads\/2022\/09\/Apple-AirPods-Pro-2nd-gen-hero-220907-768x614.jpg 768w, https:\/\/www.apfelpatient.de\/wp-content\/uploads\/2022\/09\/Apple-AirPods-Pro-2nd-gen-hero-220907-1536x1229.jpg 1536w, https:\/\/www.apfelpatient.de\/wp-content\/uploads\/2022\/09\/Apple-AirPods-Pro-2nd-gen-hero-220907-750x600.jpg 750w, https:\/\/www.apfelpatient.de\/wp-content\/uploads\/2022\/09\/Apple-AirPods-Pro-2nd-gen-hero-220907-1140x912.jpg 1140w, https:\/\/www.apfelpatient.de\/wp-content\/uploads\/2022\/09\/Apple-AirPods-Pro-2nd-gen-hero-220907.jpg 1600w\" sizes=\"(max-width: 1024px) 100vw, 1024px\" \/><figcaption>Image: Apple \u2013 AirPods Pro 2<\/figcaption><\/figure>\n\n\n\n<p>The new AirPods Pro have an updated processor for advanced audio processing, which Apple says offers twice the active noise cancellation of the previous model. They also feature transparency mode, music playback and 48kHz audio specifically for SharePlay. The AirPods Pro cost $249 and will be available from September 23rd - pre-orders will be accepted from September 9th. (Image: Apple)<\/p>\n\n\n\n<ul class=\"wp-block-list\"><li><a href=\"https:\/\/www.apfelpatient.de\/en\/news\/airpods-firmware-apple-shares-new-features-from-ios-16\">AirPods Firmware: Apple shares new features starting with iOS 16<\/a><\/li><\/ul>\n\n\n\n<h6 class=\"wp-block-heading translation-block\" id=\"h-kennt-ihr-schon-unsere-amazon-storefront-dort-findet-ihr-eine-handverlesene-auswahl-von-diversen-produkten-f-r-euer-iphone-und-co-viel-spa-beim-st-bern\"><em>Have you already visited our Amazon Storefront? There you&#039;ll find a hand-picked selection of various products for your iPhone and other devices \u2013 <span class=\"has-inline-color has-vivid-red-color\"><a href=\"https:\/\/www.amazon.de\/shop\/apfelpatientofficial\" class=\"ek-link\" data-wpel-link=\"exclude\" rel=\"follow noopener\" target=\"_self\"><span style=\"text-decoration: underline\" class=\"ek-underline\">enjoy browsing<\/span><\/a> !<\/span><\/em><\/h6>\n\n\n\n<h6 class=\"wp-block-heading translation-block\" id=\"h-der-beitrag-enthalt-partnerlinks\">This post contains <a data-type=\"URL\" data-id=\"https:\/\/www.apfelpatient.de\/partnerprogramm\" href=\"https:\/\/www.apfelpatient.de\/en\/partner-program\" data-wpel-link=\"internal\" target=\"_self\">affiliate links<\/a>.<\/h6>","protected":false},"excerpt":{"rendered":"<p>As expected, Apple has introduced the second generation of AirPods Pro \u2013 the AirPods 2. Below you&#039;ll find all the new features.<\/p>","protected":false},"author":2,"featured_media":33689,"comment_status":"closed","ping_status":"closed","sticky":false,"template":"","format":"standard","meta":{"jnews-multi-image_gallery":[],"jnews_single_post":{"subtitle":"","format":"standard","video":"","gallery":"","source_name":"","source_url":"","via_name":"","via_url":"","override":[{"single_blog_custom":"","sidebar":"","second_sidebar":"","share_position":"","share_float_style":"","post_date_format":"","post_date_format_custom":"","post_reading_time_wpm":"","zoom_button_out_step":"1","zoom_button_in_step":"1","number_popup_post":"1"}],"image_override":[{"single_post_thumbnail_size":"","single_post_gallery_size":""}],"trending_post_position":"","trending_post_label":"","sponsored_post_label":"","sponsored_post_name":"","sponsored_post_url":"","sponsored_post_logo":"","sponsored_post_desc":""},"jnews_primary_category":{"id":"9"},"footnotes":""},"categories":[9],"tags":[28,347],"class_list":["post-33672","post","type-post","status-publish","format-standard","has-post-thumbnail","hentry","category-news","tag-airpods","tag-airpods-pro"],"yoast_head":"<!-- This site is optimized with the Yoast SEO Premium plugin v27.5 (Yoast SEO v27.5) - https:\/\/yoast.com\/product\/yoast-seo-premium-wordpress\/ -->\n<title>\u201eFar Out\u201c-Event: Apple stellt AirPods Pro 2 vor Apfelpatient<\/title>\n<meta name=\"description\" content=\"Apple hat, wie zu erwarten, die zweite Generation der AirPods Pro - die AirPods 2 - vorgestellt. Nachfolgend findet ihr alle Neuerungen.\" \/>\n<meta name=\"robots\" content=\"index, follow, max-snippet:-1, max-image-preview:large, max-video-preview:-1\" \/>\n<link rel=\"canonical\" href=\"https:\/\/www.apfelpatient.de\/en\/news\/far-out-event-apple-introduces-airpods-pro-2\" \/>\n<meta property=\"og:locale\" content=\"en_US\" \/>\n<meta property=\"og:type\" content=\"article\" \/>\n<meta property=\"og:title\" content=\"\u201eFar Out\u201c-Event: Apple stellt AirPods Pro 2 vor\" \/>\n<meta property=\"og:description\" content=\"Apple hat, wie zu erwarten, die zweite Generation der AirPods Pro - die AirPods 2 - vorgestellt. Nachfolgend findet ihr alle Neuerungen.\" \/>\n<meta property=\"og:url\" content=\"https:\/\/www.apfelpatient.de\/en\/news\/far-out-event-apple-introduces-airpods-pro-2\" \/>\n<meta property=\"og:site_name\" content=\"Apfelpatient\" \/>\n<meta property=\"article:publisher\" content=\"https:\/\/www.facebook.com\/apfelpatientOfficial\" \/>\n<meta property=\"article:author\" content=\"https:\/\/www.facebook.com\/apfelpatientOfficial\" \/>\n<meta property=\"article:published_time\" content=\"2022-09-07T18:52:23+00:00\" \/>\n<meta property=\"article:modified_time\" content=\"2022-09-07T18:52:24+00:00\" \/>\n<meta property=\"og:image\" content=\"https:\/\/www.apfelpatient.de\/wp-content\/uploads\/2022\/09\/Apple-AirPods-Pro-2nd-gen-H2-chip-220907.jpg\" \/>\n\t<meta property=\"og:image:width\" content=\"1600\" \/>\n\t<meta property=\"og:image:height\" content=\"900\" \/>\n\t<meta property=\"og:image:type\" content=\"image\/jpeg\" \/>\n<meta name=\"author\" content=\"Milan\" \/>\n<meta name=\"twitter:card\" content=\"summary_large_image\" \/>\n<meta name=\"twitter:description\" content=\"Apple hat, wie zu erwarten, die zweite Generation der AirPods Pro - die AirPods 2 - vorgestellt. Nachfolgend findet ihr alle Neuerungen.\" \/>\n<meta name=\"twitter:label1\" content=\"Written by\" \/>\n\t<meta name=\"twitter:data1\" content=\"Milan\" \/>\n\t<meta name=\"twitter:label2\" content=\"Est. reading time\" \/>\n\t<meta name=\"twitter:data2\" content=\"2 minutes\" \/>\n<script type=\"application\/ld+json\" class=\"yoast-schema-graph\">{\"@context\":\"https:\\\/\\\/schema.org\",\"@graph\":[{\"@type\":\"NewsArticle\",\"@id\":\"https:\\\/\\\/www.apfelpatient.de\\\/news\\\/far-out-event-apple-stellt-airpods-pro-2-vor#article\",\"isPartOf\":{\"@id\":\"https:\\\/\\\/www.apfelpatient.de\\\/news\\\/far-out-event-apple-stellt-airpods-pro-2-vor\"},\"author\":{\"@type\":\"Organization\",\"@id\":\"https:\\\/\\\/www.apfelpatient.de\\\/en\\\/#organization\",\"name\":\"Apfelpatient\",\"url\":\"https:\\\/\\\/www.apfelpatient.de\\\/en\\\/\"},\"headline\":\"\u201eFar Out\u201c-Event: Apple stellt AirPods Pro 2 vor\",\"datePublished\":\"2022-09-07T18:52:23+00:00\",\"dateModified\":\"2022-09-07T18:52:24+00:00\",\"mainEntityOfPage\":{\"@id\":\"https:\\\/\\\/www.apfelpatient.de\\\/news\\\/far-out-event-apple-stellt-airpods-pro-2-vor\"},\"wordCount\":273,\"publisher\":{\"@type\":\"Organization\",\"@id\":\"https:\\\/\\\/www.apfelpatient.de\\\/en\\\/#organization\",\"name\":\"Apfelpatient\",\"url\":\"https:\\\/\\\/www.apfelpatient.de\\\/en\\\/\"},\"image\":{\"@id\":\"https:\\\/\\\/www.apfelpatient.de\\\/news\\\/far-out-event-apple-stellt-airpods-pro-2-vor#primaryimage\"},\"thumbnailUrl\":\"https:\\\/\\\/www.apfelpatient.de\\\/wp-content\\\/uploads\\\/2022\\\/09\\\/Apple-AirPods-Pro-2nd-gen-H2-chip-220907.jpg\",\"keywords\":[\"AirPods\",\"AirPods Pro\"],\"articleSection\":\"News\",\"inLanguage\":\"en-US\",\"copyrightYear\":\"2022\",\"copyrightHolder\":{\"@id\":\"https:\\\/\\\/www.apfelpatient.de\\\/en\\\/#organization\"}},{\"@type\":\"WebPage\",\"@id\":\"https:\\\/\\\/www.apfelpatient.de\\\/news\\\/far-out-event-apple-stellt-airpods-pro-2-vor\",\"url\":\"https:\\\/\\\/www.apfelpatient.de\\\/news\\\/far-out-event-apple-stellt-airpods-pro-2-vor\",\"name\":\"\u201eFar Out\u201c-Event: Apple stellt AirPods Pro 2 vor Apfelpatient\",\"isPartOf\":{\"@id\":\"https:\\\/\\\/www.apfelpatient.de\\\/#website\"},\"primaryImageOfPage\":{\"@id\":\"https:\\\/\\\/www.apfelpatient.de\\\/news\\\/far-out-event-apple-stellt-airpods-pro-2-vor#primaryimage\"},\"image\":{\"@id\":\"https:\\\/\\\/www.apfelpatient.de\\\/news\\\/far-out-event-apple-stellt-airpods-pro-2-vor#primaryimage\"},\"thumbnailUrl\":\"https:\\\/\\\/www.apfelpatient.de\\\/wp-content\\\/uploads\\\/2022\\\/09\\\/Apple-AirPods-Pro-2nd-gen-H2-chip-220907.jpg\",\"datePublished\":\"2022-09-07T18:52:23+00:00\",\"dateModified\":\"2022-09-07T18:52:24+00:00\",\"description\":\"Apple hat, wie zu erwarten, die zweite Generation der AirPods Pro - die AirPods 2 - vorgestellt. Nachfolgend findet ihr alle Neuerungen.\",\"breadcrumb\":{\"@id\":\"https:\\\/\\\/www.apfelpatient.de\\\/news\\\/far-out-event-apple-stellt-airpods-pro-2-vor#breadcrumb\"},\"inLanguage\":\"en-US\",\"potentialAction\":[{\"@type\":\"ReadAction\",\"target\":[\"https:\\\/\\\/www.apfelpatient.de\\\/news\\\/far-out-event-apple-stellt-airpods-pro-2-vor\"]}]},{\"@type\":\"ImageObject\",\"inLanguage\":\"en-US\",\"@id\":\"https:\\\/\\\/www.apfelpatient.de\\\/news\\\/far-out-event-apple-stellt-airpods-pro-2-vor#primaryimage\",\"url\":\"https:\\\/\\\/www.apfelpatient.de\\\/wp-content\\\/uploads\\\/2022\\\/09\\\/Apple-AirPods-Pro-2nd-gen-H2-chip-220907.jpg\",\"contentUrl\":\"https:\\\/\\\/www.apfelpatient.de\\\/wp-content\\\/uploads\\\/2022\\\/09\\\/Apple-AirPods-Pro-2nd-gen-H2-chip-220907.jpg\",\"width\":1600,\"height\":900,\"caption\":\"Bild: Apple - AirPods Pro 2\"},{\"@type\":\"BreadcrumbList\",\"@id\":\"https:\\\/\\\/www.apfelpatient.de\\\/news\\\/far-out-event-apple-stellt-airpods-pro-2-vor#breadcrumb\",\"itemListElement\":[{\"@type\":\"ListItem\",\"position\":1,\"name\":\"Startseite\",\"item\":\"https:\\\/\\\/www.apfelpatient.de\\\/\"},{\"@type\":\"ListItem\",\"position\":2,\"name\":\"\u201eFar Out\u201c-Event: Apple stellt AirPods Pro 2 vor\"}]},{\"@type\":\"WebSite\",\"@id\":\"https:\\\/\\\/www.apfelpatient.de\\\/#website\",\"url\":\"https:\\\/\\\/www.apfelpatient.de\\\/\",\"name\":\"Apfelpatient\",\"description\":\"Alles rund um Apple!\",\"publisher\":{\"@type\":\"Organization\",\"@id\":\"https:\\\/\\\/www.apfelpatient.de\\\/en\\\/#organization\",\"name\":\"Apfelpatient\",\"url\":\"https:\\\/\\\/www.apfelpatient.de\\\/en\\\/\"},\"alternateName\":\"Apfelpatient\",\"potentialAction\":[{\"@type\":\"SearchAction\",\"target\":{\"@type\":\"EntryPoint\",\"urlTemplate\":\"https:\\\/\\\/www.apfelpatient.de\\\/?s={search_term_string}\"},\"query-input\":{\"@type\":\"PropertyValueSpecification\",\"valueRequired\":true,\"valueName\":\"search_term_string\"}}],\"inLanguage\":\"en-US\"},{\"@type\":[\"Person\",\"Organization\"],\"@id\":\"https:\\\/\\\/www.apfelpatient.de\\\/#\\\/schema\\\/person\\\/7dc56ad6c8e9824b76d2c08d4c140e13\",\"name\":\"Milan\",\"logo\":{\"@id\":\"https:\\\/\\\/www.apfelpatient.de\\\/#\\\/schema\\\/person\\\/image\\\/\"},\"description\":\"Hallo und herzlich willkommen auf meinem Technik-Blog! Als gro\u00dfer Apple-Fan berichte ich hier \u00fcber alles, was mit Apple zu tun hat: von den neuesten News und spannenden Ger\u00fcchten \u00fcber hilfreiche Tipps und Tricks bis hin zu ausf\u00fchrlichen Produkttests. Wenn du genauso technikbegeistert bist wie ich, bist du hier genau richtig!\",\"sameAs\":[\"https:\\\/\\\/www.facebook.com\\\/apfelpatientOfficial\",\"https:\\\/\\\/www.linkedin.com\\\/in\\\/milan-jovicic-42aa0231b\"],\"url\":\"https:\\\/\\\/www.apfelpatient.de\\\/en\\\/author\\\/apfeladmin\"}]}<\/script>\n<!-- \/ Yoast SEO Premium plugin. -->","yoast_head_json":{"title":"&quot;Far Out&quot; event: Apple introduces AirPods Pro 2 Apfelpatient","description":"As expected, Apple has introduced the second generation of AirPods Pro - the AirPods 2. You can find all the new features below.","robots":{"index":"index","follow":"follow","max-snippet":"max-snippet:-1","max-image-preview":"max-image-preview:large","max-video-preview":"max-video-preview:-1"},"canonical":"https:\/\/www.apfelpatient.de\/en\/news\/far-out-event-apple-introduces-airpods-pro-2","og_locale":"en_US","og_type":"article","og_title":"\u201eFar Out\u201c-Event: Apple stellt AirPods Pro 2 vor","og_description":"Apple hat, wie zu erwarten, die zweite Generation der AirPods Pro - die AirPods 2 - vorgestellt. Nachfolgend findet ihr alle Neuerungen.","og_url":"https:\/\/www.apfelpatient.de\/en\/news\/far-out-event-apple-introduces-airpods-pro-2","og_site_name":"Apfelpatient","article_publisher":"https:\/\/www.facebook.com\/apfelpatientOfficial","article_author":"https:\/\/www.facebook.com\/apfelpatientOfficial","article_published_time":"2022-09-07T18:52:23+00:00","article_modified_time":"2022-09-07T18:52:24+00:00","og_image":[{"width":1600,"height":900,"url":"https:\/\/www.apfelpatient.de\/wp-content\/uploads\/2022\/09\/Apple-AirPods-Pro-2nd-gen-H2-chip-220907.jpg","type":"image\/jpeg"}],"author":"Milan","twitter_card":"summary_large_image","twitter_description":"Apple hat, wie zu erwarten, die zweite Generation der AirPods Pro - die AirPods 2 - vorgestellt. Nachfolgend findet ihr alle Neuerungen.","twitter_misc":{"Written by":"Milan","Est. reading time":"2 minutes"},"schema":{"@context":"https:\/\/schema.org","@graph":[{"@type":"NewsArticle","@id":"https:\/\/www.apfelpatient.de\/news\/far-out-event-apple-stellt-airpods-pro-2-vor#article","isPartOf":{"@id":"https:\/\/www.apfelpatient.de\/news\/far-out-event-apple-stellt-airpods-pro-2-vor"},"author":{"@type":"Organization","@id":"https:\/\/www.apfelpatient.de\/en\/#organization","name":"Apfelpatient","url":"https:\/\/www.apfelpatient.de\/en\/"},"headline":"\u201eFar Out\u201c-Event: Apple stellt AirPods Pro 2 vor","datePublished":"2022-09-07T18:52:23+00:00","dateModified":"2022-09-07T18:52:24+00:00","mainEntityOfPage":{"@id":"https:\/\/www.apfelpatient.de\/news\/far-out-event-apple-stellt-airpods-pro-2-vor"},"wordCount":273,"publisher":{"@type":"Organization","@id":"https:\/\/www.apfelpatient.de\/en\/#organization","name":"Apfelpatient","url":"https:\/\/www.apfelpatient.de\/en\/"},"image":{"@id":"https:\/\/www.apfelpatient.de\/news\/far-out-event-apple-stellt-airpods-pro-2-vor#primaryimage"},"thumbnailUrl":"https:\/\/www.apfelpatient.de\/wp-content\/uploads\/2022\/09\/Apple-AirPods-Pro-2nd-gen-H2-chip-220907.jpg","keywords":["AirPods","AirPods Pro"],"articleSection":"News","inLanguage":"en-US","copyrightYear":"2022","copyrightHolder":{"@id":"https:\/\/www.apfelpatient.de\/en\/#organization"}},{"@type":"WebPage","@id":"https:\/\/www.apfelpatient.de\/news\/far-out-event-apple-stellt-airpods-pro-2-vor","url":"https:\/\/www.apfelpatient.de\/news\/far-out-event-apple-stellt-airpods-pro-2-vor","name":"&quot;Far Out&quot; event: Apple introduces AirPods Pro 2 Apfelpatient","isPartOf":{"@id":"https:\/\/www.apfelpatient.de\/#website"},"primaryImageOfPage":{"@id":"https:\/\/www.apfelpatient.de\/news\/far-out-event-apple-stellt-airpods-pro-2-vor#primaryimage"},"image":{"@id":"https:\/\/www.apfelpatient.de\/news\/far-out-event-apple-stellt-airpods-pro-2-vor#primaryimage"},"thumbnailUrl":"https:\/\/www.apfelpatient.de\/wp-content\/uploads\/2022\/09\/Apple-AirPods-Pro-2nd-gen-H2-chip-220907.jpg","datePublished":"2022-09-07T18:52:23+00:00","dateModified":"2022-09-07T18:52:24+00:00","description":"As expected, Apple has introduced the second generation of AirPods Pro - the AirPods 2. You can find all the new features below.","breadcrumb":{"@id":"https:\/\/www.apfelpatient.de\/news\/far-out-event-apple-stellt-airpods-pro-2-vor#breadcrumb"},"inLanguage":"en-US","potentialAction":[{"@type":"ReadAction","target":["https:\/\/www.apfelpatient.de\/news\/far-out-event-apple-stellt-airpods-pro-2-vor"]}]},{"@type":"ImageObject","inLanguage":"en-US","@id":"https:\/\/www.apfelpatient.de\/news\/far-out-event-apple-stellt-airpods-pro-2-vor#primaryimage","url":"https:\/\/www.apfelpatient.de\/wp-content\/uploads\/2022\/09\/Apple-AirPods-Pro-2nd-gen-H2-chip-220907.jpg","contentUrl":"https:\/\/www.apfelpatient.de\/wp-content\/uploads\/2022\/09\/Apple-AirPods-Pro-2nd-gen-H2-chip-220907.jpg","width":1600,"height":900,"caption":"Bild: Apple - AirPods Pro 2"},{"@type":"BreadcrumbList","@id":"https:\/\/www.apfelpatient.de\/news\/far-out-event-apple-stellt-airpods-pro-2-vor#breadcrumb","itemListElement":[{"@type":"ListItem","position":1,"name":"Startseite","item":"https:\/\/www.apfelpatient.de\/"},{"@type":"ListItem","position":2,"name":"\u201eFar Out\u201c-Event: Apple stellt AirPods Pro 2 vor"}]},{"@type":"WebSite","@id":"https:\/\/www.apfelpatient.de\/#website","url":"https:\/\/www.apfelpatient.de\/","name":"apple patient","description":"Everything about Apple!","publisher":{"@type":"Organization","@id":"https:\/\/www.apfelpatient.de\/en\/#organization","name":"Apfelpatient","url":"https:\/\/www.apfelpatient.de\/en\/"},"alternateName":"Apfelpatient","potentialAction":[{"@type":"SearchAction","target":{"@type":"EntryPoint","urlTemplate":"https:\/\/www.apfelpatient.de\/?s={search_term_string}"},"query-input":{"@type":"PropertyValueSpecification","valueRequired":true,"valueName":"search_term_string"}}],"inLanguage":"en-US"},{"@type":["Person","Organization"],"@id":"https:\/\/www.apfelpatient.de\/#\/schema\/person\/7dc56ad6c8e9824b76d2c08d4c140e13","name":"Milan","logo":{"@id":"https:\/\/www.apfelpatient.de\/#\/schema\/person\/image\/"},"description":"Hello and welcome to my technology blog! As a big Apple fan, I report on everything to do with Apple: from the latest news and exciting rumors to helpful tips and tricks and detailed product tests. If you are as enthusiastic about technology as I am, you have come to the right place!","sameAs":["https:\/\/www.facebook.com\/apfelpatientOfficial","https:\/\/www.linkedin.com\/in\/milan-jovicic-42aa0231b"],"url":"https:\/\/www.apfelpatient.de\/en\/author\/apfeladmin"}]}},"_links":{"self":[{"href":"https:\/\/www.apfelpatient.de\/en\/wp-json\/wp\/v2\/posts\/33672","targetHints":{"allow":["GET"]}}],"collection":[{"href":"https:\/\/www.apfelpatient.de\/en\/wp-json\/wp\/v2\/posts"}],"about":[{"href":"https:\/\/www.apfelpatient.de\/en\/wp-json\/wp\/v2\/types\/post"}],"author":[{"embeddable":true,"href":"https:\/\/www.apfelpatient.de\/en\/wp-json\/wp\/v2\/users\/2"}],"replies":[{"embeddable":true,"href":"https:\/\/www.apfelpatient.de\/en\/wp-json\/wp\/v2\/comments?post=33672"}],"version-history":[{"count":0,"href":"https:\/\/www.apfelpatient.de\/en\/wp-json\/wp\/v2\/posts\/33672\/revisions"}],"wp:featuredmedia":[{"embeddable":true,"href":"https:\/\/www.apfelpatient.de\/en\/wp-json\/wp\/v2\/media\/33689"}],"wp:attachment":[{"href":"https:\/\/www.apfelpatient.de\/en\/wp-json\/wp\/v2\/media?parent=33672"}],"wp:term":[{"taxonomy":"category","embeddable":true,"href":"https:\/\/www.apfelpatient.de\/en\/wp-json\/wp\/v2\/categories?post=33672"},{"taxonomy":"post_tag","embeddable":true,"href":"https:\/\/www.apfelpatient.de\/en\/wp-json\/wp\/v2\/tags?post=33672"}],"curies":[{"name":"wp","href":"https:\/\/api.w.org\/{rel}","templated":true}]}}