{"id":33566,"date":"2022-09-05T16:17:44","date_gmt":"2022-09-05T14:17:44","guid":{"rendered":"https:\/\/www.apfelpatient.de\/?p=33566"},"modified":"2022-09-05T16:17:44","modified_gmt":"2022-09-05T14:17:44","slug":"apple-watch-pro-cad-images-show-new-case","status":"publish","type":"post","link":"https:\/\/www.apfelpatient.de\/en\/rumors\/apple-watch-pro-cad-bilder-zeigen-neues-gehaeuse","title":{"rendered":"Apple Watch Pro: CAD images show new case"},"content":{"rendered":"<p class=\"has-drop-cap\"><strong>The next Apple Watch generation will be presented on September 7th. CAD images have now surfaced that are said to show the case of the Apple Watch Pro.<\/strong><\/p>\n\n\n\n<p>91mobiles has new CAD images of the upcoming Apple Watch Pro online <a href=\"https:\/\/www.91mobiles.com\/hub\/apple-watch-pro-cad-renders-design-exclusive\/\" target=\"_blank\" rel=\"noreferrer noopener\">placed<\/a>, offering a first look at the all-new design of the upcoming Apple Watch. The images largely match previous reports and show a new physical button on the left side of the watch. The new button can be seen in the CAD images, which show it below three holes that are likely the speaker openings. The shots reveal the Digital Crown, which looks significantly more robust compared to the current Apple Watch design. Both the Digital Crown and the side button are housed in a new housing protrusion on the side of the watch, potentially making it easier for fingers to access.<\/p>\n\n\n\n<h3 class=\"wp-block-heading\" id=\"h-apple-watch-pro-das-display-soll-deutlich-grosser-sein\">Apple Watch Pro: The display should be significantly larger<\/h3>\n\n\n\n\n\n\n\n<p>The watch&#039;s display is completely flat, unlike the Apple Watch Series 7, which has curved edges. In his Power On newsletter over the weekend, Mark Gurman said the Apple Watch Pro will have a significantly larger display that will likely be &quot;bigger than most wrists.&quot; Previous rumors suggested a case size between 47mm and 48mm.<\/p>\n\n\n\n<figure class=\"wp-block-image size-large\"><img decoding=\"async\" width=\"1024\" height=\"768\" src=\"https:\/\/www.apfelpatient.de\/wp-content\/uploads\/2022\/09\/C4AE79D3-46E4-4CFF-9130-639D5A212174-1024x768.png\" alt=\"\" class=\"wp-image-33565\" srcset=\"https:\/\/www.apfelpatient.de\/wp-content\/uploads\/2022\/09\/C4AE79D3-46E4-4CFF-9130-639D5A212174-1024x768.png 1024w, https:\/\/www.apfelpatient.de\/wp-content\/uploads\/2022\/09\/C4AE79D3-46E4-4CFF-9130-639D5A212174-300x225.png 300w, https:\/\/www.apfelpatient.de\/wp-content\/uploads\/2022\/09\/C4AE79D3-46E4-4CFF-9130-639D5A212174-768x576.png 768w, https:\/\/www.apfelpatient.de\/wp-content\/uploads\/2022\/09\/C4AE79D3-46E4-4CFF-9130-639D5A212174-1536x1152.png 1536w, https:\/\/www.apfelpatient.de\/wp-content\/uploads\/2022\/09\/C4AE79D3-46E4-4CFF-9130-639D5A212174-750x563.png 750w, https:\/\/www.apfelpatient.de\/wp-content\/uploads\/2022\/09\/C4AE79D3-46E4-4CFF-9130-639D5A212174-1140x855.png 1140w, https:\/\/www.apfelpatient.de\/wp-content\/uploads\/2022\/09\/C4AE79D3-46E4-4CFF-9130-639D5A212174.png 1600w\" sizes=\"(max-width: 1024px) 100vw, 1024px\" \/><figcaption>Image via 91mobiles<\/figcaption><\/figure>\n\n\n\n<p>According to Gurman, Apple plans to use the larger display to show athletes additional metrics and redesigned watch faces during training. The new Apple Watch will sit at the top of the Apple Watch lineup and cost between $900 and $1,000. The new high-end Apple Watch will join the lineup alongside the new Apple Watch Series 8 and an updated Apple Watch SE.<\/p>\n\n\n\n<h3 class=\"wp-block-heading\" id=\"h-app-herunterladen-push-nachrichten-aktivieren\">Download the app, activate push notifications<\/h3>\n\n\n\n<p>If you don\u2019t want to miss anything, you should\u00a0<a href=\"https:\/\/apps.apple.com\/de\/app\/apfelpatient-news\/id1517273672\" target=\"_blank\" rel=\"noreferrer noopener\">download our app<\/a>\u00a0and activate push notifications. In our separate event section you will find all relevant articles about the next event - we look forward to seeing you. Are you looking for new MagSafe accessories from Apple?\u00a0<a href=\"https:\/\/www.amazon.de\/shop\/apfelpatientofficial?listId=21E2RFFAY554S&amp;ref=cm_sw_em_r_inf_list_own_apfelpatientofficial_dp_riZhz1Vqdb3gV\" target=\"_blank\" rel=\"noreferrer noopener\">Then take a look at Amazon<\/a>There you will find Apple&#039;s MagSafe chargers, power adapters, cases and the external battery at a discount. In addition, we have dozens of other recommendations\u00a0<a href=\"https:\/\/www.amazon.de\/shop\/apfelpatientofficial\" target=\"_blank\" rel=\"noreferrer noopener\">in our storefront<\/a>, including from Nomad, Anker and Pitaka \u2013 enjoy browsing. (Photo by Ekaterina79 \/ Bigstockphoto)<\/p>\n\n\n\n<ul class=\"wp-block-list\"><li><a href=\"https:\/\/www.apfelpatient.de\/en\/rumors\/apple-watch-series-8-with-satellite-support\">Apple Watch Series 8 with satellite support?<\/a><\/li><\/ul>\n\n\n\n<h6 class=\"wp-block-heading translation-block\" id=\"h-kennt-ihr-schon-unsere-amazon-storefront-dort-findet-ihr-eine-handverlesene-auswahl-von-diversen-produkten-f-r-euer-iphone-und-co-viel-spa-beim-st-bern\"><em>Have you already visited our Amazon Storefront? There you&#039;ll find a hand-picked selection of various products for your iPhone and other devices \u2013 <span class=\"has-inline-color has-vivid-red-color\"><a href=\"https:\/\/www.amazon.de\/shop\/apfelpatientofficial\" class=\"ek-link\" data-wpel-link=\"exclude\" rel=\"follow noopener\" target=\"_self\"><span style=\"text-decoration: underline\" class=\"ek-underline\">enjoy browsing<\/span><\/a> !<\/span><\/em><\/h6>\n\n\n\n<h6 class=\"wp-block-heading translation-block\" id=\"h-der-beitrag-enthalt-partnerlinks\">This post contains <a data-type=\"URL\" data-id=\"https:\/\/www.apfelpatient.de\/partnerprogramm\" href=\"https:\/\/www.apfelpatient.de\/en\/partner-program\" data-wpel-link=\"internal\" target=\"_self\">affiliate links<\/a>.<\/h6>","protected":false},"excerpt":{"rendered":"<p>The next Apple Watch generation will be presented on September 7th. Now pictures have surfaced showing the case of the Apple Watch Pro.<\/p>","protected":false},"author":2,"featured_media":33568,"comment_status":"closed","ping_status":"closed","sticky":false,"template":"","format":"standard","meta":{"jnews-multi-image_gallery":[],"jnews_single_post":{"subtitle":"","format":"standard","video":"","gallery":"","source_name":"","source_url":"","via_name":"","via_url":"","override":[{"single_blog_custom":"","sidebar":"","second_sidebar":"","share_position":"","share_float_style":"","post_date_format":"","post_date_format_custom":"","post_reading_time_wpm":"","zoom_button_out_step":"1","zoom_button_in_step":"1","number_popup_post":"1"}],"image_override":[{"single_post_thumbnail_size":"","single_post_gallery_size":""}],"trending_post_position":"","trending_post_label":"","sponsored_post_label":"","sponsored_post_name":"","sponsored_post_url":"","sponsored_post_logo":"","sponsored_post_desc":""},"jnews_primary_category":{"id":"25"},"footnotes":""},"categories":[25],"tags":[14,626],"class_list":["post-33566","post","type-post","status-publish","format-standard","has-post-thumbnail","hentry","category-rumors","tag-apple-watch","tag-apple-watch-series-8"],"yoast_head":"<!-- This site is optimized with the Yoast SEO Premium plugin v27.5 (Yoast SEO v27.5) - https:\/\/yoast.com\/product\/yoast-seo-premium-wordpress\/ -->\n<title>Apple Watch Pro: CAD-Bilder zeigen neues Geh\u00e4use Apfelpatient<\/title>\n<meta name=\"description\" content=\"Die n\u00e4chste Apple Watch Generation wird am 07. September vorgestellt. Nun sind Bilder aufgetaucht, die das Geh\u00e4use der Apple Watch Pro zeigen.\" \/>\n<meta name=\"robots\" content=\"index, follow, max-snippet:-1, max-image-preview:large, max-video-preview:-1\" \/>\n<link rel=\"canonical\" href=\"https:\/\/www.apfelpatient.de\/en\/rumors\/apple-watch-pro-cad-images-show-new-case\" \/>\n<meta property=\"og:locale\" content=\"en_US\" \/>\n<meta property=\"og:type\" content=\"article\" \/>\n<meta property=\"og:title\" content=\"Apple Watch Pro: CAD-Bilder zeigen neues Geh\u00e4use\" \/>\n<meta property=\"og:description\" content=\"Die n\u00e4chste Apple Watch Generation wird am 07. September vorgestellt. Nun sind Bilder aufgetaucht, die das Geh\u00e4use der Apple Watch Pro zeigen.\" \/>\n<meta property=\"og:url\" content=\"https:\/\/www.apfelpatient.de\/en\/rumors\/apple-watch-pro-cad-images-show-new-case\" \/>\n<meta property=\"og:site_name\" content=\"Apfelpatient\" \/>\n<meta property=\"article:publisher\" content=\"https:\/\/www.facebook.com\/apfelpatientOfficial\" \/>\n<meta property=\"article:author\" content=\"https:\/\/www.facebook.com\/apfelpatientOfficial\" \/>\n<meta property=\"article:published_time\" content=\"2022-09-05T14:17:44+00:00\" \/>\n<meta property=\"og:image\" content=\"https:\/\/www.apfelpatient.de\/wp-content\/uploads\/2022\/09\/bigstock-Tambov-Russian-Federation-D-444780596.jpg\" \/>\n\t<meta property=\"og:image:width\" content=\"1600\" \/>\n\t<meta property=\"og:image:height\" content=\"1153\" \/>\n\t<meta property=\"og:image:type\" content=\"image\/jpeg\" \/>\n<meta name=\"author\" content=\"Milan\" \/>\n<meta name=\"twitter:card\" content=\"summary_large_image\" \/>\n<meta name=\"twitter:description\" content=\"Die n\u00e4chste Apple Watch Generation wird am 07. September vorgestellt. Nun sind Bilder aufgetaucht, die das Geh\u00e4use der Apple Watch Pro zeigen.\" \/>\n<meta name=\"twitter:label1\" content=\"Written by\" \/>\n\t<meta name=\"twitter:data1\" content=\"Milan\" \/>\n\t<meta name=\"twitter:label2\" content=\"Est. reading time\" \/>\n\t<meta name=\"twitter:data2\" content=\"3 minutes\" \/>\n<script type=\"application\/ld+json\" class=\"yoast-schema-graph\">{\"@context\":\"https:\\\/\\\/schema.org\",\"@graph\":[{\"@type\":\"NewsArticle\",\"@id\":\"https:\\\/\\\/www.apfelpatient.de\\\/rumors\\\/apple-watch-pro-cad-bilder-zeigen-neues-gehaeuse#article\",\"isPartOf\":{\"@id\":\"https:\\\/\\\/www.apfelpatient.de\\\/rumors\\\/apple-watch-pro-cad-bilder-zeigen-neues-gehaeuse\"},\"author\":{\"@type\":\"Organization\",\"@id\":\"https:\\\/\\\/www.apfelpatient.de\\\/en\\\/#organization\",\"name\":\"Apfelpatient\",\"url\":\"https:\\\/\\\/www.apfelpatient.de\\\/en\\\/\"},\"headline\":\"Apple Watch Pro: CAD-Bilder zeigen neues Geh\u00e4use\",\"datePublished\":\"2022-09-05T14:17:44+00:00\",\"mainEntityOfPage\":{\"@id\":\"https:\\\/\\\/www.apfelpatient.de\\\/rumors\\\/apple-watch-pro-cad-bilder-zeigen-neues-gehaeuse\"},\"wordCount\":399,\"publisher\":{\"@type\":\"Organization\",\"@id\":\"https:\\\/\\\/www.apfelpatient.de\\\/en\\\/#organization\",\"name\":\"Apfelpatient\",\"url\":\"https:\\\/\\\/www.apfelpatient.de\\\/en\\\/\"},\"image\":{\"@id\":\"https:\\\/\\\/www.apfelpatient.de\\\/rumors\\\/apple-watch-pro-cad-bilder-zeigen-neues-gehaeuse#primaryimage\"},\"thumbnailUrl\":\"https:\\\/\\\/www.apfelpatient.de\\\/wp-content\\\/uploads\\\/2022\\\/09\\\/bigstock-Tambov-Russian-Federation-D-444780596.jpg\",\"keywords\":[\"Apple Watch\",\"Apple Watch Series 8\"],\"articleSection\":\"Rumors\",\"inLanguage\":\"en-US\",\"copyrightYear\":\"2022\",\"copyrightHolder\":{\"@id\":\"https:\\\/\\\/www.apfelpatient.de\\\/en\\\/#organization\"}},{\"@type\":\"WebPage\",\"@id\":\"https:\\\/\\\/www.apfelpatient.de\\\/rumors\\\/apple-watch-pro-cad-bilder-zeigen-neues-gehaeuse\",\"url\":\"https:\\\/\\\/www.apfelpatient.de\\\/rumors\\\/apple-watch-pro-cad-bilder-zeigen-neues-gehaeuse\",\"name\":\"Apple Watch Pro: CAD-Bilder zeigen neues Geh\u00e4use Apfelpatient\",\"isPartOf\":{\"@id\":\"https:\\\/\\\/www.apfelpatient.de\\\/#website\"},\"primaryImageOfPage\":{\"@id\":\"https:\\\/\\\/www.apfelpatient.de\\\/rumors\\\/apple-watch-pro-cad-bilder-zeigen-neues-gehaeuse#primaryimage\"},\"image\":{\"@id\":\"https:\\\/\\\/www.apfelpatient.de\\\/rumors\\\/apple-watch-pro-cad-bilder-zeigen-neues-gehaeuse#primaryimage\"},\"thumbnailUrl\":\"https:\\\/\\\/www.apfelpatient.de\\\/wp-content\\\/uploads\\\/2022\\\/09\\\/bigstock-Tambov-Russian-Federation-D-444780596.jpg\",\"datePublished\":\"2022-09-05T14:17:44+00:00\",\"description\":\"Die n\u00e4chste Apple Watch Generation wird am 07. September vorgestellt. Nun sind Bilder aufgetaucht, die das Geh\u00e4use der Apple Watch Pro zeigen.\",\"breadcrumb\":{\"@id\":\"https:\\\/\\\/www.apfelpatient.de\\\/rumors\\\/apple-watch-pro-cad-bilder-zeigen-neues-gehaeuse#breadcrumb\"},\"inLanguage\":\"en-US\",\"potentialAction\":[{\"@type\":\"ReadAction\",\"target\":[\"https:\\\/\\\/www.apfelpatient.de\\\/rumors\\\/apple-watch-pro-cad-bilder-zeigen-neues-gehaeuse\"]}]},{\"@type\":\"ImageObject\",\"inLanguage\":\"en-US\",\"@id\":\"https:\\\/\\\/www.apfelpatient.de\\\/rumors\\\/apple-watch-pro-cad-bilder-zeigen-neues-gehaeuse#primaryimage\",\"url\":\"https:\\\/\\\/www.apfelpatient.de\\\/wp-content\\\/uploads\\\/2022\\\/09\\\/bigstock-Tambov-Russian-Federation-D-444780596.jpg\",\"contentUrl\":\"https:\\\/\\\/www.apfelpatient.de\\\/wp-content\\\/uploads\\\/2022\\\/09\\\/bigstock-Tambov-Russian-Federation-D-444780596.jpg\",\"width\":1600,\"height\":1153,\"caption\":\"Tambov, Russian Federation - December 14, 2021 An Apple Watch series 7 with apps on its screen lying on its box. Wooden background.\"},{\"@type\":\"BreadcrumbList\",\"@id\":\"https:\\\/\\\/www.apfelpatient.de\\\/rumors\\\/apple-watch-pro-cad-bilder-zeigen-neues-gehaeuse#breadcrumb\",\"itemListElement\":[{\"@type\":\"ListItem\",\"position\":1,\"name\":\"Startseite\",\"item\":\"https:\\\/\\\/www.apfelpatient.de\\\/\"},{\"@type\":\"ListItem\",\"position\":2,\"name\":\"Apple Watch Pro: CAD-Bilder zeigen neues Geh\u00e4use\"}]},{\"@type\":\"WebSite\",\"@id\":\"https:\\\/\\\/www.apfelpatient.de\\\/#website\",\"url\":\"https:\\\/\\\/www.apfelpatient.de\\\/\",\"name\":\"Apfelpatient\",\"description\":\"Alles rund um Apple!\",\"publisher\":{\"@type\":\"Organization\",\"@id\":\"https:\\\/\\\/www.apfelpatient.de\\\/en\\\/#organization\",\"name\":\"Apfelpatient\",\"url\":\"https:\\\/\\\/www.apfelpatient.de\\\/en\\\/\"},\"alternateName\":\"Apfelpatient\",\"potentialAction\":[{\"@type\":\"SearchAction\",\"target\":{\"@type\":\"EntryPoint\",\"urlTemplate\":\"https:\\\/\\\/www.apfelpatient.de\\\/?s={search_term_string}\"},\"query-input\":{\"@type\":\"PropertyValueSpecification\",\"valueRequired\":true,\"valueName\":\"search_term_string\"}}],\"inLanguage\":\"en-US\"},{\"@type\":[\"Person\",\"Organization\"],\"@id\":\"https:\\\/\\\/www.apfelpatient.de\\\/#\\\/schema\\\/person\\\/35b3ddba5832f2bfc7fff5206d4f6b7b\",\"name\":\"Milan\",\"logo\":{\"@id\":\"https:\\\/\\\/www.apfelpatient.de\\\/#\\\/schema\\\/person\\\/image\\\/\"},\"description\":\"Hallo und herzlich willkommen auf meinem Technik-Blog! Als gro\u00dfer Apple-Fan berichte ich hier \u00fcber alles, was mit Apple zu tun hat: von den neuesten News und spannenden Ger\u00fcchten \u00fcber hilfreiche Tipps und Tricks bis hin zu ausf\u00fchrlichen Produkttests. Wenn du genauso technikbegeistert bist wie ich, bist du hier genau richtig!\",\"sameAs\":[\"https:\\\/\\\/www.facebook.com\\\/apfelpatientOfficial\",\"https:\\\/\\\/www.linkedin.com\\\/in\\\/milan-jovicic-42aa0231b\"],\"url\":\"https:\\\/\\\/www.apfelpatient.de\\\/en\\\/author\\\/apfeladmin\"}]}<\/script>\n<!-- \/ Yoast SEO Premium plugin. -->","yoast_head_json":{"title":"Apple Watch Pro: CAD images show new case Apfelpatient","description":"The next Apple Watch generation will be presented on September 7th. Now pictures have surfaced showing the case of the Apple Watch Pro.","robots":{"index":"index","follow":"follow","max-snippet":"max-snippet:-1","max-image-preview":"max-image-preview:large","max-video-preview":"max-video-preview:-1"},"canonical":"https:\/\/www.apfelpatient.de\/en\/rumors\/apple-watch-pro-cad-images-show-new-case","og_locale":"en_US","og_type":"article","og_title":"Apple Watch Pro: CAD-Bilder zeigen neues Geh\u00e4use","og_description":"Die n\u00e4chste Apple Watch Generation wird am 07. September vorgestellt. Nun sind Bilder aufgetaucht, die das Geh\u00e4use der Apple Watch Pro zeigen.","og_url":"https:\/\/www.apfelpatient.de\/en\/rumors\/apple-watch-pro-cad-images-show-new-case","og_site_name":"Apfelpatient","article_publisher":"https:\/\/www.facebook.com\/apfelpatientOfficial","article_author":"https:\/\/www.facebook.com\/apfelpatientOfficial","article_published_time":"2022-09-05T14:17:44+00:00","og_image":[{"width":1600,"height":1153,"url":"https:\/\/www.apfelpatient.de\/wp-content\/uploads\/2022\/09\/bigstock-Tambov-Russian-Federation-D-444780596.jpg","type":"image\/jpeg"}],"author":"Milan","twitter_card":"summary_large_image","twitter_description":"Die n\u00e4chste Apple Watch Generation wird am 07. September vorgestellt. Nun sind Bilder aufgetaucht, die das Geh\u00e4use der Apple Watch Pro zeigen.","twitter_misc":{"Written by":"Milan","Est. reading time":"3 minutes"},"schema":{"@context":"https:\/\/schema.org","@graph":[{"@type":"NewsArticle","@id":"https:\/\/www.apfelpatient.de\/rumors\/apple-watch-pro-cad-bilder-zeigen-neues-gehaeuse#article","isPartOf":{"@id":"https:\/\/www.apfelpatient.de\/rumors\/apple-watch-pro-cad-bilder-zeigen-neues-gehaeuse"},"author":{"@type":"Organization","@id":"https:\/\/www.apfelpatient.de\/en\/#organization","name":"Apfelpatient","url":"https:\/\/www.apfelpatient.de\/en\/"},"headline":"Apple Watch Pro: CAD-Bilder zeigen neues Geh\u00e4use","datePublished":"2022-09-05T14:17:44+00:00","mainEntityOfPage":{"@id":"https:\/\/www.apfelpatient.de\/rumors\/apple-watch-pro-cad-bilder-zeigen-neues-gehaeuse"},"wordCount":399,"publisher":{"@type":"Organization","@id":"https:\/\/www.apfelpatient.de\/en\/#organization","name":"Apfelpatient","url":"https:\/\/www.apfelpatient.de\/en\/"},"image":{"@id":"https:\/\/www.apfelpatient.de\/rumors\/apple-watch-pro-cad-bilder-zeigen-neues-gehaeuse#primaryimage"},"thumbnailUrl":"https:\/\/www.apfelpatient.de\/wp-content\/uploads\/2022\/09\/bigstock-Tambov-Russian-Federation-D-444780596.jpg","keywords":["Apple Watch","Apple Watch Series 8"],"articleSection":"Rumors","inLanguage":"en-US","copyrightYear":"2022","copyrightHolder":{"@id":"https:\/\/www.apfelpatient.de\/en\/#organization"}},{"@type":"WebPage","@id":"https:\/\/www.apfelpatient.de\/rumors\/apple-watch-pro-cad-bilder-zeigen-neues-gehaeuse","url":"https:\/\/www.apfelpatient.de\/rumors\/apple-watch-pro-cad-bilder-zeigen-neues-gehaeuse","name":"Apple Watch Pro: CAD images show new case Apfelpatient","isPartOf":{"@id":"https:\/\/www.apfelpatient.de\/#website"},"primaryImageOfPage":{"@id":"https:\/\/www.apfelpatient.de\/rumors\/apple-watch-pro-cad-bilder-zeigen-neues-gehaeuse#primaryimage"},"image":{"@id":"https:\/\/www.apfelpatient.de\/rumors\/apple-watch-pro-cad-bilder-zeigen-neues-gehaeuse#primaryimage"},"thumbnailUrl":"https:\/\/www.apfelpatient.de\/wp-content\/uploads\/2022\/09\/bigstock-Tambov-Russian-Federation-D-444780596.jpg","datePublished":"2022-09-05T14:17:44+00:00","description":"The next Apple Watch generation will be presented on September 7th. Now pictures have surfaced showing the case of the Apple Watch Pro.","breadcrumb":{"@id":"https:\/\/www.apfelpatient.de\/rumors\/apple-watch-pro-cad-bilder-zeigen-neues-gehaeuse#breadcrumb"},"inLanguage":"en-US","potentialAction":[{"@type":"ReadAction","target":["https:\/\/www.apfelpatient.de\/rumors\/apple-watch-pro-cad-bilder-zeigen-neues-gehaeuse"]}]},{"@type":"ImageObject","inLanguage":"en-US","@id":"https:\/\/www.apfelpatient.de\/rumors\/apple-watch-pro-cad-bilder-zeigen-neues-gehaeuse#primaryimage","url":"https:\/\/www.apfelpatient.de\/wp-content\/uploads\/2022\/09\/bigstock-Tambov-Russian-Federation-D-444780596.jpg","contentUrl":"https:\/\/www.apfelpatient.de\/wp-content\/uploads\/2022\/09\/bigstock-Tambov-Russian-Federation-D-444780596.jpg","width":1600,"height":1153,"caption":"Tambov, Russian Federation - December 14, 2021 An Apple Watch series 7 with apps on its screen lying on its box. Wooden background."},{"@type":"BreadcrumbList","@id":"https:\/\/www.apfelpatient.de\/rumors\/apple-watch-pro-cad-bilder-zeigen-neues-gehaeuse#breadcrumb","itemListElement":[{"@type":"ListItem","position":1,"name":"Startseite","item":"https:\/\/www.apfelpatient.de\/"},{"@type":"ListItem","position":2,"name":"Apple Watch Pro: CAD-Bilder zeigen neues Geh\u00e4use"}]},{"@type":"WebSite","@id":"https:\/\/www.apfelpatient.de\/#website","url":"https:\/\/www.apfelpatient.de\/","name":"apple patient","description":"Everything about Apple!","publisher":{"@type":"Organization","@id":"https:\/\/www.apfelpatient.de\/en\/#organization","name":"Apfelpatient","url":"https:\/\/www.apfelpatient.de\/en\/"},"alternateName":"Apfelpatient","potentialAction":[{"@type":"SearchAction","target":{"@type":"EntryPoint","urlTemplate":"https:\/\/www.apfelpatient.de\/?s={search_term_string}"},"query-input":{"@type":"PropertyValueSpecification","valueRequired":true,"valueName":"search_term_string"}}],"inLanguage":"en-US"},{"@type":["Person","Organization"],"@id":"https:\/\/www.apfelpatient.de\/#\/schema\/person\/35b3ddba5832f2bfc7fff5206d4f6b7b","name":"Milan","logo":{"@id":"https:\/\/www.apfelpatient.de\/#\/schema\/person\/image\/"},"description":"Hello and welcome to my technology blog! As a big Apple fan, I report on everything to do with Apple: from the latest news and exciting rumors to helpful tips and tricks and detailed product tests. If you are as enthusiastic about technology as I am, you have come to the right place!","sameAs":["https:\/\/www.facebook.com\/apfelpatientOfficial","https:\/\/www.linkedin.com\/in\/milan-jovicic-42aa0231b"],"url":"https:\/\/www.apfelpatient.de\/en\/author\/apfeladmin"}]}},"_links":{"self":[{"href":"https:\/\/www.apfelpatient.de\/en\/wp-json\/wp\/v2\/posts\/33566","targetHints":{"allow":["GET"]}}],"collection":[{"href":"https:\/\/www.apfelpatient.de\/en\/wp-json\/wp\/v2\/posts"}],"about":[{"href":"https:\/\/www.apfelpatient.de\/en\/wp-json\/wp\/v2\/types\/post"}],"author":[{"embeddable":true,"href":"https:\/\/www.apfelpatient.de\/en\/wp-json\/wp\/v2\/users\/2"}],"replies":[{"embeddable":true,"href":"https:\/\/www.apfelpatient.de\/en\/wp-json\/wp\/v2\/comments?post=33566"}],"version-history":[{"count":0,"href":"https:\/\/www.apfelpatient.de\/en\/wp-json\/wp\/v2\/posts\/33566\/revisions"}],"wp:featuredmedia":[{"embeddable":true,"href":"https:\/\/www.apfelpatient.de\/en\/wp-json\/wp\/v2\/media\/33568"}],"wp:attachment":[{"href":"https:\/\/www.apfelpatient.de\/en\/wp-json\/wp\/v2\/media?parent=33566"}],"wp:term":[{"taxonomy":"category","embeddable":true,"href":"https:\/\/www.apfelpatient.de\/en\/wp-json\/wp\/v2\/categories?post=33566"},{"taxonomy":"post_tag","embeddable":true,"href":"https:\/\/www.apfelpatient.de\/en\/wp-json\/wp\/v2\/tags?post=33566"}],"curies":[{"name":"wp","href":"https:\/\/api.w.org\/{rel}","templated":true}]}}