{"id":33547,"date":"2022-09-04T15:32:24","date_gmt":"2022-09-04T13:32:24","guid":{"rendered":"https:\/\/www.apfelpatient.de\/?p=33547"},"modified":"2022-09-04T15:32:25","modified_gmt":"2022-09-04T13:32:25","slug":"far-out-event-airpods-pro-2-announcement-is-expected","status":"publish","type":"post","link":"https:\/\/www.apfelpatient.de\/en\/rumors\/far-out-event-airpods-pro-2-ankuendigung-wird-erwartet","title":{"rendered":"\u201cFar Out\u201d event: AirPods Pro 2 announcement expected&nbsp;"},"content":{"rendered":"<p class=\"has-drop-cap\"><strong>Apple will host its next event at the Steve Jobs Theater on Wednesday to unveil the iPhone 14, Apple Watch Series 8, and more. Now, it is claimed that the AirPods Pro 2 will also be part of the event.<\/strong><\/p>\n\n\n\n<p>Mark Gurman has in today\u2019s <a href=\"https:\/\/www.bloomberg.com\/account\/newsletters\/power-on\" target=\"_blank\" rel=\"noreferrer noopener\">output<\/a> his newsletter &quot;Power On&quot; outlined his expectations for the event. In addition to the new iPhone and Apple Watch models, Gurman expects Apple to present the second generation of AirPods Pro at the &quot;Far Out&quot; event. The journalist did not provide any information on when the new AirPods Pro can be ordered and did not disclose any pricing information.<\/p>\n\n\n\n<h3 class=\"wp-block-heading\" id=\"h-airpods-pro-2-diese-neuerungen-konnten-sie-bieten\">AirPods Pro 2: These are the new features they could offer<\/h3>\n\n\n\n\n\n\n\n<blockquote class=\"wp-block-quote is-layout-flow wp-block-quote-is-layout-flow\"><p>Last year I reported that the new AirPods Pro would launch in 2022 and now I&#039;ve learned that they will be unveiled on Wednesday.<\/p><\/blockquote>\n\n\n\n<p>Rumors suggest that the new AirPods Pro will feature an improved H2 chip for better audio quality, longer battery life, a new charging case with Find My support, improved in-ear detection, fitness tracking features, and more. The new AirPods Pro could also support the Bluetooth LE audio specification, which would bring several benefits, such as the ability to connect the AirPods to multiple devices, such as an iPhone and a Mac, at the same time. Of course, it remains to be seen whether Gurman will be right once again.<\/p>\n\n\n\n<h3 class=\"wp-block-heading\" id=\"h-app-herunterladen-push-nachrichten-aktivieren\">Download the app, activate push notifications<\/h3>\n\n\n\n<p>If you don\u2019t want to miss anything, you should\u00a0<a href=\"https:\/\/apps.apple.com\/de\/app\/apfelpatient-news\/id1517273672\" target=\"_blank\" rel=\"noreferrer noopener\">download our app<\/a>\u00a0and activate push notifications. In our separate event section you will find all relevant articles about the next event - we look forward to seeing you. Are you looking for new MagSafe accessories from Apple?\u00a0<a href=\"https:\/\/www.amazon.de\/shop\/apfelpatientofficial?listId=21E2RFFAY554S&amp;ref=cm_sw_em_r_inf_list_own_apfelpatientofficial_dp_riZhz1Vqdb3gV\" target=\"_blank\" rel=\"noreferrer noopener\">Then take a look at Amazon<\/a>There you will find Apple&#039;s MagSafe chargers, power adapters, cases and the external battery at a discount. In addition, we have dozens of other recommendations\u00a0<a href=\"https:\/\/www.amazon.de\/shop\/apfelpatientofficial\" target=\"_blank\" rel=\"noreferrer noopener\">in our storefront<\/a>, including from Nomad, Anker and Pitaka \u2013 enjoy browsing. (Photo by Daria Sakharova \/ Bigstockphoto)<\/p>\n\n\n\n<ul class=\"wp-block-list\"><li><a href=\"https:\/\/www.apfelpatient.de\/en\/news\/airpods-firmware-apple-shares-new-features-from-ios-16\">AirPods Firmware: Apple shares new features starting with iOS 16<\/a><\/li><\/ul>\n\n\n\n<h6 class=\"wp-block-heading translation-block\" id=\"h-kennt-ihr-schon-unsere-amazon-storefront-dort-findet-ihr-eine-handverlesene-auswahl-von-diversen-produkten-f-r-euer-iphone-und-co-viel-spa-beim-st-bern\"><em>Have you already visited our Amazon Storefront? There you&#039;ll find a hand-picked selection of various products for your iPhone and other devices \u2013 <span class=\"has-inline-color has-vivid-red-color\"><a href=\"https:\/\/www.amazon.de\/shop\/apfelpatientofficial\" class=\"ek-link\" data-wpel-link=\"exclude\" rel=\"follow noopener\" target=\"_self\"><span style=\"text-decoration: underline\" class=\"ek-underline\">enjoy browsing<\/span><\/a> !<\/span><\/em><\/h6>\n\n\n\n<h6 class=\"wp-block-heading translation-block\" id=\"h-der-beitrag-enthalt-partnerlinks\">This post contains <a data-type=\"URL\" data-id=\"https:\/\/www.apfelpatient.de\/partnerprogramm\" href=\"https:\/\/www.apfelpatient.de\/en\/partner-program\" data-wpel-link=\"internal\" target=\"_self\">affiliate links<\/a>.<\/h6>","protected":false},"excerpt":{"rendered":"<p>\u201cFar Out\u201d event: Apple will announce the AirPods Pro 2 on Wednesday, along with the iPhone 14 and Apple Watch Series 8.<\/p>","protected":false},"author":2,"featured_media":33546,"comment_status":"closed","ping_status":"closed","sticky":false,"template":"","format":"standard","meta":{"jnews-multi-image_gallery":[],"jnews_single_post":{"subtitle":"","format":"standard","video":"","gallery":"","source_name":"","source_url":"","via_name":"","via_url":"","override":[{"single_blog_custom":"","sidebar":"","second_sidebar":"","share_position":"","share_float_style":"","post_date_format":"","post_date_format_custom":"","post_reading_time_wpm":"","zoom_button_out_step":"1","zoom_button_in_step":"1","number_popup_post":"1"}],"image_override":[{"single_post_thumbnail_size":"","single_post_gallery_size":""}],"trending_post_position":"","trending_post_label":"","sponsored_post_label":"","sponsored_post_name":"","sponsored_post_url":"","sponsored_post_logo":"","sponsored_post_desc":""},"jnews_primary_category":{"id":"25"},"footnotes":""},"categories":[25],"tags":[28,401],"class_list":["post-33547","post","type-post","status-publish","format-standard","has-post-thumbnail","hentry","category-rumors","tag-airpods","tag-airpods-pro-2"],"yoast_head":"<!-- This site is optimized with the Yoast SEO Premium plugin v27.5 (Yoast SEO v27.5) - https:\/\/yoast.com\/product\/yoast-seo-premium-wordpress\/ -->\n<title>&quot;Far Out&quot;-Event: AirPods Pro 2 Ank\u00fcndigung wird erwartet&nbsp;<\/title>\n<meta name=\"description\" content=\"&quot;Far Out&quot;-Event: Apple wird am Mittwoch neben dem iPhone 14 und der Apple Watch Series 8, auch die AirPods Pro 2 ank\u00fcndigen.\" \/>\n<meta name=\"robots\" content=\"index, follow, max-snippet:-1, max-image-preview:large, max-video-preview:-1\" \/>\n<link rel=\"canonical\" href=\"https:\/\/www.apfelpatient.de\/en\/rumors\/far-out-event-airpods-pro-2-announcement-is-expected\" \/>\n<meta property=\"og:locale\" content=\"en_US\" \/>\n<meta property=\"og:type\" content=\"article\" \/>\n<meta property=\"og:title\" content=\"&quot;Far Out&quot;-Event: AirPods Pro 2 Ank\u00fcndigung wird erwartet&nbsp;\" \/>\n<meta property=\"og:description\" content=\"&quot;Far Out&quot;-Event: Apple wird am Mittwoch neben dem iPhone 14 und der Apple Watch Series 8, auch die AirPods Pro 2 ank\u00fcndigen.\" \/>\n<meta property=\"og:url\" content=\"https:\/\/www.apfelpatient.de\/en\/rumors\/far-out-event-airpods-pro-2-announcement-is-expected\" \/>\n<meta property=\"og:site_name\" content=\"Apfelpatient\" \/>\n<meta property=\"article:publisher\" content=\"https:\/\/www.facebook.com\/apfelpatientOfficial\" \/>\n<meta property=\"article:author\" content=\"https:\/\/www.facebook.com\/apfelpatientOfficial\" \/>\n<meta property=\"article:published_time\" content=\"2022-09-04T13:32:24+00:00\" \/>\n<meta property=\"article:modified_time\" content=\"2022-09-04T13:32:25+00:00\" \/>\n<meta property=\"og:image\" content=\"https:\/\/www.apfelpatient.de\/wp-content\/uploads\/2022\/09\/bigstock-Moscow-Russia-April-374364508.jpg\" \/>\n\t<meta property=\"og:image:width\" content=\"1600\" \/>\n\t<meta property=\"og:image:height\" content=\"1067\" \/>\n\t<meta property=\"og:image:type\" content=\"image\/jpeg\" \/>\n<meta name=\"author\" content=\"Milan\" \/>\n<meta name=\"twitter:card\" content=\"summary_large_image\" \/>\n<meta name=\"twitter:description\" content=\"&quot;Far Out&quot;-Event: Apple wird am Mittwoch neben dem iPhone 14 und der Apple Watch Series 8, auch die AirPods Pro 2 ank\u00fcndigen.\" \/>\n<meta name=\"twitter:label1\" content=\"Written by\" \/>\n\t<meta name=\"twitter:data1\" content=\"Milan\" \/>\n\t<meta name=\"twitter:label2\" content=\"Est. reading time\" \/>\n\t<meta name=\"twitter:data2\" content=\"2 minutes\" \/>\n<script type=\"application\/ld+json\" class=\"yoast-schema-graph\">{\"@context\":\"https:\\\/\\\/schema.org\",\"@graph\":[{\"@type\":\"NewsArticle\",\"@id\":\"https:\\\/\\\/www.apfelpatient.de\\\/rumors\\\/far-out-event-airpods-pro-2-ankuendigung-wird-erwartet#article\",\"isPartOf\":{\"@id\":\"https:\\\/\\\/www.apfelpatient.de\\\/rumors\\\/far-out-event-airpods-pro-2-ankuendigung-wird-erwartet\"},\"author\":{\"@type\":\"Organization\",\"@id\":\"https:\\\/\\\/www.apfelpatient.de\\\/en\\\/#organization\",\"name\":\"Apfelpatient\",\"url\":\"https:\\\/\\\/www.apfelpatient.de\\\/en\\\/\"},\"headline\":\"&#8222;Far Out&#8220;-Event: AirPods Pro 2 Ank\u00fcndigung wird erwartet&nbsp;\",\"datePublished\":\"2022-09-04T13:32:24+00:00\",\"dateModified\":\"2022-09-04T13:32:25+00:00\",\"mainEntityOfPage\":{\"@id\":\"https:\\\/\\\/www.apfelpatient.de\\\/rumors\\\/far-out-event-airpods-pro-2-ankuendigung-wird-erwartet\"},\"wordCount\":339,\"publisher\":{\"@type\":\"Organization\",\"@id\":\"https:\\\/\\\/www.apfelpatient.de\\\/en\\\/#organization\",\"name\":\"Apfelpatient\",\"url\":\"https:\\\/\\\/www.apfelpatient.de\\\/en\\\/\"},\"image\":{\"@id\":\"https:\\\/\\\/www.apfelpatient.de\\\/rumors\\\/far-out-event-airpods-pro-2-ankuendigung-wird-erwartet#primaryimage\"},\"thumbnailUrl\":\"https:\\\/\\\/www.apfelpatient.de\\\/wp-content\\\/uploads\\\/2022\\\/09\\\/bigstock-Moscow-Russia-April-374364508.jpg\",\"keywords\":[\"AirPods\",\"AirPods Pro 2\"],\"articleSection\":\"Rumors\",\"inLanguage\":\"en-US\",\"copyrightYear\":\"2022\",\"copyrightHolder\":{\"@id\":\"https:\\\/\\\/www.apfelpatient.de\\\/en\\\/#organization\"}},{\"@type\":\"WebPage\",\"@id\":\"https:\\\/\\\/www.apfelpatient.de\\\/rumors\\\/far-out-event-airpods-pro-2-ankuendigung-wird-erwartet\",\"url\":\"https:\\\/\\\/www.apfelpatient.de\\\/rumors\\\/far-out-event-airpods-pro-2-ankuendigung-wird-erwartet\",\"name\":\"\\\"Far Out\\\"-Event: AirPods Pro 2 Ank\u00fcndigung wird erwartet&nbsp;\",\"isPartOf\":{\"@id\":\"https:\\\/\\\/www.apfelpatient.de\\\/#website\"},\"primaryImageOfPage\":{\"@id\":\"https:\\\/\\\/www.apfelpatient.de\\\/rumors\\\/far-out-event-airpods-pro-2-ankuendigung-wird-erwartet#primaryimage\"},\"image\":{\"@id\":\"https:\\\/\\\/www.apfelpatient.de\\\/rumors\\\/far-out-event-airpods-pro-2-ankuendigung-wird-erwartet#primaryimage\"},\"thumbnailUrl\":\"https:\\\/\\\/www.apfelpatient.de\\\/wp-content\\\/uploads\\\/2022\\\/09\\\/bigstock-Moscow-Russia-April-374364508.jpg\",\"datePublished\":\"2022-09-04T13:32:24+00:00\",\"dateModified\":\"2022-09-04T13:32:25+00:00\",\"description\":\"\\\"Far Out\\\"-Event: Apple wird am Mittwoch neben dem iPhone 14 und der Apple Watch Series 8, auch die AirPods Pro 2 ank\u00fcndigen.\",\"breadcrumb\":{\"@id\":\"https:\\\/\\\/www.apfelpatient.de\\\/rumors\\\/far-out-event-airpods-pro-2-ankuendigung-wird-erwartet#breadcrumb\"},\"inLanguage\":\"en-US\",\"potentialAction\":[{\"@type\":\"ReadAction\",\"target\":[\"https:\\\/\\\/www.apfelpatient.de\\\/rumors\\\/far-out-event-airpods-pro-2-ankuendigung-wird-erwartet\"]}]},{\"@type\":\"ImageObject\",\"inLanguage\":\"en-US\",\"@id\":\"https:\\\/\\\/www.apfelpatient.de\\\/rumors\\\/far-out-event-airpods-pro-2-ankuendigung-wird-erwartet#primaryimage\",\"url\":\"https:\\\/\\\/www.apfelpatient.de\\\/wp-content\\\/uploads\\\/2022\\\/09\\\/bigstock-Moscow-Russia-April-374364508.jpg\",\"contentUrl\":\"https:\\\/\\\/www.apfelpatient.de\\\/wp-content\\\/uploads\\\/2022\\\/09\\\/bigstock-Moscow-Russia-April-374364508.jpg\",\"width\":1600,\"height\":1067,\"caption\":\"Photo by Daria Sakharova \\\/ Bigstockphoto\"},{\"@type\":\"BreadcrumbList\",\"@id\":\"https:\\\/\\\/www.apfelpatient.de\\\/rumors\\\/far-out-event-airpods-pro-2-ankuendigung-wird-erwartet#breadcrumb\",\"itemListElement\":[{\"@type\":\"ListItem\",\"position\":1,\"name\":\"Startseite\",\"item\":\"https:\\\/\\\/www.apfelpatient.de\\\/\"},{\"@type\":\"ListItem\",\"position\":2,\"name\":\"&#8222;Far Out&#8220;-Event: AirPods Pro 2 Ank\u00fcndigung wird erwartet&nbsp;\"}]},{\"@type\":\"WebSite\",\"@id\":\"https:\\\/\\\/www.apfelpatient.de\\\/#website\",\"url\":\"https:\\\/\\\/www.apfelpatient.de\\\/\",\"name\":\"Apfelpatient\",\"description\":\"Alles rund um Apple!\",\"publisher\":{\"@type\":\"Organization\",\"@id\":\"https:\\\/\\\/www.apfelpatient.de\\\/en\\\/#organization\",\"name\":\"Apfelpatient\",\"url\":\"https:\\\/\\\/www.apfelpatient.de\\\/en\\\/\"},\"alternateName\":\"Apfelpatient\",\"potentialAction\":[{\"@type\":\"SearchAction\",\"target\":{\"@type\":\"EntryPoint\",\"urlTemplate\":\"https:\\\/\\\/www.apfelpatient.de\\\/?s={search_term_string}\"},\"query-input\":{\"@type\":\"PropertyValueSpecification\",\"valueRequired\":true,\"valueName\":\"search_term_string\"}}],\"inLanguage\":\"en-US\"},{\"@type\":[\"Person\",\"Organization\"],\"@id\":\"https:\\\/\\\/www.apfelpatient.de\\\/#\\\/schema\\\/person\\\/35b3ddba5832f2bfc7fff5206d4f6b7b\",\"name\":\"Milan\",\"logo\":{\"@id\":\"https:\\\/\\\/www.apfelpatient.de\\\/#\\\/schema\\\/person\\\/image\\\/\"},\"description\":\"Hallo und herzlich willkommen auf meinem Technik-Blog! Als gro\u00dfer Apple-Fan berichte ich hier \u00fcber alles, was mit Apple zu tun hat: von den neuesten News und spannenden Ger\u00fcchten \u00fcber hilfreiche Tipps und Tricks bis hin zu ausf\u00fchrlichen Produkttests. Wenn du genauso technikbegeistert bist wie ich, bist du hier genau richtig!\",\"sameAs\":[\"https:\\\/\\\/www.facebook.com\\\/apfelpatientOfficial\",\"https:\\\/\\\/www.linkedin.com\\\/in\\\/milan-jovicic-42aa0231b\"],\"url\":\"https:\\\/\\\/www.apfelpatient.de\\\/en\\\/author\\\/apfeladmin\"}]}<\/script>\n<!-- \/ Yoast SEO Premium plugin. -->","yoast_head_json":{"title":"&quot;Far Out&quot; event: AirPods Pro 2 announcement expected&nbsp;","description":"&quot;Far Out&quot; event: Apple will announce the AirPods Pro 2 on Wednesday, along with the iPhone 14 and Apple Watch Series 8.","robots":{"index":"index","follow":"follow","max-snippet":"max-snippet:-1","max-image-preview":"max-image-preview:large","max-video-preview":"max-video-preview:-1"},"canonical":"https:\/\/www.apfelpatient.de\/en\/rumors\/far-out-event-airpods-pro-2-announcement-is-expected","og_locale":"en_US","og_type":"article","og_title":"\"Far Out\"-Event: AirPods Pro 2 Ank\u00fcndigung wird erwartet&nbsp;","og_description":"\"Far Out\"-Event: Apple wird am Mittwoch neben dem iPhone 14 und der Apple Watch Series 8, auch die AirPods Pro 2 ank\u00fcndigen.","og_url":"https:\/\/www.apfelpatient.de\/en\/rumors\/far-out-event-airpods-pro-2-announcement-is-expected","og_site_name":"Apfelpatient","article_publisher":"https:\/\/www.facebook.com\/apfelpatientOfficial","article_author":"https:\/\/www.facebook.com\/apfelpatientOfficial","article_published_time":"2022-09-04T13:32:24+00:00","article_modified_time":"2022-09-04T13:32:25+00:00","og_image":[{"width":1600,"height":1067,"url":"https:\/\/www.apfelpatient.de\/wp-content\/uploads\/2022\/09\/bigstock-Moscow-Russia-April-374364508.jpg","type":"image\/jpeg"}],"author":"Milan","twitter_card":"summary_large_image","twitter_description":"\"Far Out\"-Event: Apple wird am Mittwoch neben dem iPhone 14 und der Apple Watch Series 8, auch die AirPods Pro 2 ank\u00fcndigen.","twitter_misc":{"Written by":"Milan","Est. reading time":"2 minutes"},"schema":{"@context":"https:\/\/schema.org","@graph":[{"@type":"NewsArticle","@id":"https:\/\/www.apfelpatient.de\/rumors\/far-out-event-airpods-pro-2-ankuendigung-wird-erwartet#article","isPartOf":{"@id":"https:\/\/www.apfelpatient.de\/rumors\/far-out-event-airpods-pro-2-ankuendigung-wird-erwartet"},"author":{"@type":"Organization","@id":"https:\/\/www.apfelpatient.de\/en\/#organization","name":"Apfelpatient","url":"https:\/\/www.apfelpatient.de\/en\/"},"headline":"&#8222;Far Out&#8220;-Event: AirPods Pro 2 Ank\u00fcndigung wird erwartet&nbsp;","datePublished":"2022-09-04T13:32:24+00:00","dateModified":"2022-09-04T13:32:25+00:00","mainEntityOfPage":{"@id":"https:\/\/www.apfelpatient.de\/rumors\/far-out-event-airpods-pro-2-ankuendigung-wird-erwartet"},"wordCount":339,"publisher":{"@type":"Organization","@id":"https:\/\/www.apfelpatient.de\/en\/#organization","name":"Apfelpatient","url":"https:\/\/www.apfelpatient.de\/en\/"},"image":{"@id":"https:\/\/www.apfelpatient.de\/rumors\/far-out-event-airpods-pro-2-ankuendigung-wird-erwartet#primaryimage"},"thumbnailUrl":"https:\/\/www.apfelpatient.de\/wp-content\/uploads\/2022\/09\/bigstock-Moscow-Russia-April-374364508.jpg","keywords":["AirPods","AirPods Pro 2"],"articleSection":"Rumors","inLanguage":"en-US","copyrightYear":"2022","copyrightHolder":{"@id":"https:\/\/www.apfelpatient.de\/en\/#organization"}},{"@type":"WebPage","@id":"https:\/\/www.apfelpatient.de\/rumors\/far-out-event-airpods-pro-2-ankuendigung-wird-erwartet","url":"https:\/\/www.apfelpatient.de\/rumors\/far-out-event-airpods-pro-2-ankuendigung-wird-erwartet","name":"&quot;Far Out&quot; event: AirPods Pro 2 announcement expected&nbsp;","isPartOf":{"@id":"https:\/\/www.apfelpatient.de\/#website"},"primaryImageOfPage":{"@id":"https:\/\/www.apfelpatient.de\/rumors\/far-out-event-airpods-pro-2-ankuendigung-wird-erwartet#primaryimage"},"image":{"@id":"https:\/\/www.apfelpatient.de\/rumors\/far-out-event-airpods-pro-2-ankuendigung-wird-erwartet#primaryimage"},"thumbnailUrl":"https:\/\/www.apfelpatient.de\/wp-content\/uploads\/2022\/09\/bigstock-Moscow-Russia-April-374364508.jpg","datePublished":"2022-09-04T13:32:24+00:00","dateModified":"2022-09-04T13:32:25+00:00","description":"&quot;Far Out&quot; event: Apple will announce the AirPods Pro 2 on Wednesday, along with the iPhone 14 and Apple Watch Series 8.","breadcrumb":{"@id":"https:\/\/www.apfelpatient.de\/rumors\/far-out-event-airpods-pro-2-ankuendigung-wird-erwartet#breadcrumb"},"inLanguage":"en-US","potentialAction":[{"@type":"ReadAction","target":["https:\/\/www.apfelpatient.de\/rumors\/far-out-event-airpods-pro-2-ankuendigung-wird-erwartet"]}]},{"@type":"ImageObject","inLanguage":"en-US","@id":"https:\/\/www.apfelpatient.de\/rumors\/far-out-event-airpods-pro-2-ankuendigung-wird-erwartet#primaryimage","url":"https:\/\/www.apfelpatient.de\/wp-content\/uploads\/2022\/09\/bigstock-Moscow-Russia-April-374364508.jpg","contentUrl":"https:\/\/www.apfelpatient.de\/wp-content\/uploads\/2022\/09\/bigstock-Moscow-Russia-April-374364508.jpg","width":1600,"height":1067,"caption":"Photo by Daria Sakharova \/ Bigstockphoto"},{"@type":"BreadcrumbList","@id":"https:\/\/www.apfelpatient.de\/rumors\/far-out-event-airpods-pro-2-ankuendigung-wird-erwartet#breadcrumb","itemListElement":[{"@type":"ListItem","position":1,"name":"Startseite","item":"https:\/\/www.apfelpatient.de\/"},{"@type":"ListItem","position":2,"name":"&#8222;Far Out&#8220;-Event: AirPods Pro 2 Ank\u00fcndigung wird erwartet&nbsp;"}]},{"@type":"WebSite","@id":"https:\/\/www.apfelpatient.de\/#website","url":"https:\/\/www.apfelpatient.de\/","name":"apple patient","description":"Everything about Apple!","publisher":{"@type":"Organization","@id":"https:\/\/www.apfelpatient.de\/en\/#organization","name":"Apfelpatient","url":"https:\/\/www.apfelpatient.de\/en\/"},"alternateName":"Apfelpatient","potentialAction":[{"@type":"SearchAction","target":{"@type":"EntryPoint","urlTemplate":"https:\/\/www.apfelpatient.de\/?s={search_term_string}"},"query-input":{"@type":"PropertyValueSpecification","valueRequired":true,"valueName":"search_term_string"}}],"inLanguage":"en-US"},{"@type":["Person","Organization"],"@id":"https:\/\/www.apfelpatient.de\/#\/schema\/person\/35b3ddba5832f2bfc7fff5206d4f6b7b","name":"Milan","logo":{"@id":"https:\/\/www.apfelpatient.de\/#\/schema\/person\/image\/"},"description":"Hello and welcome to my technology blog! As a big Apple fan, I report on everything to do with Apple: from the latest news and exciting rumors to helpful tips and tricks and detailed product tests. If you are as enthusiastic about technology as I am, you have come to the right place!","sameAs":["https:\/\/www.facebook.com\/apfelpatientOfficial","https:\/\/www.linkedin.com\/in\/milan-jovicic-42aa0231b"],"url":"https:\/\/www.apfelpatient.de\/en\/author\/apfeladmin"}]}},"_links":{"self":[{"href":"https:\/\/www.apfelpatient.de\/en\/wp-json\/wp\/v2\/posts\/33547","targetHints":{"allow":["GET"]}}],"collection":[{"href":"https:\/\/www.apfelpatient.de\/en\/wp-json\/wp\/v2\/posts"}],"about":[{"href":"https:\/\/www.apfelpatient.de\/en\/wp-json\/wp\/v2\/types\/post"}],"author":[{"embeddable":true,"href":"https:\/\/www.apfelpatient.de\/en\/wp-json\/wp\/v2\/users\/2"}],"replies":[{"embeddable":true,"href":"https:\/\/www.apfelpatient.de\/en\/wp-json\/wp\/v2\/comments?post=33547"}],"version-history":[{"count":0,"href":"https:\/\/www.apfelpatient.de\/en\/wp-json\/wp\/v2\/posts\/33547\/revisions"}],"wp:featuredmedia":[{"embeddable":true,"href":"https:\/\/www.apfelpatient.de\/en\/wp-json\/wp\/v2\/media\/33546"}],"wp:attachment":[{"href":"https:\/\/www.apfelpatient.de\/en\/wp-json\/wp\/v2\/media?parent=33547"}],"wp:term":[{"taxonomy":"category","embeddable":true,"href":"https:\/\/www.apfelpatient.de\/en\/wp-json\/wp\/v2\/categories?post=33547"},{"taxonomy":"post_tag","embeddable":true,"href":"https:\/\/www.apfelpatient.de\/en\/wp-json\/wp\/v2\/tags?post=33547"}],"curies":[{"name":"wp","href":"https:\/\/api.w.org\/{rel}","templated":true}]}}