{"id":33495,"date":"2022-08-31T18:16:13","date_gmt":"2022-08-31T16:16:13","guid":{"rendered":"https:\/\/www.apfelpatient.de\/?p=33495"},"modified":"2022-09-01T12:34:55","modified_gmt":"2022-09-01T10:34:55","slug":"iphone-14-pro-this-is-how-ios-deals-with-the-new-notch","status":"publish","type":"post","link":"https:\/\/www.apfelpatient.de\/en\/rumors\/iphone-14-pro-so-geht-ios-mit-der-neuen-aussparung-um","title":{"rendered":"iPhone 14 Pro: How iOS handles the new notch"},"content":{"rendered":"<p class=\"has-drop-cap\"><strong>Almost 12 months ago, the first rumors emerged that Apple wanted to replace the notch on the iPhone 14 Pro with a cutout. Now there is a new report that sheds further light on the topic.<\/strong><\/p>\n\n\n\n<p>The US blog <a href=\"https:\/\/www.macrumors.com\/2022\/08\/31\/iphone-14-pro-display-cutouts-merge-when-on\/\" target=\"_blank\" rel=\"noreferrer noopener\">MacRumors<\/a> has received details about the new iPhone 14 Pro notch from an anonymous source. According to the source, the pill and hole cutouts are not visually separated when the display is on but actually appear as a continuous, longer pill shape. Rather than maintaining the uneven aesthetic, it is believed that Apple has decided to turn off the pixels in the &quot;dead space&quot; between the cutouts to give the appearance of a uniform pill shape that is less distracting when viewing content on the screen.<\/p>\n\n\n\n<h3 class=\"wp-block-heading\">iPhone 14 Pro: iOS makes the new cutout appear uniform<\/h3>\n\n\n\n\n\n\n\n<p>The source also claims that Apple wants to visually expand the blacked-out areas around the cutouts to accommodate content there. For example, Apple could make the area a little wider to accommodate status icons on the left and right sides or even extend it downwards to a large rounded square when certain notifications are displayed. According to this, iOS will play a big role in relation to the new iPhone 14 Pro cutout. We will find out whether this is all true in the end next week, on September 7th at the latest. (Image via <a href=\"https:\/\/9to5mac.com\/2022\/08\/31\/iphone-14-display-cutout-features\/\" target=\"_blank\" rel=\"noreferrer noopener\">9to5mac<\/a>)<\/p>\n\n\n\n<figure class=\"wp-block-image size-large\"><img decoding=\"async\" width=\"1024\" height=\"512\" src=\"https:\/\/www.apfelpatient.de\/wp-content\/uploads\/2022\/09\/A2E83C4A-8879-4E08-AB09-4DA3439FC06B-1024x512.png\" alt=\"\" class=\"wp-image-33507\" srcset=\"https:\/\/www.apfelpatient.de\/wp-content\/uploads\/2022\/09\/A2E83C4A-8879-4E08-AB09-4DA3439FC06B-1024x512.png 1024w, https:\/\/www.apfelpatient.de\/wp-content\/uploads\/2022\/09\/A2E83C4A-8879-4E08-AB09-4DA3439FC06B-300x150.png 300w, https:\/\/www.apfelpatient.de\/wp-content\/uploads\/2022\/09\/A2E83C4A-8879-4E08-AB09-4DA3439FC06B-768x384.png 768w, https:\/\/www.apfelpatient.de\/wp-content\/uploads\/2022\/09\/A2E83C4A-8879-4E08-AB09-4DA3439FC06B-1536x768.png 1536w, https:\/\/www.apfelpatient.de\/wp-content\/uploads\/2022\/09\/A2E83C4A-8879-4E08-AB09-4DA3439FC06B-360x180.png 360w, https:\/\/www.apfelpatient.de\/wp-content\/uploads\/2022\/09\/A2E83C4A-8879-4E08-AB09-4DA3439FC06B-750x375.png 750w, https:\/\/www.apfelpatient.de\/wp-content\/uploads\/2022\/09\/A2E83C4A-8879-4E08-AB09-4DA3439FC06B-1140x570.png 1140w, https:\/\/www.apfelpatient.de\/wp-content\/uploads\/2022\/09\/A2E83C4A-8879-4E08-AB09-4DA3439FC06B.png 1600w\" sizes=\"(max-width: 1024px) 100vw, 1024px\" \/><figcaption>via 9to5mac<\/figcaption><\/figure>\n\n\n\n<h3 class=\"wp-block-heading\" id=\"h-app-herunterladen-push-nachrichten-aktivieren\">Download the app, activate push notifications<\/h3>\n\n\n\n<p>If you don\u2019t want to miss anything, you should&nbsp;<a href=\"https:\/\/apps.apple.com\/de\/app\/apfelpatient-news\/id1517273672\" target=\"_blank\" rel=\"noreferrer noopener\">download our app<\/a>&nbsp;and activate push notifications. In our separate event section you will find all relevant articles about the next event - we look forward to seeing you. Are you looking for new MagSafe accessories from Apple?&nbsp;<a href=\"https:\/\/www.amazon.de\/shop\/apfelpatientofficial?listId=21E2RFFAY554S&amp;ref=cm_sw_em_r_inf_list_own_apfelpatientofficial_dp_riZhz1Vqdb3gV\" target=\"_blank\" rel=\"noreferrer noopener\">Then take a look at Amazon<\/a>There you will find Apple&#039;s MagSafe chargers, power adapters, cases and the external battery at a discount. In addition, we have dozens of other recommendations&nbsp;<a href=\"https:\/\/www.amazon.de\/shop\/apfelpatientofficial\" target=\"_blank\" rel=\"noreferrer noopener\">in our storefront<\/a>, including from Nomad, Anker and Pitaka \u2013 enjoy browsing. (Image: Ian Zelebo x Jon Prosser)<\/p>\n\n\n\n<ul class=\"wp-block-list\"><li><a href=\"https:\/\/www.apfelpatient.de\/en\/rumors\/iphone-14-further-details-on-color-options-and-features\">iPhone 14: More details on color options and features<\/a><\/li><\/ul>\n\n\n\n<h6 class=\"wp-block-heading translation-block\" id=\"h-kennt-ihr-schon-unsere-amazon-storefront-dort-findet-ihr-eine-handverlesene-auswahl-von-diversen-produkten-f-r-euer-iphone-und-co-viel-spa-beim-st-bern\"><em>Have you already visited our Amazon Storefront? There you&#039;ll find a hand-picked selection of various products for your iPhone and other devices \u2013 <span class=\"has-inline-color has-vivid-red-color\"><a href=\"https:\/\/www.amazon.de\/shop\/apfelpatientofficial\" class=\"ek-link\" data-wpel-link=\"exclude\" rel=\"follow noopener\" target=\"_self\"><span style=\"text-decoration: underline\" class=\"ek-underline\">enjoy browsing<\/span><\/a> !<\/span><\/em><\/h6>\n\n\n\n<h6 class=\"wp-block-heading translation-block\" id=\"h-der-beitrag-enthalt-partnerlinks\">This post contains <a data-type=\"URL\" data-id=\"https:\/\/www.apfelpatient.de\/partnerprogramm\" href=\"https:\/\/www.apfelpatient.de\/en\/partner-program\" data-wpel-link=\"internal\" target=\"_self\">affiliate links<\/a>.<\/h6>","protected":false},"excerpt":{"rendered":"<p>Almost 12 months ago, the first rumors emerged that Apple wanted to replace the notch on the iPhone 14 Pro with a cutout.<\/p>","protected":false},"author":2,"featured_media":31864,"comment_status":"closed","ping_status":"closed","sticky":false,"template":"","format":"standard","meta":{"jnews-multi-image_gallery":[],"jnews_single_post":{"subtitle":"","format":"standard","video":"","gallery":"","source_name":"","source_url":"","via_name":"","via_url":"","override":[{"single_blog_custom":"","sidebar":"","second_sidebar":"","share_position":"","share_float_style":"","post_date_format":"","post_date_format_custom":"","post_reading_time_wpm":"","zoom_button_out_step":"1","zoom_button_in_step":"1","number_popup_post":"1"}],"image_override":[{"single_post_thumbnail_size":"","single_post_gallery_size":""}],"trending_post_position":"","trending_post_label":"","sponsored_post_label":"","sponsored_post_name":"","sponsored_post_url":"","sponsored_post_logo":"","sponsored_post_desc":""},"jnews_primary_category":{"id":"25"},"footnotes":""},"categories":[25],"tags":[8,683,422],"class_list":["post-33495","post","type-post","status-publish","format-standard","has-post-thumbnail","hentry","category-rumors","tag-iphone","tag-iphone-14","tag-iphone-2022"],"yoast_head":"<!-- This site is optimized with the Yoast SEO Premium plugin v27.5 (Yoast SEO v27.5) - https:\/\/yoast.com\/product\/yoast-seo-premium-wordpress\/ -->\n<title>iPhone 14 Pro: So geht iOS mit der neuen Aussparung um<\/title>\n<meta name=\"description\" content=\"Vor knapp 12 Monaten kamen erste Ger\u00fcchte auf, wonach Apple beim iPhone 14 Pro die Notch durch eine Aussparung ersetzen m\u00f6chte.\" \/>\n<meta name=\"robots\" content=\"index, follow, max-snippet:-1, max-image-preview:large, max-video-preview:-1\" \/>\n<link rel=\"canonical\" href=\"https:\/\/www.apfelpatient.de\/en\/rumors\/iphone-14-pro-this-is-how-ios-deals-with-the-new-notch\" \/>\n<meta property=\"og:locale\" content=\"en_US\" \/>\n<meta property=\"og:type\" content=\"article\" \/>\n<meta property=\"og:title\" content=\"iPhone 14 Pro: So geht iOS mit der neuen Aussparung um\" \/>\n<meta property=\"og:description\" content=\"Vor knapp 12 Monaten kamen erste Ger\u00fcchte auf, wonach Apple beim iPhone 14 Pro die Notch durch eine Aussparung ersetzen m\u00f6chte.\" \/>\n<meta property=\"og:url\" content=\"https:\/\/www.apfelpatient.de\/en\/rumors\/iphone-14-pro-this-is-how-ios-deals-with-the-new-notch\" \/>\n<meta property=\"og:site_name\" content=\"Apfelpatient\" \/>\n<meta property=\"article:publisher\" content=\"https:\/\/www.facebook.com\/apfelpatientOfficial\" \/>\n<meta property=\"article:author\" content=\"https:\/\/www.facebook.com\/apfelpatientOfficial\" \/>\n<meta property=\"article:published_time\" content=\"2022-08-31T16:16:13+00:00\" \/>\n<meta property=\"article:modified_time\" content=\"2022-09-01T10:34:55+00:00\" \/>\n<meta property=\"og:image\" content=\"https:\/\/www.apfelpatient.de\/wp-content\/uploads\/2022\/05\/iPhone-14-Pro-Graphite-Face-Up.jpg\" \/>\n\t<meta property=\"og:image:width\" content=\"1600\" \/>\n\t<meta property=\"og:image:height\" content=\"900\" \/>\n\t<meta property=\"og:image:type\" content=\"image\/jpeg\" \/>\n<meta name=\"author\" content=\"Milan\" \/>\n<meta name=\"twitter:card\" content=\"summary_large_image\" \/>\n<meta name=\"twitter:description\" content=\"Vor knapp 12 Monaten kamen erste Ger\u00fcchte auf, wonach Apple beim iPhone 14 Pro die Notch durch eine Aussparung ersetzen m\u00f6chte.\" \/>\n<meta name=\"twitter:label1\" content=\"Written by\" \/>\n\t<meta name=\"twitter:data1\" content=\"Milan\" \/>\n\t<meta name=\"twitter:label2\" content=\"Est. reading time\" \/>\n\t<meta name=\"twitter:data2\" content=\"2 minutes\" \/>\n<script type=\"application\/ld+json\" class=\"yoast-schema-graph\">{\"@context\":\"https:\\\/\\\/schema.org\",\"@graph\":[{\"@type\":\"NewsArticle\",\"@id\":\"https:\\\/\\\/www.apfelpatient.de\\\/rumors\\\/iphone-14-pro-so-geht-ios-mit-der-neuen-aussparung-um#article\",\"isPartOf\":{\"@id\":\"https:\\\/\\\/www.apfelpatient.de\\\/rumors\\\/iphone-14-pro-so-geht-ios-mit-der-neuen-aussparung-um\"},\"author\":{\"@type\":\"Organization\",\"@id\":\"https:\\\/\\\/www.apfelpatient.de\\\/en\\\/#organization\",\"name\":\"Apfelpatient\",\"url\":\"https:\\\/\\\/www.apfelpatient.de\\\/en\\\/\"},\"headline\":\"iPhone 14 Pro: So geht iOS mit der neuen Aussparung um\",\"datePublished\":\"2022-08-31T16:16:13+00:00\",\"dateModified\":\"2022-09-01T10:34:55+00:00\",\"mainEntityOfPage\":{\"@id\":\"https:\\\/\\\/www.apfelpatient.de\\\/rumors\\\/iphone-14-pro-so-geht-ios-mit-der-neuen-aussparung-um\"},\"wordCount\":339,\"publisher\":{\"@type\":\"Organization\",\"@id\":\"https:\\\/\\\/www.apfelpatient.de\\\/en\\\/#organization\",\"name\":\"Apfelpatient\",\"url\":\"https:\\\/\\\/www.apfelpatient.de\\\/en\\\/\"},\"image\":{\"@id\":\"https:\\\/\\\/www.apfelpatient.de\\\/rumors\\\/iphone-14-pro-so-geht-ios-mit-der-neuen-aussparung-um#primaryimage\"},\"thumbnailUrl\":\"https:\\\/\\\/www.apfelpatient.de\\\/wp-content\\\/uploads\\\/2022\\\/05\\\/iPhone-14-Pro-Graphite-Face-Up.jpg\",\"keywords\":[\"iPhone\",\"iPhone 14\",\"iPhone 2022\"],\"articleSection\":\"Rumors\",\"inLanguage\":\"en-US\",\"copyrightYear\":\"2022\",\"copyrightHolder\":{\"@id\":\"https:\\\/\\\/www.apfelpatient.de\\\/en\\\/#organization\"}},{\"@type\":\"WebPage\",\"@id\":\"https:\\\/\\\/www.apfelpatient.de\\\/rumors\\\/iphone-14-pro-so-geht-ios-mit-der-neuen-aussparung-um\",\"url\":\"https:\\\/\\\/www.apfelpatient.de\\\/rumors\\\/iphone-14-pro-so-geht-ios-mit-der-neuen-aussparung-um\",\"name\":\"iPhone 14 Pro: So geht iOS mit der neuen Aussparung um\",\"isPartOf\":{\"@id\":\"https:\\\/\\\/www.apfelpatient.de\\\/#website\"},\"primaryImageOfPage\":{\"@id\":\"https:\\\/\\\/www.apfelpatient.de\\\/rumors\\\/iphone-14-pro-so-geht-ios-mit-der-neuen-aussparung-um#primaryimage\"},\"image\":{\"@id\":\"https:\\\/\\\/www.apfelpatient.de\\\/rumors\\\/iphone-14-pro-so-geht-ios-mit-der-neuen-aussparung-um#primaryimage\"},\"thumbnailUrl\":\"https:\\\/\\\/www.apfelpatient.de\\\/wp-content\\\/uploads\\\/2022\\\/05\\\/iPhone-14-Pro-Graphite-Face-Up.jpg\",\"datePublished\":\"2022-08-31T16:16:13+00:00\",\"dateModified\":\"2022-09-01T10:34:55+00:00\",\"description\":\"Vor knapp 12 Monaten kamen erste Ger\u00fcchte auf, wonach Apple beim iPhone 14 Pro die Notch durch eine Aussparung ersetzen m\u00f6chte.\",\"breadcrumb\":{\"@id\":\"https:\\\/\\\/www.apfelpatient.de\\\/rumors\\\/iphone-14-pro-so-geht-ios-mit-der-neuen-aussparung-um#breadcrumb\"},\"inLanguage\":\"en-US\",\"potentialAction\":[{\"@type\":\"ReadAction\",\"target\":[\"https:\\\/\\\/www.apfelpatient.de\\\/rumors\\\/iphone-14-pro-so-geht-ios-mit-der-neuen-aussparung-um\"]}]},{\"@type\":\"ImageObject\",\"inLanguage\":\"en-US\",\"@id\":\"https:\\\/\\\/www.apfelpatient.de\\\/rumors\\\/iphone-14-pro-so-geht-ios-mit-der-neuen-aussparung-um#primaryimage\",\"url\":\"https:\\\/\\\/www.apfelpatient.de\\\/wp-content\\\/uploads\\\/2022\\\/05\\\/iPhone-14-Pro-Graphite-Face-Up.jpg\",\"contentUrl\":\"https:\\\/\\\/www.apfelpatient.de\\\/wp-content\\\/uploads\\\/2022\\\/05\\\/iPhone-14-Pro-Graphite-Face-Up.jpg\",\"width\":1600,\"height\":900,\"caption\":\"Bild: Ian Zelebo x Jon Prosser - iPhone 14 Pro\"},{\"@type\":\"BreadcrumbList\",\"@id\":\"https:\\\/\\\/www.apfelpatient.de\\\/rumors\\\/iphone-14-pro-so-geht-ios-mit-der-neuen-aussparung-um#breadcrumb\",\"itemListElement\":[{\"@type\":\"ListItem\",\"position\":1,\"name\":\"Startseite\",\"item\":\"https:\\\/\\\/www.apfelpatient.de\\\/\"},{\"@type\":\"ListItem\",\"position\":2,\"name\":\"iPhone 14 Pro: So geht iOS mit der neuen Aussparung um\"}]},{\"@type\":\"WebSite\",\"@id\":\"https:\\\/\\\/www.apfelpatient.de\\\/#website\",\"url\":\"https:\\\/\\\/www.apfelpatient.de\\\/\",\"name\":\"Apfelpatient\",\"description\":\"Alles rund um Apple!\",\"publisher\":{\"@type\":\"Organization\",\"@id\":\"https:\\\/\\\/www.apfelpatient.de\\\/en\\\/#organization\",\"name\":\"Apfelpatient\",\"url\":\"https:\\\/\\\/www.apfelpatient.de\\\/en\\\/\"},\"alternateName\":\"Apfelpatient\",\"potentialAction\":[{\"@type\":\"SearchAction\",\"target\":{\"@type\":\"EntryPoint\",\"urlTemplate\":\"https:\\\/\\\/www.apfelpatient.de\\\/?s={search_term_string}\"},\"query-input\":{\"@type\":\"PropertyValueSpecification\",\"valueRequired\":true,\"valueName\":\"search_term_string\"}}],\"inLanguage\":\"en-US\"},{\"@type\":[\"Person\",\"Organization\"],\"@id\":\"https:\\\/\\\/www.apfelpatient.de\\\/#\\\/schema\\\/person\\\/7dc56ad6c8e9824b76d2c08d4c140e13\",\"name\":\"Milan\",\"logo\":{\"@id\":\"https:\\\/\\\/www.apfelpatient.de\\\/#\\\/schema\\\/person\\\/image\\\/\"},\"description\":\"Hallo und herzlich willkommen auf meinem Technik-Blog! Als gro\u00dfer Apple-Fan berichte ich hier \u00fcber alles, was mit Apple zu tun hat: von den neuesten News und spannenden Ger\u00fcchten \u00fcber hilfreiche Tipps und Tricks bis hin zu ausf\u00fchrlichen Produkttests. Wenn du genauso technikbegeistert bist wie ich, bist du hier genau richtig!\",\"sameAs\":[\"https:\\\/\\\/www.facebook.com\\\/apfelpatientOfficial\",\"https:\\\/\\\/www.linkedin.com\\\/in\\\/milan-jovicic-42aa0231b\"],\"url\":\"https:\\\/\\\/www.apfelpatient.de\\\/en\\\/author\\\/apfeladmin\"}]}<\/script>\n<!-- \/ Yoast SEO Premium plugin. -->","yoast_head_json":{"title":"iPhone 14 Pro: How iOS handles the new notch","description":"Almost 12 months ago, the first rumors emerged that Apple wanted to replace the notch on the iPhone 14 Pro with a cutout.","robots":{"index":"index","follow":"follow","max-snippet":"max-snippet:-1","max-image-preview":"max-image-preview:large","max-video-preview":"max-video-preview:-1"},"canonical":"https:\/\/www.apfelpatient.de\/en\/rumors\/iphone-14-pro-this-is-how-ios-deals-with-the-new-notch","og_locale":"en_US","og_type":"article","og_title":"iPhone 14 Pro: So geht iOS mit der neuen Aussparung um","og_description":"Vor knapp 12 Monaten kamen erste Ger\u00fcchte auf, wonach Apple beim iPhone 14 Pro die Notch durch eine Aussparung ersetzen m\u00f6chte.","og_url":"https:\/\/www.apfelpatient.de\/en\/rumors\/iphone-14-pro-this-is-how-ios-deals-with-the-new-notch","og_site_name":"Apfelpatient","article_publisher":"https:\/\/www.facebook.com\/apfelpatientOfficial","article_author":"https:\/\/www.facebook.com\/apfelpatientOfficial","article_published_time":"2022-08-31T16:16:13+00:00","article_modified_time":"2022-09-01T10:34:55+00:00","og_image":[{"width":1600,"height":900,"url":"https:\/\/www.apfelpatient.de\/wp-content\/uploads\/2022\/05\/iPhone-14-Pro-Graphite-Face-Up.jpg","type":"image\/jpeg"}],"author":"Milan","twitter_card":"summary_large_image","twitter_description":"Vor knapp 12 Monaten kamen erste Ger\u00fcchte auf, wonach Apple beim iPhone 14 Pro die Notch durch eine Aussparung ersetzen m\u00f6chte.","twitter_misc":{"Written by":"Milan","Est. reading time":"2 minutes"},"schema":{"@context":"https:\/\/schema.org","@graph":[{"@type":"NewsArticle","@id":"https:\/\/www.apfelpatient.de\/rumors\/iphone-14-pro-so-geht-ios-mit-der-neuen-aussparung-um#article","isPartOf":{"@id":"https:\/\/www.apfelpatient.de\/rumors\/iphone-14-pro-so-geht-ios-mit-der-neuen-aussparung-um"},"author":{"@type":"Organization","@id":"https:\/\/www.apfelpatient.de\/en\/#organization","name":"Apfelpatient","url":"https:\/\/www.apfelpatient.de\/en\/"},"headline":"iPhone 14 Pro: So geht iOS mit der neuen Aussparung um","datePublished":"2022-08-31T16:16:13+00:00","dateModified":"2022-09-01T10:34:55+00:00","mainEntityOfPage":{"@id":"https:\/\/www.apfelpatient.de\/rumors\/iphone-14-pro-so-geht-ios-mit-der-neuen-aussparung-um"},"wordCount":339,"publisher":{"@type":"Organization","@id":"https:\/\/www.apfelpatient.de\/en\/#organization","name":"Apfelpatient","url":"https:\/\/www.apfelpatient.de\/en\/"},"image":{"@id":"https:\/\/www.apfelpatient.de\/rumors\/iphone-14-pro-so-geht-ios-mit-der-neuen-aussparung-um#primaryimage"},"thumbnailUrl":"https:\/\/www.apfelpatient.de\/wp-content\/uploads\/2022\/05\/iPhone-14-Pro-Graphite-Face-Up.jpg","keywords":["iPhone","iPhone 14","iPhone 2022"],"articleSection":"Rumors","inLanguage":"en-US","copyrightYear":"2022","copyrightHolder":{"@id":"https:\/\/www.apfelpatient.de\/en\/#organization"}},{"@type":"WebPage","@id":"https:\/\/www.apfelpatient.de\/rumors\/iphone-14-pro-so-geht-ios-mit-der-neuen-aussparung-um","url":"https:\/\/www.apfelpatient.de\/rumors\/iphone-14-pro-so-geht-ios-mit-der-neuen-aussparung-um","name":"iPhone 14 Pro: How iOS handles the new notch","isPartOf":{"@id":"https:\/\/www.apfelpatient.de\/#website"},"primaryImageOfPage":{"@id":"https:\/\/www.apfelpatient.de\/rumors\/iphone-14-pro-so-geht-ios-mit-der-neuen-aussparung-um#primaryimage"},"image":{"@id":"https:\/\/www.apfelpatient.de\/rumors\/iphone-14-pro-so-geht-ios-mit-der-neuen-aussparung-um#primaryimage"},"thumbnailUrl":"https:\/\/www.apfelpatient.de\/wp-content\/uploads\/2022\/05\/iPhone-14-Pro-Graphite-Face-Up.jpg","datePublished":"2022-08-31T16:16:13+00:00","dateModified":"2022-09-01T10:34:55+00:00","description":"Almost 12 months ago, the first rumors emerged that Apple wanted to replace the notch on the iPhone 14 Pro with a cutout.","breadcrumb":{"@id":"https:\/\/www.apfelpatient.de\/rumors\/iphone-14-pro-so-geht-ios-mit-der-neuen-aussparung-um#breadcrumb"},"inLanguage":"en-US","potentialAction":[{"@type":"ReadAction","target":["https:\/\/www.apfelpatient.de\/rumors\/iphone-14-pro-so-geht-ios-mit-der-neuen-aussparung-um"]}]},{"@type":"ImageObject","inLanguage":"en-US","@id":"https:\/\/www.apfelpatient.de\/rumors\/iphone-14-pro-so-geht-ios-mit-der-neuen-aussparung-um#primaryimage","url":"https:\/\/www.apfelpatient.de\/wp-content\/uploads\/2022\/05\/iPhone-14-Pro-Graphite-Face-Up.jpg","contentUrl":"https:\/\/www.apfelpatient.de\/wp-content\/uploads\/2022\/05\/iPhone-14-Pro-Graphite-Face-Up.jpg","width":1600,"height":900,"caption":"Bild: Ian Zelebo x Jon Prosser - iPhone 14 Pro"},{"@type":"BreadcrumbList","@id":"https:\/\/www.apfelpatient.de\/rumors\/iphone-14-pro-so-geht-ios-mit-der-neuen-aussparung-um#breadcrumb","itemListElement":[{"@type":"ListItem","position":1,"name":"Startseite","item":"https:\/\/www.apfelpatient.de\/"},{"@type":"ListItem","position":2,"name":"iPhone 14 Pro: So geht iOS mit der neuen Aussparung um"}]},{"@type":"WebSite","@id":"https:\/\/www.apfelpatient.de\/#website","url":"https:\/\/www.apfelpatient.de\/","name":"apple patient","description":"Everything about Apple!","publisher":{"@type":"Organization","@id":"https:\/\/www.apfelpatient.de\/en\/#organization","name":"Apfelpatient","url":"https:\/\/www.apfelpatient.de\/en\/"},"alternateName":"Apfelpatient","potentialAction":[{"@type":"SearchAction","target":{"@type":"EntryPoint","urlTemplate":"https:\/\/www.apfelpatient.de\/?s={search_term_string}"},"query-input":{"@type":"PropertyValueSpecification","valueRequired":true,"valueName":"search_term_string"}}],"inLanguage":"en-US"},{"@type":["Person","Organization"],"@id":"https:\/\/www.apfelpatient.de\/#\/schema\/person\/7dc56ad6c8e9824b76d2c08d4c140e13","name":"Milan","logo":{"@id":"https:\/\/www.apfelpatient.de\/#\/schema\/person\/image\/"},"description":"Hello and welcome to my technology blog! As a big Apple fan, I report on everything to do with Apple: from the latest news and exciting rumors to helpful tips and tricks and detailed product tests. If you are as enthusiastic about technology as I am, you have come to the right place!","sameAs":["https:\/\/www.facebook.com\/apfelpatientOfficial","https:\/\/www.linkedin.com\/in\/milan-jovicic-42aa0231b"],"url":"https:\/\/www.apfelpatient.de\/en\/author\/apfeladmin"}]}},"_links":{"self":[{"href":"https:\/\/www.apfelpatient.de\/en\/wp-json\/wp\/v2\/posts\/33495","targetHints":{"allow":["GET"]}}],"collection":[{"href":"https:\/\/www.apfelpatient.de\/en\/wp-json\/wp\/v2\/posts"}],"about":[{"href":"https:\/\/www.apfelpatient.de\/en\/wp-json\/wp\/v2\/types\/post"}],"author":[{"embeddable":true,"href":"https:\/\/www.apfelpatient.de\/en\/wp-json\/wp\/v2\/users\/2"}],"replies":[{"embeddable":true,"href":"https:\/\/www.apfelpatient.de\/en\/wp-json\/wp\/v2\/comments?post=33495"}],"version-history":[{"count":0,"href":"https:\/\/www.apfelpatient.de\/en\/wp-json\/wp\/v2\/posts\/33495\/revisions"}],"wp:featuredmedia":[{"embeddable":true,"href":"https:\/\/www.apfelpatient.de\/en\/wp-json\/wp\/v2\/media\/31864"}],"wp:attachment":[{"href":"https:\/\/www.apfelpatient.de\/en\/wp-json\/wp\/v2\/media?parent=33495"}],"wp:term":[{"taxonomy":"category","embeddable":true,"href":"https:\/\/www.apfelpatient.de\/en\/wp-json\/wp\/v2\/categories?post=33495"},{"taxonomy":"post_tag","embeddable":true,"href":"https:\/\/www.apfelpatient.de\/en\/wp-json\/wp\/v2\/tags?post=33495"}],"curies":[{"name":"wp","href":"https:\/\/api.w.org\/{rel}","templated":true}]}}