{"id":33487,"date":"2022-08-30T17:22:08","date_gmt":"2022-08-30T15:22:08","guid":{"rendered":"https:\/\/www.apfelpatient.de\/?p=33487"},"modified":"2022-08-30T17:22:08","modified_gmt":"2022-08-30T15:22:08","slug":"iphone-14-further-details-on-color-options-and-features","status":"publish","type":"post","link":"https:\/\/www.apfelpatient.de\/en\/rumors\/iphone-14-weitere-details-zu-farboptionen-und-ausstattung","title":{"rendered":"iPhone 14: More details on color options and features"},"content":{"rendered":"<p class=\"has-drop-cap\"><strong>The &quot;Far Out&quot; event is already taking place next week. Now rumors and leaks about the features and more are starting to emerge. The latest rumors provide information about the final expectations for the colors, performance, features and more of the upcoming iPhones.<\/strong><\/p>\n\n\n\n<p>The latest <a href=\"https:\/\/m.blog.naver.com\/PostView.naver?blogId=yeux1122&amp;logNo=222861471290&amp;navType=by\" target=\"_blank\" rel=\"noreferrer noopener\">rumors<\/a> come from user &quot;yeux1122&quot; on the Korean blog Naver, who cites a &quot;US developer source&quot; as the source of the information. In two separate posts, the account reveals alleged information about the colors of the upcoming iPhone lineup and details about features such as MagSafe, performance and more.<\/p>\n\n\n\n<h3 class=\"wp-block-heading\">No more Sierra Blue<\/h3>\n\n\n\n<p>According to the report, Apple will no longer offer a blue color option for the high-end iPhone 14 Pro lineup. Sierra Blue will no longer be available as a color option. Instead, contrary to previous rumors, the upcoming high-end iPhones will be available in dark purple, silver, gold, graphite, and green. For the lower-end iPhone 14 and iPhone 14 Max, Apple will use mostly the same colors as the iPhone 13 and iPhone 13 mini, with the exception of pink, as the account &quot;yeux1122&quot; announced today. That means the cheaper models will be available in midnight, starlight, blue, red, purple, and green.<\/p>\n\n\n\n<h3 class=\"wp-block-heading\">iPhone 14 Pro: Apple does not use a titanium case<\/h3>\n\n\n\n<p>Previous rumors suggested that Apple would offer an expensive &quot;titanium&quot; model of the iPhone 14 Pro, made of harder and higher-quality materials. According to today&#039;s rumor, Apple has tested a titanium model of the iPhone 14 Pro, but concluded that it is too expensive and difficult to mass produce, and therefore will not be offered as an option.<\/p>\n\n\n\n<h3 class=\"wp-block-heading\">Stronger MagSafe and new battery accessories<\/h3>\n\n\n\n<p>The iPhone 14 and iPhone 14 Pro will have stronger MagSafe magnets, making them stronger for attaching accessories, as well as a new &quot;exclusive battery accessory,&quot; according to user &quot;yeux1122.&quot;<\/p>\n\n\n\n<h3 class=\"wp-block-heading\">A16 chip has improved thermal management<\/h3>\n\n\n\n<p>The A16 Bionic chip that will power the iPhone 14 Pro and iPhone 14 Pro Max is expected to have better performance than the A15 Bionic chip in the iPhone 13 Pro. But in addition to faster performance, it will also have improved thermal management, according to the latest rumor. It is claimed that Apple can improve performance thanks to a new way of managing the iPhone&#039;s heat and thermals. The Pro models will feature the brand new A16 Bionic chip, while the iPhone 14 and iPhone 14 Max will retain the A15 Bionic chip from the iPhone 13.<\/p>\n\n\n\n<h3 class=\"wp-block-heading\">iPhone 14 Pro: No 2 TB storage option<\/h3>\n\n\n\n\n\n\n\n<p>As predicted by analysts, the iPhone 14 Pro lineup will continue to start at 128GB despite a rumored price hike. Initially, it was rumored that the iPhone 14 Pro would launch with a higher storage option of 256GB to compensate for the rumored price hike. But that doesn&#039;t seem to be the case. Both analyst estimates and today&#039;s rumor point to a starting configuration of 128GB and a higher starting price. In terms of storage options, there was a rumor that said the iPhone 14 Pro could come with a massive 2TB storage. However, that is also not the case.<\/p>\n\n\n\n<h3 class=\"wp-block-heading\" id=\"h-app-herunterladen-push-nachrichten-aktivieren\">Download the app, activate push notifications<\/h3>\n\n\n\n<p>If you don\u2019t want to miss anything, you should\u00a0<a href=\"https:\/\/apps.apple.com\/de\/app\/apfelpatient-news\/id1517273672\" target=\"_blank\" rel=\"noreferrer noopener\">download our app<\/a>\u00a0and activate push notifications. In our separate event section you will find all relevant articles about the next event - we look forward to seeing you. Are you looking for new MagSafe accessories from Apple?\u00a0<a href=\"https:\/\/www.amazon.de\/shop\/apfelpatientofficial?listId=21E2RFFAY554S&amp;ref=cm_sw_em_r_inf_list_own_apfelpatientofficial_dp_riZhz1Vqdb3gV\" target=\"_blank\" rel=\"noreferrer noopener\">Then take a look at Amazon<\/a>There you will find Apple&#039;s MagSafe chargers, power adapters, cases and the external battery at a discount. In addition, we have dozens of other recommendations\u00a0<a href=\"https:\/\/www.amazon.de\/shop\/apfelpatientofficial\" target=\"_blank\" rel=\"noreferrer noopener\">in our storefront<\/a>, including from Nomad, Anker and Pitaka \u2013 enjoy browsing. (Image: Ian Zelebo x Jon Prosser)<\/p>\n\n\n\n<ul class=\"wp-block-list\"><li><a href=\"https:\/\/www.apfelpatient.de\/en\/rumors\/iphone-14-pro-camera-handles-poor-lighting-conditions-better\">iPhone 14 Pro: Camera handles low light conditions better<\/a><\/li><\/ul>\n\n\n\n<h6 class=\"wp-block-heading translation-block\" id=\"h-kennt-ihr-schon-unsere-amazon-storefront-dort-findet-ihr-eine-handverlesene-auswahl-von-diversen-produkten-f-r-euer-iphone-und-co-viel-spa-beim-st-bern\"><em>Have you already visited our Amazon Storefront? There you&#039;ll find a hand-picked selection of various products for your iPhone and other devices \u2013 <span class=\"has-inline-color has-vivid-red-color\"><a href=\"https:\/\/www.amazon.de\/shop\/apfelpatientofficial\" class=\"ek-link\" data-wpel-link=\"exclude\" rel=\"follow noopener\" target=\"_self\"><span style=\"text-decoration: underline\" class=\"ek-underline\">enjoy browsing<\/span><\/a> !<\/span><\/em><\/h6>\n\n\n\n<h6 class=\"wp-block-heading translation-block\" id=\"h-der-beitrag-enthalt-partnerlinks\">This post contains <a data-type=\"URL\" data-id=\"https:\/\/www.apfelpatient.de\/partnerprogramm\" href=\"https:\/\/www.apfelpatient.de\/en\/partner-program\" data-wpel-link=\"internal\" target=\"_self\">affiliate links<\/a>.<\/h6>","protected":false},"excerpt":{"rendered":"<p>iPhone 14: The &quot;Far Out&quot; event is already taking place next week. Now, rumors and leaks about the specs and more are surfacing.<\/p>","protected":false},"author":2,"featured_media":31868,"comment_status":"closed","ping_status":"closed","sticky":false,"template":"","format":"standard","meta":{"jnews-multi-image_gallery":[],"jnews_single_post":{"subtitle":"","format":"standard","video":"","gallery":"","source_name":"","source_url":"","via_name":"","via_url":"","override":[{"single_blog_custom":"","sidebar":"","second_sidebar":"","share_position":"","share_float_style":"","post_date_format":"","post_date_format_custom":"","post_reading_time_wpm":"","zoom_button_out_step":"1","zoom_button_in_step":"1","number_popup_post":"1"}],"image_override":[{"single_post_thumbnail_size":"","single_post_gallery_size":""}],"trending_post_position":"","trending_post_label":"","sponsored_post_label":"","sponsored_post_name":"","sponsored_post_url":"","sponsored_post_logo":"","sponsored_post_desc":""},"jnews_primary_category":{"id":"25"},"footnotes":""},"categories":[25],"tags":[8,683,422],"class_list":["post-33487","post","type-post","status-publish","format-standard","has-post-thumbnail","hentry","category-rumors","tag-iphone","tag-iphone-14","tag-iphone-2022"],"yoast_head":"<!-- This site is optimized with the Yoast SEO Premium plugin v27.5 (Yoast SEO v27.5) - https:\/\/yoast.com\/product\/yoast-seo-premium-wordpress\/ -->\n<title>iPhone 14: Weitere Details zu Farboptionen und Ausstattung<\/title>\n<meta name=\"description\" content=\"iPhone 14: Das &quot;Far Out&quot;-Event findet bereits n\u00e4chste Woche statt. Nun tauchen vermehrt Ger\u00fcchte und Leaks zur Ausstattung und mehr auf.\" \/>\n<meta name=\"robots\" content=\"index, follow, max-snippet:-1, max-image-preview:large, max-video-preview:-1\" \/>\n<link rel=\"canonical\" href=\"https:\/\/www.apfelpatient.de\/en\/rumors\/iphone-14-further-details-on-color-options-and-features\" \/>\n<meta property=\"og:locale\" content=\"en_US\" \/>\n<meta property=\"og:type\" content=\"article\" \/>\n<meta property=\"og:title\" content=\"iPhone 14: Weitere Details zu Farboptionen und Ausstattung\" \/>\n<meta property=\"og:description\" content=\"iPhone 14: Das &quot;Far Out&quot;-Event findet bereits n\u00e4chste Woche statt. Nun tauchen vermehrt Ger\u00fcchte und Leaks zur Ausstattung und mehr auf.\" \/>\n<meta property=\"og:url\" content=\"https:\/\/www.apfelpatient.de\/en\/rumors\/iphone-14-further-details-on-color-options-and-features\" \/>\n<meta property=\"og:site_name\" content=\"Apfelpatient\" \/>\n<meta property=\"article:publisher\" content=\"https:\/\/www.facebook.com\/apfelpatientOfficial\" \/>\n<meta property=\"article:author\" content=\"https:\/\/www.facebook.com\/apfelpatientOfficial\" \/>\n<meta property=\"article:published_time\" content=\"2022-08-30T15:22:08+00:00\" \/>\n<meta property=\"og:image\" content=\"https:\/\/www.apfelpatient.de\/wp-content\/uploads\/2022\/05\/iPhone-14-Pro-Purple-Vertical.jpg\" \/>\n\t<meta property=\"og:image:width\" content=\"1600\" \/>\n\t<meta property=\"og:image:height\" content=\"988\" \/>\n\t<meta property=\"og:image:type\" content=\"image\/jpeg\" \/>\n<meta name=\"author\" content=\"Milan\" \/>\n<meta name=\"twitter:card\" content=\"summary_large_image\" \/>\n<meta name=\"twitter:description\" content=\"iPhone 14: Das &quot;Far Out&quot;-Event findet bereits n\u00e4chste Woche statt. Nun tauchen vermehrt Ger\u00fcchte und Leaks zur Ausstattung und mehr auf.\" \/>\n<meta name=\"twitter:label1\" content=\"Written by\" \/>\n\t<meta name=\"twitter:data1\" content=\"Milan\" \/>\n\t<meta name=\"twitter:label2\" content=\"Est. reading time\" \/>\n\t<meta name=\"twitter:data2\" content=\"4 minutes\" \/>\n<script type=\"application\/ld+json\" class=\"yoast-schema-graph\">{\"@context\":\"https:\\\/\\\/schema.org\",\"@graph\":[{\"@type\":\"NewsArticle\",\"@id\":\"https:\\\/\\\/www.apfelpatient.de\\\/rumors\\\/iphone-14-weitere-details-zu-farboptionen-und-ausstattung#article\",\"isPartOf\":{\"@id\":\"https:\\\/\\\/www.apfelpatient.de\\\/rumors\\\/iphone-14-weitere-details-zu-farboptionen-und-ausstattung\"},\"author\":{\"@type\":\"Organization\",\"@id\":\"https:\\\/\\\/www.apfelpatient.de\\\/en\\\/#organization\",\"name\":\"Apfelpatient\",\"url\":\"https:\\\/\\\/www.apfelpatient.de\\\/en\\\/\"},\"headline\":\"iPhone 14: Weitere Details zu Farboptionen und Ausstattung\",\"datePublished\":\"2022-08-30T15:22:08+00:00\",\"mainEntityOfPage\":{\"@id\":\"https:\\\/\\\/www.apfelpatient.de\\\/rumors\\\/iphone-14-weitere-details-zu-farboptionen-und-ausstattung\"},\"wordCount\":647,\"publisher\":{\"@type\":\"Organization\",\"@id\":\"https:\\\/\\\/www.apfelpatient.de\\\/en\\\/#organization\",\"name\":\"Apfelpatient\",\"url\":\"https:\\\/\\\/www.apfelpatient.de\\\/en\\\/\"},\"image\":{\"@id\":\"https:\\\/\\\/www.apfelpatient.de\\\/rumors\\\/iphone-14-weitere-details-zu-farboptionen-und-ausstattung#primaryimage\"},\"thumbnailUrl\":\"https:\\\/\\\/www.apfelpatient.de\\\/wp-content\\\/uploads\\\/2022\\\/05\\\/iPhone-14-Pro-Purple-Vertical.jpg\",\"keywords\":[\"iPhone\",\"iPhone 14\",\"iPhone 2022\"],\"articleSection\":\"Rumors\",\"inLanguage\":\"en-US\",\"copyrightYear\":\"2022\",\"copyrightHolder\":{\"@id\":\"https:\\\/\\\/www.apfelpatient.de\\\/en\\\/#organization\"}},{\"@type\":\"WebPage\",\"@id\":\"https:\\\/\\\/www.apfelpatient.de\\\/rumors\\\/iphone-14-weitere-details-zu-farboptionen-und-ausstattung\",\"url\":\"https:\\\/\\\/www.apfelpatient.de\\\/rumors\\\/iphone-14-weitere-details-zu-farboptionen-und-ausstattung\",\"name\":\"iPhone 14: Weitere Details zu Farboptionen und Ausstattung\",\"isPartOf\":{\"@id\":\"https:\\\/\\\/www.apfelpatient.de\\\/#website\"},\"primaryImageOfPage\":{\"@id\":\"https:\\\/\\\/www.apfelpatient.de\\\/rumors\\\/iphone-14-weitere-details-zu-farboptionen-und-ausstattung#primaryimage\"},\"image\":{\"@id\":\"https:\\\/\\\/www.apfelpatient.de\\\/rumors\\\/iphone-14-weitere-details-zu-farboptionen-und-ausstattung#primaryimage\"},\"thumbnailUrl\":\"https:\\\/\\\/www.apfelpatient.de\\\/wp-content\\\/uploads\\\/2022\\\/05\\\/iPhone-14-Pro-Purple-Vertical.jpg\",\"datePublished\":\"2022-08-30T15:22:08+00:00\",\"description\":\"iPhone 14: Das \\\"Far Out\\\"-Event findet bereits n\u00e4chste Woche statt. Nun tauchen vermehrt Ger\u00fcchte und Leaks zur Ausstattung und mehr auf.\",\"breadcrumb\":{\"@id\":\"https:\\\/\\\/www.apfelpatient.de\\\/rumors\\\/iphone-14-weitere-details-zu-farboptionen-und-ausstattung#breadcrumb\"},\"inLanguage\":\"en-US\",\"potentialAction\":[{\"@type\":\"ReadAction\",\"target\":[\"https:\\\/\\\/www.apfelpatient.de\\\/rumors\\\/iphone-14-weitere-details-zu-farboptionen-und-ausstattung\"]}]},{\"@type\":\"ImageObject\",\"inLanguage\":\"en-US\",\"@id\":\"https:\\\/\\\/www.apfelpatient.de\\\/rumors\\\/iphone-14-weitere-details-zu-farboptionen-und-ausstattung#primaryimage\",\"url\":\"https:\\\/\\\/www.apfelpatient.de\\\/wp-content\\\/uploads\\\/2022\\\/05\\\/iPhone-14-Pro-Purple-Vertical.jpg\",\"contentUrl\":\"https:\\\/\\\/www.apfelpatient.de\\\/wp-content\\\/uploads\\\/2022\\\/05\\\/iPhone-14-Pro-Purple-Vertical.jpg\",\"width\":1600,\"height\":988,\"caption\":\"Bild: Ian Zelebo x Jon Prosser - iPhone 14 Pro\"},{\"@type\":\"BreadcrumbList\",\"@id\":\"https:\\\/\\\/www.apfelpatient.de\\\/rumors\\\/iphone-14-weitere-details-zu-farboptionen-und-ausstattung#breadcrumb\",\"itemListElement\":[{\"@type\":\"ListItem\",\"position\":1,\"name\":\"Startseite\",\"item\":\"https:\\\/\\\/www.apfelpatient.de\\\/\"},{\"@type\":\"ListItem\",\"position\":2,\"name\":\"iPhone 14: Weitere Details zu Farboptionen und Ausstattung\"}]},{\"@type\":\"WebSite\",\"@id\":\"https:\\\/\\\/www.apfelpatient.de\\\/#website\",\"url\":\"https:\\\/\\\/www.apfelpatient.de\\\/\",\"name\":\"Apfelpatient\",\"description\":\"Alles rund um Apple!\",\"publisher\":{\"@type\":\"Organization\",\"@id\":\"https:\\\/\\\/www.apfelpatient.de\\\/en\\\/#organization\",\"name\":\"Apfelpatient\",\"url\":\"https:\\\/\\\/www.apfelpatient.de\\\/en\\\/\"},\"alternateName\":\"Apfelpatient\",\"potentialAction\":[{\"@type\":\"SearchAction\",\"target\":{\"@type\":\"EntryPoint\",\"urlTemplate\":\"https:\\\/\\\/www.apfelpatient.de\\\/?s={search_term_string}\"},\"query-input\":{\"@type\":\"PropertyValueSpecification\",\"valueRequired\":true,\"valueName\":\"search_term_string\"}}],\"inLanguage\":\"en-US\"},{\"@type\":[\"Person\",\"Organization\"],\"@id\":\"https:\\\/\\\/www.apfelpatient.de\\\/#\\\/schema\\\/person\\\/7dc56ad6c8e9824b76d2c08d4c140e13\",\"name\":\"Milan\",\"logo\":{\"@id\":\"https:\\\/\\\/www.apfelpatient.de\\\/#\\\/schema\\\/person\\\/image\\\/\"},\"description\":\"Hallo und herzlich willkommen auf meinem Technik-Blog! Als gro\u00dfer Apple-Fan berichte ich hier \u00fcber alles, was mit Apple zu tun hat: von den neuesten News und spannenden Ger\u00fcchten \u00fcber hilfreiche Tipps und Tricks bis hin zu ausf\u00fchrlichen Produkttests. Wenn du genauso technikbegeistert bist wie ich, bist du hier genau richtig!\",\"sameAs\":[\"https:\\\/\\\/www.facebook.com\\\/apfelpatientOfficial\",\"https:\\\/\\\/www.linkedin.com\\\/in\\\/milan-jovicic-42aa0231b\"],\"url\":\"https:\\\/\\\/www.apfelpatient.de\\\/en\\\/author\\\/apfeladmin\"}]}<\/script>\n<!-- \/ Yoast SEO Premium plugin. -->","yoast_head_json":{"title":"iPhone 14: More details on color options and features","description":"iPhone 14: The &quot;Far Out&quot; event is already taking place next week. Now more and more rumors and leaks about the features and more are emerging.","robots":{"index":"index","follow":"follow","max-snippet":"max-snippet:-1","max-image-preview":"max-image-preview:large","max-video-preview":"max-video-preview:-1"},"canonical":"https:\/\/www.apfelpatient.de\/en\/rumors\/iphone-14-further-details-on-color-options-and-features","og_locale":"en_US","og_type":"article","og_title":"iPhone 14: Weitere Details zu Farboptionen und Ausstattung","og_description":"iPhone 14: Das \"Far Out\"-Event findet bereits n\u00e4chste Woche statt. Nun tauchen vermehrt Ger\u00fcchte und Leaks zur Ausstattung und mehr auf.","og_url":"https:\/\/www.apfelpatient.de\/en\/rumors\/iphone-14-further-details-on-color-options-and-features","og_site_name":"Apfelpatient","article_publisher":"https:\/\/www.facebook.com\/apfelpatientOfficial","article_author":"https:\/\/www.facebook.com\/apfelpatientOfficial","article_published_time":"2022-08-30T15:22:08+00:00","og_image":[{"width":1600,"height":988,"url":"https:\/\/www.apfelpatient.de\/wp-content\/uploads\/2022\/05\/iPhone-14-Pro-Purple-Vertical.jpg","type":"image\/jpeg"}],"author":"Milan","twitter_card":"summary_large_image","twitter_description":"iPhone 14: Das \"Far Out\"-Event findet bereits n\u00e4chste Woche statt. Nun tauchen vermehrt Ger\u00fcchte und Leaks zur Ausstattung und mehr auf.","twitter_misc":{"Written by":"Milan","Est. reading time":"4 minutes"},"schema":{"@context":"https:\/\/schema.org","@graph":[{"@type":"NewsArticle","@id":"https:\/\/www.apfelpatient.de\/rumors\/iphone-14-weitere-details-zu-farboptionen-und-ausstattung#article","isPartOf":{"@id":"https:\/\/www.apfelpatient.de\/rumors\/iphone-14-weitere-details-zu-farboptionen-und-ausstattung"},"author":{"@type":"Organization","@id":"https:\/\/www.apfelpatient.de\/en\/#organization","name":"Apfelpatient","url":"https:\/\/www.apfelpatient.de\/en\/"},"headline":"iPhone 14: Weitere Details zu Farboptionen und Ausstattung","datePublished":"2022-08-30T15:22:08+00:00","mainEntityOfPage":{"@id":"https:\/\/www.apfelpatient.de\/rumors\/iphone-14-weitere-details-zu-farboptionen-und-ausstattung"},"wordCount":647,"publisher":{"@type":"Organization","@id":"https:\/\/www.apfelpatient.de\/en\/#organization","name":"Apfelpatient","url":"https:\/\/www.apfelpatient.de\/en\/"},"image":{"@id":"https:\/\/www.apfelpatient.de\/rumors\/iphone-14-weitere-details-zu-farboptionen-und-ausstattung#primaryimage"},"thumbnailUrl":"https:\/\/www.apfelpatient.de\/wp-content\/uploads\/2022\/05\/iPhone-14-Pro-Purple-Vertical.jpg","keywords":["iPhone","iPhone 14","iPhone 2022"],"articleSection":"Rumors","inLanguage":"en-US","copyrightYear":"2022","copyrightHolder":{"@id":"https:\/\/www.apfelpatient.de\/en\/#organization"}},{"@type":"WebPage","@id":"https:\/\/www.apfelpatient.de\/rumors\/iphone-14-weitere-details-zu-farboptionen-und-ausstattung","url":"https:\/\/www.apfelpatient.de\/rumors\/iphone-14-weitere-details-zu-farboptionen-und-ausstattung","name":"iPhone 14: More details on color options and features","isPartOf":{"@id":"https:\/\/www.apfelpatient.de\/#website"},"primaryImageOfPage":{"@id":"https:\/\/www.apfelpatient.de\/rumors\/iphone-14-weitere-details-zu-farboptionen-und-ausstattung#primaryimage"},"image":{"@id":"https:\/\/www.apfelpatient.de\/rumors\/iphone-14-weitere-details-zu-farboptionen-und-ausstattung#primaryimage"},"thumbnailUrl":"https:\/\/www.apfelpatient.de\/wp-content\/uploads\/2022\/05\/iPhone-14-Pro-Purple-Vertical.jpg","datePublished":"2022-08-30T15:22:08+00:00","description":"iPhone 14: The &quot;Far Out&quot; event is already taking place next week. Now more and more rumors and leaks about the features and more are emerging.","breadcrumb":{"@id":"https:\/\/www.apfelpatient.de\/rumors\/iphone-14-weitere-details-zu-farboptionen-und-ausstattung#breadcrumb"},"inLanguage":"en-US","potentialAction":[{"@type":"ReadAction","target":["https:\/\/www.apfelpatient.de\/rumors\/iphone-14-weitere-details-zu-farboptionen-und-ausstattung"]}]},{"@type":"ImageObject","inLanguage":"en-US","@id":"https:\/\/www.apfelpatient.de\/rumors\/iphone-14-weitere-details-zu-farboptionen-und-ausstattung#primaryimage","url":"https:\/\/www.apfelpatient.de\/wp-content\/uploads\/2022\/05\/iPhone-14-Pro-Purple-Vertical.jpg","contentUrl":"https:\/\/www.apfelpatient.de\/wp-content\/uploads\/2022\/05\/iPhone-14-Pro-Purple-Vertical.jpg","width":1600,"height":988,"caption":"Bild: Ian Zelebo x Jon Prosser - iPhone 14 Pro"},{"@type":"BreadcrumbList","@id":"https:\/\/www.apfelpatient.de\/rumors\/iphone-14-weitere-details-zu-farboptionen-und-ausstattung#breadcrumb","itemListElement":[{"@type":"ListItem","position":1,"name":"Startseite","item":"https:\/\/www.apfelpatient.de\/"},{"@type":"ListItem","position":2,"name":"iPhone 14: Weitere Details zu Farboptionen und Ausstattung"}]},{"@type":"WebSite","@id":"https:\/\/www.apfelpatient.de\/#website","url":"https:\/\/www.apfelpatient.de\/","name":"apple patient","description":"Everything about Apple!","publisher":{"@type":"Organization","@id":"https:\/\/www.apfelpatient.de\/en\/#organization","name":"Apfelpatient","url":"https:\/\/www.apfelpatient.de\/en\/"},"alternateName":"Apfelpatient","potentialAction":[{"@type":"SearchAction","target":{"@type":"EntryPoint","urlTemplate":"https:\/\/www.apfelpatient.de\/?s={search_term_string}"},"query-input":{"@type":"PropertyValueSpecification","valueRequired":true,"valueName":"search_term_string"}}],"inLanguage":"en-US"},{"@type":["Person","Organization"],"@id":"https:\/\/www.apfelpatient.de\/#\/schema\/person\/7dc56ad6c8e9824b76d2c08d4c140e13","name":"Milan","logo":{"@id":"https:\/\/www.apfelpatient.de\/#\/schema\/person\/image\/"},"description":"Hello and welcome to my technology blog! As a big Apple fan, I report on everything to do with Apple: from the latest news and exciting rumors to helpful tips and tricks and detailed product tests. If you are as enthusiastic about technology as I am, you have come to the right place!","sameAs":["https:\/\/www.facebook.com\/apfelpatientOfficial","https:\/\/www.linkedin.com\/in\/milan-jovicic-42aa0231b"],"url":"https:\/\/www.apfelpatient.de\/en\/author\/apfeladmin"}]}},"_links":{"self":[{"href":"https:\/\/www.apfelpatient.de\/en\/wp-json\/wp\/v2\/posts\/33487","targetHints":{"allow":["GET"]}}],"collection":[{"href":"https:\/\/www.apfelpatient.de\/en\/wp-json\/wp\/v2\/posts"}],"about":[{"href":"https:\/\/www.apfelpatient.de\/en\/wp-json\/wp\/v2\/types\/post"}],"author":[{"embeddable":true,"href":"https:\/\/www.apfelpatient.de\/en\/wp-json\/wp\/v2\/users\/2"}],"replies":[{"embeddable":true,"href":"https:\/\/www.apfelpatient.de\/en\/wp-json\/wp\/v2\/comments?post=33487"}],"version-history":[{"count":0,"href":"https:\/\/www.apfelpatient.de\/en\/wp-json\/wp\/v2\/posts\/33487\/revisions"}],"wp:featuredmedia":[{"embeddable":true,"href":"https:\/\/www.apfelpatient.de\/en\/wp-json\/wp\/v2\/media\/31868"}],"wp:attachment":[{"href":"https:\/\/www.apfelpatient.de\/en\/wp-json\/wp\/v2\/media?parent=33487"}],"wp:term":[{"taxonomy":"category","embeddable":true,"href":"https:\/\/www.apfelpatient.de\/en\/wp-json\/wp\/v2\/categories?post=33487"},{"taxonomy":"post_tag","embeddable":true,"href":"https:\/\/www.apfelpatient.de\/en\/wp-json\/wp\/v2\/tags?post=33487"}],"curies":[{"name":"wp","href":"https:\/\/api.w.org\/{rel}","templated":true}]}}