{"id":33444,"date":"2022-08-28T17:27:52","date_gmt":"2022-08-28T15:27:52","guid":{"rendered":"https:\/\/www.apfelpatient.de\/?p=33444"},"modified":"2022-08-28T17:27:52","modified_gmt":"2022-08-28T15:27:52","slug":"macbook-pro-models-with-m2-pro-m2-max-chips-in-development","status":"publish","type":"post","link":"https:\/\/www.apfelpatient.de\/en\/rumors\/macbook-pro-modelle-mit-m2-pro-m2-max-chips-in-entwicklung","title":{"rendered":"MacBook Pro: Models with M2 Pro &amp; M2 Max chips in development"},"content":{"rendered":"<p class=\"has-drop-cap\"><strong>Apple&#039;s next generation of 14- and 16-inch MacBook Pro models with M2 Pro and M2 Max chips are currently still &quot;in the development and testing phase.&quot; However, a market launch this year is not completely out of the question.<\/strong><\/p>\n\n\n\n<p>In his latest \u201cPower On\u201d newsletter <a href=\"https:\/\/www.bloomberg.com\/news\/newsletters\/2022-08-28\/what-s-coming-at-apple-s-aapl-sept-7-far-out-iphone-14-event-l7ddween\" target=\"_blank\" rel=\"noreferrer noopener\">explained<\/a> Mark Gurman said Apple plans to launch the new MacBook Pro models &quot;this fall,&quot; but as usual, there&#039;s a chance the timeline could shift due to supply chain disruptions or other factors. Mass production of the notebooks will begin in the fourth quarter, according to analyst Ming-Chi Kuo.<\/p>\n\n\n\n<h3 class=\"wp-block-heading\" id=\"h-neue-macbook-pro-modelle-in-der-schmiede\">New MacBook Pro models in the works<\/h3>\n\n\n\n\n\n\n\n<p>While some reports have suggested that the M2 Pro and M2 Max chips could be Apple&#039;s first 3nm chips, it&#039;s increasingly likely that the chips will stick with 5nm. The processors would still feature performance improvements over the M1 Pro and M1 Max chips in the current 14-inch and 16-inch MacBook Pro models, as Apple is expected to move from TSMC&#039;s standard 5nm &quot;N5&quot; process to the more advanced 5nm &quot;N5P&quot; process.<\/p>\n\n\n\n<h3 class=\"wp-block-heading\">Will Apple update the Mac mini and Mac Pro this year?<\/h3>\n\n\n\n<p>Like the standard M2 chip, the M2 Pro and M2 Max chips will likely have more GPU cores and memory compared to their M1 counterparts. There are no major design changes for the 14-inch and 16-inch MacBook Pro, which isn&#039;t surprising considering the notebooks launched in October 2021 with a completely new design. The new design included the return of ports like MagSafe and HDMI while adding a notch in the display for an improved 1080p camera and thinner bezels. Rumors suggest a new Mac mini with M2 Pro chip could also be released this year, as well as a new Mac Pro with M2 Ultra and M2 Extreme chips. (Image: Apple)<\/p>\n\n\n\n<ul class=\"wp-block-list\"><li><a href=\"https:\/\/www.apfelpatient.de\/en\/news\/m1-macbook-pro-macbook-air-apple-expands-self-service-repair-program\">M1 MacBook Pro &amp; MacBook Air: Apple expands self-service repair program<\/a><\/li><\/ul>\n\n\n\n<h6 class=\"wp-block-heading translation-block\" id=\"h-kennt-ihr-schon-unsere-amazon-storefront-dort-findet-ihr-eine-handverlesene-auswahl-von-diversen-produkten-f-r-euer-iphone-und-co-viel-spa-beim-st-bern\"><em>Have you already visited our Amazon Storefront? There you&#039;ll find a hand-picked selection of various products for your iPhone and other devices \u2013 <span class=\"has-inline-color has-vivid-red-color\"><a href=\"https:\/\/www.amazon.de\/shop\/apfelpatientofficial\" class=\"ek-link\" data-wpel-link=\"exclude\" rel=\"follow noopener\" target=\"_self\"><span style=\"text-decoration: underline\" class=\"ek-underline\">enjoy browsing<\/span><\/a> !<\/span><\/em><\/h6>\n\n\n\n<h6 class=\"wp-block-heading translation-block\" id=\"h-der-beitrag-enthalt-partnerlinks\">This post contains <a data-type=\"URL\" data-id=\"https:\/\/www.apfelpatient.de\/partnerprogramm\" href=\"https:\/\/www.apfelpatient.de\/en\/partner-program\" data-wpel-link=\"internal\" target=\"_self\">affiliate links<\/a>.<\/h6>","protected":false},"excerpt":{"rendered":"<p>Apple&#039;s next generation of 14- and 16-inch MacBook Pro models with M2 Pro and M2 Max chips are currently still in development.<\/p>","protected":false},"author":2,"featured_media":32952,"comment_status":"closed","ping_status":"closed","sticky":false,"template":"","format":"standard","meta":{"jnews-multi-image_gallery":[],"jnews_single_post":{"subtitle":"","format":"standard","video":"","gallery":"","source_name":"","source_url":"","via_name":"","via_url":"","override":[{"single_blog_custom":"","sidebar":"","second_sidebar":"","share_position":"","share_float_style":"","post_date_format":"","post_date_format_custom":"","post_reading_time_wpm":"","zoom_button_out_step":"1","zoom_button_in_step":"1","number_popup_post":"1"}],"image_override":[{"single_post_thumbnail_size":"","single_post_gallery_size":""}],"trending_post_position":"","trending_post_label":"","sponsored_post_label":"","sponsored_post_name":"","sponsored_post_url":"","sponsored_post_logo":"","sponsored_post_desc":""},"jnews_primary_category":{"id":"25"},"footnotes":""},"categories":[25],"tags":[40,50],"class_list":["post-33444","post","type-post","status-publish","format-standard","has-post-thumbnail","hentry","category-rumors","tag-mac","tag-macbook-pro"],"yoast_head":"<!-- This site is optimized with the Yoast SEO Premium plugin v27.5 (Yoast SEO v27.5) - https:\/\/yoast.com\/product\/yoast-seo-premium-wordpress\/ -->\n<title>MacBook Pro: Modelle mit M2 Pro &amp; M2 Max Chips in Entwicklung<\/title>\n<meta name=\"description\" content=\"Apples n\u00e4chste Generation der 14- und 16-Zoll MacBook Pro Modelle mit M2 Pro und M2 Max Chips befinden sich aktuell noch in der Entwicklung.\" \/>\n<meta name=\"robots\" content=\"index, follow, max-snippet:-1, max-image-preview:large, max-video-preview:-1\" \/>\n<link rel=\"canonical\" href=\"https:\/\/www.apfelpatient.de\/en\/rumors\/macbook-pro-models-with-m2-pro-m2-max-chips-in-development\" \/>\n<meta property=\"og:locale\" content=\"en_US\" \/>\n<meta property=\"og:type\" content=\"article\" \/>\n<meta property=\"og:title\" content=\"MacBook Pro: Modelle mit M2 Pro &amp; M2 Max Chips in Entwicklung\" \/>\n<meta property=\"og:description\" content=\"Apples n\u00e4chste Generation der 14- und 16-Zoll MacBook Pro Modelle mit M2 Pro und M2 Max Chips befinden sich aktuell noch in der Entwicklung.\" \/>\n<meta property=\"og:url\" content=\"https:\/\/www.apfelpatient.de\/en\/rumors\/macbook-pro-models-with-m2-pro-m2-max-chips-in-development\" \/>\n<meta property=\"og:site_name\" content=\"Apfelpatient\" \/>\n<meta property=\"article:publisher\" content=\"https:\/\/www.facebook.com\/apfelpatientOfficial\" \/>\n<meta property=\"article:author\" content=\"https:\/\/www.facebook.com\/apfelpatientOfficial\" \/>\n<meta property=\"article:published_time\" content=\"2022-08-28T15:27:52+00:00\" \/>\n<meta property=\"og:image\" content=\"https:\/\/www.apfelpatient.de\/wp-content\/uploads\/2022\/07\/Apple_MacBook-Pro_14-16-inch_10182021-3-1-2-1.jpg\" \/>\n\t<meta property=\"og:image:width\" content=\"1600\" \/>\n\t<meta property=\"og:image:height\" content=\"1040\" \/>\n\t<meta property=\"og:image:type\" content=\"image\/jpeg\" \/>\n<meta name=\"author\" content=\"Milan\" \/>\n<meta name=\"twitter:card\" content=\"summary_large_image\" \/>\n<meta name=\"twitter:description\" content=\"Apples n\u00e4chste Generation der 14- und 16-Zoll MacBook Pro Modelle mit M2 Pro und M2 Max Chips befinden sich aktuell noch in der Entwicklung.\" \/>\n<meta name=\"twitter:label1\" content=\"Written by\" \/>\n\t<meta name=\"twitter:data1\" content=\"Milan\" \/>\n\t<meta name=\"twitter:label2\" content=\"Est. reading time\" \/>\n\t<meta name=\"twitter:data2\" content=\"2 minutes\" \/>\n<script type=\"application\/ld+json\" class=\"yoast-schema-graph\">{\"@context\":\"https:\\\/\\\/schema.org\",\"@graph\":[{\"@type\":\"NewsArticle\",\"@id\":\"https:\\\/\\\/www.apfelpatient.de\\\/rumors\\\/macbook-pro-modelle-mit-m2-pro-m2-max-chips-in-entwicklung#article\",\"isPartOf\":{\"@id\":\"https:\\\/\\\/www.apfelpatient.de\\\/rumors\\\/macbook-pro-modelle-mit-m2-pro-m2-max-chips-in-entwicklung\"},\"author\":{\"@type\":\"Organization\",\"@id\":\"https:\\\/\\\/www.apfelpatient.de\\\/en\\\/#organization\",\"name\":\"Apfelpatient\",\"url\":\"https:\\\/\\\/www.apfelpatient.de\\\/en\\\/\"},\"headline\":\"MacBook Pro: Modelle mit M2 Pro &#038; M2 Max Chips in Entwicklung\",\"datePublished\":\"2022-08-28T15:27:52+00:00\",\"mainEntityOfPage\":{\"@id\":\"https:\\\/\\\/www.apfelpatient.de\\\/rumors\\\/macbook-pro-modelle-mit-m2-pro-m2-max-chips-in-entwicklung\"},\"wordCount\":337,\"publisher\":{\"@type\":\"Organization\",\"@id\":\"https:\\\/\\\/www.apfelpatient.de\\\/en\\\/#organization\",\"name\":\"Apfelpatient\",\"url\":\"https:\\\/\\\/www.apfelpatient.de\\\/en\\\/\"},\"image\":{\"@id\":\"https:\\\/\\\/www.apfelpatient.de\\\/rumors\\\/macbook-pro-modelle-mit-m2-pro-m2-max-chips-in-entwicklung#primaryimage\"},\"thumbnailUrl\":\"https:\\\/\\\/www.apfelpatient.de\\\/wp-content\\\/uploads\\\/2022\\\/07\\\/Apple_MacBook-Pro_14-16-inch_10182021-3-1-2-1.jpg\",\"keywords\":[\"Mac\",\"MacBook Pro\"],\"articleSection\":\"Rumors\",\"inLanguage\":\"en-US\",\"copyrightYear\":\"2022\",\"copyrightHolder\":{\"@id\":\"https:\\\/\\\/www.apfelpatient.de\\\/en\\\/#organization\"}},{\"@type\":\"WebPage\",\"@id\":\"https:\\\/\\\/www.apfelpatient.de\\\/rumors\\\/macbook-pro-modelle-mit-m2-pro-m2-max-chips-in-entwicklung\",\"url\":\"https:\\\/\\\/www.apfelpatient.de\\\/rumors\\\/macbook-pro-modelle-mit-m2-pro-m2-max-chips-in-entwicklung\",\"name\":\"MacBook Pro: Modelle mit M2 Pro & M2 Max Chips in Entwicklung\",\"isPartOf\":{\"@id\":\"https:\\\/\\\/www.apfelpatient.de\\\/#website\"},\"primaryImageOfPage\":{\"@id\":\"https:\\\/\\\/www.apfelpatient.de\\\/rumors\\\/macbook-pro-modelle-mit-m2-pro-m2-max-chips-in-entwicklung#primaryimage\"},\"image\":{\"@id\":\"https:\\\/\\\/www.apfelpatient.de\\\/rumors\\\/macbook-pro-modelle-mit-m2-pro-m2-max-chips-in-entwicklung#primaryimage\"},\"thumbnailUrl\":\"https:\\\/\\\/www.apfelpatient.de\\\/wp-content\\\/uploads\\\/2022\\\/07\\\/Apple_MacBook-Pro_14-16-inch_10182021-3-1-2-1.jpg\",\"datePublished\":\"2022-08-28T15:27:52+00:00\",\"description\":\"Apples n\u00e4chste Generation der 14- und 16-Zoll MacBook Pro Modelle mit M2 Pro und M2 Max Chips befinden sich aktuell noch in der Entwicklung.\",\"breadcrumb\":{\"@id\":\"https:\\\/\\\/www.apfelpatient.de\\\/rumors\\\/macbook-pro-modelle-mit-m2-pro-m2-max-chips-in-entwicklung#breadcrumb\"},\"inLanguage\":\"en-US\",\"potentialAction\":[{\"@type\":\"ReadAction\",\"target\":[\"https:\\\/\\\/www.apfelpatient.de\\\/rumors\\\/macbook-pro-modelle-mit-m2-pro-m2-max-chips-in-entwicklung\"]}]},{\"@type\":\"ImageObject\",\"inLanguage\":\"en-US\",\"@id\":\"https:\\\/\\\/www.apfelpatient.de\\\/rumors\\\/macbook-pro-modelle-mit-m2-pro-m2-max-chips-in-entwicklung#primaryimage\",\"url\":\"https:\\\/\\\/www.apfelpatient.de\\\/wp-content\\\/uploads\\\/2022\\\/07\\\/Apple_MacBook-Pro_14-16-inch_10182021-3-1-2-1.jpg\",\"contentUrl\":\"https:\\\/\\\/www.apfelpatient.de\\\/wp-content\\\/uploads\\\/2022\\\/07\\\/Apple_MacBook-Pro_14-16-inch_10182021-3-1-2-1.jpg\",\"width\":1600,\"height\":1040,\"caption\":\"Bild: Apple\"},{\"@type\":\"BreadcrumbList\",\"@id\":\"https:\\\/\\\/www.apfelpatient.de\\\/rumors\\\/macbook-pro-modelle-mit-m2-pro-m2-max-chips-in-entwicklung#breadcrumb\",\"itemListElement\":[{\"@type\":\"ListItem\",\"position\":1,\"name\":\"Startseite\",\"item\":\"https:\\\/\\\/www.apfelpatient.de\\\/\"},{\"@type\":\"ListItem\",\"position\":2,\"name\":\"MacBook Pro: Modelle mit M2 Pro &#038; M2 Max Chips in Entwicklung\"}]},{\"@type\":\"WebSite\",\"@id\":\"https:\\\/\\\/www.apfelpatient.de\\\/#website\",\"url\":\"https:\\\/\\\/www.apfelpatient.de\\\/\",\"name\":\"Apfelpatient\",\"description\":\"Alles rund um Apple!\",\"publisher\":{\"@type\":\"Organization\",\"@id\":\"https:\\\/\\\/www.apfelpatient.de\\\/en\\\/#organization\",\"name\":\"Apfelpatient\",\"url\":\"https:\\\/\\\/www.apfelpatient.de\\\/en\\\/\"},\"alternateName\":\"Apfelpatient\",\"potentialAction\":[{\"@type\":\"SearchAction\",\"target\":{\"@type\":\"EntryPoint\",\"urlTemplate\":\"https:\\\/\\\/www.apfelpatient.de\\\/?s={search_term_string}\"},\"query-input\":{\"@type\":\"PropertyValueSpecification\",\"valueRequired\":true,\"valueName\":\"search_term_string\"}}],\"inLanguage\":\"en-US\"},{\"@type\":[\"Person\",\"Organization\"],\"@id\":\"https:\\\/\\\/www.apfelpatient.de\\\/#\\\/schema\\\/person\\\/7dc56ad6c8e9824b76d2c08d4c140e13\",\"name\":\"Milan\",\"logo\":{\"@id\":\"https:\\\/\\\/www.apfelpatient.de\\\/#\\\/schema\\\/person\\\/image\\\/\"},\"description\":\"Hallo und herzlich willkommen auf meinem Technik-Blog! Als gro\u00dfer Apple-Fan berichte ich hier \u00fcber alles, was mit Apple zu tun hat: von den neuesten News und spannenden Ger\u00fcchten \u00fcber hilfreiche Tipps und Tricks bis hin zu ausf\u00fchrlichen Produkttests. Wenn du genauso technikbegeistert bist wie ich, bist du hier genau richtig!\",\"sameAs\":[\"https:\\\/\\\/www.facebook.com\\\/apfelpatientOfficial\",\"https:\\\/\\\/www.linkedin.com\\\/in\\\/milan-jovicic-42aa0231b\"],\"url\":\"https:\\\/\\\/www.apfelpatient.de\\\/en\\\/author\\\/apfeladmin\"}]}<\/script>\n<!-- \/ Yoast SEO Premium plugin. -->","yoast_head_json":{"title":"MacBook Pro: Models with M2 Pro &amp; M2 Max chips in development","description":"Apple&#039;s next generation of 14- and 16-inch MacBook Pro models with M2 Pro and M2 Max chips are currently still in development.","robots":{"index":"index","follow":"follow","max-snippet":"max-snippet:-1","max-image-preview":"max-image-preview:large","max-video-preview":"max-video-preview:-1"},"canonical":"https:\/\/www.apfelpatient.de\/en\/rumors\/macbook-pro-models-with-m2-pro-m2-max-chips-in-development","og_locale":"en_US","og_type":"article","og_title":"MacBook Pro: Modelle mit M2 Pro & M2 Max Chips in Entwicklung","og_description":"Apples n\u00e4chste Generation der 14- und 16-Zoll MacBook Pro Modelle mit M2 Pro und M2 Max Chips befinden sich aktuell noch in der Entwicklung.","og_url":"https:\/\/www.apfelpatient.de\/en\/rumors\/macbook-pro-models-with-m2-pro-m2-max-chips-in-development","og_site_name":"Apfelpatient","article_publisher":"https:\/\/www.facebook.com\/apfelpatientOfficial","article_author":"https:\/\/www.facebook.com\/apfelpatientOfficial","article_published_time":"2022-08-28T15:27:52+00:00","og_image":[{"width":1600,"height":1040,"url":"https:\/\/www.apfelpatient.de\/wp-content\/uploads\/2022\/07\/Apple_MacBook-Pro_14-16-inch_10182021-3-1-2-1.jpg","type":"image\/jpeg"}],"author":"Milan","twitter_card":"summary_large_image","twitter_description":"Apples n\u00e4chste Generation der 14- und 16-Zoll MacBook Pro Modelle mit M2 Pro und M2 Max Chips befinden sich aktuell noch in der Entwicklung.","twitter_misc":{"Written by":"Milan","Est. reading time":"2 minutes"},"schema":{"@context":"https:\/\/schema.org","@graph":[{"@type":"NewsArticle","@id":"https:\/\/www.apfelpatient.de\/rumors\/macbook-pro-modelle-mit-m2-pro-m2-max-chips-in-entwicklung#article","isPartOf":{"@id":"https:\/\/www.apfelpatient.de\/rumors\/macbook-pro-modelle-mit-m2-pro-m2-max-chips-in-entwicklung"},"author":{"@type":"Organization","@id":"https:\/\/www.apfelpatient.de\/en\/#organization","name":"Apfelpatient","url":"https:\/\/www.apfelpatient.de\/en\/"},"headline":"MacBook Pro: Modelle mit M2 Pro &#038; M2 Max Chips in Entwicklung","datePublished":"2022-08-28T15:27:52+00:00","mainEntityOfPage":{"@id":"https:\/\/www.apfelpatient.de\/rumors\/macbook-pro-modelle-mit-m2-pro-m2-max-chips-in-entwicklung"},"wordCount":337,"publisher":{"@type":"Organization","@id":"https:\/\/www.apfelpatient.de\/en\/#organization","name":"Apfelpatient","url":"https:\/\/www.apfelpatient.de\/en\/"},"image":{"@id":"https:\/\/www.apfelpatient.de\/rumors\/macbook-pro-modelle-mit-m2-pro-m2-max-chips-in-entwicklung#primaryimage"},"thumbnailUrl":"https:\/\/www.apfelpatient.de\/wp-content\/uploads\/2022\/07\/Apple_MacBook-Pro_14-16-inch_10182021-3-1-2-1.jpg","keywords":["Mac","MacBook Pro"],"articleSection":"Rumors","inLanguage":"en-US","copyrightYear":"2022","copyrightHolder":{"@id":"https:\/\/www.apfelpatient.de\/en\/#organization"}},{"@type":"WebPage","@id":"https:\/\/www.apfelpatient.de\/rumors\/macbook-pro-modelle-mit-m2-pro-m2-max-chips-in-entwicklung","url":"https:\/\/www.apfelpatient.de\/rumors\/macbook-pro-modelle-mit-m2-pro-m2-max-chips-in-entwicklung","name":"MacBook Pro: Models with M2 Pro &amp; M2 Max chips in development","isPartOf":{"@id":"https:\/\/www.apfelpatient.de\/#website"},"primaryImageOfPage":{"@id":"https:\/\/www.apfelpatient.de\/rumors\/macbook-pro-modelle-mit-m2-pro-m2-max-chips-in-entwicklung#primaryimage"},"image":{"@id":"https:\/\/www.apfelpatient.de\/rumors\/macbook-pro-modelle-mit-m2-pro-m2-max-chips-in-entwicklung#primaryimage"},"thumbnailUrl":"https:\/\/www.apfelpatient.de\/wp-content\/uploads\/2022\/07\/Apple_MacBook-Pro_14-16-inch_10182021-3-1-2-1.jpg","datePublished":"2022-08-28T15:27:52+00:00","description":"Apple&#039;s next generation of 14- and 16-inch MacBook Pro models with M2 Pro and M2 Max chips are currently still in development.","breadcrumb":{"@id":"https:\/\/www.apfelpatient.de\/rumors\/macbook-pro-modelle-mit-m2-pro-m2-max-chips-in-entwicklung#breadcrumb"},"inLanguage":"en-US","potentialAction":[{"@type":"ReadAction","target":["https:\/\/www.apfelpatient.de\/rumors\/macbook-pro-modelle-mit-m2-pro-m2-max-chips-in-entwicklung"]}]},{"@type":"ImageObject","inLanguage":"en-US","@id":"https:\/\/www.apfelpatient.de\/rumors\/macbook-pro-modelle-mit-m2-pro-m2-max-chips-in-entwicklung#primaryimage","url":"https:\/\/www.apfelpatient.de\/wp-content\/uploads\/2022\/07\/Apple_MacBook-Pro_14-16-inch_10182021-3-1-2-1.jpg","contentUrl":"https:\/\/www.apfelpatient.de\/wp-content\/uploads\/2022\/07\/Apple_MacBook-Pro_14-16-inch_10182021-3-1-2-1.jpg","width":1600,"height":1040,"caption":"Bild: Apple"},{"@type":"BreadcrumbList","@id":"https:\/\/www.apfelpatient.de\/rumors\/macbook-pro-modelle-mit-m2-pro-m2-max-chips-in-entwicklung#breadcrumb","itemListElement":[{"@type":"ListItem","position":1,"name":"Startseite","item":"https:\/\/www.apfelpatient.de\/"},{"@type":"ListItem","position":2,"name":"MacBook Pro: Modelle mit M2 Pro &#038; M2 Max Chips in Entwicklung"}]},{"@type":"WebSite","@id":"https:\/\/www.apfelpatient.de\/#website","url":"https:\/\/www.apfelpatient.de\/","name":"apple patient","description":"Everything about Apple!","publisher":{"@type":"Organization","@id":"https:\/\/www.apfelpatient.de\/en\/#organization","name":"Apfelpatient","url":"https:\/\/www.apfelpatient.de\/en\/"},"alternateName":"Apfelpatient","potentialAction":[{"@type":"SearchAction","target":{"@type":"EntryPoint","urlTemplate":"https:\/\/www.apfelpatient.de\/?s={search_term_string}"},"query-input":{"@type":"PropertyValueSpecification","valueRequired":true,"valueName":"search_term_string"}}],"inLanguage":"en-US"},{"@type":["Person","Organization"],"@id":"https:\/\/www.apfelpatient.de\/#\/schema\/person\/7dc56ad6c8e9824b76d2c08d4c140e13","name":"Milan","logo":{"@id":"https:\/\/www.apfelpatient.de\/#\/schema\/person\/image\/"},"description":"Hello and welcome to my technology blog! As a big Apple fan, I report on everything to do with Apple: from the latest news and exciting rumors to helpful tips and tricks and detailed product tests. If you are as enthusiastic about technology as I am, you have come to the right place!","sameAs":["https:\/\/www.facebook.com\/apfelpatientOfficial","https:\/\/www.linkedin.com\/in\/milan-jovicic-42aa0231b"],"url":"https:\/\/www.apfelpatient.de\/en\/author\/apfeladmin"}]}},"_links":{"self":[{"href":"https:\/\/www.apfelpatient.de\/en\/wp-json\/wp\/v2\/posts\/33444","targetHints":{"allow":["GET"]}}],"collection":[{"href":"https:\/\/www.apfelpatient.de\/en\/wp-json\/wp\/v2\/posts"}],"about":[{"href":"https:\/\/www.apfelpatient.de\/en\/wp-json\/wp\/v2\/types\/post"}],"author":[{"embeddable":true,"href":"https:\/\/www.apfelpatient.de\/en\/wp-json\/wp\/v2\/users\/2"}],"replies":[{"embeddable":true,"href":"https:\/\/www.apfelpatient.de\/en\/wp-json\/wp\/v2\/comments?post=33444"}],"version-history":[{"count":0,"href":"https:\/\/www.apfelpatient.de\/en\/wp-json\/wp\/v2\/posts\/33444\/revisions"}],"wp:featuredmedia":[{"embeddable":true,"href":"https:\/\/www.apfelpatient.de\/en\/wp-json\/wp\/v2\/media\/32952"}],"wp:attachment":[{"href":"https:\/\/www.apfelpatient.de\/en\/wp-json\/wp\/v2\/media?parent=33444"}],"wp:term":[{"taxonomy":"category","embeddable":true,"href":"https:\/\/www.apfelpatient.de\/en\/wp-json\/wp\/v2\/categories?post=33444"},{"taxonomy":"post_tag","embeddable":true,"href":"https:\/\/www.apfelpatient.de\/en\/wp-json\/wp\/v2\/tags?post=33444"}],"curies":[{"name":"wp","href":"https:\/\/api.w.org\/{rel}","templated":true}]}}