{"id":33431,"date":"2022-08-27T17:39:06","date_gmt":"2022-08-27T15:39:06","guid":{"rendered":"https:\/\/www.apfelpatient.de\/?p=33431"},"modified":"2025-02-06T08:08:47","modified_gmt":"2025-02-06T07:08:47","slug":"apple-watch-series-8-pro-to-feature-iphone-13-design-features","status":"publish","type":"post","link":"https:\/\/www.apfelpatient.de\/en\/rumors\/apple-watch-series-8-pro-soll-iphone-13-designmerkmale-aufweisen","title":{"rendered":"Apple Watch Series 8 Pro to feature iPhone 13 design features"},"content":{"rendered":"<p class=\"has-drop-cap\"><strong>Apple will hold its next big event in less than two weeks and will unveil the iPhone 14 series. The Apple Watch Series 8 is also expected. Now there are new rumors about the alleged Pro model.<\/strong><\/p>\n\n\n\n<p>Numerous rumors have reported about a brand new Apple Watch model. In addition to an update of the Apple Watch Series 8 and the current Apple Watch SE, there will also be an Apple Watch Pro. The new model, presumably the Apple Watch Pro, will be larger and more robust than the other models and will be aimed at extreme athletes. In a <a href=\"https:\/\/www.macotakara.jp\/rumor\/entry-43389.html\" target=\"_blank\" rel=\"noreferrer noopener\">Contribution<\/a> Macotakara now says that the new Pro model will be 7 inches larger than the largest regular Apple Watch model. One cited report mentions the use of a 1.99-inch display. An evolution of the current rectangular shape with a &quot;less rounded design&quot; is also expected, including a flat display.<\/p>\n\n\n\n<h3 class=\"wp-block-heading\">Apple Watch Series 8: Many conflicting reports<\/h3>\n\n\n\n\n\n\n\n<p>A report from China says that &quot;one more thing&quot; was added when the iPhone was launched in 2017 and that a similar trick could be used on the Apple Watch. The same sources explain the use of a flat display in the model, complete with a metal case &quot;like the iPhone 13 Pro&quot; and that it will only be available in a 47mm size. Previous reports on the so-called Apple Watch Pro include a completely new design with titanium for greater strength as well as a major design update. However, other leaks from early August mention that the Apple Watch Series 8 will not benefit from a major redesign. What we will actually see in the end remains to be seen.<\/p>\n\n\n\n<h3 class=\"wp-block-heading\" id=\"h-app-herunterladen-push-nachrichten-aktivieren\">Download the app, activate push notifications<\/h3>\n\n\n\n<p>If you don\u2019t want to miss anything, you should\u00a0<a href=\"https:\/\/apps.apple.com\/de\/app\/apfelpatient-news\/id1517273672\" target=\"_blank\" rel=\"noreferrer noopener\">download our app<\/a>\u00a0and activate push notifications. In our separate event section you will find all relevant articles about the next event - we look forward to seeing you. Are you looking for new MagSafe accessories from Apple?\u00a0<a href=\"https:\/\/www.amazon.de\/shop\/apfelpatientofficial?listId=21E2RFFAY554S&amp;ref=cm_sw_em_r_inf_list_own_apfelpatientofficial_dp_riZhz1Vqdb3gV\" target=\"_blank\" rel=\"noreferrer noopener\">Then take a look at Amazon<\/a>There you will find Apple&#039;s MagSafe chargers, power adapters, cases and the external battery at a discount. In addition, we have dozens of other recommendations\u00a0<a href=\"https:\/\/www.amazon.de\/shop\/apfelpatientofficial\" target=\"_blank\" rel=\"noreferrer noopener\">in our storefront<\/a>, including from Nomad, Anker and Pitaka \u2013 enjoy browsing. (Photo by raditya \/ Bigstockphoto)<\/p>\n\n\n\n<ul class=\"wp-block-list\"><li><a href=\"https:\/\/www.apfelpatient.de\/en\/news\/far-out-apple-announces-new-event\">Far Out: Apple announces new event<\/a><\/li><\/ul>\n\n\n\n<h6 class=\"wp-block-heading translation-block\" id=\"h-kennt-ihr-schon-unsere-amazon-storefront-dort-findet-ihr-eine-handverlesene-auswahl-von-diversen-produkten-f-r-euer-iphone-und-co-viel-spa-beim-st-bern\"><em>Have you already visited our Amazon Storefront? There you&#039;ll find a hand-picked selection of various products for your iPhone and other devices \u2013 <span class=\"has-inline-color has-vivid-red-color\"><a href=\"https:\/\/www.amazon.de\/shop\/apfelpatientofficial\" class=\"ek-link\" data-wpel-link=\"exclude\" rel=\"follow noopener\" target=\"_self\"><span style=\"text-decoration: underline\" class=\"ek-underline\">enjoy browsing<\/span><\/a> !<\/span><\/em><\/h6>\n\n\n\n<h6 class=\"wp-block-heading translation-block\" id=\"h-der-beitrag-enthalt-partnerlinks\">This post contains <a data-type=\"URL\" data-id=\"https:\/\/www.apfelpatient.de\/partnerprogramm\" href=\"https:\/\/www.apfelpatient.de\/en\/partner-program\" data-wpel-link=\"internal\" target=\"_self\">affiliate links<\/a>.<\/h6>","protected":false},"excerpt":{"rendered":"<p>Apple Event in September: The Apple Watch Series 8 is also expected. Now there are new rumors about the alleged Pro model.<\/p>","protected":false},"author":2,"featured_media":33430,"comment_status":"closed","ping_status":"closed","sticky":false,"template":"","format":"standard","meta":{"jnews-multi-image_gallery":[],"jnews_single_post":{"subtitle":"","format":"standard","video":"","gallery":"","source_name":"","source_url":"","via_name":"","via_url":"","override":[{"single_blog_custom":"","sidebar":"","second_sidebar":"","share_position":"","share_float_style":"","post_date_format":"","post_date_format_custom":"","post_reading_time_wpm":"","zoom_button_out_step":"1","zoom_button_in_step":"1","number_popup_post":"1"}],"image_override":[{"single_post_thumbnail_size":"","single_post_gallery_size":""}],"trending_post_position":"","trending_post_label":"","sponsored_post_label":"","sponsored_post_name":"","sponsored_post_url":"","sponsored_post_logo":"","sponsored_post_desc":""},"jnews_primary_category":{"id":"25"},"footnotes":""},"categories":[25],"tags":[14,626],"class_list":["post-33431","post","type-post","status-publish","format-standard","has-post-thumbnail","hentry","category-rumors","tag-apple-watch","tag-apple-watch-series-8"],"yoast_head":"<!-- This site is optimized with the Yoast SEO Premium plugin v27.5 (Yoast SEO v27.5) - https:\/\/yoast.com\/product\/yoast-seo-premium-wordpress\/ -->\n<title>Apple Watch Series 8 Pro soll iPhone 13 Designmerkmale aufweisen<\/title>\n<meta name=\"description\" content=\"Apple Event im September: Dar\u00fcber hinaus wird auch die Apple Watch Series 8 erwartet. Nun gibt es neue Ger\u00fcchte zum angeblichen Pro-Modell.\" \/>\n<meta name=\"robots\" content=\"index, follow, max-snippet:-1, max-image-preview:large, max-video-preview:-1\" \/>\n<link rel=\"canonical\" href=\"https:\/\/www.apfelpatient.de\/en\/rumors\/apple-watch-series-8-pro-to-feature-iphone-13-design-features\" \/>\n<meta property=\"og:locale\" content=\"en_US\" \/>\n<meta property=\"og:type\" content=\"article\" \/>\n<meta property=\"og:title\" content=\"Apple Watch Series 8 Pro soll iPhone 13 Designmerkmale aufweisen\" \/>\n<meta property=\"og:description\" content=\"Apple Event im September: Dar\u00fcber hinaus wird auch die Apple Watch Series 8 erwartet. Nun gibt es neue Ger\u00fcchte zum angeblichen Pro-Modell.\" \/>\n<meta property=\"og:url\" content=\"https:\/\/www.apfelpatient.de\/en\/rumors\/apple-watch-series-8-pro-to-feature-iphone-13-design-features\" \/>\n<meta property=\"og:site_name\" content=\"Apfelpatient\" \/>\n<meta property=\"article:publisher\" content=\"https:\/\/www.facebook.com\/apfelpatientOfficial\" \/>\n<meta property=\"article:author\" content=\"https:\/\/www.facebook.com\/apfelpatientOfficial\" \/>\n<meta property=\"article:published_time\" content=\"2022-08-27T15:39:06+00:00\" \/>\n<meta property=\"article:modified_time\" content=\"2025-02-06T07:08:47+00:00\" \/>\n<meta property=\"og:image\" content=\"https:\/\/www.apfelpatient.de\/wp-content\/uploads\/2022\/08\/bigstock-Bali-Indonesia-June-370011859.jpg\" \/>\n\t<meta property=\"og:image:width\" content=\"1600\" \/>\n\t<meta property=\"og:image:height\" content=\"1069\" \/>\n\t<meta property=\"og:image:type\" content=\"image\/jpeg\" \/>\n<meta name=\"author\" content=\"Milan\" \/>\n<meta name=\"twitter:card\" content=\"summary_large_image\" \/>\n<meta name=\"twitter:description\" content=\"Apple Event im September: Dar\u00fcber hinaus wird auch die Apple Watch Series 8 erwartet. Nun gibt es neue Ger\u00fcchte zum angeblichen Pro-Modell.\" \/>\n<meta name=\"twitter:label1\" content=\"Written by\" \/>\n\t<meta name=\"twitter:data1\" content=\"Milan\" \/>\n\t<meta name=\"twitter:label2\" content=\"Est. reading time\" \/>\n\t<meta name=\"twitter:data2\" content=\"3 minutes\" \/>\n<script type=\"application\/ld+json\" class=\"yoast-schema-graph\">{\"@context\":\"https:\\\/\\\/schema.org\",\"@graph\":[{\"@type\":\"NewsArticle\",\"@id\":\"https:\\\/\\\/www.apfelpatient.de\\\/rumors\\\/apple-watch-series-8-pro-soll-iphone-13-designmerkmale-aufweisen#article\",\"isPartOf\":{\"@id\":\"https:\\\/\\\/www.apfelpatient.de\\\/rumors\\\/apple-watch-series-8-pro-soll-iphone-13-designmerkmale-aufweisen\"},\"author\":{\"@type\":\"Organization\",\"@id\":\"https:\\\/\\\/www.apfelpatient.de\\\/en\\\/#organization\",\"name\":\"Apfelpatient\",\"url\":\"https:\\\/\\\/www.apfelpatient.de\\\/en\\\/\"},\"headline\":\"Apple Watch Series 8 Pro soll iPhone 13 Designmerkmale aufweisen\",\"datePublished\":\"2022-08-27T15:39:06+00:00\",\"dateModified\":\"2025-02-06T07:08:47+00:00\",\"mainEntityOfPage\":{\"@id\":\"https:\\\/\\\/www.apfelpatient.de\\\/rumors\\\/apple-watch-series-8-pro-soll-iphone-13-designmerkmale-aufweisen\"},\"wordCount\":400,\"publisher\":{\"@type\":\"Organization\",\"@id\":\"https:\\\/\\\/www.apfelpatient.de\\\/en\\\/#organization\",\"name\":\"Apfelpatient\",\"url\":\"https:\\\/\\\/www.apfelpatient.de\\\/en\\\/\"},\"image\":{\"@id\":\"https:\\\/\\\/www.apfelpatient.de\\\/rumors\\\/apple-watch-series-8-pro-soll-iphone-13-designmerkmale-aufweisen#primaryimage\"},\"thumbnailUrl\":\"https:\\\/\\\/www.apfelpatient.de\\\/wp-content\\\/uploads\\\/2022\\\/08\\\/bigstock-Bali-Indonesia-June-370011859.jpg\",\"keywords\":[\"Apple Watch\",\"Apple Watch Series 8\"],\"articleSection\":\"Rumors\",\"inLanguage\":\"en-US\",\"copyrightYear\":\"2022\",\"copyrightHolder\":{\"@id\":\"https:\\\/\\\/www.apfelpatient.de\\\/en\\\/#organization\"}},{\"@type\":\"WebPage\",\"@id\":\"https:\\\/\\\/www.apfelpatient.de\\\/rumors\\\/apple-watch-series-8-pro-soll-iphone-13-designmerkmale-aufweisen\",\"url\":\"https:\\\/\\\/www.apfelpatient.de\\\/rumors\\\/apple-watch-series-8-pro-soll-iphone-13-designmerkmale-aufweisen\",\"name\":\"Apple Watch Series 8 Pro soll iPhone 13 Designmerkmale aufweisen\",\"isPartOf\":{\"@id\":\"https:\\\/\\\/www.apfelpatient.de\\\/#website\"},\"primaryImageOfPage\":{\"@id\":\"https:\\\/\\\/www.apfelpatient.de\\\/rumors\\\/apple-watch-series-8-pro-soll-iphone-13-designmerkmale-aufweisen#primaryimage\"},\"image\":{\"@id\":\"https:\\\/\\\/www.apfelpatient.de\\\/rumors\\\/apple-watch-series-8-pro-soll-iphone-13-designmerkmale-aufweisen#primaryimage\"},\"thumbnailUrl\":\"https:\\\/\\\/www.apfelpatient.de\\\/wp-content\\\/uploads\\\/2022\\\/08\\\/bigstock-Bali-Indonesia-June-370011859.jpg\",\"datePublished\":\"2022-08-27T15:39:06+00:00\",\"dateModified\":\"2025-02-06T07:08:47+00:00\",\"description\":\"Apple Event im September: Dar\u00fcber hinaus wird auch die Apple Watch Series 8 erwartet. Nun gibt es neue Ger\u00fcchte zum angeblichen Pro-Modell.\",\"breadcrumb\":{\"@id\":\"https:\\\/\\\/www.apfelpatient.de\\\/rumors\\\/apple-watch-series-8-pro-soll-iphone-13-designmerkmale-aufweisen#breadcrumb\"},\"inLanguage\":\"en-US\",\"potentialAction\":[{\"@type\":\"ReadAction\",\"target\":[\"https:\\\/\\\/www.apfelpatient.de\\\/rumors\\\/apple-watch-series-8-pro-soll-iphone-13-designmerkmale-aufweisen\"]}]},{\"@type\":\"ImageObject\",\"inLanguage\":\"en-US\",\"@id\":\"https:\\\/\\\/www.apfelpatient.de\\\/rumors\\\/apple-watch-series-8-pro-soll-iphone-13-designmerkmale-aufweisen#primaryimage\",\"url\":\"https:\\\/\\\/www.apfelpatient.de\\\/wp-content\\\/uploads\\\/2022\\\/08\\\/bigstock-Bali-Indonesia-June-370011859.jpg\",\"contentUrl\":\"https:\\\/\\\/www.apfelpatient.de\\\/wp-content\\\/uploads\\\/2022\\\/08\\\/bigstock-Bali-Indonesia-June-370011859.jpg\",\"width\":1600,\"height\":1069,\"caption\":\"Bali Indonesia June 12, 2020 : female hands using with apple, Apple Watch is a line of smartwatches designed, developed, and marketed by Apple Inc.\"},{\"@type\":\"BreadcrumbList\",\"@id\":\"https:\\\/\\\/www.apfelpatient.de\\\/rumors\\\/apple-watch-series-8-pro-soll-iphone-13-designmerkmale-aufweisen#breadcrumb\",\"itemListElement\":[{\"@type\":\"ListItem\",\"position\":1,\"name\":\"Startseite\",\"item\":\"https:\\\/\\\/www.apfelpatient.de\\\/\"},{\"@type\":\"ListItem\",\"position\":2,\"name\":\"Apple Watch Series 8 Pro soll iPhone 13 Designmerkmale aufweisen\"}]},{\"@type\":\"WebSite\",\"@id\":\"https:\\\/\\\/www.apfelpatient.de\\\/#website\",\"url\":\"https:\\\/\\\/www.apfelpatient.de\\\/\",\"name\":\"Apfelpatient\",\"description\":\"Alles rund um Apple!\",\"publisher\":{\"@type\":\"Organization\",\"@id\":\"https:\\\/\\\/www.apfelpatient.de\\\/en\\\/#organization\",\"name\":\"Apfelpatient\",\"url\":\"https:\\\/\\\/www.apfelpatient.de\\\/en\\\/\"},\"alternateName\":\"Apfelpatient\",\"potentialAction\":[{\"@type\":\"SearchAction\",\"target\":{\"@type\":\"EntryPoint\",\"urlTemplate\":\"https:\\\/\\\/www.apfelpatient.de\\\/?s={search_term_string}\"},\"query-input\":{\"@type\":\"PropertyValueSpecification\",\"valueRequired\":true,\"valueName\":\"search_term_string\"}}],\"inLanguage\":\"en-US\"},{\"@type\":[\"Person\",\"Organization\"],\"@id\":\"https:\\\/\\\/www.apfelpatient.de\\\/#\\\/schema\\\/person\\\/7dc56ad6c8e9824b76d2c08d4c140e13\",\"name\":\"Milan\",\"logo\":{\"@id\":\"https:\\\/\\\/www.apfelpatient.de\\\/#\\\/schema\\\/person\\\/image\\\/\"},\"description\":\"Hallo und herzlich willkommen auf meinem Technik-Blog! Als gro\u00dfer Apple-Fan berichte ich hier \u00fcber alles, was mit Apple zu tun hat: von den neuesten News und spannenden Ger\u00fcchten \u00fcber hilfreiche Tipps und Tricks bis hin zu ausf\u00fchrlichen Produkttests. Wenn du genauso technikbegeistert bist wie ich, bist du hier genau richtig!\",\"sameAs\":[\"https:\\\/\\\/www.facebook.com\\\/apfelpatientOfficial\",\"https:\\\/\\\/www.linkedin.com\\\/in\\\/milan-jovicic-42aa0231b\"],\"url\":\"https:\\\/\\\/www.apfelpatient.de\\\/en\\\/author\\\/apfeladmin\"}]}<\/script>\n<!-- \/ Yoast SEO Premium plugin. -->","yoast_head_json":{"title":"Apple Watch Series 8 Pro to feature iPhone 13 design features","description":"Apple Event in September: The Apple Watch Series 8 is also expected. Now there are new rumors about the alleged Pro model.","robots":{"index":"index","follow":"follow","max-snippet":"max-snippet:-1","max-image-preview":"max-image-preview:large","max-video-preview":"max-video-preview:-1"},"canonical":"https:\/\/www.apfelpatient.de\/en\/rumors\/apple-watch-series-8-pro-to-feature-iphone-13-design-features","og_locale":"en_US","og_type":"article","og_title":"Apple Watch Series 8 Pro soll iPhone 13 Designmerkmale aufweisen","og_description":"Apple Event im September: Dar\u00fcber hinaus wird auch die Apple Watch Series 8 erwartet. Nun gibt es neue Ger\u00fcchte zum angeblichen Pro-Modell.","og_url":"https:\/\/www.apfelpatient.de\/en\/rumors\/apple-watch-series-8-pro-to-feature-iphone-13-design-features","og_site_name":"Apfelpatient","article_publisher":"https:\/\/www.facebook.com\/apfelpatientOfficial","article_author":"https:\/\/www.facebook.com\/apfelpatientOfficial","article_published_time":"2022-08-27T15:39:06+00:00","article_modified_time":"2025-02-06T07:08:47+00:00","og_image":[{"width":1600,"height":1069,"url":"https:\/\/www.apfelpatient.de\/wp-content\/uploads\/2022\/08\/bigstock-Bali-Indonesia-June-370011859.jpg","type":"image\/jpeg"}],"author":"Milan","twitter_card":"summary_large_image","twitter_description":"Apple Event im September: Dar\u00fcber hinaus wird auch die Apple Watch Series 8 erwartet. Nun gibt es neue Ger\u00fcchte zum angeblichen Pro-Modell.","twitter_misc":{"Written by":"Milan","Est. reading time":"3 minutes"},"schema":{"@context":"https:\/\/schema.org","@graph":[{"@type":"NewsArticle","@id":"https:\/\/www.apfelpatient.de\/rumors\/apple-watch-series-8-pro-soll-iphone-13-designmerkmale-aufweisen#article","isPartOf":{"@id":"https:\/\/www.apfelpatient.de\/rumors\/apple-watch-series-8-pro-soll-iphone-13-designmerkmale-aufweisen"},"author":{"@type":"Organization","@id":"https:\/\/www.apfelpatient.de\/en\/#organization","name":"Apfelpatient","url":"https:\/\/www.apfelpatient.de\/en\/"},"headline":"Apple Watch Series 8 Pro soll iPhone 13 Designmerkmale aufweisen","datePublished":"2022-08-27T15:39:06+00:00","dateModified":"2025-02-06T07:08:47+00:00","mainEntityOfPage":{"@id":"https:\/\/www.apfelpatient.de\/rumors\/apple-watch-series-8-pro-soll-iphone-13-designmerkmale-aufweisen"},"wordCount":400,"publisher":{"@type":"Organization","@id":"https:\/\/www.apfelpatient.de\/en\/#organization","name":"Apfelpatient","url":"https:\/\/www.apfelpatient.de\/en\/"},"image":{"@id":"https:\/\/www.apfelpatient.de\/rumors\/apple-watch-series-8-pro-soll-iphone-13-designmerkmale-aufweisen#primaryimage"},"thumbnailUrl":"https:\/\/www.apfelpatient.de\/wp-content\/uploads\/2022\/08\/bigstock-Bali-Indonesia-June-370011859.jpg","keywords":["Apple Watch","Apple Watch Series 8"],"articleSection":"Rumors","inLanguage":"en-US","copyrightYear":"2022","copyrightHolder":{"@id":"https:\/\/www.apfelpatient.de\/en\/#organization"}},{"@type":"WebPage","@id":"https:\/\/www.apfelpatient.de\/rumors\/apple-watch-series-8-pro-soll-iphone-13-designmerkmale-aufweisen","url":"https:\/\/www.apfelpatient.de\/rumors\/apple-watch-series-8-pro-soll-iphone-13-designmerkmale-aufweisen","name":"Apple Watch Series 8 Pro to feature iPhone 13 design features","isPartOf":{"@id":"https:\/\/www.apfelpatient.de\/#website"},"primaryImageOfPage":{"@id":"https:\/\/www.apfelpatient.de\/rumors\/apple-watch-series-8-pro-soll-iphone-13-designmerkmale-aufweisen#primaryimage"},"image":{"@id":"https:\/\/www.apfelpatient.de\/rumors\/apple-watch-series-8-pro-soll-iphone-13-designmerkmale-aufweisen#primaryimage"},"thumbnailUrl":"https:\/\/www.apfelpatient.de\/wp-content\/uploads\/2022\/08\/bigstock-Bali-Indonesia-June-370011859.jpg","datePublished":"2022-08-27T15:39:06+00:00","dateModified":"2025-02-06T07:08:47+00:00","description":"Apple Event in September: The Apple Watch Series 8 is also expected. Now there are new rumors about the alleged Pro model.","breadcrumb":{"@id":"https:\/\/www.apfelpatient.de\/rumors\/apple-watch-series-8-pro-soll-iphone-13-designmerkmale-aufweisen#breadcrumb"},"inLanguage":"en-US","potentialAction":[{"@type":"ReadAction","target":["https:\/\/www.apfelpatient.de\/rumors\/apple-watch-series-8-pro-soll-iphone-13-designmerkmale-aufweisen"]}]},{"@type":"ImageObject","inLanguage":"en-US","@id":"https:\/\/www.apfelpatient.de\/rumors\/apple-watch-series-8-pro-soll-iphone-13-designmerkmale-aufweisen#primaryimage","url":"https:\/\/www.apfelpatient.de\/wp-content\/uploads\/2022\/08\/bigstock-Bali-Indonesia-June-370011859.jpg","contentUrl":"https:\/\/www.apfelpatient.de\/wp-content\/uploads\/2022\/08\/bigstock-Bali-Indonesia-June-370011859.jpg","width":1600,"height":1069,"caption":"Bali Indonesia June 12, 2020 : female hands using with apple, Apple Watch is a line of smartwatches designed, developed, and marketed by Apple Inc."},{"@type":"BreadcrumbList","@id":"https:\/\/www.apfelpatient.de\/rumors\/apple-watch-series-8-pro-soll-iphone-13-designmerkmale-aufweisen#breadcrumb","itemListElement":[{"@type":"ListItem","position":1,"name":"Startseite","item":"https:\/\/www.apfelpatient.de\/"},{"@type":"ListItem","position":2,"name":"Apple Watch Series 8 Pro soll iPhone 13 Designmerkmale aufweisen"}]},{"@type":"WebSite","@id":"https:\/\/www.apfelpatient.de\/#website","url":"https:\/\/www.apfelpatient.de\/","name":"apple patient","description":"Everything about Apple!","publisher":{"@type":"Organization","@id":"https:\/\/www.apfelpatient.de\/en\/#organization","name":"Apfelpatient","url":"https:\/\/www.apfelpatient.de\/en\/"},"alternateName":"Apfelpatient","potentialAction":[{"@type":"SearchAction","target":{"@type":"EntryPoint","urlTemplate":"https:\/\/www.apfelpatient.de\/?s={search_term_string}"},"query-input":{"@type":"PropertyValueSpecification","valueRequired":true,"valueName":"search_term_string"}}],"inLanguage":"en-US"},{"@type":["Person","Organization"],"@id":"https:\/\/www.apfelpatient.de\/#\/schema\/person\/7dc56ad6c8e9824b76d2c08d4c140e13","name":"Milan","logo":{"@id":"https:\/\/www.apfelpatient.de\/#\/schema\/person\/image\/"},"description":"Hello and welcome to my technology blog! As a big Apple fan, I report on everything to do with Apple: from the latest news and exciting rumors to helpful tips and tricks and detailed product tests. If you are as enthusiastic about technology as I am, you have come to the right place!","sameAs":["https:\/\/www.facebook.com\/apfelpatientOfficial","https:\/\/www.linkedin.com\/in\/milan-jovicic-42aa0231b"],"url":"https:\/\/www.apfelpatient.de\/en\/author\/apfeladmin"}]}},"_links":{"self":[{"href":"https:\/\/www.apfelpatient.de\/en\/wp-json\/wp\/v2\/posts\/33431","targetHints":{"allow":["GET"]}}],"collection":[{"href":"https:\/\/www.apfelpatient.de\/en\/wp-json\/wp\/v2\/posts"}],"about":[{"href":"https:\/\/www.apfelpatient.de\/en\/wp-json\/wp\/v2\/types\/post"}],"author":[{"embeddable":true,"href":"https:\/\/www.apfelpatient.de\/en\/wp-json\/wp\/v2\/users\/2"}],"replies":[{"embeddable":true,"href":"https:\/\/www.apfelpatient.de\/en\/wp-json\/wp\/v2\/comments?post=33431"}],"version-history":[{"count":0,"href":"https:\/\/www.apfelpatient.de\/en\/wp-json\/wp\/v2\/posts\/33431\/revisions"}],"wp:featuredmedia":[{"embeddable":true,"href":"https:\/\/www.apfelpatient.de\/en\/wp-json\/wp\/v2\/media\/33430"}],"wp:attachment":[{"href":"https:\/\/www.apfelpatient.de\/en\/wp-json\/wp\/v2\/media?parent=33431"}],"wp:term":[{"taxonomy":"category","embeddable":true,"href":"https:\/\/www.apfelpatient.de\/en\/wp-json\/wp\/v2\/categories?post=33431"},{"taxonomy":"post_tag","embeddable":true,"href":"https:\/\/www.apfelpatient.de\/en\/wp-json\/wp\/v2\/tags?post=33431"}],"curies":[{"name":"wp","href":"https:\/\/api.w.org\/{rel}","templated":true}]}}