{"id":33399,"date":"2022-08-25T19:15:00","date_gmt":"2022-08-25T17:15:00","guid":{"rendered":"https:\/\/www.apfelpatient.de\/?p=33399"},"modified":"2022-08-25T19:15:01","modified_gmt":"2022-08-25T17:15:01","slug":"iphone-14-pro-models-could-be-available-in-five-colors","status":"publish","type":"post","link":"https:\/\/www.apfelpatient.de\/en\/rumors\/iphone-14-pro-modelle-koennten-in-fuenf-farben-verfuegbar-sein","title":{"rendered":"iPhone 14 Pro models could be available in five colors"},"content":{"rendered":"<p class=\"has-drop-cap\"><strong>Apple will most likely present the iPhone 14 series on September 7th. Now, allegedly leaked images of the devices are increasingly appearing. The latest shots also come from Asia. It is claimed that the iPhone 14 Pro models could be available in five colors.<\/strong><\/p>\n\n\n\n<p>The images of the iPhone 14 Pro dummy models were first published today on Weibo <a href=\"https:\/\/twitter.com\/duanrui1205\" target=\"_blank\" rel=\"noreferrer noopener\">divided<\/a> and show similar color options such as gold, graphite, and silver from past years. Two other color options seen in the image would be new to the current iPhone Pro lineup: a dark purple and a blue. A separate, heavily cropped image that also surfaced today appears to show the iPhone 14 Pro models in the same color palette. It&#039;s also noticeable that the antenna bands on the gold and purple models stand out from the frame, as they are white, unlike iPhones from past years. It remains unclear whether the items in the second image are real iPhone 14 Pro models or simply dummies, although the latter is more likely given the amount of iPhone 14 Pro dummies now in circulation.<\/p>\n\n\n\n<figure class=\"wp-block-image size-full\"><img decoding=\"async\" width=\"1022\" height=\"906\" src=\"https:\/\/www.apfelpatient.de\/wp-content\/uploads\/2022\/08\/DDBBD7F2-FC64-4B40-A226-D6181E1056EF.png\" alt=\"\" class=\"wp-image-33397\" srcset=\"https:\/\/www.apfelpatient.de\/wp-content\/uploads\/2022\/08\/DDBBD7F2-FC64-4B40-A226-D6181E1056EF.png 1022w, https:\/\/www.apfelpatient.de\/wp-content\/uploads\/2022\/08\/DDBBD7F2-FC64-4B40-A226-D6181E1056EF-300x266.png 300w, https:\/\/www.apfelpatient.de\/wp-content\/uploads\/2022\/08\/DDBBD7F2-FC64-4B40-A226-D6181E1056EF-768x681.png 768w, https:\/\/www.apfelpatient.de\/wp-content\/uploads\/2022\/08\/DDBBD7F2-FC64-4B40-A226-D6181E1056EF-750x665.png 750w\" sizes=\"(max-width: 1022px) 100vw, 1022px\" \/><figcaption>via Twitter<\/figcaption><\/figure>\n\n\n\n<h3 class=\"wp-block-heading\" id=\"h-einige-apple-produkte-sind-bereits-in-lila-erhaltlich\">Some Apple products are already available in purple<\/h3>\n\n\n\n<p>Earlier this year, there was an interesting rumor on Weibo that said that both the iPhone 14 and iPhone 14 Pro will be available in a new shade of purple. It was claimed that the color option, likely for the iPhone 14 Pro, is a unique finish that changes the hue depending on the lighting conditions. A purple color option for the iPhone 14 and iPhone 14 Pro seems plausible, as Apple already introduced the iPhone 12 and iPhone 12 mini in purple in April last year, which received a positive response from customers. The 24-inch iMac, sixth-generation iPad mini, and fifth-generation iPad Air are also available in purple.<\/p>\n\n\n\n<figure class=\"wp-block-image size-full\"><img decoding=\"async\" width=\"581\" height=\"170\" src=\"https:\/\/www.apfelpatient.de\/wp-content\/uploads\/2022\/08\/7E3ABF5F-162E-4736-9ABB-B0B921508C37.png\" alt=\"\" class=\"wp-image-33398\" srcset=\"https:\/\/www.apfelpatient.de\/wp-content\/uploads\/2022\/08\/7E3ABF5F-162E-4736-9ABB-B0B921508C37.png 581w, https:\/\/www.apfelpatient.de\/wp-content\/uploads\/2022\/08\/7E3ABF5F-162E-4736-9ABB-B0B921508C37-300x88.png 300w\" sizes=\"(max-width: 581px) 100vw, 581px\" \/><figcaption>via Twitter<\/figcaption><\/figure>\n\n\n\n<h3 class=\"wp-block-heading\">iPhone 14 series: On September 7th we will have certainty<\/h3>\n\n\n\n\n\n\n\n<p>It&#039;s not clear if the unique purple finish is actively intended to have a new effect that changes depending on lighting conditions, or if it simply leverages the technology behind the iPhone 13 Pro&#039;s Sierra Blue, which is more different in appearance than the other color options. That&#039;s because Apple has introduced a new production process exclusively for Sierra Blue that &quot;applies multiple layers of nanometer-scale metallic ceramic to the surface to create a stunning and durable finish.&quot; Still, since most of this information comes from unverified social media users in China, it should be viewed with a certain level of skepticism.<\/p>\n\n\n\n<h3 class=\"wp-block-heading\">Download the app, activate push notifications<\/h3>\n\n\n\n<p>If you don\u2019t want to miss anything, you should\u00a0<a href=\"https:\/\/apps.apple.com\/de\/app\/apfelpatient-news\/id1517273672\" target=\"_blank\" rel=\"noreferrer noopener\">download our app<\/a>\u00a0and activate push notifications. In our separate event section you will find all relevant articles about the next event - we look forward to seeing you. Are you looking for new MagSafe accessories from Apple?\u00a0<a href=\"https:\/\/www.amazon.de\/shop\/apfelpatientofficial?listId=21E2RFFAY554S&amp;ref=cm_sw_em_r_inf_list_own_apfelpatientofficial_dp_riZhz1Vqdb3gV\" target=\"_blank\" rel=\"noreferrer noopener\">Then take a look at Amazon<\/a>There you will find Apple&#039;s MagSafe chargers, power adapters, cases and the external battery at a discount. In addition, we have dozens of other recommendations\u00a0<a href=\"https:\/\/www.amazon.de\/shop\/apfelpatientofficial\" target=\"_blank\" rel=\"noreferrer noopener\">in our storefront<\/a>, including from Nomad, Anker and Pitaka \u2013 enjoy browsing. (Image: Ian Zelebo x Jon Prosser)<\/p>\n\n\n\n<ul class=\"wp-block-list\"><li><a href=\"https:\/\/www.apfelpatient.de\/en\/rumors\/iphone-14-pro-pictures-show-display-cutouts-and-more\">iPhone 14 Pro: Images show display cutouts and more<\/a><\/li><\/ul>\n\n\n\n<h6 class=\"wp-block-heading translation-block\" id=\"h-kennt-ihr-schon-unsere-amazon-storefront-dort-findet-ihr-eine-handverlesene-auswahl-von-diversen-produkten-f-r-euer-iphone-und-co-viel-spa-beim-st-bern\"><em>Have you already visited our Amazon Storefront? There you&#039;ll find a hand-picked selection of various products for your iPhone and other devices \u2013 <span class=\"has-inline-color has-vivid-red-color\"><a href=\"https:\/\/www.amazon.de\/shop\/apfelpatientofficial\" class=\"ek-link\" data-wpel-link=\"exclude\" rel=\"follow noopener\" target=\"_self\"><span style=\"text-decoration: underline\" class=\"ek-underline\">enjoy browsing<\/span><\/a> !<\/span><\/em><\/h6>\n\n\n\n<h6 class=\"wp-block-heading translation-block\" id=\"h-der-beitrag-enthalt-partnerlinks\">This post contains <a data-type=\"URL\" data-id=\"https:\/\/www.apfelpatient.de\/partnerprogramm\" href=\"https:\/\/www.apfelpatient.de\/en\/partner-program\" data-wpel-link=\"internal\" target=\"_self\">affiliate links<\/a>.<\/h6>","protected":false},"excerpt":{"rendered":"<p>Apple will most likely introduce the iPhone 14 series on September 7th. Now more and more leaked images of the devices are appearing.<\/p>","protected":false},"author":2,"featured_media":31867,"comment_status":"closed","ping_status":"closed","sticky":false,"template":"","format":"standard","meta":{"jnews-multi-image_gallery":[],"jnews_single_post":{"subtitle":"","format":"standard","video":"","gallery":"","source_name":"","source_url":"","via_name":"","via_url":"","override":[{"single_blog_custom":"","sidebar":"","second_sidebar":"","share_position":"","share_float_style":"","post_date_format":"","post_date_format_custom":"","post_reading_time_wpm":"","zoom_button_out_step":"1","zoom_button_in_step":"1","number_popup_post":"1"}],"image_override":[{"single_post_thumbnail_size":"","single_post_gallery_size":""}],"trending_post_position":"","trending_post_label":"","sponsored_post_label":"","sponsored_post_name":"","sponsored_post_url":"","sponsored_post_logo":"","sponsored_post_desc":""},"jnews_primary_category":{"id":"25"},"footnotes":""},"categories":[25],"tags":[8,683,422],"class_list":["post-33399","post","type-post","status-publish","format-standard","has-post-thumbnail","hentry","category-rumors","tag-iphone","tag-iphone-14","tag-iphone-2022"],"yoast_head":"<!-- This site is optimized with the Yoast SEO Premium plugin v27.5 (Yoast SEO v27.5) - https:\/\/yoast.com\/product\/yoast-seo-premium-wordpress\/ -->\n<title>iPhone 14 Pro Modelle k\u00f6nnten in f\u00fcnf Farben verf\u00fcgbar sein<\/title>\n<meta name=\"description\" content=\"Apple wird die iPhone 14 Reihe aller Voraussicht nach am 07. September vorstellen. Nun tauchen vermehrt geleakte Bilder der Ger\u00e4te auf.\" \/>\n<meta name=\"robots\" content=\"index, follow, max-snippet:-1, max-image-preview:large, max-video-preview:-1\" \/>\n<link rel=\"canonical\" href=\"https:\/\/www.apfelpatient.de\/en\/rumors\/iphone-14-pro-models-could-be-available-in-five-colors\" \/>\n<meta property=\"og:locale\" content=\"en_US\" \/>\n<meta property=\"og:type\" content=\"article\" \/>\n<meta property=\"og:title\" content=\"iPhone 14 Pro Modelle k\u00f6nnten in f\u00fcnf Farben verf\u00fcgbar sein\" \/>\n<meta property=\"og:description\" content=\"Apple wird die iPhone 14 Reihe aller Voraussicht nach am 07. September vorstellen. Nun tauchen vermehrt geleakte Bilder der Ger\u00e4te auf.\" \/>\n<meta property=\"og:url\" content=\"https:\/\/www.apfelpatient.de\/en\/rumors\/iphone-14-pro-models-could-be-available-in-five-colors\" \/>\n<meta property=\"og:site_name\" content=\"Apfelpatient\" \/>\n<meta property=\"article:publisher\" content=\"https:\/\/www.facebook.com\/apfelpatientOfficial\" \/>\n<meta property=\"article:author\" content=\"https:\/\/www.facebook.com\/apfelpatientOfficial\" \/>\n<meta property=\"article:published_time\" content=\"2022-08-25T17:15:00+00:00\" \/>\n<meta property=\"article:modified_time\" content=\"2022-08-25T17:15:01+00:00\" \/>\n<meta property=\"og:image\" content=\"https:\/\/www.apfelpatient.de\/wp-content\/uploads\/2022\/05\/iPhone-14-Pro-Purple-Side-by-Side-Black.jpg\" \/>\n\t<meta property=\"og:image:width\" content=\"1600\" \/>\n\t<meta property=\"og:image:height\" content=\"900\" \/>\n\t<meta property=\"og:image:type\" content=\"image\/jpeg\" \/>\n<meta name=\"author\" content=\"Milan\" \/>\n<meta name=\"twitter:card\" content=\"summary_large_image\" \/>\n<meta name=\"twitter:description\" content=\"Apple wird die iPhone 14 Reihe aller Voraussicht nach am 07. September vorstellen. Nun tauchen vermehrt geleakte Bilder der Ger\u00e4te auf.\" \/>\n<meta name=\"twitter:label1\" content=\"Written by\" \/>\n\t<meta name=\"twitter:data1\" content=\"Milan\" \/>\n\t<meta name=\"twitter:label2\" content=\"Est. reading time\" \/>\n\t<meta name=\"twitter:data2\" content=\"4 minutes\" \/>\n<script type=\"application\/ld+json\" class=\"yoast-schema-graph\">{\"@context\":\"https:\\\/\\\/schema.org\",\"@graph\":[{\"@type\":\"NewsArticle\",\"@id\":\"https:\\\/\\\/www.apfelpatient.de\\\/rumors\\\/iphone-14-pro-modelle-koennten-in-fuenf-farben-verfuegbar-sein#article\",\"isPartOf\":{\"@id\":\"https:\\\/\\\/www.apfelpatient.de\\\/rumors\\\/iphone-14-pro-modelle-koennten-in-fuenf-farben-verfuegbar-sein\"},\"author\":{\"@type\":\"Organization\",\"@id\":\"https:\\\/\\\/www.apfelpatient.de\\\/en\\\/#organization\",\"name\":\"Apfelpatient\",\"url\":\"https:\\\/\\\/www.apfelpatient.de\\\/en\\\/\"},\"headline\":\"iPhone 14 Pro Modelle k\u00f6nnten in f\u00fcnf Farben verf\u00fcgbar sein\",\"datePublished\":\"2022-08-25T17:15:00+00:00\",\"dateModified\":\"2022-08-25T17:15:01+00:00\",\"mainEntityOfPage\":{\"@id\":\"https:\\\/\\\/www.apfelpatient.de\\\/rumors\\\/iphone-14-pro-modelle-koennten-in-fuenf-farben-verfuegbar-sein\"},\"wordCount\":551,\"publisher\":{\"@type\":\"Organization\",\"@id\":\"https:\\\/\\\/www.apfelpatient.de\\\/en\\\/#organization\",\"name\":\"Apfelpatient\",\"url\":\"https:\\\/\\\/www.apfelpatient.de\\\/en\\\/\"},\"image\":{\"@id\":\"https:\\\/\\\/www.apfelpatient.de\\\/rumors\\\/iphone-14-pro-modelle-koennten-in-fuenf-farben-verfuegbar-sein#primaryimage\"},\"thumbnailUrl\":\"https:\\\/\\\/www.apfelpatient.de\\\/wp-content\\\/uploads\\\/2022\\\/05\\\/iPhone-14-Pro-Purple-Side-by-Side-Black.jpg\",\"keywords\":[\"iPhone\",\"iPhone 14\",\"iPhone 2022\"],\"articleSection\":\"Rumors\",\"inLanguage\":\"en-US\",\"copyrightYear\":\"2022\",\"copyrightHolder\":{\"@id\":\"https:\\\/\\\/www.apfelpatient.de\\\/en\\\/#organization\"}},{\"@type\":\"WebPage\",\"@id\":\"https:\\\/\\\/www.apfelpatient.de\\\/rumors\\\/iphone-14-pro-modelle-koennten-in-fuenf-farben-verfuegbar-sein\",\"url\":\"https:\\\/\\\/www.apfelpatient.de\\\/rumors\\\/iphone-14-pro-modelle-koennten-in-fuenf-farben-verfuegbar-sein\",\"name\":\"iPhone 14 Pro Modelle k\u00f6nnten in f\u00fcnf Farben verf\u00fcgbar sein\",\"isPartOf\":{\"@id\":\"https:\\\/\\\/www.apfelpatient.de\\\/#website\"},\"primaryImageOfPage\":{\"@id\":\"https:\\\/\\\/www.apfelpatient.de\\\/rumors\\\/iphone-14-pro-modelle-koennten-in-fuenf-farben-verfuegbar-sein#primaryimage\"},\"image\":{\"@id\":\"https:\\\/\\\/www.apfelpatient.de\\\/rumors\\\/iphone-14-pro-modelle-koennten-in-fuenf-farben-verfuegbar-sein#primaryimage\"},\"thumbnailUrl\":\"https:\\\/\\\/www.apfelpatient.de\\\/wp-content\\\/uploads\\\/2022\\\/05\\\/iPhone-14-Pro-Purple-Side-by-Side-Black.jpg\",\"datePublished\":\"2022-08-25T17:15:00+00:00\",\"dateModified\":\"2022-08-25T17:15:01+00:00\",\"description\":\"Apple wird die iPhone 14 Reihe aller Voraussicht nach am 07. September vorstellen. Nun tauchen vermehrt geleakte Bilder der Ger\u00e4te auf.\",\"breadcrumb\":{\"@id\":\"https:\\\/\\\/www.apfelpatient.de\\\/rumors\\\/iphone-14-pro-modelle-koennten-in-fuenf-farben-verfuegbar-sein#breadcrumb\"},\"inLanguage\":\"en-US\",\"potentialAction\":[{\"@type\":\"ReadAction\",\"target\":[\"https:\\\/\\\/www.apfelpatient.de\\\/rumors\\\/iphone-14-pro-modelle-koennten-in-fuenf-farben-verfuegbar-sein\"]}]},{\"@type\":\"ImageObject\",\"inLanguage\":\"en-US\",\"@id\":\"https:\\\/\\\/www.apfelpatient.de\\\/rumors\\\/iphone-14-pro-modelle-koennten-in-fuenf-farben-verfuegbar-sein#primaryimage\",\"url\":\"https:\\\/\\\/www.apfelpatient.de\\\/wp-content\\\/uploads\\\/2022\\\/05\\\/iPhone-14-Pro-Purple-Side-by-Side-Black.jpg\",\"contentUrl\":\"https:\\\/\\\/www.apfelpatient.de\\\/wp-content\\\/uploads\\\/2022\\\/05\\\/iPhone-14-Pro-Purple-Side-by-Side-Black.jpg\",\"width\":1600,\"height\":900,\"caption\":\"Bild: Ian Zelebo x Jon Prosser - iPhone 14 Pro\"},{\"@type\":\"BreadcrumbList\",\"@id\":\"https:\\\/\\\/www.apfelpatient.de\\\/rumors\\\/iphone-14-pro-modelle-koennten-in-fuenf-farben-verfuegbar-sein#breadcrumb\",\"itemListElement\":[{\"@type\":\"ListItem\",\"position\":1,\"name\":\"Startseite\",\"item\":\"https:\\\/\\\/www.apfelpatient.de\\\/\"},{\"@type\":\"ListItem\",\"position\":2,\"name\":\"iPhone 14 Pro Modelle k\u00f6nnten in f\u00fcnf Farben verf\u00fcgbar sein\"}]},{\"@type\":\"WebSite\",\"@id\":\"https:\\\/\\\/www.apfelpatient.de\\\/#website\",\"url\":\"https:\\\/\\\/www.apfelpatient.de\\\/\",\"name\":\"Apfelpatient\",\"description\":\"Alles rund um Apple!\",\"publisher\":{\"@type\":\"Organization\",\"@id\":\"https:\\\/\\\/www.apfelpatient.de\\\/en\\\/#organization\",\"name\":\"Apfelpatient\",\"url\":\"https:\\\/\\\/www.apfelpatient.de\\\/en\\\/\"},\"alternateName\":\"Apfelpatient\",\"potentialAction\":[{\"@type\":\"SearchAction\",\"target\":{\"@type\":\"EntryPoint\",\"urlTemplate\":\"https:\\\/\\\/www.apfelpatient.de\\\/?s={search_term_string}\"},\"query-input\":{\"@type\":\"PropertyValueSpecification\",\"valueRequired\":true,\"valueName\":\"search_term_string\"}}],\"inLanguage\":\"en-US\"},{\"@type\":[\"Person\",\"Organization\"],\"@id\":\"https:\\\/\\\/www.apfelpatient.de\\\/#\\\/schema\\\/person\\\/7dc56ad6c8e9824b76d2c08d4c140e13\",\"name\":\"Milan\",\"logo\":{\"@id\":\"https:\\\/\\\/www.apfelpatient.de\\\/#\\\/schema\\\/person\\\/image\\\/\"},\"description\":\"Hallo und herzlich willkommen auf meinem Technik-Blog! Als gro\u00dfer Apple-Fan berichte ich hier \u00fcber alles, was mit Apple zu tun hat: von den neuesten News und spannenden Ger\u00fcchten \u00fcber hilfreiche Tipps und Tricks bis hin zu ausf\u00fchrlichen Produkttests. Wenn du genauso technikbegeistert bist wie ich, bist du hier genau richtig!\",\"sameAs\":[\"https:\\\/\\\/www.facebook.com\\\/apfelpatientOfficial\",\"https:\\\/\\\/www.linkedin.com\\\/in\\\/milan-jovicic-42aa0231b\"],\"url\":\"https:\\\/\\\/www.apfelpatient.de\\\/en\\\/author\\\/apfeladmin\"}]}<\/script>\n<!-- \/ Yoast SEO Premium plugin. -->","yoast_head_json":{"title":"iPhone 14 Pro models could be available in five colors","description":"Apple will most likely introduce the iPhone 14 series on September 7th. Now more and more leaked images of the devices are appearing.","robots":{"index":"index","follow":"follow","max-snippet":"max-snippet:-1","max-image-preview":"max-image-preview:large","max-video-preview":"max-video-preview:-1"},"canonical":"https:\/\/www.apfelpatient.de\/en\/rumors\/iphone-14-pro-models-could-be-available-in-five-colors","og_locale":"en_US","og_type":"article","og_title":"iPhone 14 Pro Modelle k\u00f6nnten in f\u00fcnf Farben verf\u00fcgbar sein","og_description":"Apple wird die iPhone 14 Reihe aller Voraussicht nach am 07. September vorstellen. Nun tauchen vermehrt geleakte Bilder der Ger\u00e4te auf.","og_url":"https:\/\/www.apfelpatient.de\/en\/rumors\/iphone-14-pro-models-could-be-available-in-five-colors","og_site_name":"Apfelpatient","article_publisher":"https:\/\/www.facebook.com\/apfelpatientOfficial","article_author":"https:\/\/www.facebook.com\/apfelpatientOfficial","article_published_time":"2022-08-25T17:15:00+00:00","article_modified_time":"2022-08-25T17:15:01+00:00","og_image":[{"width":1600,"height":900,"url":"https:\/\/www.apfelpatient.de\/wp-content\/uploads\/2022\/05\/iPhone-14-Pro-Purple-Side-by-Side-Black.jpg","type":"image\/jpeg"}],"author":"Milan","twitter_card":"summary_large_image","twitter_description":"Apple wird die iPhone 14 Reihe aller Voraussicht nach am 07. September vorstellen. Nun tauchen vermehrt geleakte Bilder der Ger\u00e4te auf.","twitter_misc":{"Written by":"Milan","Est. reading time":"4 minutes"},"schema":{"@context":"https:\/\/schema.org","@graph":[{"@type":"NewsArticle","@id":"https:\/\/www.apfelpatient.de\/rumors\/iphone-14-pro-modelle-koennten-in-fuenf-farben-verfuegbar-sein#article","isPartOf":{"@id":"https:\/\/www.apfelpatient.de\/rumors\/iphone-14-pro-modelle-koennten-in-fuenf-farben-verfuegbar-sein"},"author":{"@type":"Organization","@id":"https:\/\/www.apfelpatient.de\/en\/#organization","name":"Apfelpatient","url":"https:\/\/www.apfelpatient.de\/en\/"},"headline":"iPhone 14 Pro Modelle k\u00f6nnten in f\u00fcnf Farben verf\u00fcgbar sein","datePublished":"2022-08-25T17:15:00+00:00","dateModified":"2022-08-25T17:15:01+00:00","mainEntityOfPage":{"@id":"https:\/\/www.apfelpatient.de\/rumors\/iphone-14-pro-modelle-koennten-in-fuenf-farben-verfuegbar-sein"},"wordCount":551,"publisher":{"@type":"Organization","@id":"https:\/\/www.apfelpatient.de\/en\/#organization","name":"Apfelpatient","url":"https:\/\/www.apfelpatient.de\/en\/"},"image":{"@id":"https:\/\/www.apfelpatient.de\/rumors\/iphone-14-pro-modelle-koennten-in-fuenf-farben-verfuegbar-sein#primaryimage"},"thumbnailUrl":"https:\/\/www.apfelpatient.de\/wp-content\/uploads\/2022\/05\/iPhone-14-Pro-Purple-Side-by-Side-Black.jpg","keywords":["iPhone","iPhone 14","iPhone 2022"],"articleSection":"Rumors","inLanguage":"en-US","copyrightYear":"2022","copyrightHolder":{"@id":"https:\/\/www.apfelpatient.de\/en\/#organization"}},{"@type":"WebPage","@id":"https:\/\/www.apfelpatient.de\/rumors\/iphone-14-pro-modelle-koennten-in-fuenf-farben-verfuegbar-sein","url":"https:\/\/www.apfelpatient.de\/rumors\/iphone-14-pro-modelle-koennten-in-fuenf-farben-verfuegbar-sein","name":"iPhone 14 Pro models could be available in five colors","isPartOf":{"@id":"https:\/\/www.apfelpatient.de\/#website"},"primaryImageOfPage":{"@id":"https:\/\/www.apfelpatient.de\/rumors\/iphone-14-pro-modelle-koennten-in-fuenf-farben-verfuegbar-sein#primaryimage"},"image":{"@id":"https:\/\/www.apfelpatient.de\/rumors\/iphone-14-pro-modelle-koennten-in-fuenf-farben-verfuegbar-sein#primaryimage"},"thumbnailUrl":"https:\/\/www.apfelpatient.de\/wp-content\/uploads\/2022\/05\/iPhone-14-Pro-Purple-Side-by-Side-Black.jpg","datePublished":"2022-08-25T17:15:00+00:00","dateModified":"2022-08-25T17:15:01+00:00","description":"Apple will most likely introduce the iPhone 14 series on September 7th. Now more and more leaked images of the devices are appearing.","breadcrumb":{"@id":"https:\/\/www.apfelpatient.de\/rumors\/iphone-14-pro-modelle-koennten-in-fuenf-farben-verfuegbar-sein#breadcrumb"},"inLanguage":"en-US","potentialAction":[{"@type":"ReadAction","target":["https:\/\/www.apfelpatient.de\/rumors\/iphone-14-pro-modelle-koennten-in-fuenf-farben-verfuegbar-sein"]}]},{"@type":"ImageObject","inLanguage":"en-US","@id":"https:\/\/www.apfelpatient.de\/rumors\/iphone-14-pro-modelle-koennten-in-fuenf-farben-verfuegbar-sein#primaryimage","url":"https:\/\/www.apfelpatient.de\/wp-content\/uploads\/2022\/05\/iPhone-14-Pro-Purple-Side-by-Side-Black.jpg","contentUrl":"https:\/\/www.apfelpatient.de\/wp-content\/uploads\/2022\/05\/iPhone-14-Pro-Purple-Side-by-Side-Black.jpg","width":1600,"height":900,"caption":"Bild: Ian Zelebo x Jon Prosser - iPhone 14 Pro"},{"@type":"BreadcrumbList","@id":"https:\/\/www.apfelpatient.de\/rumors\/iphone-14-pro-modelle-koennten-in-fuenf-farben-verfuegbar-sein#breadcrumb","itemListElement":[{"@type":"ListItem","position":1,"name":"Startseite","item":"https:\/\/www.apfelpatient.de\/"},{"@type":"ListItem","position":2,"name":"iPhone 14 Pro Modelle k\u00f6nnten in f\u00fcnf Farben verf\u00fcgbar sein"}]},{"@type":"WebSite","@id":"https:\/\/www.apfelpatient.de\/#website","url":"https:\/\/www.apfelpatient.de\/","name":"apple patient","description":"Everything about Apple!","publisher":{"@type":"Organization","@id":"https:\/\/www.apfelpatient.de\/en\/#organization","name":"Apfelpatient","url":"https:\/\/www.apfelpatient.de\/en\/"},"alternateName":"Apfelpatient","potentialAction":[{"@type":"SearchAction","target":{"@type":"EntryPoint","urlTemplate":"https:\/\/www.apfelpatient.de\/?s={search_term_string}"},"query-input":{"@type":"PropertyValueSpecification","valueRequired":true,"valueName":"search_term_string"}}],"inLanguage":"en-US"},{"@type":["Person","Organization"],"@id":"https:\/\/www.apfelpatient.de\/#\/schema\/person\/7dc56ad6c8e9824b76d2c08d4c140e13","name":"Milan","logo":{"@id":"https:\/\/www.apfelpatient.de\/#\/schema\/person\/image\/"},"description":"Hello and welcome to my technology blog! As a big Apple fan, I report on everything to do with Apple: from the latest news and exciting rumors to helpful tips and tricks and detailed product tests. If you are as enthusiastic about technology as I am, you have come to the right place!","sameAs":["https:\/\/www.facebook.com\/apfelpatientOfficial","https:\/\/www.linkedin.com\/in\/milan-jovicic-42aa0231b"],"url":"https:\/\/www.apfelpatient.de\/en\/author\/apfeladmin"}]}},"_links":{"self":[{"href":"https:\/\/www.apfelpatient.de\/en\/wp-json\/wp\/v2\/posts\/33399","targetHints":{"allow":["GET"]}}],"collection":[{"href":"https:\/\/www.apfelpatient.de\/en\/wp-json\/wp\/v2\/posts"}],"about":[{"href":"https:\/\/www.apfelpatient.de\/en\/wp-json\/wp\/v2\/types\/post"}],"author":[{"embeddable":true,"href":"https:\/\/www.apfelpatient.de\/en\/wp-json\/wp\/v2\/users\/2"}],"replies":[{"embeddable":true,"href":"https:\/\/www.apfelpatient.de\/en\/wp-json\/wp\/v2\/comments?post=33399"}],"version-history":[{"count":0,"href":"https:\/\/www.apfelpatient.de\/en\/wp-json\/wp\/v2\/posts\/33399\/revisions"}],"wp:featuredmedia":[{"embeddable":true,"href":"https:\/\/www.apfelpatient.de\/en\/wp-json\/wp\/v2\/media\/31867"}],"wp:attachment":[{"href":"https:\/\/www.apfelpatient.de\/en\/wp-json\/wp\/v2\/media?parent=33399"}],"wp:term":[{"taxonomy":"category","embeddable":true,"href":"https:\/\/www.apfelpatient.de\/en\/wp-json\/wp\/v2\/categories?post=33399"},{"taxonomy":"post_tag","embeddable":true,"href":"https:\/\/www.apfelpatient.de\/en\/wp-json\/wp\/v2\/tags?post=33399"}],"curies":[{"name":"wp","href":"https:\/\/api.w.org\/{rel}","templated":true}]}}