{"id":33339,"date":"2022-08-22T17:58:52","date_gmt":"2022-08-22T15:58:52","guid":{"rendered":"https:\/\/www.apfelpatient.de\/?p=33339"},"modified":"2022-08-22T17:58:52","modified_gmt":"2022-08-22T15:58:52","slug":"m1-macbook-pro-macbook-air-apple-expands-self-service-repair-program","status":"publish","type":"post","link":"https:\/\/www.apfelpatient.de\/en\/news\/m1-macbook-pro-macbook-air-apple-erweitert-self-service-reparaturprogramm","title":{"rendered":"M1 MacBook Pro &amp; MacBook Air: Apple expands self-service repair program"},"content":{"rendered":"<p class=\"has-drop-cap\"><strong>Following the launch of the self-service repair program for iPhones in 2022, Apple has now added the MacBook Air and MacBook Pro to the list of devices eligible for the program - but not the versions with the M2 processor.<\/strong><\/p>\n\n\n\n<p>Starting August 23, the MacBook Air and MacBook Pro with M1 chipset can be repaired with parts provided by Apple. The M2 MacBook Air or MacBook Pro are not mentioned in the press release. Apple says there are more than a dozen types of repairs for each model. The repairs presented today specifically cover the display, the casing with battery, and the trackpad. As with the iPhone, customers can send the replaced parts back to Apple for refurbishment and recycling. The company also says that in many cases the user will receive a credit for returning the &quot;core piece&quot; after doing so.<\/p>\n\n\n\n<h3 class=\"wp-block-heading\" id=\"h-apples-self-service-reparaturprogramm-wachst\">Apple&#039;s self-service repair program is growing<\/h3>\n\n\n\n\n\n\n\n<p>It also says it will charge DIY repairers the same price that authorized repair centers pay for their work. This means that a new motherboard will cost about $600 after returning the core, but about $1,300 up front. Rental kits of Mac repair tools are available for $49 if the user does not already own a kit. In addition, <a href=\"https:\/\/www.apple.com\/newsroom\/2022\/08\/apple-expands-self-service-repair-to-mac-notebooks\/\" target=\"_blank\" rel=\"noreferrer noopener\">explained<\/a> Apple:<\/p>\n\n\n\n<blockquote class=\"wp-block-quote is-layout-flow wp-block-quote-is-layout-flow\"><p>Apple tools are specifically designed to provide the best possible repair of Apple products and are built to withstand the rigors of high-volume professional repair shops where safety and reliability are top priorities. Customers have access to the toolkit for one week and it ships free.<\/p><\/blockquote>\n\n\n\n<h3 class=\"wp-block-heading\">Much praise but also criticism<\/h3>\n\n\n\n<p>Monday&#039;s additions are not Apple&#039;s last. The company also announced that the program will be expanded to more countries and Mac models throughout 2022. Originally, the self-service repair program was first announced in November 2021, with more details coming a little later. The program was made available to customers in late April. This move marks a turning point for Apple - a company that has long shied away from making it easy for users to repair their devices themselves. While some repair experts praised Apple&#039;s move, others called the program too difficult and expensive. The program&#039;s execution and lack of depth were also criticized. Along with the tools and parts, Apple also provided a variety of different at-home repair guides and technical documentation. (Image: Apple)<\/p>\n\n\n\n<ul class=\"wp-block-list\"><li><a href=\"https:\/\/www.apfelpatient.de\/en\/rumors\/mac-mini-with-m2-and-m2-pro-chips-in-the-old-design\">Mac mini with M2 and M2 Pro chips in the old design?<\/a><\/li><\/ul>\n\n\n\n<h6 class=\"wp-block-heading translation-block\" id=\"h-kennt-ihr-schon-unsere-amazon-storefront-dort-findet-ihr-eine-handverlesene-auswahl-von-diversen-produkten-f-r-euer-iphone-und-co-viel-spa-beim-st-bern\"><em>Have you already visited our Amazon Storefront? There you&#039;ll find a hand-picked selection of various products for your iPhone and other devices \u2013 <span class=\"has-inline-color has-vivid-red-color\"><a href=\"https:\/\/www.amazon.de\/shop\/apfelpatientofficial\" class=\"ek-link\" data-wpel-link=\"exclude\" rel=\"follow noopener\" target=\"_self\"><span style=\"text-decoration: underline\" class=\"ek-underline\">enjoy browsing<\/span><\/a> !<\/span><\/em><\/h6>\n\n\n\n<h6 class=\"wp-block-heading translation-block\" id=\"h-der-beitrag-enthalt-partnerlinks\">This post contains <a data-type=\"URL\" data-id=\"https:\/\/www.apfelpatient.de\/partnerprogramm\" href=\"https:\/\/www.apfelpatient.de\/en\/partner-program\" data-wpel-link=\"internal\" target=\"_self\">affiliate links<\/a>.<\/h6>","protected":false},"excerpt":{"rendered":"<p>Starting August 23, MacBook Air and MacBook Pro with M1 chipset can be repaired with parts provided by Apple.<\/p>","protected":false},"author":2,"featured_media":33338,"comment_status":"closed","ping_status":"closed","sticky":false,"template":"","format":"standard","meta":{"jnews-multi-image_gallery":[],"jnews_single_post":{"subtitle":"","format":"standard","video":"","gallery":"","source_name":"","source_url":"","via_name":"","via_url":"","override":[{"single_blog_custom":"","sidebar":"","second_sidebar":"","share_position":"","share_float_style":"","post_date_format":"","post_date_format_custom":"","post_reading_time_wpm":"","zoom_button_out_step":"1","zoom_button_in_step":"1","number_popup_post":"1"}],"image_override":[{"single_post_thumbnail_size":"","single_post_gallery_size":""}],"trending_post_position":"","trending_post_label":"","sponsored_post_label":"","sponsored_post_name":"","sponsored_post_url":"","sponsored_post_logo":"","sponsored_post_desc":""},"jnews_primary_category":{"id":"9"},"footnotes":""},"categories":[9],"tags":[40],"class_list":["post-33339","post","type-post","status-publish","format-standard","has-post-thumbnail","hentry","category-news","tag-mac"],"yoast_head":"<!-- This site is optimized with the Yoast SEO Premium plugin v27.5 (Yoast SEO v27.5) - https:\/\/yoast.com\/product\/yoast-seo-premium-wordpress\/ -->\n<title>M1 MacBook Pro &amp; MacBook Air: Apple erweitert Self-Service-Reparaturprogramm<\/title>\n<meta name=\"description\" content=\"Ab dem 23. August k\u00f6nnen das MacBook Air und das MacBook Pro mit M1-Chipsatz mit von Apple zur Verf\u00fcgung gestellten Teilen repariert werden.\" \/>\n<meta name=\"robots\" content=\"index, follow, max-snippet:-1, max-image-preview:large, max-video-preview:-1\" \/>\n<link rel=\"canonical\" href=\"https:\/\/www.apfelpatient.de\/en\/news\/m1-macbook-pro-macbook-air-apple-expands-self-service-repair-program\" \/>\n<meta property=\"og:locale\" content=\"en_US\" \/>\n<meta property=\"og:type\" content=\"article\" \/>\n<meta property=\"og:title\" content=\"M1 MacBook Pro &amp; MacBook Air: Apple erweitert Self-Service-Reparaturprogramm\" \/>\n<meta property=\"og:description\" content=\"Ab dem 23. August k\u00f6nnen das MacBook Air und das MacBook Pro mit M1-Chipsatz mit von Apple zur Verf\u00fcgung gestellten Teilen repariert werden.\" \/>\n<meta property=\"og:url\" content=\"https:\/\/www.apfelpatient.de\/en\/news\/m1-macbook-pro-macbook-air-apple-expands-self-service-repair-program\" \/>\n<meta property=\"og:site_name\" content=\"Apfelpatient\" \/>\n<meta property=\"article:publisher\" content=\"https:\/\/www.facebook.com\/apfelpatientOfficial\" \/>\n<meta property=\"article:author\" content=\"https:\/\/www.facebook.com\/apfelpatientOfficial\" \/>\n<meta property=\"article:published_time\" content=\"2022-08-22T15:58:52+00:00\" \/>\n<meta property=\"og:image\" content=\"https:\/\/www.apfelpatient.de\/wp-content\/uploads\/2022\/08\/Apple-Self-Service-Mac-Repair-August-2022-hero.jpg\" \/>\n\t<meta property=\"og:image:width\" content=\"1600\" \/>\n\t<meta property=\"og:image:height\" content=\"1066\" \/>\n\t<meta property=\"og:image:type\" content=\"image\/jpeg\" \/>\n<meta name=\"author\" content=\"Milan\" \/>\n<meta name=\"twitter:card\" content=\"summary_large_image\" \/>\n<meta name=\"twitter:description\" content=\"Ab dem 23. August k\u00f6nnen das MacBook Air und das MacBook Pro mit M1-Chipsatz mit von Apple zur Verf\u00fcgung gestellten Teilen repariert werden.\" \/>\n<meta name=\"twitter:label1\" content=\"Written by\" \/>\n\t<meta name=\"twitter:data1\" content=\"Milan\" \/>\n\t<meta name=\"twitter:label2\" content=\"Est. reading time\" \/>\n\t<meta name=\"twitter:data2\" content=\"3 minutes\" \/>\n<script type=\"application\/ld+json\" class=\"yoast-schema-graph\">{\"@context\":\"https:\\\/\\\/schema.org\",\"@graph\":[{\"@type\":\"NewsArticle\",\"@id\":\"https:\\\/\\\/www.apfelpatient.de\\\/news\\\/m1-macbook-pro-macbook-air-apple-erweitert-self-service-reparaturprogramm#article\",\"isPartOf\":{\"@id\":\"https:\\\/\\\/www.apfelpatient.de\\\/news\\\/m1-macbook-pro-macbook-air-apple-erweitert-self-service-reparaturprogramm\"},\"author\":{\"@type\":\"Organization\",\"@id\":\"https:\\\/\\\/www.apfelpatient.de\\\/en\\\/#organization\",\"name\":\"Apfelpatient\",\"url\":\"https:\\\/\\\/www.apfelpatient.de\\\/en\\\/\"},\"headline\":\"M1 MacBook Pro &amp; MacBook Air: Apple erweitert Self-Service-Reparaturprogramm\",\"datePublished\":\"2022-08-22T15:58:52+00:00\",\"mainEntityOfPage\":{\"@id\":\"https:\\\/\\\/www.apfelpatient.de\\\/news\\\/m1-macbook-pro-macbook-air-apple-erweitert-self-service-reparaturprogramm\"},\"wordCount\":458,\"publisher\":{\"@type\":\"Organization\",\"@id\":\"https:\\\/\\\/www.apfelpatient.de\\\/en\\\/#organization\",\"name\":\"Apfelpatient\",\"url\":\"https:\\\/\\\/www.apfelpatient.de\\\/en\\\/\"},\"image\":{\"@id\":\"https:\\\/\\\/www.apfelpatient.de\\\/news\\\/m1-macbook-pro-macbook-air-apple-erweitert-self-service-reparaturprogramm#primaryimage\"},\"thumbnailUrl\":\"https:\\\/\\\/www.apfelpatient.de\\\/wp-content\\\/uploads\\\/2022\\\/08\\\/Apple-Self-Service-Mac-Repair-August-2022-hero.jpg\",\"keywords\":[\"Mac\"],\"articleSection\":\"News\",\"inLanguage\":\"en-US\",\"copyrightYear\":\"2022\",\"copyrightHolder\":{\"@id\":\"https:\\\/\\\/www.apfelpatient.de\\\/en\\\/#organization\"}},{\"@type\":\"WebPage\",\"@id\":\"https:\\\/\\\/www.apfelpatient.de\\\/news\\\/m1-macbook-pro-macbook-air-apple-erweitert-self-service-reparaturprogramm\",\"url\":\"https:\\\/\\\/www.apfelpatient.de\\\/news\\\/m1-macbook-pro-macbook-air-apple-erweitert-self-service-reparaturprogramm\",\"name\":\"M1 MacBook Pro &amp; MacBook Air: Apple erweitert Self-Service-Reparaturprogramm\",\"isPartOf\":{\"@id\":\"https:\\\/\\\/www.apfelpatient.de\\\/#website\"},\"primaryImageOfPage\":{\"@id\":\"https:\\\/\\\/www.apfelpatient.de\\\/news\\\/m1-macbook-pro-macbook-air-apple-erweitert-self-service-reparaturprogramm#primaryimage\"},\"image\":{\"@id\":\"https:\\\/\\\/www.apfelpatient.de\\\/news\\\/m1-macbook-pro-macbook-air-apple-erweitert-self-service-reparaturprogramm#primaryimage\"},\"thumbnailUrl\":\"https:\\\/\\\/www.apfelpatient.de\\\/wp-content\\\/uploads\\\/2022\\\/08\\\/Apple-Self-Service-Mac-Repair-August-2022-hero.jpg\",\"datePublished\":\"2022-08-22T15:58:52+00:00\",\"description\":\"Ab dem 23. August k\u00f6nnen das MacBook Air und das MacBook Pro mit M1-Chipsatz mit von Apple zur Verf\u00fcgung gestellten Teilen repariert werden.\",\"breadcrumb\":{\"@id\":\"https:\\\/\\\/www.apfelpatient.de\\\/news\\\/m1-macbook-pro-macbook-air-apple-erweitert-self-service-reparaturprogramm#breadcrumb\"},\"inLanguage\":\"en-US\",\"potentialAction\":[{\"@type\":\"ReadAction\",\"target\":[\"https:\\\/\\\/www.apfelpatient.de\\\/news\\\/m1-macbook-pro-macbook-air-apple-erweitert-self-service-reparaturprogramm\"]}]},{\"@type\":\"ImageObject\",\"inLanguage\":\"en-US\",\"@id\":\"https:\\\/\\\/www.apfelpatient.de\\\/news\\\/m1-macbook-pro-macbook-air-apple-erweitert-self-service-reparaturprogramm#primaryimage\",\"url\":\"https:\\\/\\\/www.apfelpatient.de\\\/wp-content\\\/uploads\\\/2022\\\/08\\\/Apple-Self-Service-Mac-Repair-August-2022-hero.jpg\",\"contentUrl\":\"https:\\\/\\\/www.apfelpatient.de\\\/wp-content\\\/uploads\\\/2022\\\/08\\\/Apple-Self-Service-Mac-Repair-August-2022-hero.jpg\",\"width\":1600,\"height\":1066,\"caption\":\"Bild: Apple\"},{\"@type\":\"BreadcrumbList\",\"@id\":\"https:\\\/\\\/www.apfelpatient.de\\\/news\\\/m1-macbook-pro-macbook-air-apple-erweitert-self-service-reparaturprogramm#breadcrumb\",\"itemListElement\":[{\"@type\":\"ListItem\",\"position\":1,\"name\":\"Startseite\",\"item\":\"https:\\\/\\\/www.apfelpatient.de\\\/\"},{\"@type\":\"ListItem\",\"position\":2,\"name\":\"M1 MacBook Pro &amp; MacBook Air: Apple erweitert Self-Service-Reparaturprogramm\"}]},{\"@type\":\"WebSite\",\"@id\":\"https:\\\/\\\/www.apfelpatient.de\\\/#website\",\"url\":\"https:\\\/\\\/www.apfelpatient.de\\\/\",\"name\":\"Apfelpatient\",\"description\":\"Alles rund um Apple!\",\"publisher\":{\"@type\":\"Organization\",\"@id\":\"https:\\\/\\\/www.apfelpatient.de\\\/en\\\/#organization\",\"name\":\"Apfelpatient\",\"url\":\"https:\\\/\\\/www.apfelpatient.de\\\/en\\\/\"},\"alternateName\":\"Apfelpatient\",\"potentialAction\":[{\"@type\":\"SearchAction\",\"target\":{\"@type\":\"EntryPoint\",\"urlTemplate\":\"https:\\\/\\\/www.apfelpatient.de\\\/?s={search_term_string}\"},\"query-input\":{\"@type\":\"PropertyValueSpecification\",\"valueRequired\":true,\"valueName\":\"search_term_string\"}}],\"inLanguage\":\"en-US\"},{\"@type\":[\"Person\",\"Organization\"],\"@id\":\"https:\\\/\\\/www.apfelpatient.de\\\/#\\\/schema\\\/person\\\/7dc56ad6c8e9824b76d2c08d4c140e13\",\"name\":\"Milan\",\"logo\":{\"@id\":\"https:\\\/\\\/www.apfelpatient.de\\\/#\\\/schema\\\/person\\\/image\\\/\"},\"description\":\"Hallo und herzlich willkommen auf meinem Technik-Blog! Als gro\u00dfer Apple-Fan berichte ich hier \u00fcber alles, was mit Apple zu tun hat: von den neuesten News und spannenden Ger\u00fcchten \u00fcber hilfreiche Tipps und Tricks bis hin zu ausf\u00fchrlichen Produkttests. Wenn du genauso technikbegeistert bist wie ich, bist du hier genau richtig!\",\"sameAs\":[\"https:\\\/\\\/www.facebook.com\\\/apfelpatientOfficial\",\"https:\\\/\\\/www.linkedin.com\\\/in\\\/milan-jovicic-42aa0231b\"],\"url\":\"https:\\\/\\\/www.apfelpatient.de\\\/en\\\/author\\\/apfeladmin\"}]}<\/script>\n<!-- \/ Yoast SEO Premium plugin. -->","yoast_head_json":{"title":"M1 MacBook Pro &amp; MacBook Air: Apple expands self-service repair program","description":"Starting August 23, MacBook Air and MacBook Pro with M1 chipset can be repaired with parts provided by Apple.","robots":{"index":"index","follow":"follow","max-snippet":"max-snippet:-1","max-image-preview":"max-image-preview:large","max-video-preview":"max-video-preview:-1"},"canonical":"https:\/\/www.apfelpatient.de\/en\/news\/m1-macbook-pro-macbook-air-apple-expands-self-service-repair-program","og_locale":"en_US","og_type":"article","og_title":"M1 MacBook Pro &amp; MacBook Air: Apple erweitert Self-Service-Reparaturprogramm","og_description":"Ab dem 23. August k\u00f6nnen das MacBook Air und das MacBook Pro mit M1-Chipsatz mit von Apple zur Verf\u00fcgung gestellten Teilen repariert werden.","og_url":"https:\/\/www.apfelpatient.de\/en\/news\/m1-macbook-pro-macbook-air-apple-expands-self-service-repair-program","og_site_name":"Apfelpatient","article_publisher":"https:\/\/www.facebook.com\/apfelpatientOfficial","article_author":"https:\/\/www.facebook.com\/apfelpatientOfficial","article_published_time":"2022-08-22T15:58:52+00:00","og_image":[{"width":1600,"height":1066,"url":"https:\/\/www.apfelpatient.de\/wp-content\/uploads\/2022\/08\/Apple-Self-Service-Mac-Repair-August-2022-hero.jpg","type":"image\/jpeg"}],"author":"Milan","twitter_card":"summary_large_image","twitter_description":"Ab dem 23. August k\u00f6nnen das MacBook Air und das MacBook Pro mit M1-Chipsatz mit von Apple zur Verf\u00fcgung gestellten Teilen repariert werden.","twitter_misc":{"Written by":"Milan","Est. reading time":"3 minutes"},"schema":{"@context":"https:\/\/schema.org","@graph":[{"@type":"NewsArticle","@id":"https:\/\/www.apfelpatient.de\/news\/m1-macbook-pro-macbook-air-apple-erweitert-self-service-reparaturprogramm#article","isPartOf":{"@id":"https:\/\/www.apfelpatient.de\/news\/m1-macbook-pro-macbook-air-apple-erweitert-self-service-reparaturprogramm"},"author":{"@type":"Organization","@id":"https:\/\/www.apfelpatient.de\/en\/#organization","name":"Apfelpatient","url":"https:\/\/www.apfelpatient.de\/en\/"},"headline":"M1 MacBook Pro &amp; MacBook Air: Apple erweitert Self-Service-Reparaturprogramm","datePublished":"2022-08-22T15:58:52+00:00","mainEntityOfPage":{"@id":"https:\/\/www.apfelpatient.de\/news\/m1-macbook-pro-macbook-air-apple-erweitert-self-service-reparaturprogramm"},"wordCount":458,"publisher":{"@type":"Organization","@id":"https:\/\/www.apfelpatient.de\/en\/#organization","name":"Apfelpatient","url":"https:\/\/www.apfelpatient.de\/en\/"},"image":{"@id":"https:\/\/www.apfelpatient.de\/news\/m1-macbook-pro-macbook-air-apple-erweitert-self-service-reparaturprogramm#primaryimage"},"thumbnailUrl":"https:\/\/www.apfelpatient.de\/wp-content\/uploads\/2022\/08\/Apple-Self-Service-Mac-Repair-August-2022-hero.jpg","keywords":["Mac"],"articleSection":"News","inLanguage":"en-US","copyrightYear":"2022","copyrightHolder":{"@id":"https:\/\/www.apfelpatient.de\/en\/#organization"}},{"@type":"WebPage","@id":"https:\/\/www.apfelpatient.de\/news\/m1-macbook-pro-macbook-air-apple-erweitert-self-service-reparaturprogramm","url":"https:\/\/www.apfelpatient.de\/news\/m1-macbook-pro-macbook-air-apple-erweitert-self-service-reparaturprogramm","name":"M1 MacBook Pro &amp; MacBook Air: Apple expands self-service repair program","isPartOf":{"@id":"https:\/\/www.apfelpatient.de\/#website"},"primaryImageOfPage":{"@id":"https:\/\/www.apfelpatient.de\/news\/m1-macbook-pro-macbook-air-apple-erweitert-self-service-reparaturprogramm#primaryimage"},"image":{"@id":"https:\/\/www.apfelpatient.de\/news\/m1-macbook-pro-macbook-air-apple-erweitert-self-service-reparaturprogramm#primaryimage"},"thumbnailUrl":"https:\/\/www.apfelpatient.de\/wp-content\/uploads\/2022\/08\/Apple-Self-Service-Mac-Repair-August-2022-hero.jpg","datePublished":"2022-08-22T15:58:52+00:00","description":"Starting August 23, MacBook Air and MacBook Pro with M1 chipset can be repaired with parts provided by Apple.","breadcrumb":{"@id":"https:\/\/www.apfelpatient.de\/news\/m1-macbook-pro-macbook-air-apple-erweitert-self-service-reparaturprogramm#breadcrumb"},"inLanguage":"en-US","potentialAction":[{"@type":"ReadAction","target":["https:\/\/www.apfelpatient.de\/news\/m1-macbook-pro-macbook-air-apple-erweitert-self-service-reparaturprogramm"]}]},{"@type":"ImageObject","inLanguage":"en-US","@id":"https:\/\/www.apfelpatient.de\/news\/m1-macbook-pro-macbook-air-apple-erweitert-self-service-reparaturprogramm#primaryimage","url":"https:\/\/www.apfelpatient.de\/wp-content\/uploads\/2022\/08\/Apple-Self-Service-Mac-Repair-August-2022-hero.jpg","contentUrl":"https:\/\/www.apfelpatient.de\/wp-content\/uploads\/2022\/08\/Apple-Self-Service-Mac-Repair-August-2022-hero.jpg","width":1600,"height":1066,"caption":"Bild: Apple"},{"@type":"BreadcrumbList","@id":"https:\/\/www.apfelpatient.de\/news\/m1-macbook-pro-macbook-air-apple-erweitert-self-service-reparaturprogramm#breadcrumb","itemListElement":[{"@type":"ListItem","position":1,"name":"Startseite","item":"https:\/\/www.apfelpatient.de\/"},{"@type":"ListItem","position":2,"name":"M1 MacBook Pro &amp; MacBook Air: Apple erweitert Self-Service-Reparaturprogramm"}]},{"@type":"WebSite","@id":"https:\/\/www.apfelpatient.de\/#website","url":"https:\/\/www.apfelpatient.de\/","name":"apple patient","description":"Everything about Apple!","publisher":{"@type":"Organization","@id":"https:\/\/www.apfelpatient.de\/en\/#organization","name":"Apfelpatient","url":"https:\/\/www.apfelpatient.de\/en\/"},"alternateName":"Apfelpatient","potentialAction":[{"@type":"SearchAction","target":{"@type":"EntryPoint","urlTemplate":"https:\/\/www.apfelpatient.de\/?s={search_term_string}"},"query-input":{"@type":"PropertyValueSpecification","valueRequired":true,"valueName":"search_term_string"}}],"inLanguage":"en-US"},{"@type":["Person","Organization"],"@id":"https:\/\/www.apfelpatient.de\/#\/schema\/person\/7dc56ad6c8e9824b76d2c08d4c140e13","name":"Milan","logo":{"@id":"https:\/\/www.apfelpatient.de\/#\/schema\/person\/image\/"},"description":"Hello and welcome to my technology blog! As a big Apple fan, I report on everything to do with Apple: from the latest news and exciting rumors to helpful tips and tricks and detailed product tests. If you are as enthusiastic about technology as I am, you have come to the right place!","sameAs":["https:\/\/www.facebook.com\/apfelpatientOfficial","https:\/\/www.linkedin.com\/in\/milan-jovicic-42aa0231b"],"url":"https:\/\/www.apfelpatient.de\/en\/author\/apfeladmin"}]}},"_links":{"self":[{"href":"https:\/\/www.apfelpatient.de\/en\/wp-json\/wp\/v2\/posts\/33339","targetHints":{"allow":["GET"]}}],"collection":[{"href":"https:\/\/www.apfelpatient.de\/en\/wp-json\/wp\/v2\/posts"}],"about":[{"href":"https:\/\/www.apfelpatient.de\/en\/wp-json\/wp\/v2\/types\/post"}],"author":[{"embeddable":true,"href":"https:\/\/www.apfelpatient.de\/en\/wp-json\/wp\/v2\/users\/2"}],"replies":[{"embeddable":true,"href":"https:\/\/www.apfelpatient.de\/en\/wp-json\/wp\/v2\/comments?post=33339"}],"version-history":[{"count":0,"href":"https:\/\/www.apfelpatient.de\/en\/wp-json\/wp\/v2\/posts\/33339\/revisions"}],"wp:featuredmedia":[{"embeddable":true,"href":"https:\/\/www.apfelpatient.de\/en\/wp-json\/wp\/v2\/media\/33338"}],"wp:attachment":[{"href":"https:\/\/www.apfelpatient.de\/en\/wp-json\/wp\/v2\/media?parent=33339"}],"wp:term":[{"taxonomy":"category","embeddable":true,"href":"https:\/\/www.apfelpatient.de\/en\/wp-json\/wp\/v2\/categories?post=33339"},{"taxonomy":"post_tag","embeddable":true,"href":"https:\/\/www.apfelpatient.de\/en\/wp-json\/wp\/v2\/tags?post=33339"}],"curies":[{"name":"wp","href":"https:\/\/api.w.org\/{rel}","templated":true}]}}