{"id":33312,"date":"2022-08-20T12:16:18","date_gmt":"2022-08-20T10:16:18","guid":{"rendered":"https:\/\/www.apfelpatient.de\/?p=33312"},"modified":"2022-08-20T12:16:18","modified_gmt":"2022-08-20T10:16:18","slug":"iphone-12-sound-dropouts-apple-extends-the-repair-program","status":"publish","type":"post","link":"https:\/\/www.apfelpatient.de\/en\/news\/iphone-12-tonausfaelle-apple-verlaengert-das-reparaturprogramm","title":{"rendered":"iPhone 12 sound outages: Apple extends the repair program"},"content":{"rendered":"<p class=\"has-drop-cap\"><strong>Apple today extended its repair program for iPhone 12 and iPhone 12 Pro models with earpiece-related sound dropouts.<\/strong><\/p>\n\n\n\n<p>According to Apple, the program now covers affected iPhone 12 or iPhone 12 Pro devices for up to three years after the first sale of the device, up from two years previously. The one-year extension is valid worldwide. Apple <a href=\"https:\/\/www.apfelpatient.de\/en\/news\/iphone-12-sound-dropouts-apple-starts-repair-program\">started<\/a> the repair program in August 2021 after the company discovered that a &quot;very small percentage&quot; of iPhone 12 and iPhone 12 Pro units may experience sound issues due to a component that can fail in the earpiece module, also called the receiver.<\/p>\n\n\n\n<h3 class=\"wp-block-heading\" id=\"h-iphone-12-reparaturprogramm-mini-und-max-modelle-sind-nicht-betroffen\">iPhone 12 repair program: Mini and Max models are not affected<\/h3>\n\n\n\n\n\n\n\n<p>The issue may cause the earpiece to stop producing sound when making calls. Apple or an Apple Authorized Partner will repair affected iPhones free of charge. The steps to start the process are available on the Apple website <a href=\"https:\/\/support.apple.com\/iphone-12-and-iphone-12-pro-service-program-for-no-sound-issues\" target=\"_blank\" rel=\"noreferrer noopener\">described<\/a>The affected devices were manufactured between October 2020 and April 2021 and, according to Apple, the program does not apply to the iPhone 12 mini or the iPhone 12 Pro Max. (Photo by dimanikin \/ Bigstockphoto)<\/p>\n\n\n\n<ul class=\"wp-block-list\"><li><a href=\"https:\/\/www.apfelpatient.de\/en\/rumors\/iphone-14-pro-more-expensive-but-with-more-storage-space\">iPhone 14 Pro: More expensive but with more storage space?<\/a><\/li><\/ul>\n\n\n\n<h6 class=\"wp-block-heading translation-block\" id=\"h-kennt-ihr-schon-unsere-amazon-storefront-dort-findet-ihr-eine-handverlesene-auswahl-von-diversen-produkten-f-r-euer-iphone-und-co-viel-spa-beim-st-bern\"><em>Have you already visited our Amazon Storefront? There you&#039;ll find a hand-picked selection of various products for your iPhone and other devices \u2013 <span class=\"has-inline-color has-vivid-red-color\"><a href=\"https:\/\/www.amazon.de\/shop\/apfelpatientofficial\" class=\"ek-link\" data-wpel-link=\"exclude\" rel=\"follow noopener\" target=\"_self\"><span style=\"text-decoration: underline\" class=\"ek-underline\">enjoy browsing<\/span><\/a> !<\/span><\/em><\/h6>\n\n\n\n<h6 class=\"wp-block-heading translation-block\" id=\"h-der-beitrag-enthalt-partnerlinks\">This post contains <a data-type=\"URL\" data-id=\"https:\/\/www.apfelpatient.de\/partnerprogramm\" href=\"https:\/\/www.apfelpatient.de\/en\/partner-program\" data-wpel-link=\"internal\" target=\"_self\">affiliate links<\/a>.<\/h6>","protected":false},"excerpt":{"rendered":"<p>Apple has extended its repair program for iPhone 12 and iPhone 12 Pro models with earpiece-related sound dropouts.<\/p>","protected":false},"author":2,"featured_media":33314,"comment_status":"closed","ping_status":"closed","sticky":false,"template":"","format":"standard","meta":{"jnews-multi-image_gallery":[],"jnews_single_post":{"subtitle":"","format":"standard","video":"","gallery":"","source_name":"","source_url":"","via_name":"","via_url":"","override":[{"single_blog_custom":"","sidebar":"","second_sidebar":"","share_position":"","share_float_style":"","post_date_format":"","post_date_format_custom":"","post_reading_time_wpm":"","zoom_button_out_step":"1","zoom_button_in_step":"1","number_popup_post":"1"}],"image_override":[{"single_post_thumbnail_size":"","single_post_gallery_size":""}],"trending_post_position":"","trending_post_label":"","sponsored_post_label":"","sponsored_post_name":"","sponsored_post_url":"","sponsored_post_logo":"","sponsored_post_desc":""},"jnews_primary_category":{"id":"9"},"footnotes":""},"categories":[9],"tags":[8,321,139],"class_list":["post-33312","post","type-post","status-publish","format-standard","has-post-thumbnail","hentry","category-news","tag-iphone","tag-iphone-12","tag-reparaturprogramm"],"yoast_head":"<!-- This site is optimized with the Yoast SEO Premium plugin v27.5 (Yoast SEO v27.5) - https:\/\/yoast.com\/product\/yoast-seo-premium-wordpress\/ -->\n<title>iPhone 12 Tonausf\u00e4lle: Apple verl\u00e4ngert das Reparaturprogramm<\/title>\n<meta name=\"description\" content=\"Apple hat sein Reparaturprogramm f\u00fcr iPhone 12 und iPhone 12 Pro Modelle mit Tonausf\u00e4llen im Zusammenhang mit dem Ohrh\u00f6rer verl\u00e4ngert.\" \/>\n<meta name=\"robots\" content=\"index, follow, max-snippet:-1, max-image-preview:large, max-video-preview:-1\" \/>\n<link rel=\"canonical\" href=\"https:\/\/www.apfelpatient.de\/en\/news\/iphone-12-sound-dropouts-apple-extends-the-repair-program\" \/>\n<meta property=\"og:locale\" content=\"en_US\" \/>\n<meta property=\"og:type\" content=\"article\" \/>\n<meta property=\"og:title\" content=\"iPhone 12 Tonausf\u00e4lle: Apple verl\u00e4ngert das Reparaturprogramm\" \/>\n<meta property=\"og:description\" content=\"Apple hat sein Reparaturprogramm f\u00fcr iPhone 12 und iPhone 12 Pro Modelle mit Tonausf\u00e4llen im Zusammenhang mit dem Ohrh\u00f6rer verl\u00e4ngert.\" \/>\n<meta property=\"og:url\" content=\"https:\/\/www.apfelpatient.de\/en\/news\/iphone-12-sound-dropouts-apple-extends-the-repair-program\" \/>\n<meta property=\"og:site_name\" content=\"Apfelpatient\" \/>\n<meta property=\"article:publisher\" content=\"https:\/\/www.facebook.com\/apfelpatientOfficial\" \/>\n<meta property=\"article:author\" content=\"https:\/\/www.facebook.com\/apfelpatientOfficial\" \/>\n<meta property=\"article:published_time\" content=\"2022-08-20T10:16:18+00:00\" \/>\n<meta property=\"og:image\" content=\"https:\/\/www.apfelpatient.de\/wp-content\/uploads\/2022\/08\/bigstock-Kaliningrad-Russia-April-457743851-1024x683.jpg\" \/>\n\t<meta property=\"og:image:width\" content=\"1024\" \/>\n\t<meta property=\"og:image:height\" content=\"683\" \/>\n\t<meta property=\"og:image:type\" content=\"image\/jpeg\" \/>\n<meta name=\"author\" content=\"Milan\" \/>\n<meta name=\"twitter:card\" content=\"summary_large_image\" \/>\n<meta name=\"twitter:description\" content=\"Apple hat sein Reparaturprogramm f\u00fcr iPhone 12 und iPhone 12 Pro Modelle mit Tonausf\u00e4llen im Zusammenhang mit dem Ohrh\u00f6rer verl\u00e4ngert.\" \/>\n<meta name=\"twitter:label1\" content=\"Written by\" \/>\n\t<meta name=\"twitter:data1\" content=\"Milan\" \/>\n\t<meta name=\"twitter:label2\" content=\"Est. reading time\" \/>\n\t<meta name=\"twitter:data2\" content=\"2 minutes\" \/>\n<script type=\"application\/ld+json\" class=\"yoast-schema-graph\">{\"@context\":\"https:\\\/\\\/schema.org\",\"@graph\":[{\"@type\":\"NewsArticle\",\"@id\":\"https:\\\/\\\/www.apfelpatient.de\\\/news\\\/iphone-12-tonausfaelle-apple-verlaengert-das-reparaturprogramm#article\",\"isPartOf\":{\"@id\":\"https:\\\/\\\/www.apfelpatient.de\\\/news\\\/iphone-12-tonausfaelle-apple-verlaengert-das-reparaturprogramm\"},\"author\":{\"@type\":\"Organization\",\"@id\":\"https:\\\/\\\/www.apfelpatient.de\\\/en\\\/#organization\",\"name\":\"Apfelpatient\",\"url\":\"https:\\\/\\\/www.apfelpatient.de\\\/en\\\/\"},\"headline\":\"iPhone 12 Tonausf\u00e4lle: Apple verl\u00e4ngert das Reparaturprogramm\",\"datePublished\":\"2022-08-20T10:16:18+00:00\",\"mainEntityOfPage\":{\"@id\":\"https:\\\/\\\/www.apfelpatient.de\\\/news\\\/iphone-12-tonausfaelle-apple-verlaengert-das-reparaturprogramm\"},\"wordCount\":201,\"publisher\":{\"@type\":\"Organization\",\"@id\":\"https:\\\/\\\/www.apfelpatient.de\\\/en\\\/#organization\",\"name\":\"Apfelpatient\",\"url\":\"https:\\\/\\\/www.apfelpatient.de\\\/en\\\/\"},\"image\":{\"@id\":\"https:\\\/\\\/www.apfelpatient.de\\\/news\\\/iphone-12-tonausfaelle-apple-verlaengert-das-reparaturprogramm#primaryimage\"},\"thumbnailUrl\":\"https:\\\/\\\/www.apfelpatient.de\\\/wp-content\\\/uploads\\\/2022\\\/08\\\/bigstock-Kaliningrad-Russia-April-457743851.jpg\",\"keywords\":[\"iPhone\",\"iPhone 12\",\"Reparaturprogramm\"],\"articleSection\":\"News\",\"inLanguage\":\"en-US\",\"copyrightYear\":\"2022\",\"copyrightHolder\":{\"@id\":\"https:\\\/\\\/www.apfelpatient.de\\\/en\\\/#organization\"}},{\"@type\":\"WebPage\",\"@id\":\"https:\\\/\\\/www.apfelpatient.de\\\/news\\\/iphone-12-tonausfaelle-apple-verlaengert-das-reparaturprogramm\",\"url\":\"https:\\\/\\\/www.apfelpatient.de\\\/news\\\/iphone-12-tonausfaelle-apple-verlaengert-das-reparaturprogramm\",\"name\":\"iPhone 12 Tonausf\u00e4lle: Apple verl\u00e4ngert das Reparaturprogramm\",\"isPartOf\":{\"@id\":\"https:\\\/\\\/www.apfelpatient.de\\\/#website\"},\"primaryImageOfPage\":{\"@id\":\"https:\\\/\\\/www.apfelpatient.de\\\/news\\\/iphone-12-tonausfaelle-apple-verlaengert-das-reparaturprogramm#primaryimage\"},\"image\":{\"@id\":\"https:\\\/\\\/www.apfelpatient.de\\\/news\\\/iphone-12-tonausfaelle-apple-verlaengert-das-reparaturprogramm#primaryimage\"},\"thumbnailUrl\":\"https:\\\/\\\/www.apfelpatient.de\\\/wp-content\\\/uploads\\\/2022\\\/08\\\/bigstock-Kaliningrad-Russia-April-457743851.jpg\",\"datePublished\":\"2022-08-20T10:16:18+00:00\",\"description\":\"Apple hat sein Reparaturprogramm f\u00fcr iPhone 12 und iPhone 12 Pro Modelle mit Tonausf\u00e4llen im Zusammenhang mit dem Ohrh\u00f6rer verl\u00e4ngert.\",\"breadcrumb\":{\"@id\":\"https:\\\/\\\/www.apfelpatient.de\\\/news\\\/iphone-12-tonausfaelle-apple-verlaengert-das-reparaturprogramm#breadcrumb\"},\"inLanguage\":\"en-US\",\"potentialAction\":[{\"@type\":\"ReadAction\",\"target\":[\"https:\\\/\\\/www.apfelpatient.de\\\/news\\\/iphone-12-tonausfaelle-apple-verlaengert-das-reparaturprogramm\"]}]},{\"@type\":\"ImageObject\",\"inLanguage\":\"en-US\",\"@id\":\"https:\\\/\\\/www.apfelpatient.de\\\/news\\\/iphone-12-tonausfaelle-apple-verlaengert-das-reparaturprogramm#primaryimage\",\"url\":\"https:\\\/\\\/www.apfelpatient.de\\\/wp-content\\\/uploads\\\/2022\\\/08\\\/bigstock-Kaliningrad-Russia-April-457743851.jpg\",\"contentUrl\":\"https:\\\/\\\/www.apfelpatient.de\\\/wp-content\\\/uploads\\\/2022\\\/08\\\/bigstock-Kaliningrad-Russia-April-457743851.jpg\",\"width\":1600,\"height\":1067,\"caption\":\"Kaliningrad, Russia - April 15, 2021: Black Apple iPhone 12 on a gray background. Latest model phone.\"},{\"@type\":\"BreadcrumbList\",\"@id\":\"https:\\\/\\\/www.apfelpatient.de\\\/news\\\/iphone-12-tonausfaelle-apple-verlaengert-das-reparaturprogramm#breadcrumb\",\"itemListElement\":[{\"@type\":\"ListItem\",\"position\":1,\"name\":\"Startseite\",\"item\":\"https:\\\/\\\/www.apfelpatient.de\\\/\"},{\"@type\":\"ListItem\",\"position\":2,\"name\":\"iPhone 12 Tonausf\u00e4lle: Apple verl\u00e4ngert das Reparaturprogramm\"}]},{\"@type\":\"WebSite\",\"@id\":\"https:\\\/\\\/www.apfelpatient.de\\\/#website\",\"url\":\"https:\\\/\\\/www.apfelpatient.de\\\/\",\"name\":\"Apfelpatient\",\"description\":\"Alles rund um Apple!\",\"publisher\":{\"@type\":\"Organization\",\"@id\":\"https:\\\/\\\/www.apfelpatient.de\\\/en\\\/#organization\",\"name\":\"Apfelpatient\",\"url\":\"https:\\\/\\\/www.apfelpatient.de\\\/en\\\/\"},\"alternateName\":\"Apfelpatient\",\"potentialAction\":[{\"@type\":\"SearchAction\",\"target\":{\"@type\":\"EntryPoint\",\"urlTemplate\":\"https:\\\/\\\/www.apfelpatient.de\\\/?s={search_term_string}\"},\"query-input\":{\"@type\":\"PropertyValueSpecification\",\"valueRequired\":true,\"valueName\":\"search_term_string\"}}],\"inLanguage\":\"en-US\"},{\"@type\":[\"Person\",\"Organization\"],\"@id\":\"https:\\\/\\\/www.apfelpatient.de\\\/#\\\/schema\\\/person\\\/7dc56ad6c8e9824b76d2c08d4c140e13\",\"name\":\"Milan\",\"logo\":{\"@id\":\"https:\\\/\\\/www.apfelpatient.de\\\/#\\\/schema\\\/person\\\/image\\\/\"},\"description\":\"Hallo und herzlich willkommen auf meinem Technik-Blog! Als gro\u00dfer Apple-Fan berichte ich hier \u00fcber alles, was mit Apple zu tun hat: von den neuesten News und spannenden Ger\u00fcchten \u00fcber hilfreiche Tipps und Tricks bis hin zu ausf\u00fchrlichen Produkttests. Wenn du genauso technikbegeistert bist wie ich, bist du hier genau richtig!\",\"sameAs\":[\"https:\\\/\\\/www.facebook.com\\\/apfelpatientOfficial\",\"https:\\\/\\\/www.linkedin.com\\\/in\\\/milan-jovicic-42aa0231b\"],\"url\":\"https:\\\/\\\/www.apfelpatient.de\\\/en\\\/author\\\/apfeladmin\"}]}<\/script>\n<!-- \/ Yoast SEO Premium plugin. -->","yoast_head_json":{"title":"iPhone 12 sound outages: Apple extends the repair program","description":"Apple has extended its repair program for iPhone 12 and iPhone 12 Pro models with earpiece-related sound dropouts.","robots":{"index":"index","follow":"follow","max-snippet":"max-snippet:-1","max-image-preview":"max-image-preview:large","max-video-preview":"max-video-preview:-1"},"canonical":"https:\/\/www.apfelpatient.de\/en\/news\/iphone-12-sound-dropouts-apple-extends-the-repair-program","og_locale":"en_US","og_type":"article","og_title":"iPhone 12 Tonausf\u00e4lle: Apple verl\u00e4ngert das Reparaturprogramm","og_description":"Apple hat sein Reparaturprogramm f\u00fcr iPhone 12 und iPhone 12 Pro Modelle mit Tonausf\u00e4llen im Zusammenhang mit dem Ohrh\u00f6rer verl\u00e4ngert.","og_url":"https:\/\/www.apfelpatient.de\/en\/news\/iphone-12-sound-dropouts-apple-extends-the-repair-program","og_site_name":"Apfelpatient","article_publisher":"https:\/\/www.facebook.com\/apfelpatientOfficial","article_author":"https:\/\/www.facebook.com\/apfelpatientOfficial","article_published_time":"2022-08-20T10:16:18+00:00","og_image":[{"width":1024,"height":683,"url":"https:\/\/www.apfelpatient.de\/wp-content\/uploads\/2022\/08\/bigstock-Kaliningrad-Russia-April-457743851-1024x683.jpg","type":"image\/jpeg"}],"author":"Milan","twitter_card":"summary_large_image","twitter_description":"Apple hat sein Reparaturprogramm f\u00fcr iPhone 12 und iPhone 12 Pro Modelle mit Tonausf\u00e4llen im Zusammenhang mit dem Ohrh\u00f6rer verl\u00e4ngert.","twitter_misc":{"Written by":"Milan","Est. reading time":"2 minutes"},"schema":{"@context":"https:\/\/schema.org","@graph":[{"@type":"NewsArticle","@id":"https:\/\/www.apfelpatient.de\/news\/iphone-12-tonausfaelle-apple-verlaengert-das-reparaturprogramm#article","isPartOf":{"@id":"https:\/\/www.apfelpatient.de\/news\/iphone-12-tonausfaelle-apple-verlaengert-das-reparaturprogramm"},"author":{"@type":"Organization","@id":"https:\/\/www.apfelpatient.de\/en\/#organization","name":"Apfelpatient","url":"https:\/\/www.apfelpatient.de\/en\/"},"headline":"iPhone 12 Tonausf\u00e4lle: Apple verl\u00e4ngert das Reparaturprogramm","datePublished":"2022-08-20T10:16:18+00:00","mainEntityOfPage":{"@id":"https:\/\/www.apfelpatient.de\/news\/iphone-12-tonausfaelle-apple-verlaengert-das-reparaturprogramm"},"wordCount":201,"publisher":{"@type":"Organization","@id":"https:\/\/www.apfelpatient.de\/en\/#organization","name":"Apfelpatient","url":"https:\/\/www.apfelpatient.de\/en\/"},"image":{"@id":"https:\/\/www.apfelpatient.de\/news\/iphone-12-tonausfaelle-apple-verlaengert-das-reparaturprogramm#primaryimage"},"thumbnailUrl":"https:\/\/www.apfelpatient.de\/wp-content\/uploads\/2022\/08\/bigstock-Kaliningrad-Russia-April-457743851.jpg","keywords":["iPhone","iPhone 12","Reparaturprogramm"],"articleSection":"News","inLanguage":"en-US","copyrightYear":"2022","copyrightHolder":{"@id":"https:\/\/www.apfelpatient.de\/en\/#organization"}},{"@type":"WebPage","@id":"https:\/\/www.apfelpatient.de\/news\/iphone-12-tonausfaelle-apple-verlaengert-das-reparaturprogramm","url":"https:\/\/www.apfelpatient.de\/news\/iphone-12-tonausfaelle-apple-verlaengert-das-reparaturprogramm","name":"iPhone 12 sound outages: Apple extends the repair program","isPartOf":{"@id":"https:\/\/www.apfelpatient.de\/#website"},"primaryImageOfPage":{"@id":"https:\/\/www.apfelpatient.de\/news\/iphone-12-tonausfaelle-apple-verlaengert-das-reparaturprogramm#primaryimage"},"image":{"@id":"https:\/\/www.apfelpatient.de\/news\/iphone-12-tonausfaelle-apple-verlaengert-das-reparaturprogramm#primaryimage"},"thumbnailUrl":"https:\/\/www.apfelpatient.de\/wp-content\/uploads\/2022\/08\/bigstock-Kaliningrad-Russia-April-457743851.jpg","datePublished":"2022-08-20T10:16:18+00:00","description":"Apple has extended its repair program for iPhone 12 and iPhone 12 Pro models with earpiece-related sound dropouts.","breadcrumb":{"@id":"https:\/\/www.apfelpatient.de\/news\/iphone-12-tonausfaelle-apple-verlaengert-das-reparaturprogramm#breadcrumb"},"inLanguage":"en-US","potentialAction":[{"@type":"ReadAction","target":["https:\/\/www.apfelpatient.de\/news\/iphone-12-tonausfaelle-apple-verlaengert-das-reparaturprogramm"]}]},{"@type":"ImageObject","inLanguage":"en-US","@id":"https:\/\/www.apfelpatient.de\/news\/iphone-12-tonausfaelle-apple-verlaengert-das-reparaturprogramm#primaryimage","url":"https:\/\/www.apfelpatient.de\/wp-content\/uploads\/2022\/08\/bigstock-Kaliningrad-Russia-April-457743851.jpg","contentUrl":"https:\/\/www.apfelpatient.de\/wp-content\/uploads\/2022\/08\/bigstock-Kaliningrad-Russia-April-457743851.jpg","width":1600,"height":1067,"caption":"Kaliningrad, Russia - April 15, 2021: Black Apple iPhone 12 on a gray background. Latest model phone."},{"@type":"BreadcrumbList","@id":"https:\/\/www.apfelpatient.de\/news\/iphone-12-tonausfaelle-apple-verlaengert-das-reparaturprogramm#breadcrumb","itemListElement":[{"@type":"ListItem","position":1,"name":"Startseite","item":"https:\/\/www.apfelpatient.de\/"},{"@type":"ListItem","position":2,"name":"iPhone 12 Tonausf\u00e4lle: Apple verl\u00e4ngert das Reparaturprogramm"}]},{"@type":"WebSite","@id":"https:\/\/www.apfelpatient.de\/#website","url":"https:\/\/www.apfelpatient.de\/","name":"apple patient","description":"Everything about Apple!","publisher":{"@type":"Organization","@id":"https:\/\/www.apfelpatient.de\/en\/#organization","name":"Apfelpatient","url":"https:\/\/www.apfelpatient.de\/en\/"},"alternateName":"Apfelpatient","potentialAction":[{"@type":"SearchAction","target":{"@type":"EntryPoint","urlTemplate":"https:\/\/www.apfelpatient.de\/?s={search_term_string}"},"query-input":{"@type":"PropertyValueSpecification","valueRequired":true,"valueName":"search_term_string"}}],"inLanguage":"en-US"},{"@type":["Person","Organization"],"@id":"https:\/\/www.apfelpatient.de\/#\/schema\/person\/7dc56ad6c8e9824b76d2c08d4c140e13","name":"Milan","logo":{"@id":"https:\/\/www.apfelpatient.de\/#\/schema\/person\/image\/"},"description":"Hello and welcome to my technology blog! As a big Apple fan, I report on everything to do with Apple: from the latest news and exciting rumors to helpful tips and tricks and detailed product tests. If you are as enthusiastic about technology as I am, you have come to the right place!","sameAs":["https:\/\/www.facebook.com\/apfelpatientOfficial","https:\/\/www.linkedin.com\/in\/milan-jovicic-42aa0231b"],"url":"https:\/\/www.apfelpatient.de\/en\/author\/apfeladmin"}]}},"_links":{"self":[{"href":"https:\/\/www.apfelpatient.de\/en\/wp-json\/wp\/v2\/posts\/33312","targetHints":{"allow":["GET"]}}],"collection":[{"href":"https:\/\/www.apfelpatient.de\/en\/wp-json\/wp\/v2\/posts"}],"about":[{"href":"https:\/\/www.apfelpatient.de\/en\/wp-json\/wp\/v2\/types\/post"}],"author":[{"embeddable":true,"href":"https:\/\/www.apfelpatient.de\/en\/wp-json\/wp\/v2\/users\/2"}],"replies":[{"embeddable":true,"href":"https:\/\/www.apfelpatient.de\/en\/wp-json\/wp\/v2\/comments?post=33312"}],"version-history":[{"count":0,"href":"https:\/\/www.apfelpatient.de\/en\/wp-json\/wp\/v2\/posts\/33312\/revisions"}],"wp:featuredmedia":[{"embeddable":true,"href":"https:\/\/www.apfelpatient.de\/en\/wp-json\/wp\/v2\/media\/33314"}],"wp:attachment":[{"href":"https:\/\/www.apfelpatient.de\/en\/wp-json\/wp\/v2\/media?parent=33312"}],"wp:term":[{"taxonomy":"category","embeddable":true,"href":"https:\/\/www.apfelpatient.de\/en\/wp-json\/wp\/v2\/categories?post=33312"},{"taxonomy":"post_tag","embeddable":true,"href":"https:\/\/www.apfelpatient.de\/en\/wp-json\/wp\/v2\/tags?post=33312"}],"curies":[{"name":"wp","href":"https:\/\/api.w.org\/{rel}","templated":true}]}}