{"id":33264,"date":"2022-08-17T17:29:15","date_gmt":"2022-08-17T15:29:15","guid":{"rendered":"https:\/\/www.apfelpatient.de\/?p=33264"},"modified":"2022-08-17T17:29:15","modified_gmt":"2022-08-17T15:29:15","slug":"iphone-14-pro-more-expensive-but-with-more-storage-space","status":"publish","type":"post","link":"https:\/\/www.apfelpatient.de\/en\/rumors\/iphone-14-pro-teurer-aber-mit-mehr-speicherplatz","title":{"rendered":"iPhone 14 Pro: More expensive but with more storage space?"},"content":{"rendered":"<p class=\"has-drop-cap\"><strong>Signs are mounting that Apple will raise the prices of the iPhone 14 Pro and iPhone 14 Pro Max this year. After Ming-Chi Kuo first hinted at the possibility of a price increase last week, another analyst has now spoken out.<\/strong><\/p>\n\n\n\n<p>In a letter to investors, <a href=\"https:\/\/www.ped30.com\/2022\/08\/17\/apple-wedbush-ives-220-hike\/\" target=\"_blank\" rel=\"noreferrer noopener\">explained<\/a> Wedbush analyst Daniel Ives predicts that more consumers than ever will choose the iPhone 14 Pro and iPhone 14 Pro Max over the cheaper alternatives. That&#039;s good news for Apple&#039;s coveted average selling price metric, especially if the $100 price increase actually happens. Ives writes:<\/p>\n\n\n\n<h3 class=\"wp-block-heading\" id=\"h-iphone-14-pro-welchen-weg-wird-apple-einschlagen\">iPhone 14 Pro: Which path will Apple take?<\/h3>\n\n\n\n\n\n\n\n<blockquote class=\"wp-block-quote is-layout-flow wp-block-quote-is-layout-flow\"><p>In particular, we believe Apple is expecting another big shift in iPhone Pro and Pro Max models, which will have a positive impact on ASPs in FY23. While the price of the base iPhone will remain unchanged, we believe the iPhone 14 Pro\/Pro Max will likely be $100 more expensive given the component price increases and additional features of this new version.<\/p><\/blockquote>\n\n\n\n<p>In addition, Ives hints that Apple &quot;may expand the storage of the base iPhone 14\/Pro.&quot; This means that Apple could increase the base storage configuration to offset the price increase. Currently, the iPhone 13 Pro starts at 128GB of storage. Ives is already the second analyst to predict a price increase for the iPhone 14 Pro and iPhone 14 Pro Max. However, we should take his prediction with a grain of salt as his hardware reports are not always reliable. (Image: Ian Zelebo x Jon Prosser)<\/p>\n\n\n\n<ul class=\"wp-block-list\"><li><a href=\"https:\/\/www.apfelpatient.de\/en\/rumors\/iphone-13-pro-iphone-14-pro-max-camera-bump-in-comparison\">iPhone 13 Pro &amp; iPhone 14 Pro Max: Camera bump in comparison<\/a><\/li><\/ul>\n\n\n\n<h6 class=\"wp-block-heading translation-block\" id=\"h-kennt-ihr-schon-unsere-amazon-storefront-dort-findet-ihr-eine-handverlesene-auswahl-von-diversen-produkten-f-r-euer-iphone-und-co-viel-spa-beim-st-bern\"><em>Have you already visited our Amazon Storefront? There you&#039;ll find a hand-picked selection of various products for your iPhone and other devices \u2013 <span class=\"has-inline-color has-vivid-red-color\"><a href=\"https:\/\/www.amazon.de\/shop\/apfelpatientofficial\" class=\"ek-link\" data-wpel-link=\"exclude\" rel=\"follow noopener\" target=\"_self\"><span style=\"text-decoration: underline\" class=\"ek-underline\">enjoy browsing<\/span><\/a> !<\/span><\/em><\/h6>\n\n\n\n<h6 class=\"wp-block-heading translation-block\" id=\"h-der-beitrag-enthalt-partnerlinks\">This post contains <a data-type=\"URL\" data-id=\"https:\/\/www.apfelpatient.de\/partnerprogramm\" href=\"https:\/\/www.apfelpatient.de\/en\/partner-program\" data-wpel-link=\"internal\" target=\"_self\">affiliate links<\/a>.<\/h6>","protected":false},"excerpt":{"rendered":"<p>Signs are mounting that Apple will raise the prices of the iPhone 14 Pro and iPhone 14 Pro Max this year.<\/p>","protected":false},"author":2,"featured_media":31862,"comment_status":"closed","ping_status":"closed","sticky":false,"template":"","format":"standard","meta":{"jnews-multi-image_gallery":[],"jnews_single_post":{"subtitle":"","format":"standard","video":"","gallery":"","source_name":"","source_url":"","via_name":"","via_url":"","override":[{"single_blog_custom":"","sidebar":"","second_sidebar":"","share_position":"","share_float_style":"","post_date_format":"","post_date_format_custom":"","post_reading_time_wpm":"","zoom_button_out_step":"1","zoom_button_in_step":"1","number_popup_post":"1"}],"image_override":[{"single_post_thumbnail_size":"","single_post_gallery_size":""}],"trending_post_position":"","trending_post_label":"","sponsored_post_label":"","sponsored_post_name":"","sponsored_post_url":"","sponsored_post_logo":"","sponsored_post_desc":""},"jnews_primary_category":{"id":"25"},"footnotes":""},"categories":[25],"tags":[8,683,422],"class_list":["post-33264","post","type-post","status-publish","format-standard","has-post-thumbnail","hentry","category-rumors","tag-iphone","tag-iphone-14","tag-iphone-2022"],"yoast_head":"<!-- This site is optimized with the Yoast SEO Premium plugin v27.5 (Yoast SEO v27.5) - https:\/\/yoast.com\/product\/yoast-seo-premium-wordpress\/ -->\n<title>iPhone 14 Pro: Teurer aber mit mehr Speicherplatz? Apfelpatient<\/title>\n<meta name=\"description\" content=\"Die Anzeichen verdichten sich, wonach Apple die Preise f\u00fcr das iPhone 14 Pro und das iPhone 14 Pro Max in diesem Jahr erh\u00f6hen wird.\" \/>\n<meta name=\"robots\" content=\"index, follow, max-snippet:-1, max-image-preview:large, max-video-preview:-1\" \/>\n<link rel=\"canonical\" href=\"https:\/\/www.apfelpatient.de\/en\/rumors\/iphone-14-pro-more-expensive-but-with-more-storage-space\" \/>\n<meta property=\"og:locale\" content=\"en_US\" \/>\n<meta property=\"og:type\" content=\"article\" \/>\n<meta property=\"og:title\" content=\"iPhone 14 Pro: Teurer aber mit mehr Speicherplatz?\" \/>\n<meta property=\"og:description\" content=\"Die Anzeichen verdichten sich, wonach Apple die Preise f\u00fcr das iPhone 14 Pro und das iPhone 14 Pro Max in diesem Jahr erh\u00f6hen wird.\" \/>\n<meta property=\"og:url\" content=\"https:\/\/www.apfelpatient.de\/en\/rumors\/iphone-14-pro-more-expensive-but-with-more-storage-space\" \/>\n<meta property=\"og:site_name\" content=\"Apfelpatient\" \/>\n<meta property=\"article:publisher\" content=\"https:\/\/www.facebook.com\/apfelpatientOfficial\" \/>\n<meta property=\"article:author\" content=\"https:\/\/www.facebook.com\/apfelpatientOfficial\" \/>\n<meta property=\"article:published_time\" content=\"2022-08-17T15:29:15+00:00\" \/>\n<meta property=\"og:image\" content=\"https:\/\/www.apfelpatient.de\/wp-content\/uploads\/2022\/05\/iPhone-14-Pro-Gold-Side-to-Side-Alpha.jpg\" \/>\n\t<meta property=\"og:image:width\" content=\"1600\" \/>\n\t<meta property=\"og:image:height\" content=\"900\" \/>\n\t<meta property=\"og:image:type\" content=\"image\/jpeg\" \/>\n<meta name=\"author\" content=\"Milan\" \/>\n<meta name=\"twitter:card\" content=\"summary_large_image\" \/>\n<meta name=\"twitter:description\" content=\"Die Anzeichen verdichten sich, wonach Apple die Preise f\u00fcr das iPhone 14 Pro und das iPhone 14 Pro Max in diesem Jahr erh\u00f6hen wird.\" \/>\n<meta name=\"twitter:label1\" content=\"Written by\" \/>\n\t<meta name=\"twitter:data1\" content=\"Milan\" \/>\n\t<meta name=\"twitter:label2\" content=\"Est. reading time\" \/>\n\t<meta name=\"twitter:data2\" content=\"2 minutes\" \/>\n<script type=\"application\/ld+json\" class=\"yoast-schema-graph\">{\"@context\":\"https:\\\/\\\/schema.org\",\"@graph\":[{\"@type\":\"NewsArticle\",\"@id\":\"https:\\\/\\\/www.apfelpatient.de\\\/rumors\\\/iphone-14-pro-teurer-aber-mit-mehr-speicherplatz#article\",\"isPartOf\":{\"@id\":\"https:\\\/\\\/www.apfelpatient.de\\\/rumors\\\/iphone-14-pro-teurer-aber-mit-mehr-speicherplatz\"},\"author\":{\"@type\":\"Organization\",\"@id\":\"https:\\\/\\\/www.apfelpatient.de\\\/en\\\/#organization\",\"name\":\"Apfelpatient\",\"url\":\"https:\\\/\\\/www.apfelpatient.de\\\/en\\\/\"},\"headline\":\"iPhone 14 Pro: Teurer aber mit mehr Speicherplatz?\",\"datePublished\":\"2022-08-17T15:29:15+00:00\",\"mainEntityOfPage\":{\"@id\":\"https:\\\/\\\/www.apfelpatient.de\\\/rumors\\\/iphone-14-pro-teurer-aber-mit-mehr-speicherplatz\"},\"wordCount\":280,\"publisher\":{\"@type\":\"Organization\",\"@id\":\"https:\\\/\\\/www.apfelpatient.de\\\/en\\\/#organization\",\"name\":\"Apfelpatient\",\"url\":\"https:\\\/\\\/www.apfelpatient.de\\\/en\\\/\"},\"image\":{\"@id\":\"https:\\\/\\\/www.apfelpatient.de\\\/rumors\\\/iphone-14-pro-teurer-aber-mit-mehr-speicherplatz#primaryimage\"},\"thumbnailUrl\":\"https:\\\/\\\/www.apfelpatient.de\\\/wp-content\\\/uploads\\\/2022\\\/05\\\/iPhone-14-Pro-Gold-Side-to-Side-Alpha.jpg\",\"keywords\":[\"iPhone\",\"iPhone 14\",\"iPhone 2022\"],\"articleSection\":\"Rumors\",\"inLanguage\":\"en-US\",\"copyrightYear\":\"2022\",\"copyrightHolder\":{\"@id\":\"https:\\\/\\\/www.apfelpatient.de\\\/en\\\/#organization\"}},{\"@type\":\"WebPage\",\"@id\":\"https:\\\/\\\/www.apfelpatient.de\\\/rumors\\\/iphone-14-pro-teurer-aber-mit-mehr-speicherplatz\",\"url\":\"https:\\\/\\\/www.apfelpatient.de\\\/rumors\\\/iphone-14-pro-teurer-aber-mit-mehr-speicherplatz\",\"name\":\"iPhone 14 Pro: Teurer aber mit mehr Speicherplatz? Apfelpatient\",\"isPartOf\":{\"@id\":\"https:\\\/\\\/www.apfelpatient.de\\\/#website\"},\"primaryImageOfPage\":{\"@id\":\"https:\\\/\\\/www.apfelpatient.de\\\/rumors\\\/iphone-14-pro-teurer-aber-mit-mehr-speicherplatz#primaryimage\"},\"image\":{\"@id\":\"https:\\\/\\\/www.apfelpatient.de\\\/rumors\\\/iphone-14-pro-teurer-aber-mit-mehr-speicherplatz#primaryimage\"},\"thumbnailUrl\":\"https:\\\/\\\/www.apfelpatient.de\\\/wp-content\\\/uploads\\\/2022\\\/05\\\/iPhone-14-Pro-Gold-Side-to-Side-Alpha.jpg\",\"datePublished\":\"2022-08-17T15:29:15+00:00\",\"description\":\"Die Anzeichen verdichten sich, wonach Apple die Preise f\u00fcr das iPhone 14 Pro und das iPhone 14 Pro Max in diesem Jahr erh\u00f6hen wird.\",\"breadcrumb\":{\"@id\":\"https:\\\/\\\/www.apfelpatient.de\\\/rumors\\\/iphone-14-pro-teurer-aber-mit-mehr-speicherplatz#breadcrumb\"},\"inLanguage\":\"en-US\",\"potentialAction\":[{\"@type\":\"ReadAction\",\"target\":[\"https:\\\/\\\/www.apfelpatient.de\\\/rumors\\\/iphone-14-pro-teurer-aber-mit-mehr-speicherplatz\"]}]},{\"@type\":\"ImageObject\",\"inLanguage\":\"en-US\",\"@id\":\"https:\\\/\\\/www.apfelpatient.de\\\/rumors\\\/iphone-14-pro-teurer-aber-mit-mehr-speicherplatz#primaryimage\",\"url\":\"https:\\\/\\\/www.apfelpatient.de\\\/wp-content\\\/uploads\\\/2022\\\/05\\\/iPhone-14-Pro-Gold-Side-to-Side-Alpha.jpg\",\"contentUrl\":\"https:\\\/\\\/www.apfelpatient.de\\\/wp-content\\\/uploads\\\/2022\\\/05\\\/iPhone-14-Pro-Gold-Side-to-Side-Alpha.jpg\",\"width\":1600,\"height\":900,\"caption\":\"Bild: Ian Zelebo x Jon Prosser - iPhone 14 Pro\"},{\"@type\":\"BreadcrumbList\",\"@id\":\"https:\\\/\\\/www.apfelpatient.de\\\/rumors\\\/iphone-14-pro-teurer-aber-mit-mehr-speicherplatz#breadcrumb\",\"itemListElement\":[{\"@type\":\"ListItem\",\"position\":1,\"name\":\"Startseite\",\"item\":\"https:\\\/\\\/www.apfelpatient.de\\\/\"},{\"@type\":\"ListItem\",\"position\":2,\"name\":\"iPhone 14 Pro: Teurer aber mit mehr Speicherplatz?\"}]},{\"@type\":\"WebSite\",\"@id\":\"https:\\\/\\\/www.apfelpatient.de\\\/#website\",\"url\":\"https:\\\/\\\/www.apfelpatient.de\\\/\",\"name\":\"Apfelpatient\",\"description\":\"Alles rund um Apple!\",\"publisher\":{\"@type\":\"Organization\",\"@id\":\"https:\\\/\\\/www.apfelpatient.de\\\/en\\\/#organization\",\"name\":\"Apfelpatient\",\"url\":\"https:\\\/\\\/www.apfelpatient.de\\\/en\\\/\"},\"alternateName\":\"Apfelpatient\",\"potentialAction\":[{\"@type\":\"SearchAction\",\"target\":{\"@type\":\"EntryPoint\",\"urlTemplate\":\"https:\\\/\\\/www.apfelpatient.de\\\/?s={search_term_string}\"},\"query-input\":{\"@type\":\"PropertyValueSpecification\",\"valueRequired\":true,\"valueName\":\"search_term_string\"}}],\"inLanguage\":\"en-US\"},{\"@type\":[\"Person\",\"Organization\"],\"@id\":\"https:\\\/\\\/www.apfelpatient.de\\\/#\\\/schema\\\/person\\\/7dc56ad6c8e9824b76d2c08d4c140e13\",\"name\":\"Milan\",\"logo\":{\"@id\":\"https:\\\/\\\/www.apfelpatient.de\\\/#\\\/schema\\\/person\\\/image\\\/\"},\"description\":\"Hallo und herzlich willkommen auf meinem Technik-Blog! Als gro\u00dfer Apple-Fan berichte ich hier \u00fcber alles, was mit Apple zu tun hat: von den neuesten News und spannenden Ger\u00fcchten \u00fcber hilfreiche Tipps und Tricks bis hin zu ausf\u00fchrlichen Produkttests. Wenn du genauso technikbegeistert bist wie ich, bist du hier genau richtig!\",\"sameAs\":[\"https:\\\/\\\/www.facebook.com\\\/apfelpatientOfficial\",\"https:\\\/\\\/www.linkedin.com\\\/in\\\/milan-jovicic-42aa0231b\"],\"url\":\"https:\\\/\\\/www.apfelpatient.de\\\/en\\\/author\\\/apfeladmin\"}]}<\/script>\n<!-- \/ Yoast SEO Premium plugin. -->","yoast_head_json":{"title":"iPhone 14 Pro: More expensive but with more storage space?","description":"Signs are mounting that Apple will raise the prices of the iPhone 14 Pro and iPhone 14 Pro Max this year.","robots":{"index":"index","follow":"follow","max-snippet":"max-snippet:-1","max-image-preview":"max-image-preview:large","max-video-preview":"max-video-preview:-1"},"canonical":"https:\/\/www.apfelpatient.de\/en\/rumors\/iphone-14-pro-more-expensive-but-with-more-storage-space","og_locale":"en_US","og_type":"article","og_title":"iPhone 14 Pro: Teurer aber mit mehr Speicherplatz?","og_description":"Die Anzeichen verdichten sich, wonach Apple die Preise f\u00fcr das iPhone 14 Pro und das iPhone 14 Pro Max in diesem Jahr erh\u00f6hen wird.","og_url":"https:\/\/www.apfelpatient.de\/en\/rumors\/iphone-14-pro-more-expensive-but-with-more-storage-space","og_site_name":"Apfelpatient","article_publisher":"https:\/\/www.facebook.com\/apfelpatientOfficial","article_author":"https:\/\/www.facebook.com\/apfelpatientOfficial","article_published_time":"2022-08-17T15:29:15+00:00","og_image":[{"width":1600,"height":900,"url":"https:\/\/www.apfelpatient.de\/wp-content\/uploads\/2022\/05\/iPhone-14-Pro-Gold-Side-to-Side-Alpha.jpg","type":"image\/jpeg"}],"author":"Milan","twitter_card":"summary_large_image","twitter_description":"Die Anzeichen verdichten sich, wonach Apple die Preise f\u00fcr das iPhone 14 Pro und das iPhone 14 Pro Max in diesem Jahr erh\u00f6hen wird.","twitter_misc":{"Written by":"Milan","Est. reading time":"2 minutes"},"schema":{"@context":"https:\/\/schema.org","@graph":[{"@type":"NewsArticle","@id":"https:\/\/www.apfelpatient.de\/rumors\/iphone-14-pro-teurer-aber-mit-mehr-speicherplatz#article","isPartOf":{"@id":"https:\/\/www.apfelpatient.de\/rumors\/iphone-14-pro-teurer-aber-mit-mehr-speicherplatz"},"author":{"@type":"Organization","@id":"https:\/\/www.apfelpatient.de\/en\/#organization","name":"Apfelpatient","url":"https:\/\/www.apfelpatient.de\/en\/"},"headline":"iPhone 14 Pro: Teurer aber mit mehr Speicherplatz?","datePublished":"2022-08-17T15:29:15+00:00","mainEntityOfPage":{"@id":"https:\/\/www.apfelpatient.de\/rumors\/iphone-14-pro-teurer-aber-mit-mehr-speicherplatz"},"wordCount":280,"publisher":{"@type":"Organization","@id":"https:\/\/www.apfelpatient.de\/en\/#organization","name":"Apfelpatient","url":"https:\/\/www.apfelpatient.de\/en\/"},"image":{"@id":"https:\/\/www.apfelpatient.de\/rumors\/iphone-14-pro-teurer-aber-mit-mehr-speicherplatz#primaryimage"},"thumbnailUrl":"https:\/\/www.apfelpatient.de\/wp-content\/uploads\/2022\/05\/iPhone-14-Pro-Gold-Side-to-Side-Alpha.jpg","keywords":["iPhone","iPhone 14","iPhone 2022"],"articleSection":"Rumors","inLanguage":"en-US","copyrightYear":"2022","copyrightHolder":{"@id":"https:\/\/www.apfelpatient.de\/en\/#organization"}},{"@type":"WebPage","@id":"https:\/\/www.apfelpatient.de\/rumors\/iphone-14-pro-teurer-aber-mit-mehr-speicherplatz","url":"https:\/\/www.apfelpatient.de\/rumors\/iphone-14-pro-teurer-aber-mit-mehr-speicherplatz","name":"iPhone 14 Pro: More expensive but with more storage space?","isPartOf":{"@id":"https:\/\/www.apfelpatient.de\/#website"},"primaryImageOfPage":{"@id":"https:\/\/www.apfelpatient.de\/rumors\/iphone-14-pro-teurer-aber-mit-mehr-speicherplatz#primaryimage"},"image":{"@id":"https:\/\/www.apfelpatient.de\/rumors\/iphone-14-pro-teurer-aber-mit-mehr-speicherplatz#primaryimage"},"thumbnailUrl":"https:\/\/www.apfelpatient.de\/wp-content\/uploads\/2022\/05\/iPhone-14-Pro-Gold-Side-to-Side-Alpha.jpg","datePublished":"2022-08-17T15:29:15+00:00","description":"Signs are mounting that Apple will raise the prices of the iPhone 14 Pro and iPhone 14 Pro Max this year.","breadcrumb":{"@id":"https:\/\/www.apfelpatient.de\/rumors\/iphone-14-pro-teurer-aber-mit-mehr-speicherplatz#breadcrumb"},"inLanguage":"en-US","potentialAction":[{"@type":"ReadAction","target":["https:\/\/www.apfelpatient.de\/rumors\/iphone-14-pro-teurer-aber-mit-mehr-speicherplatz"]}]},{"@type":"ImageObject","inLanguage":"en-US","@id":"https:\/\/www.apfelpatient.de\/rumors\/iphone-14-pro-teurer-aber-mit-mehr-speicherplatz#primaryimage","url":"https:\/\/www.apfelpatient.de\/wp-content\/uploads\/2022\/05\/iPhone-14-Pro-Gold-Side-to-Side-Alpha.jpg","contentUrl":"https:\/\/www.apfelpatient.de\/wp-content\/uploads\/2022\/05\/iPhone-14-Pro-Gold-Side-to-Side-Alpha.jpg","width":1600,"height":900,"caption":"Bild: Ian Zelebo x Jon Prosser - iPhone 14 Pro"},{"@type":"BreadcrumbList","@id":"https:\/\/www.apfelpatient.de\/rumors\/iphone-14-pro-teurer-aber-mit-mehr-speicherplatz#breadcrumb","itemListElement":[{"@type":"ListItem","position":1,"name":"Startseite","item":"https:\/\/www.apfelpatient.de\/"},{"@type":"ListItem","position":2,"name":"iPhone 14 Pro: Teurer aber mit mehr Speicherplatz?"}]},{"@type":"WebSite","@id":"https:\/\/www.apfelpatient.de\/#website","url":"https:\/\/www.apfelpatient.de\/","name":"apple patient","description":"Everything about Apple!","publisher":{"@type":"Organization","@id":"https:\/\/www.apfelpatient.de\/en\/#organization","name":"Apfelpatient","url":"https:\/\/www.apfelpatient.de\/en\/"},"alternateName":"Apfelpatient","potentialAction":[{"@type":"SearchAction","target":{"@type":"EntryPoint","urlTemplate":"https:\/\/www.apfelpatient.de\/?s={search_term_string}"},"query-input":{"@type":"PropertyValueSpecification","valueRequired":true,"valueName":"search_term_string"}}],"inLanguage":"en-US"},{"@type":["Person","Organization"],"@id":"https:\/\/www.apfelpatient.de\/#\/schema\/person\/7dc56ad6c8e9824b76d2c08d4c140e13","name":"Milan","logo":{"@id":"https:\/\/www.apfelpatient.de\/#\/schema\/person\/image\/"},"description":"Hello and welcome to my technology blog! As a big Apple fan, I report on everything to do with Apple: from the latest news and exciting rumors to helpful tips and tricks and detailed product tests. If you are as enthusiastic about technology as I am, you have come to the right place!","sameAs":["https:\/\/www.facebook.com\/apfelpatientOfficial","https:\/\/www.linkedin.com\/in\/milan-jovicic-42aa0231b"],"url":"https:\/\/www.apfelpatient.de\/en\/author\/apfeladmin"}]}},"_links":{"self":[{"href":"https:\/\/www.apfelpatient.de\/en\/wp-json\/wp\/v2\/posts\/33264","targetHints":{"allow":["GET"]}}],"collection":[{"href":"https:\/\/www.apfelpatient.de\/en\/wp-json\/wp\/v2\/posts"}],"about":[{"href":"https:\/\/www.apfelpatient.de\/en\/wp-json\/wp\/v2\/types\/post"}],"author":[{"embeddable":true,"href":"https:\/\/www.apfelpatient.de\/en\/wp-json\/wp\/v2\/users\/2"}],"replies":[{"embeddable":true,"href":"https:\/\/www.apfelpatient.de\/en\/wp-json\/wp\/v2\/comments?post=33264"}],"version-history":[{"count":0,"href":"https:\/\/www.apfelpatient.de\/en\/wp-json\/wp\/v2\/posts\/33264\/revisions"}],"wp:featuredmedia":[{"embeddable":true,"href":"https:\/\/www.apfelpatient.de\/en\/wp-json\/wp\/v2\/media\/31862"}],"wp:attachment":[{"href":"https:\/\/www.apfelpatient.de\/en\/wp-json\/wp\/v2\/media?parent=33264"}],"wp:term":[{"taxonomy":"category","embeddable":true,"href":"https:\/\/www.apfelpatient.de\/en\/wp-json\/wp\/v2\/categories?post=33264"},{"taxonomy":"post_tag","embeddable":true,"href":"https:\/\/www.apfelpatient.de\/en\/wp-json\/wp\/v2\/tags?post=33264"}],"curies":[{"name":"wp","href":"https:\/\/api.w.org\/{rel}","templated":true}]}}