{"id":33159,"date":"2022-08-07T17:18:39","date_gmt":"2022-08-07T15:18:39","guid":{"rendered":"https:\/\/www.apfelpatient.de\/?p=33159"},"modified":"2022-08-07T17:18:40","modified_gmt":"2022-08-07T15:18:40","slug":"mac-mini-with-m2-and-m2-pro-chips-in-the-old-design","status":"publish","type":"post","link":"https:\/\/www.apfelpatient.de\/en\/rumors\/mac-mini-mit-m2-und-m2-pro-chips-im-alten-design","title":{"rendered":"Mac mini with M2 and M2 Pro chips in the old design?"},"content":{"rendered":"<p class=\"has-drop-cap\"><strong>We have already read several rumors about a completely redesigned Mac mini. Now, however, it is claimed that the Mac mini with M2 chips could possibly appear in the old design.<\/strong><\/p>\n\n\n\n<p>In its latest edition of the \u201cPower On\u201d newsletter <a href=\"https:\/\/www.bloomberg.com\/account\/newsletters\/power-on\" target=\"_blank\" rel=\"noreferrer noopener\">writes<\/a> Mark Gurman says Apple is still working on the Mac mini, which will come with both M2 and M2 Pro options. Gurman says Apple was working on an M1 Pro version of the Mac mini that was supposed to launch late last year or late this year. As far as he knows, that&#039;s now off the table.<\/p>\n\n\n\n<h3 class=\"wp-block-heading\" id=\"h-neuer-mac-mini-mit-mehr-leistung-im-alten-design\">New Mac mini with more power in the old design<\/h3>\n\n\n\n\n\n\n\n<blockquote class=\"wp-block-quote is-layout-flow wp-block-quote-is-layout-flow\"><p>Instead, expect a refresh of the Mac mini that includes both M2 and M2 Pro options. I also don&#039;t think the Mac mini will get a major redesign anytime soon.<\/p><\/blockquote>\n\n\n\n<p>We&#039;ve already read reports that the new Mac mini will have multiple M2 options, but that the device will come with the old design is news. As for the different M2 chips, Gurman believes the Mac Studio could be a short-lived product, as he &quot;doesn&#039;t see the point in having both a Mac Studio and a Mac Pro&quot; since they can&#039;t be very similar and appeal to the same niche of users. As Bloomberg previously reported, a new M2 Pro and M2 Max MacBook Pro are expected this fall - though these computers could be delayed until early next year. (Photo by Unsplash \/ Charles Patterson)<\/p>\n\n\n\n<ul class=\"wp-block-list\"><li><a href=\"https:\/\/www.apfelpatient.de\/en\/rumors\/apple-silicon-new-imac-pro-will-be-a-long-time-coming\">Apple Silicon: New iMac Pro will be a long time coming<\/a><\/li><\/ul>\n\n\n\n<h6 class=\"wp-block-heading translation-block\" id=\"h-kennt-ihr-schon-unsere-amazon-storefront-dort-findet-ihr-eine-handverlesene-auswahl-von-diversen-produkten-f-r-euer-iphone-und-co-viel-spa-beim-st-bern\"><em>Have you already visited our Amazon Storefront? There you&#039;ll find a hand-picked selection of various products for your iPhone and other devices \u2013 <span class=\"has-inline-color has-vivid-red-color\"><a href=\"https:\/\/www.amazon.de\/shop\/apfelpatientofficial\" class=\"ek-link\" data-wpel-link=\"exclude\" rel=\"follow noopener\" target=\"_self\"><span style=\"text-decoration: underline\" class=\"ek-underline\">enjoy browsing<\/span><\/a> !<\/span><\/em><\/h6>\n\n\n\n<h6 class=\"wp-block-heading translation-block\" id=\"h-der-beitrag-enthalt-partnerlinks\">This post contains <a data-type=\"URL\" data-id=\"https:\/\/www.apfelpatient.de\/partnerprogramm\" href=\"https:\/\/www.apfelpatient.de\/en\/partner-program\" data-wpel-link=\"internal\" target=\"_self\">affiliate links<\/a>.<\/h6>","protected":false},"excerpt":{"rendered":"<p>With M2 chip options: We have already read rumors about a completely redesigned Mac mini several times.<\/p>","protected":false},"author":2,"featured_media":33150,"comment_status":"closed","ping_status":"closed","sticky":false,"template":"","format":"standard","meta":{"jnews-multi-image_gallery":[],"jnews_single_post":{"subtitle":"","format":"standard","video":"","gallery":"","source_name":"","source_url":"","via_name":"","via_url":"","override":[{"single_blog_custom":"","sidebar":"","second_sidebar":"","share_position":"","share_float_style":"","post_date_format":"","post_date_format_custom":"","post_reading_time_wpm":"","zoom_button_out_step":"1","zoom_button_in_step":"1","number_popup_post":"1"}],"image_override":[{"single_post_thumbnail_size":"","single_post_gallery_size":""}],"trending_post_position":"","trending_post_label":"","sponsored_post_label":"","sponsored_post_name":"","sponsored_post_url":"","sponsored_post_logo":"","sponsored_post_desc":""},"jnews_primary_category":{"id":""},"footnotes":""},"categories":[25],"tags":[40,73],"class_list":["post-33159","post","type-post","status-publish","format-standard","has-post-thumbnail","hentry","category-rumors","tag-mac","tag-mac-mini"],"yoast_head":"<!-- This site is optimized with the Yoast SEO Premium plugin v27.5 (Yoast SEO v27.5) - https:\/\/yoast.com\/product\/yoast-seo-premium-wordpress\/ -->\n<title>Mac mini mit M2 und M2 Pro Chips im alten Design? Apfelpatient<\/title>\n<meta name=\"description\" content=\"Mit M2 Chip Optionen: Ger\u00fcchte rund um einen vollst\u00e4ndig \u00fcberarbeiteten Mac mini haben wir bereits mehrfach gelesen.\" \/>\n<meta name=\"robots\" content=\"index, follow, max-snippet:-1, max-image-preview:large, max-video-preview:-1\" \/>\n<link rel=\"canonical\" href=\"https:\/\/www.apfelpatient.de\/en\/rumors\/mac-mini-with-m2-and-m2-pro-chips-in-the-old-design\" \/>\n<meta property=\"og:locale\" content=\"en_US\" \/>\n<meta property=\"og:type\" content=\"article\" \/>\n<meta property=\"og:title\" content=\"Mac mini mit M2 und M2 Pro Chips im alten Design?\" \/>\n<meta property=\"og:description\" content=\"Mit M2 Chip Optionen: Ger\u00fcchte rund um einen vollst\u00e4ndig \u00fcberarbeiteten Mac mini haben wir bereits mehrfach gelesen.\" \/>\n<meta property=\"og:url\" content=\"https:\/\/www.apfelpatient.de\/en\/rumors\/mac-mini-with-m2-and-m2-pro-chips-in-the-old-design\" \/>\n<meta property=\"og:site_name\" content=\"Apfelpatient\" \/>\n<meta property=\"article:publisher\" content=\"https:\/\/www.facebook.com\/apfelpatientOfficial\" \/>\n<meta property=\"article:author\" content=\"https:\/\/www.facebook.com\/apfelpatientOfficial\" \/>\n<meta property=\"article:published_time\" content=\"2022-08-07T15:18:39+00:00\" \/>\n<meta property=\"article:modified_time\" content=\"2022-08-07T15:18:40+00:00\" \/>\n<meta property=\"og:image\" content=\"https:\/\/www.apfelpatient.de\/wp-content\/uploads\/2022\/08\/charles-patterson-O2ZD0JhVD5g-unsplash.jpg\" \/>\n\t<meta property=\"og:image:width\" content=\"1600\" \/>\n\t<meta property=\"og:image:height\" content=\"1067\" \/>\n\t<meta property=\"og:image:type\" content=\"image\/jpeg\" \/>\n<meta name=\"author\" content=\"Milan\" \/>\n<meta name=\"twitter:card\" content=\"summary_large_image\" \/>\n<meta name=\"twitter:label1\" content=\"Written by\" \/>\n\t<meta name=\"twitter:data1\" content=\"Milan\" \/>\n\t<meta name=\"twitter:label2\" content=\"Est. reading time\" \/>\n\t<meta name=\"twitter:data2\" content=\"2 minutes\" \/>\n<script type=\"application\/ld+json\" class=\"yoast-schema-graph\">{\"@context\":\"https:\\\/\\\/schema.org\",\"@graph\":[{\"@type\":\"NewsArticle\",\"@id\":\"https:\\\/\\\/www.apfelpatient.de\\\/rumors\\\/mac-mini-mit-m2-und-m2-pro-chips-im-alten-design#article\",\"isPartOf\":{\"@id\":\"https:\\\/\\\/www.apfelpatient.de\\\/rumors\\\/mac-mini-mit-m2-und-m2-pro-chips-im-alten-design\"},\"author\":{\"@type\":\"Organization\",\"@id\":\"https:\\\/\\\/www.apfelpatient.de\\\/en\\\/#organization\",\"name\":\"Apfelpatient\",\"url\":\"https:\\\/\\\/www.apfelpatient.de\\\/en\\\/\"},\"headline\":\"Mac mini mit M2 und M2 Pro Chips im alten Design?\",\"datePublished\":\"2022-08-07T15:18:39+00:00\",\"dateModified\":\"2022-08-07T15:18:40+00:00\",\"mainEntityOfPage\":{\"@id\":\"https:\\\/\\\/www.apfelpatient.de\\\/rumors\\\/mac-mini-mit-m2-und-m2-pro-chips-im-alten-design\"},\"wordCount\":285,\"publisher\":{\"@type\":\"Organization\",\"@id\":\"https:\\\/\\\/www.apfelpatient.de\\\/en\\\/#organization\",\"name\":\"Apfelpatient\",\"url\":\"https:\\\/\\\/www.apfelpatient.de\\\/en\\\/\"},\"image\":{\"@id\":\"https:\\\/\\\/www.apfelpatient.de\\\/rumors\\\/mac-mini-mit-m2-und-m2-pro-chips-im-alten-design#primaryimage\"},\"thumbnailUrl\":\"https:\\\/\\\/www.apfelpatient.de\\\/wp-content\\\/uploads\\\/2022\\\/08\\\/charles-patterson-O2ZD0JhVD5g-unsplash.jpg\",\"keywords\":[\"Mac\",\"Mac mini\"],\"articleSection\":\"Rumors\",\"inLanguage\":\"en-US\",\"copyrightYear\":\"2022\",\"copyrightHolder\":{\"@id\":\"https:\\\/\\\/www.apfelpatient.de\\\/en\\\/#organization\"}},{\"@type\":\"WebPage\",\"@id\":\"https:\\\/\\\/www.apfelpatient.de\\\/rumors\\\/mac-mini-mit-m2-und-m2-pro-chips-im-alten-design\",\"url\":\"https:\\\/\\\/www.apfelpatient.de\\\/rumors\\\/mac-mini-mit-m2-und-m2-pro-chips-im-alten-design\",\"name\":\"Mac mini mit M2 und M2 Pro Chips im alten Design? Apfelpatient\",\"isPartOf\":{\"@id\":\"https:\\\/\\\/www.apfelpatient.de\\\/#website\"},\"primaryImageOfPage\":{\"@id\":\"https:\\\/\\\/www.apfelpatient.de\\\/rumors\\\/mac-mini-mit-m2-und-m2-pro-chips-im-alten-design#primaryimage\"},\"image\":{\"@id\":\"https:\\\/\\\/www.apfelpatient.de\\\/rumors\\\/mac-mini-mit-m2-und-m2-pro-chips-im-alten-design#primaryimage\"},\"thumbnailUrl\":\"https:\\\/\\\/www.apfelpatient.de\\\/wp-content\\\/uploads\\\/2022\\\/08\\\/charles-patterson-O2ZD0JhVD5g-unsplash.jpg\",\"datePublished\":\"2022-08-07T15:18:39+00:00\",\"dateModified\":\"2022-08-07T15:18:40+00:00\",\"description\":\"Mit M2 Chip Optionen: Ger\u00fcchte rund um einen vollst\u00e4ndig \u00fcberarbeiteten Mac mini haben wir bereits mehrfach gelesen.\",\"breadcrumb\":{\"@id\":\"https:\\\/\\\/www.apfelpatient.de\\\/rumors\\\/mac-mini-mit-m2-und-m2-pro-chips-im-alten-design#breadcrumb\"},\"inLanguage\":\"en-US\",\"potentialAction\":[{\"@type\":\"ReadAction\",\"target\":[\"https:\\\/\\\/www.apfelpatient.de\\\/rumors\\\/mac-mini-mit-m2-und-m2-pro-chips-im-alten-design\"]}]},{\"@type\":\"ImageObject\",\"inLanguage\":\"en-US\",\"@id\":\"https:\\\/\\\/www.apfelpatient.de\\\/rumors\\\/mac-mini-mit-m2-und-m2-pro-chips-im-alten-design#primaryimage\",\"url\":\"https:\\\/\\\/www.apfelpatient.de\\\/wp-content\\\/uploads\\\/2022\\\/08\\\/charles-patterson-O2ZD0JhVD5g-unsplash.jpg\",\"contentUrl\":\"https:\\\/\\\/www.apfelpatient.de\\\/wp-content\\\/uploads\\\/2022\\\/08\\\/charles-patterson-O2ZD0JhVD5g-unsplash.jpg\",\"width\":1600,\"height\":1067,\"caption\":\"Photo by Unsplash \\\/ Charles Patterson\"},{\"@type\":\"BreadcrumbList\",\"@id\":\"https:\\\/\\\/www.apfelpatient.de\\\/rumors\\\/mac-mini-mit-m2-und-m2-pro-chips-im-alten-design#breadcrumb\",\"itemListElement\":[{\"@type\":\"ListItem\",\"position\":1,\"name\":\"Startseite\",\"item\":\"https:\\\/\\\/www.apfelpatient.de\\\/\"},{\"@type\":\"ListItem\",\"position\":2,\"name\":\"Mac mini mit M2 und M2 Pro Chips im alten Design?\"}]},{\"@type\":\"WebSite\",\"@id\":\"https:\\\/\\\/www.apfelpatient.de\\\/#website\",\"url\":\"https:\\\/\\\/www.apfelpatient.de\\\/\",\"name\":\"Apfelpatient\",\"description\":\"Alles rund um Apple!\",\"publisher\":{\"@type\":\"Organization\",\"@id\":\"https:\\\/\\\/www.apfelpatient.de\\\/en\\\/#organization\",\"name\":\"Apfelpatient\",\"url\":\"https:\\\/\\\/www.apfelpatient.de\\\/en\\\/\"},\"alternateName\":\"Apfelpatient\",\"potentialAction\":[{\"@type\":\"SearchAction\",\"target\":{\"@type\":\"EntryPoint\",\"urlTemplate\":\"https:\\\/\\\/www.apfelpatient.de\\\/?s={search_term_string}\"},\"query-input\":{\"@type\":\"PropertyValueSpecification\",\"valueRequired\":true,\"valueName\":\"search_term_string\"}}],\"inLanguage\":\"en-US\"},{\"@type\":[\"Person\",\"Organization\"],\"@id\":\"https:\\\/\\\/www.apfelpatient.de\\\/#\\\/schema\\\/person\\\/7dc56ad6c8e9824b76d2c08d4c140e13\",\"name\":\"Milan\",\"logo\":{\"@id\":\"https:\\\/\\\/www.apfelpatient.de\\\/#\\\/schema\\\/person\\\/image\\\/\"},\"description\":\"Hallo und herzlich willkommen auf meinem Technik-Blog! Als gro\u00dfer Apple-Fan berichte ich hier \u00fcber alles, was mit Apple zu tun hat: von den neuesten News und spannenden Ger\u00fcchten \u00fcber hilfreiche Tipps und Tricks bis hin zu ausf\u00fchrlichen Produkttests. Wenn du genauso technikbegeistert bist wie ich, bist du hier genau richtig!\",\"sameAs\":[\"https:\\\/\\\/www.facebook.com\\\/apfelpatientOfficial\",\"https:\\\/\\\/www.linkedin.com\\\/in\\\/milan-jovicic-42aa0231b\"],\"url\":\"https:\\\/\\\/www.apfelpatient.de\\\/en\\\/author\\\/apfeladmin\"}]}<\/script>\n<!-- \/ Yoast SEO Premium plugin. -->","yoast_head_json":{"title":"Mac mini with M2 and M2 Pro chips in the old design? Apfelpatient","description":"With M2 chip options: We have already read rumors about a completely redesigned Mac mini several times.","robots":{"index":"index","follow":"follow","max-snippet":"max-snippet:-1","max-image-preview":"max-image-preview:large","max-video-preview":"max-video-preview:-1"},"canonical":"https:\/\/www.apfelpatient.de\/en\/rumors\/mac-mini-with-m2-and-m2-pro-chips-in-the-old-design","og_locale":"en_US","og_type":"article","og_title":"Mac mini mit M2 und M2 Pro Chips im alten Design?","og_description":"Mit M2 Chip Optionen: Ger\u00fcchte rund um einen vollst\u00e4ndig \u00fcberarbeiteten Mac mini haben wir bereits mehrfach gelesen.","og_url":"https:\/\/www.apfelpatient.de\/en\/rumors\/mac-mini-with-m2-and-m2-pro-chips-in-the-old-design","og_site_name":"Apfelpatient","article_publisher":"https:\/\/www.facebook.com\/apfelpatientOfficial","article_author":"https:\/\/www.facebook.com\/apfelpatientOfficial","article_published_time":"2022-08-07T15:18:39+00:00","article_modified_time":"2022-08-07T15:18:40+00:00","og_image":[{"width":1600,"height":1067,"url":"https:\/\/www.apfelpatient.de\/wp-content\/uploads\/2022\/08\/charles-patterson-O2ZD0JhVD5g-unsplash.jpg","type":"image\/jpeg"}],"author":"Milan","twitter_card":"summary_large_image","twitter_misc":{"Written by":"Milan","Est. reading time":"2 minutes"},"schema":{"@context":"https:\/\/schema.org","@graph":[{"@type":"NewsArticle","@id":"https:\/\/www.apfelpatient.de\/rumors\/mac-mini-mit-m2-und-m2-pro-chips-im-alten-design#article","isPartOf":{"@id":"https:\/\/www.apfelpatient.de\/rumors\/mac-mini-mit-m2-und-m2-pro-chips-im-alten-design"},"author":{"@type":"Organization","@id":"https:\/\/www.apfelpatient.de\/en\/#organization","name":"Apfelpatient","url":"https:\/\/www.apfelpatient.de\/en\/"},"headline":"Mac mini mit M2 und M2 Pro Chips im alten Design?","datePublished":"2022-08-07T15:18:39+00:00","dateModified":"2022-08-07T15:18:40+00:00","mainEntityOfPage":{"@id":"https:\/\/www.apfelpatient.de\/rumors\/mac-mini-mit-m2-und-m2-pro-chips-im-alten-design"},"wordCount":285,"publisher":{"@type":"Organization","@id":"https:\/\/www.apfelpatient.de\/en\/#organization","name":"Apfelpatient","url":"https:\/\/www.apfelpatient.de\/en\/"},"image":{"@id":"https:\/\/www.apfelpatient.de\/rumors\/mac-mini-mit-m2-und-m2-pro-chips-im-alten-design#primaryimage"},"thumbnailUrl":"https:\/\/www.apfelpatient.de\/wp-content\/uploads\/2022\/08\/charles-patterson-O2ZD0JhVD5g-unsplash.jpg","keywords":["Mac","Mac mini"],"articleSection":"Rumors","inLanguage":"en-US","copyrightYear":"2022","copyrightHolder":{"@id":"https:\/\/www.apfelpatient.de\/en\/#organization"}},{"@type":"WebPage","@id":"https:\/\/www.apfelpatient.de\/rumors\/mac-mini-mit-m2-und-m2-pro-chips-im-alten-design","url":"https:\/\/www.apfelpatient.de\/rumors\/mac-mini-mit-m2-und-m2-pro-chips-im-alten-design","name":"Mac mini with M2 and M2 Pro chips in the old design? Apfelpatient","isPartOf":{"@id":"https:\/\/www.apfelpatient.de\/#website"},"primaryImageOfPage":{"@id":"https:\/\/www.apfelpatient.de\/rumors\/mac-mini-mit-m2-und-m2-pro-chips-im-alten-design#primaryimage"},"image":{"@id":"https:\/\/www.apfelpatient.de\/rumors\/mac-mini-mit-m2-und-m2-pro-chips-im-alten-design#primaryimage"},"thumbnailUrl":"https:\/\/www.apfelpatient.de\/wp-content\/uploads\/2022\/08\/charles-patterson-O2ZD0JhVD5g-unsplash.jpg","datePublished":"2022-08-07T15:18:39+00:00","dateModified":"2022-08-07T15:18:40+00:00","description":"With M2 chip options: We have already read rumors about a completely redesigned Mac mini several times.","breadcrumb":{"@id":"https:\/\/www.apfelpatient.de\/rumors\/mac-mini-mit-m2-und-m2-pro-chips-im-alten-design#breadcrumb"},"inLanguage":"en-US","potentialAction":[{"@type":"ReadAction","target":["https:\/\/www.apfelpatient.de\/rumors\/mac-mini-mit-m2-und-m2-pro-chips-im-alten-design"]}]},{"@type":"ImageObject","inLanguage":"en-US","@id":"https:\/\/www.apfelpatient.de\/rumors\/mac-mini-mit-m2-und-m2-pro-chips-im-alten-design#primaryimage","url":"https:\/\/www.apfelpatient.de\/wp-content\/uploads\/2022\/08\/charles-patterson-O2ZD0JhVD5g-unsplash.jpg","contentUrl":"https:\/\/www.apfelpatient.de\/wp-content\/uploads\/2022\/08\/charles-patterson-O2ZD0JhVD5g-unsplash.jpg","width":1600,"height":1067,"caption":"Photo by Unsplash \/ Charles Patterson"},{"@type":"BreadcrumbList","@id":"https:\/\/www.apfelpatient.de\/rumors\/mac-mini-mit-m2-und-m2-pro-chips-im-alten-design#breadcrumb","itemListElement":[{"@type":"ListItem","position":1,"name":"Startseite","item":"https:\/\/www.apfelpatient.de\/"},{"@type":"ListItem","position":2,"name":"Mac mini mit M2 und M2 Pro Chips im alten Design?"}]},{"@type":"WebSite","@id":"https:\/\/www.apfelpatient.de\/#website","url":"https:\/\/www.apfelpatient.de\/","name":"apple patient","description":"Everything about Apple!","publisher":{"@type":"Organization","@id":"https:\/\/www.apfelpatient.de\/en\/#organization","name":"Apfelpatient","url":"https:\/\/www.apfelpatient.de\/en\/"},"alternateName":"Apfelpatient","potentialAction":[{"@type":"SearchAction","target":{"@type":"EntryPoint","urlTemplate":"https:\/\/www.apfelpatient.de\/?s={search_term_string}"},"query-input":{"@type":"PropertyValueSpecification","valueRequired":true,"valueName":"search_term_string"}}],"inLanguage":"en-US"},{"@type":["Person","Organization"],"@id":"https:\/\/www.apfelpatient.de\/#\/schema\/person\/7dc56ad6c8e9824b76d2c08d4c140e13","name":"Milan","logo":{"@id":"https:\/\/www.apfelpatient.de\/#\/schema\/person\/image\/"},"description":"Hello and welcome to my technology blog! As a big Apple fan, I report on everything to do with Apple: from the latest news and exciting rumors to helpful tips and tricks and detailed product tests. If you are as enthusiastic about technology as I am, you have come to the right place!","sameAs":["https:\/\/www.facebook.com\/apfelpatientOfficial","https:\/\/www.linkedin.com\/in\/milan-jovicic-42aa0231b"],"url":"https:\/\/www.apfelpatient.de\/en\/author\/apfeladmin"}]}},"_links":{"self":[{"href":"https:\/\/www.apfelpatient.de\/en\/wp-json\/wp\/v2\/posts\/33159","targetHints":{"allow":["GET"]}}],"collection":[{"href":"https:\/\/www.apfelpatient.de\/en\/wp-json\/wp\/v2\/posts"}],"about":[{"href":"https:\/\/www.apfelpatient.de\/en\/wp-json\/wp\/v2\/types\/post"}],"author":[{"embeddable":true,"href":"https:\/\/www.apfelpatient.de\/en\/wp-json\/wp\/v2\/users\/2"}],"replies":[{"embeddable":true,"href":"https:\/\/www.apfelpatient.de\/en\/wp-json\/wp\/v2\/comments?post=33159"}],"version-history":[{"count":0,"href":"https:\/\/www.apfelpatient.de\/en\/wp-json\/wp\/v2\/posts\/33159\/revisions"}],"wp:featuredmedia":[{"embeddable":true,"href":"https:\/\/www.apfelpatient.de\/en\/wp-json\/wp\/v2\/media\/33150"}],"wp:attachment":[{"href":"https:\/\/www.apfelpatient.de\/en\/wp-json\/wp\/v2\/media?parent=33159"}],"wp:term":[{"taxonomy":"category","embeddable":true,"href":"https:\/\/www.apfelpatient.de\/en\/wp-json\/wp\/v2\/categories?post=33159"},{"taxonomy":"post_tag","embeddable":true,"href":"https:\/\/www.apfelpatient.de\/en\/wp-json\/wp\/v2\/tags?post=33159"}],"curies":[{"name":"wp","href":"https:\/\/api.w.org\/{rel}","templated":true}]}}