{"id":32600,"date":"2022-06-24T18:00:57","date_gmt":"2022-06-24T16:00:57","guid":{"rendered":"https:\/\/www.apfelpatient.de\/?p=32600"},"modified":"2022-06-24T18:00:58","modified_gmt":"2022-06-24T16:00:58","slug":"apple-ar-vr-headset-presentation-planned-for-january","status":"publish","type":"post","link":"https:\/\/www.apfelpatient.de\/en\/rumors\/apple-ar-vr-headset-praesentation-im-januar-geplant","title":{"rendered":"Apple AR\/VR headset: Presentation planned for January"},"content":{"rendered":"<p class=\"has-drop-cap\"><strong>It is \"likely\" that Apple will announce its mixed reality headset as early as January 2023, as Apple analyst Ming-Chi Kuo has now emphasized once again.<\/strong><\/p>\n\n\n\n<p>In a detailed <a href=\"https:\/\/medium.com\/@mingchikuo\/new-growth-focus-of-vr-headset-industry-in-post-meta-era-metas-competitors-chinese-market-and-491c7537e20b\" target=\"_blank\" rel=\"noreferrer noopener\">Contribution<\/a> on Medium, Kuo explains that Apple's headset will change the market for augmented and virtual reality. Describing some of the headset's features, Kuo said that while Apple has repeatedly emphasized its focus on AR, the headset will also offer an \"excellent immersive experience\" and a \"video see-thru\" mode. The headset is expected to increase demand for immersive gaming and multimedia entertainment experiences.<\/p>\n\n\n\n<h3 class=\"wp-block-heading\" id=\"h-apple-wird-die-branche-anfuhren\">Apple will lead the industry<\/h3>\n\n\n\n<p>Kuo said that the device is \"the most complicated product Apple has ever developed\", resulting in Apple using components from many of its existing suppliers. Kuo also believes that Apple will be an industry leader in the headset space, will have \"significant competitive advantages\" and will not need to join the Metaverse Standards Forum. Kuo believes that competitors will imitate the Apple headset after its launch to lead the headset hardware industry into the next phase of rapid growth.<\/p>\n\n\n\n<h3 class=\"wp-block-heading\">Mass production could start soon<\/h3>\n\n\n\n<p>While it was widely assumed that the Apple headset would be launched this year, a report by Bloomberg's Mark Gurman has cast doubt on the chances of the device being unveiled this year due to development issues. According to DigiTimes, Apple completed key production tests for the headset in February 2022 and is reportedly planning to start mass production in August or September. Kuo's prediction of an announcement in January 2023 therefore seems to be largely in line with other rumors about when the device could be launched.<\/p>\n\n\n\n<h3 class=\"wp-block-heading\">Apple AR\/VR headset: two 4K micro OLED displays and much more<\/h3>\n\n\n\n\n\n\n\n<p>Regardless of the exact timing, Apple's headset project is believed to be \"close to launch\", with the device reflecting the development timeline of the Apple Watch in the period leading up to its launch. Rumors of Apple's work on the headset's operating system, \"realityOS\", have been around since 2017, but the existence of the operating system was confirmed when references to it were found in App Store upload logs and in Apple's open source code. According to rumors, the headset features a lightweight design, two 4K micro OLED displays, 15 optical modules, two main processors, WiFi 6E connectivity, eye and object tracking, hand gesture control and more. The approximate price of the device is still unclear. However, some reports suggest that it could cost around 3,000 US dollars. (Photo by digitalista \/ Bigstockphoto)<\/p>\n\n\n\n<ul class=\"wp-block-list\"><li><a href=\"https:\/\/www.apfelpatient.de\/en\/rumors\/analyst-in-10-years-the-iphone-will-be-gone\">Analyst: The iPhone will be over in 10 years<\/a><\/li><\/ul>\n\n\n\n<h6 class=\"wp-block-heading translation-block\" id=\"h-kennt-ihr-schon-unsere-amazon-storefront-dort-findet-ihr-eine-handverlesene-auswahl-von-diversen-produkten-f-r-euer-iphone-und-co-viel-spa-beim-st-bern\"><em>Have you already visited our Amazon Storefront? There you&#039;ll find a hand-picked selection of various products for your iPhone and other devices \u2013 <span class=\"has-inline-color has-vivid-red-color\"><a href=\"https:\/\/www.amazon.de\/shop\/apfelpatientofficial\" class=\"ek-link\" data-wpel-link=\"exclude\" rel=\"follow noopener\" target=\"_self\"><span style=\"text-decoration: underline\" class=\"ek-underline\">enjoy browsing<\/span><\/a> !<\/span><\/em><\/h6>\n\n\n\n<h6 class=\"wp-block-heading translation-block\" id=\"h-der-beitrag-enthalt-partnerlinks\">This post contains <a data-type=\"URL\" data-id=\"https:\/\/www.apfelpatient.de\/partnerprogramm\" href=\"https:\/\/www.apfelpatient.de\/en\/partner-program\" data-wpel-link=\"internal\" target=\"_self\">affiliate links<\/a>.<\/h6>","protected":false},"excerpt":{"rendered":"<p>It is \u201clikely\u201d that Apple will announce its mixed reality headset as early as January 2023, as is now being claimed again.<\/p>","protected":false},"author":2,"featured_media":32599,"comment_status":"closed","ping_status":"closed","sticky":false,"template":"","format":"standard","meta":{"jnews-multi-image_gallery":[],"jnews_single_post":{"subtitle":"","format":"standard","video":"","gallery":"","source_name":"","source_url":"","via_name":"","via_url":"","override":[{"single_blog_custom":"","sidebar":"","second_sidebar":"","share_position":"","share_float_style":"","post_date_format":"","post_date_format_custom":"","post_reading_time_wpm":"","zoom_button_out_step":"1","zoom_button_in_step":"1","number_popup_post":"1"}],"image_override":[{"single_post_thumbnail_size":"","single_post_gallery_size":""}],"trending_post_position":"","trending_post_label":"","sponsored_post_label":"","sponsored_post_name":"","sponsored_post_url":"","sponsored_post_logo":"","sponsored_post_desc":""},"jnews_primary_category":{"id":"25"},"footnotes":""},"categories":[25],"tags":[609],"class_list":["post-32600","post","type-post","status-publish","format-standard","has-post-thumbnail","hentry","category-rumors","tag-apple-vr-ar"],"yoast_head":"<!-- This site is optimized with the Yoast SEO Premium plugin v27.5 (Yoast SEO v27.5) - https:\/\/yoast.com\/product\/yoast-seo-premium-wordpress\/ -->\n<title>Apple AR\/VR-Headset: Pr\u00e4sentation im Januar geplant Apfelpatient<\/title>\n<meta name=\"description\" content=\"Es ist &quot;wahrscheinlich&quot;, dass Apple sein Mixed-Reality-Headset schon im Januar 2023 ank\u00fcndigen wird, wie nun erneut behauptet wird.\" \/>\n<meta name=\"robots\" content=\"index, follow, max-snippet:-1, max-image-preview:large, max-video-preview:-1\" \/>\n<link rel=\"canonical\" href=\"https:\/\/www.apfelpatient.de\/en\/rumors\/apple-ar-vr-headset-presentation-planned-for-january\" \/>\n<meta property=\"og:locale\" content=\"en_US\" \/>\n<meta property=\"og:type\" content=\"article\" \/>\n<meta property=\"og:title\" content=\"Apple AR\/VR-Headset: Pr\u00e4sentation im Januar geplant\" \/>\n<meta property=\"og:description\" content=\"Es ist &quot;wahrscheinlich&quot;, dass Apple sein Mixed-Reality-Headset schon im Januar 2023 ank\u00fcndigen wird, wie nun erneut behauptet wird.\" \/>\n<meta property=\"og:url\" content=\"https:\/\/www.apfelpatient.de\/en\/rumors\/apple-ar-vr-headset-presentation-planned-for-january\" \/>\n<meta property=\"og:site_name\" content=\"Apfelpatient\" \/>\n<meta property=\"article:publisher\" content=\"https:\/\/www.facebook.com\/apfelpatientOfficial\" \/>\n<meta property=\"article:author\" content=\"https:\/\/www.facebook.com\/apfelpatientOfficial\" \/>\n<meta property=\"article:published_time\" content=\"2022-06-24T16:00:57+00:00\" \/>\n<meta property=\"article:modified_time\" content=\"2022-06-24T16:00:58+00:00\" \/>\n<meta property=\"og:image\" content=\"https:\/\/www.apfelpatient.de\/wp-content\/uploads\/2022\/06\/bigstock-Crypto-Virtual-Museum-And-Meta-446258294-1024x628.jpg\" \/>\n\t<meta property=\"og:image:width\" content=\"1024\" \/>\n\t<meta property=\"og:image:height\" content=\"628\" \/>\n\t<meta property=\"og:image:type\" content=\"image\/jpeg\" \/>\n<meta name=\"author\" content=\"Milan\" \/>\n<meta name=\"twitter:card\" content=\"summary_large_image\" \/>\n<meta name=\"twitter:description\" content=\"Es ist &quot;wahrscheinlich&quot;, dass Apple sein Mixed-Reality-Headset schon im Januar 2023 ank\u00fcndigen wird, wie nun erneut behauptet wird.\" \/>\n<meta name=\"twitter:label1\" content=\"Written by\" \/>\n\t<meta name=\"twitter:data1\" content=\"Milan\" \/>\n\t<meta name=\"twitter:label2\" content=\"Est. reading time\" \/>\n\t<meta name=\"twitter:data2\" content=\"3 minutes\" \/>\n<script type=\"application\/ld+json\" class=\"yoast-schema-graph\">{\"@context\":\"https:\\\/\\\/schema.org\",\"@graph\":[{\"@type\":\"NewsArticle\",\"@id\":\"https:\\\/\\\/www.apfelpatient.de\\\/rumors\\\/apple-ar-vr-headset-praesentation-im-januar-geplant#article\",\"isPartOf\":{\"@id\":\"https:\\\/\\\/www.apfelpatient.de\\\/rumors\\\/apple-ar-vr-headset-praesentation-im-januar-geplant\"},\"author\":{\"@type\":\"Organization\",\"@id\":\"https:\\\/\\\/www.apfelpatient.de\\\/en\\\/#organization\",\"name\":\"Apfelpatient\",\"url\":\"https:\\\/\\\/www.apfelpatient.de\\\/en\\\/\"},\"headline\":\"Apple AR\\\/VR-Headset: Pr\u00e4sentation im Januar geplant\",\"datePublished\":\"2022-06-24T16:00:57+00:00\",\"dateModified\":\"2022-06-24T16:00:58+00:00\",\"mainEntityOfPage\":{\"@id\":\"https:\\\/\\\/www.apfelpatient.de\\\/rumors\\\/apple-ar-vr-headset-praesentation-im-januar-geplant\"},\"wordCount\":435,\"publisher\":{\"@type\":\"Organization\",\"@id\":\"https:\\\/\\\/www.apfelpatient.de\\\/en\\\/#organization\",\"name\":\"Apfelpatient\",\"url\":\"https:\\\/\\\/www.apfelpatient.de\\\/en\\\/\"},\"image\":{\"@id\":\"https:\\\/\\\/www.apfelpatient.de\\\/rumors\\\/apple-ar-vr-headset-praesentation-im-januar-geplant#primaryimage\"},\"thumbnailUrl\":\"https:\\\/\\\/www.apfelpatient.de\\\/wp-content\\\/uploads\\\/2022\\\/06\\\/bigstock-Crypto-Virtual-Museum-And-Meta-446258294.jpg\",\"keywords\":[\"Apple VR\\\/AR\"],\"articleSection\":\"Rumors\",\"inLanguage\":\"en-US\",\"copyrightYear\":\"2022\",\"copyrightHolder\":{\"@id\":\"https:\\\/\\\/www.apfelpatient.de\\\/en\\\/#organization\"}},{\"@type\":\"WebPage\",\"@id\":\"https:\\\/\\\/www.apfelpatient.de\\\/rumors\\\/apple-ar-vr-headset-praesentation-im-januar-geplant\",\"url\":\"https:\\\/\\\/www.apfelpatient.de\\\/rumors\\\/apple-ar-vr-headset-praesentation-im-januar-geplant\",\"name\":\"Apple AR\\\/VR-Headset: Pr\u00e4sentation im Januar geplant Apfelpatient\",\"isPartOf\":{\"@id\":\"https:\\\/\\\/www.apfelpatient.de\\\/#website\"},\"primaryImageOfPage\":{\"@id\":\"https:\\\/\\\/www.apfelpatient.de\\\/rumors\\\/apple-ar-vr-headset-praesentation-im-januar-geplant#primaryimage\"},\"image\":{\"@id\":\"https:\\\/\\\/www.apfelpatient.de\\\/rumors\\\/apple-ar-vr-headset-praesentation-im-januar-geplant#primaryimage\"},\"thumbnailUrl\":\"https:\\\/\\\/www.apfelpatient.de\\\/wp-content\\\/uploads\\\/2022\\\/06\\\/bigstock-Crypto-Virtual-Museum-And-Meta-446258294.jpg\",\"datePublished\":\"2022-06-24T16:00:57+00:00\",\"dateModified\":\"2022-06-24T16:00:58+00:00\",\"description\":\"Es ist \\\"wahrscheinlich\\\", dass Apple sein Mixed-Reality-Headset schon im Januar 2023 ank\u00fcndigen wird, wie nun erneut behauptet wird.\",\"breadcrumb\":{\"@id\":\"https:\\\/\\\/www.apfelpatient.de\\\/rumors\\\/apple-ar-vr-headset-praesentation-im-januar-geplant#breadcrumb\"},\"inLanguage\":\"en-US\",\"potentialAction\":[{\"@type\":\"ReadAction\",\"target\":[\"https:\\\/\\\/www.apfelpatient.de\\\/rumors\\\/apple-ar-vr-headset-praesentation-im-januar-geplant\"]}]},{\"@type\":\"ImageObject\",\"inLanguage\":\"en-US\",\"@id\":\"https:\\\/\\\/www.apfelpatient.de\\\/rumors\\\/apple-ar-vr-headset-praesentation-im-januar-geplant#primaryimage\",\"url\":\"https:\\\/\\\/www.apfelpatient.de\\\/wp-content\\\/uploads\\\/2022\\\/06\\\/bigstock-Crypto-Virtual-Museum-And-Meta-446258294.jpg\",\"contentUrl\":\"https:\\\/\\\/www.apfelpatient.de\\\/wp-content\\\/uploads\\\/2022\\\/06\\\/bigstock-Crypto-Virtual-Museum-And-Meta-446258294.jpg\",\"width\":1600,\"height\":981,\"caption\":\"Crypto Virtual Museum and Metaverse internet NFT display as a futuristic streaming media symbol as augmented reality and computer media concept in a 3D illustration style.\"},{\"@type\":\"BreadcrumbList\",\"@id\":\"https:\\\/\\\/www.apfelpatient.de\\\/rumors\\\/apple-ar-vr-headset-praesentation-im-januar-geplant#breadcrumb\",\"itemListElement\":[{\"@type\":\"ListItem\",\"position\":1,\"name\":\"Startseite\",\"item\":\"https:\\\/\\\/www.apfelpatient.de\\\/\"},{\"@type\":\"ListItem\",\"position\":2,\"name\":\"Apple AR\\\/VR-Headset: Pr\u00e4sentation im Januar geplant\"}]},{\"@type\":\"WebSite\",\"@id\":\"https:\\\/\\\/www.apfelpatient.de\\\/#website\",\"url\":\"https:\\\/\\\/www.apfelpatient.de\\\/\",\"name\":\"Apfelpatient\",\"description\":\"Alles rund um Apple!\",\"publisher\":{\"@type\":\"Organization\",\"@id\":\"https:\\\/\\\/www.apfelpatient.de\\\/en\\\/#organization\",\"name\":\"Apfelpatient\",\"url\":\"https:\\\/\\\/www.apfelpatient.de\\\/en\\\/\"},\"alternateName\":\"Apfelpatient\",\"potentialAction\":[{\"@type\":\"SearchAction\",\"target\":{\"@type\":\"EntryPoint\",\"urlTemplate\":\"https:\\\/\\\/www.apfelpatient.de\\\/?s={search_term_string}\"},\"query-input\":{\"@type\":\"PropertyValueSpecification\",\"valueRequired\":true,\"valueName\":\"search_term_string\"}}],\"inLanguage\":\"en-US\"},{\"@type\":[\"Person\",\"Organization\"],\"@id\":\"https:\\\/\\\/www.apfelpatient.de\\\/#\\\/schema\\\/person\\\/7dc56ad6c8e9824b76d2c08d4c140e13\",\"name\":\"Milan\",\"logo\":{\"@id\":\"https:\\\/\\\/www.apfelpatient.de\\\/#\\\/schema\\\/person\\\/image\\\/\"},\"description\":\"Hallo und herzlich willkommen auf meinem Technik-Blog! Als gro\u00dfer Apple-Fan berichte ich hier \u00fcber alles, was mit Apple zu tun hat: von den neuesten News und spannenden Ger\u00fcchten \u00fcber hilfreiche Tipps und Tricks bis hin zu ausf\u00fchrlichen Produkttests. Wenn du genauso technikbegeistert bist wie ich, bist du hier genau richtig!\",\"sameAs\":[\"https:\\\/\\\/www.facebook.com\\\/apfelpatientOfficial\",\"https:\\\/\\\/www.linkedin.com\\\/in\\\/milan-jovicic-42aa0231b\"],\"url\":\"https:\\\/\\\/www.apfelpatient.de\\\/en\\\/author\\\/apfeladmin\"}]}<\/script>\n<!-- \/ Yoast SEO Premium plugin. -->","yoast_head_json":{"title":"Apple AR\/VR headset: Presentation planned for January Apfelpatient","description":"It is \"likely\" that Apple will announce its mixed reality headset as early as January 2023, as is now being claimed once again.","robots":{"index":"index","follow":"follow","max-snippet":"max-snippet:-1","max-image-preview":"max-image-preview:large","max-video-preview":"max-video-preview:-1"},"canonical":"https:\/\/www.apfelpatient.de\/en\/rumors\/apple-ar-vr-headset-presentation-planned-for-january","og_locale":"en_US","og_type":"article","og_title":"Apple AR\/VR-Headset: Pr\u00e4sentation im Januar geplant","og_description":"Es ist \"wahrscheinlich\", dass Apple sein Mixed-Reality-Headset schon im Januar 2023 ank\u00fcndigen wird, wie nun erneut behauptet wird.","og_url":"https:\/\/www.apfelpatient.de\/en\/rumors\/apple-ar-vr-headset-presentation-planned-for-january","og_site_name":"Apfelpatient","article_publisher":"https:\/\/www.facebook.com\/apfelpatientOfficial","article_author":"https:\/\/www.facebook.com\/apfelpatientOfficial","article_published_time":"2022-06-24T16:00:57+00:00","article_modified_time":"2022-06-24T16:00:58+00:00","og_image":[{"width":1024,"height":628,"url":"https:\/\/www.apfelpatient.de\/wp-content\/uploads\/2022\/06\/bigstock-Crypto-Virtual-Museum-And-Meta-446258294-1024x628.jpg","type":"image\/jpeg"}],"author":"Milan","twitter_card":"summary_large_image","twitter_description":"Es ist \"wahrscheinlich\", dass Apple sein Mixed-Reality-Headset schon im Januar 2023 ank\u00fcndigen wird, wie nun erneut behauptet wird.","twitter_misc":{"Written by":"Milan","Est. reading time":"3 minutes"},"schema":{"@context":"https:\/\/schema.org","@graph":[{"@type":"NewsArticle","@id":"https:\/\/www.apfelpatient.de\/rumors\/apple-ar-vr-headset-praesentation-im-januar-geplant#article","isPartOf":{"@id":"https:\/\/www.apfelpatient.de\/rumors\/apple-ar-vr-headset-praesentation-im-januar-geplant"},"author":{"@type":"Organization","@id":"https:\/\/www.apfelpatient.de\/en\/#organization","name":"Apfelpatient","url":"https:\/\/www.apfelpatient.de\/en\/"},"headline":"Apple AR\/VR-Headset: Pr\u00e4sentation im Januar geplant","datePublished":"2022-06-24T16:00:57+00:00","dateModified":"2022-06-24T16:00:58+00:00","mainEntityOfPage":{"@id":"https:\/\/www.apfelpatient.de\/rumors\/apple-ar-vr-headset-praesentation-im-januar-geplant"},"wordCount":435,"publisher":{"@type":"Organization","@id":"https:\/\/www.apfelpatient.de\/en\/#organization","name":"Apfelpatient","url":"https:\/\/www.apfelpatient.de\/en\/"},"image":{"@id":"https:\/\/www.apfelpatient.de\/rumors\/apple-ar-vr-headset-praesentation-im-januar-geplant#primaryimage"},"thumbnailUrl":"https:\/\/www.apfelpatient.de\/wp-content\/uploads\/2022\/06\/bigstock-Crypto-Virtual-Museum-And-Meta-446258294.jpg","keywords":["Apple VR\/AR"],"articleSection":"Rumors","inLanguage":"en-US","copyrightYear":"2022","copyrightHolder":{"@id":"https:\/\/www.apfelpatient.de\/en\/#organization"}},{"@type":"WebPage","@id":"https:\/\/www.apfelpatient.de\/rumors\/apple-ar-vr-headset-praesentation-im-januar-geplant","url":"https:\/\/www.apfelpatient.de\/rumors\/apple-ar-vr-headset-praesentation-im-januar-geplant","name":"Apple AR\/VR headset: Presentation planned for January Apfelpatient","isPartOf":{"@id":"https:\/\/www.apfelpatient.de\/#website"},"primaryImageOfPage":{"@id":"https:\/\/www.apfelpatient.de\/rumors\/apple-ar-vr-headset-praesentation-im-januar-geplant#primaryimage"},"image":{"@id":"https:\/\/www.apfelpatient.de\/rumors\/apple-ar-vr-headset-praesentation-im-januar-geplant#primaryimage"},"thumbnailUrl":"https:\/\/www.apfelpatient.de\/wp-content\/uploads\/2022\/06\/bigstock-Crypto-Virtual-Museum-And-Meta-446258294.jpg","datePublished":"2022-06-24T16:00:57+00:00","dateModified":"2022-06-24T16:00:58+00:00","description":"It is \"likely\" that Apple will announce its mixed reality headset as early as January 2023, as is now being claimed once again.","breadcrumb":{"@id":"https:\/\/www.apfelpatient.de\/rumors\/apple-ar-vr-headset-praesentation-im-januar-geplant#breadcrumb"},"inLanguage":"en-US","potentialAction":[{"@type":"ReadAction","target":["https:\/\/www.apfelpatient.de\/rumors\/apple-ar-vr-headset-praesentation-im-januar-geplant"]}]},{"@type":"ImageObject","inLanguage":"en-US","@id":"https:\/\/www.apfelpatient.de\/rumors\/apple-ar-vr-headset-praesentation-im-januar-geplant#primaryimage","url":"https:\/\/www.apfelpatient.de\/wp-content\/uploads\/2022\/06\/bigstock-Crypto-Virtual-Museum-And-Meta-446258294.jpg","contentUrl":"https:\/\/www.apfelpatient.de\/wp-content\/uploads\/2022\/06\/bigstock-Crypto-Virtual-Museum-And-Meta-446258294.jpg","width":1600,"height":981,"caption":"Crypto Virtual Museum and Metaverse internet NFT display as a futuristic streaming media symbol as augmented reality and computer media concept in a 3D illustration style."},{"@type":"BreadcrumbList","@id":"https:\/\/www.apfelpatient.de\/rumors\/apple-ar-vr-headset-praesentation-im-januar-geplant#breadcrumb","itemListElement":[{"@type":"ListItem","position":1,"name":"Startseite","item":"https:\/\/www.apfelpatient.de\/"},{"@type":"ListItem","position":2,"name":"Apple AR\/VR-Headset: Pr\u00e4sentation im Januar geplant"}]},{"@type":"WebSite","@id":"https:\/\/www.apfelpatient.de\/#website","url":"https:\/\/www.apfelpatient.de\/","name":"apple patient","description":"Everything about Apple!","publisher":{"@type":"Organization","@id":"https:\/\/www.apfelpatient.de\/en\/#organization","name":"Apfelpatient","url":"https:\/\/www.apfelpatient.de\/en\/"},"alternateName":"Apfelpatient","potentialAction":[{"@type":"SearchAction","target":{"@type":"EntryPoint","urlTemplate":"https:\/\/www.apfelpatient.de\/?s={search_term_string}"},"query-input":{"@type":"PropertyValueSpecification","valueRequired":true,"valueName":"search_term_string"}}],"inLanguage":"en-US"},{"@type":["Person","Organization"],"@id":"https:\/\/www.apfelpatient.de\/#\/schema\/person\/7dc56ad6c8e9824b76d2c08d4c140e13","name":"Milan","logo":{"@id":"https:\/\/www.apfelpatient.de\/#\/schema\/person\/image\/"},"description":"Hello and welcome to my technology blog! As a big Apple fan, I report on everything to do with Apple: from the latest news and exciting rumors to helpful tips and tricks and detailed product tests. If you are as enthusiastic about technology as I am, you have come to the right place!","sameAs":["https:\/\/www.facebook.com\/apfelpatientOfficial","https:\/\/www.linkedin.com\/in\/milan-jovicic-42aa0231b"],"url":"https:\/\/www.apfelpatient.de\/en\/author\/apfeladmin"}]}},"_links":{"self":[{"href":"https:\/\/www.apfelpatient.de\/en\/wp-json\/wp\/v2\/posts\/32600","targetHints":{"allow":["GET"]}}],"collection":[{"href":"https:\/\/www.apfelpatient.de\/en\/wp-json\/wp\/v2\/posts"}],"about":[{"href":"https:\/\/www.apfelpatient.de\/en\/wp-json\/wp\/v2\/types\/post"}],"author":[{"embeddable":true,"href":"https:\/\/www.apfelpatient.de\/en\/wp-json\/wp\/v2\/users\/2"}],"replies":[{"embeddable":true,"href":"https:\/\/www.apfelpatient.de\/en\/wp-json\/wp\/v2\/comments?post=32600"}],"version-history":[{"count":0,"href":"https:\/\/www.apfelpatient.de\/en\/wp-json\/wp\/v2\/posts\/32600\/revisions"}],"wp:featuredmedia":[{"embeddable":true,"href":"https:\/\/www.apfelpatient.de\/en\/wp-json\/wp\/v2\/media\/32599"}],"wp:attachment":[{"href":"https:\/\/www.apfelpatient.de\/en\/wp-json\/wp\/v2\/media?parent=32600"}],"wp:term":[{"taxonomy":"category","embeddable":true,"href":"https:\/\/www.apfelpatient.de\/en\/wp-json\/wp\/v2\/categories?post=32600"},{"taxonomy":"post_tag","embeddable":true,"href":"https:\/\/www.apfelpatient.de\/en\/wp-json\/wp\/v2\/tags?post=32600"}],"curies":[{"name":"wp","href":"https:\/\/api.w.org\/{rel}","templated":true}]}}