{"id":3259,"date":"2019-01-23T16:45:11","date_gmt":"2019-01-23T15:45:11","guid":{"rendered":"https:\/\/www.apfelpatient.de\/?p=3259"},"modified":"2019-01-23T16:45:11","modified_gmt":"2019-01-23T15:45:11","slug":"airpods-2-should-be-available-soon","status":"publish","type":"post","link":"https:\/\/www.apfelpatient.de\/en\/rumors\/airpods-2-sollen-bald-erhaeltlich-sein","title":{"rendered":"AirPods 2 should be available soon"},"content":{"rendered":"<p><strong>The wireless headphones were introduced on September 7, 2016 and have been on sale since December 2016. They are still very popular today.<\/strong><\/p>\n<p class=\"p1\"><\/p>\n<p>Last year there was a lot of speculation about the second generation of AirPods. Some said they would be released in 2018, others said in 2019. Now there is a new rumor about AirPods 2. The magazine DigiTimes claims to have learned from Asian supplier circles that Apple wants to release the second generation of AirPods in the first half of 2019. According to the trade magazine, the producers PCBs Zhen Ding and Flexium Interconnect are being recruited. Both suppliers have already been commissioned to manufacture certain components for the Apple Watch and AirPods 1.<\/p>\n<p><strong>Waterproof in the old design and much more<\/strong><\/p>\n<p>It has already been reported in the past that the AirPods 2 could appear in a completely new design - this is probably not the case. However, they are said to have more functions and will probably be more expensive. These include better noise compensation and an increased wireless range. The first generation of AirPods is officially not water-resistant - according to sources, this is now set to change. The AirPods 2 will have better moisture protection.<\/p>\n<p><strong>Hey Siri and Health<\/strong><\/p>\n<p class=\"p1\"><\/p>\n<p>Furthermore, the new generation of AirPods is expected to be equipped with the &quot;Hey Siri&quot; function. In addition, Apple will equip the AirPods 2 with more health functions - according to the report. However, nothing is known in detail. There is speculation about an integrated pulse sensor - since the Apple Watch already has one, the feature is conceivable.<br \/>\nIn addition, the popular earplugs are supposed to come with more sensors and boast improved sound quality. According to suppliers, the AirPower compatible charging case should already be included when delivered. It remains to be seen whether this will ultimately be the case.<\/p>\n<h5><a href=\"https:\/\/t.me\/apfelpatient_official\"><em><strong>Don&#039;t want to miss any more news? Then subscribe to our Telegram channel here<\/strong><\/em><\/a><\/h5>","protected":false},"excerpt":{"rendered":"<p>Die kabellosen Kopfh\u00f6rer wurden am 7. September 2016 vorgestellt und befinden sich seit Dezember 2016 im Verkauf. Sie erfreuen sich bis heute einer hohen Beliebtheit. Letztes Jahr wurde oft \u00fcber die zweite Generation der AirPods spekuliert. Die Einen sagten ihnen eine Ver\u00f6ffentlichung noch in 2018 nach, andere Stimmen sprachen von 2019. Nun gibt es ein [&hellip;]<\/p>\n","protected":false},"author":2,"featured_media":3261,"comment_status":"open","ping_status":"open","sticky":false,"template":"","format":"standard","meta":{"jnews-multi-image_gallery":[],"jnews_single_post":[],"jnews_primary_category":[],"footnotes":""},"categories":[25],"tags":[28,31],"class_list":["post-3259","post","type-post","status-publish","format-standard","has-post-thumbnail","hentry","category-rumors","tag-airpods","tag-airpods-2"],"yoast_head":"<!-- This site is optimized with the Yoast SEO Premium plugin v27.5 (Yoast SEO v27.5) - https:\/\/yoast.com\/product\/yoast-seo-premium-wordpress\/ -->\n<title>AirPods 2 sollen bald erh\u00e4ltlich sein Apfelpatient<\/title>\n<meta name=\"description\" content=\"- Letztes Jahr wurde oft \u00fcber die zweite Generation der AirPods spekuliert. Die Einen sagten ihnen eine Ver\u00f6ffentlichung noch in 2018 nach, andere Stimmen sprachen von 2019.\" \/>\n<meta name=\"robots\" content=\"index, follow, max-snippet:-1, max-image-preview:large, max-video-preview:-1\" \/>\n<link rel=\"canonical\" href=\"https:\/\/www.apfelpatient.de\/en\/rumors\/airpods-2-should-be-available-soon\" \/>\n<meta property=\"og:locale\" content=\"en_US\" \/>\n<meta property=\"og:type\" content=\"article\" \/>\n<meta property=\"og:title\" content=\"AirPods 2 sollen bald erh\u00e4ltlich sein\" \/>\n<meta property=\"og:description\" content=\"- Letztes Jahr wurde oft \u00fcber die zweite Generation der AirPods spekuliert. Die Einen sagten ihnen eine Ver\u00f6ffentlichung noch in 2018 nach, andere Stimmen sprachen von 2019.\" \/>\n<meta property=\"og:url\" content=\"https:\/\/www.apfelpatient.de\/en\/rumors\/airpods-2-should-be-available-soon\" \/>\n<meta property=\"og:site_name\" content=\"Apfelpatient\" \/>\n<meta property=\"article:publisher\" content=\"https:\/\/www.facebook.com\/apfelpatientOfficial\" \/>\n<meta property=\"article:author\" content=\"https:\/\/www.facebook.com\/apfelpatientOfficial\" \/>\n<meta property=\"article:published_time\" content=\"2019-01-23T15:45:11+00:00\" \/>\n<meta property=\"og:image\" content=\"https:\/\/www.apfelpatient.de\/wp-content\/uploads\/2019\/01\/vladimir-proskurovskiy-481533-unsplash.jpg\" \/>\n\t<meta property=\"og:image:width\" content=\"1024\" \/>\n\t<meta property=\"og:image:height\" content=\"576\" \/>\n\t<meta property=\"og:image:type\" content=\"image\/jpeg\" \/>\n<meta name=\"author\" content=\"Milan\" \/>\n<meta name=\"twitter:card\" content=\"summary_large_image\" \/>\n<meta name=\"twitter:label1\" content=\"Written by\" \/>\n\t<meta name=\"twitter:data1\" content=\"Milan\" \/>\n\t<meta name=\"twitter:label2\" content=\"Est. reading time\" \/>\n\t<meta name=\"twitter:data2\" content=\"2 minutes\" \/>\n<script type=\"application\/ld+json\" class=\"yoast-schema-graph\">{\"@context\":\"https:\\\/\\\/schema.org\",\"@graph\":[{\"@type\":\"NewsArticle\",\"@id\":\"https:\\\/\\\/www.apfelpatient.de\\\/rumors\\\/airpods-2-sollen-bald-erhaeltlich-sein#article\",\"isPartOf\":{\"@id\":\"https:\\\/\\\/www.apfelpatient.de\\\/rumors\\\/airpods-2-sollen-bald-erhaeltlich-sein\"},\"author\":{\"@type\":\"Organization\",\"@id\":\"https:\\\/\\\/www.apfelpatient.de\\\/en\\\/#organization\",\"name\":\"Apfelpatient\",\"url\":\"https:\\\/\\\/www.apfelpatient.de\\\/en\\\/\"},\"headline\":\"AirPods 2 sollen bald erh\u00e4ltlich sein\",\"datePublished\":\"2019-01-23T15:45:11+00:00\",\"mainEntityOfPage\":{\"@id\":\"https:\\\/\\\/www.apfelpatient.de\\\/rumors\\\/airpods-2-sollen-bald-erhaeltlich-sein\"},\"wordCount\":325,\"commentCount\":0,\"publisher\":{\"@type\":\"Organization\",\"@id\":\"https:\\\/\\\/www.apfelpatient.de\\\/en\\\/#organization\",\"name\":\"Apfelpatient\",\"url\":\"https:\\\/\\\/www.apfelpatient.de\\\/en\\\/\"},\"image\":{\"@id\":\"https:\\\/\\\/www.apfelpatient.de\\\/rumors\\\/airpods-2-sollen-bald-erhaeltlich-sein#primaryimage\"},\"thumbnailUrl\":\"https:\\\/\\\/www.apfelpatient.de\\\/wp-content\\\/uploads\\\/2019\\\/01\\\/vladimir-proskurovskiy-481533-unsplash.jpg\",\"keywords\":[\"AirPods\",\"AirPods 2\"],\"articleSection\":\"Rumors\",\"inLanguage\":\"en-US\",\"potentialAction\":[{\"@type\":\"CommentAction\",\"name\":\"Comment\",\"target\":[\"https:\\\/\\\/www.apfelpatient.de\\\/rumors\\\/airpods-2-sollen-bald-erhaeltlich-sein#respond\"]}],\"copyrightYear\":\"2019\",\"copyrightHolder\":{\"@id\":\"https:\\\/\\\/www.apfelpatient.de\\\/en\\\/#organization\"}},{\"@type\":\"WebPage\",\"@id\":\"https:\\\/\\\/www.apfelpatient.de\\\/rumors\\\/airpods-2-sollen-bald-erhaeltlich-sein\",\"url\":\"https:\\\/\\\/www.apfelpatient.de\\\/rumors\\\/airpods-2-sollen-bald-erhaeltlich-sein\",\"name\":\"AirPods 2 sollen bald erh\u00e4ltlich sein Apfelpatient\",\"isPartOf\":{\"@id\":\"https:\\\/\\\/www.apfelpatient.de\\\/#website\"},\"primaryImageOfPage\":{\"@id\":\"https:\\\/\\\/www.apfelpatient.de\\\/rumors\\\/airpods-2-sollen-bald-erhaeltlich-sein#primaryimage\"},\"image\":{\"@id\":\"https:\\\/\\\/www.apfelpatient.de\\\/rumors\\\/airpods-2-sollen-bald-erhaeltlich-sein#primaryimage\"},\"thumbnailUrl\":\"https:\\\/\\\/www.apfelpatient.de\\\/wp-content\\\/uploads\\\/2019\\\/01\\\/vladimir-proskurovskiy-481533-unsplash.jpg\",\"datePublished\":\"2019-01-23T15:45:11+00:00\",\"description\":\"- Letztes Jahr wurde oft \u00fcber die zweite Generation der AirPods spekuliert. Die Einen sagten ihnen eine Ver\u00f6ffentlichung noch in 2018 nach, andere Stimmen sprachen von 2019.\",\"breadcrumb\":{\"@id\":\"https:\\\/\\\/www.apfelpatient.de\\\/rumors\\\/airpods-2-sollen-bald-erhaeltlich-sein#breadcrumb\"},\"inLanguage\":\"en-US\",\"potentialAction\":[{\"@type\":\"ReadAction\",\"target\":[\"https:\\\/\\\/www.apfelpatient.de\\\/rumors\\\/airpods-2-sollen-bald-erhaeltlich-sein\"]}]},{\"@type\":\"ImageObject\",\"inLanguage\":\"en-US\",\"@id\":\"https:\\\/\\\/www.apfelpatient.de\\\/rumors\\\/airpods-2-sollen-bald-erhaeltlich-sein#primaryimage\",\"url\":\"https:\\\/\\\/www.apfelpatient.de\\\/wp-content\\\/uploads\\\/2019\\\/01\\\/vladimir-proskurovskiy-481533-unsplash.jpg\",\"contentUrl\":\"https:\\\/\\\/www.apfelpatient.de\\\/wp-content\\\/uploads\\\/2019\\\/01\\\/vladimir-proskurovskiy-481533-unsplash.jpg\",\"width\":7952,\"height\":4472,\"caption\":\"Photo by Unsplash\"},{\"@type\":\"BreadcrumbList\",\"@id\":\"https:\\\/\\\/www.apfelpatient.de\\\/rumors\\\/airpods-2-sollen-bald-erhaeltlich-sein#breadcrumb\",\"itemListElement\":[{\"@type\":\"ListItem\",\"position\":1,\"name\":\"Startseite\",\"item\":\"https:\\\/\\\/www.apfelpatient.de\\\/\"},{\"@type\":\"ListItem\",\"position\":2,\"name\":\"AirPods 2 sollen bald erh\u00e4ltlich sein\"}]},{\"@type\":\"WebSite\",\"@id\":\"https:\\\/\\\/www.apfelpatient.de\\\/#website\",\"url\":\"https:\\\/\\\/www.apfelpatient.de\\\/\",\"name\":\"Apfelpatient\",\"description\":\"Alles rund um Apple!\",\"publisher\":{\"@type\":\"Organization\",\"@id\":\"https:\\\/\\\/www.apfelpatient.de\\\/en\\\/#organization\",\"name\":\"Apfelpatient\",\"url\":\"https:\\\/\\\/www.apfelpatient.de\\\/en\\\/\"},\"alternateName\":\"Apfelpatient\",\"potentialAction\":[{\"@type\":\"SearchAction\",\"target\":{\"@type\":\"EntryPoint\",\"urlTemplate\":\"https:\\\/\\\/www.apfelpatient.de\\\/?s={search_term_string}\"},\"query-input\":{\"@type\":\"PropertyValueSpecification\",\"valueRequired\":true,\"valueName\":\"search_term_string\"}}],\"inLanguage\":\"en-US\"},{\"@type\":[\"Person\",\"Organization\"],\"@id\":\"https:\\\/\\\/www.apfelpatient.de\\\/#\\\/schema\\\/person\\\/35b3ddba5832f2bfc7fff5206d4f6b7b\",\"name\":\"Milan\",\"logo\":{\"@id\":\"https:\\\/\\\/www.apfelpatient.de\\\/#\\\/schema\\\/person\\\/image\\\/\"},\"description\":\"Hallo und herzlich willkommen auf meinem Technik-Blog! Als gro\u00dfer Apple-Fan berichte ich hier \u00fcber alles, was mit Apple zu tun hat: von den neuesten News und spannenden Ger\u00fcchten \u00fcber hilfreiche Tipps und Tricks bis hin zu ausf\u00fchrlichen Produkttests. Wenn du genauso technikbegeistert bist wie ich, bist du hier genau richtig!\",\"sameAs\":[\"https:\\\/\\\/www.facebook.com\\\/apfelpatientOfficial\",\"https:\\\/\\\/www.linkedin.com\\\/in\\\/milan-jovicic-42aa0231b\"],\"url\":\"https:\\\/\\\/www.apfelpatient.de\\\/en\\\/author\\\/apfeladmin\"}]}<\/script>\n<!-- \/ Yoast SEO Premium plugin. -->","yoast_head_json":{"title":"AirPods 2 should be available soon Apfelpatient","description":"- Last year there was a lot of speculation about the second generation of AirPods. Some said they would be released in 2018, others said 2019.","robots":{"index":"index","follow":"follow","max-snippet":"max-snippet:-1","max-image-preview":"max-image-preview:large","max-video-preview":"max-video-preview:-1"},"canonical":"https:\/\/www.apfelpatient.de\/en\/rumors\/airpods-2-should-be-available-soon","og_locale":"en_US","og_type":"article","og_title":"AirPods 2 sollen bald erh\u00e4ltlich sein","og_description":"- Letztes Jahr wurde oft \u00fcber die zweite Generation der AirPods spekuliert. Die Einen sagten ihnen eine Ver\u00f6ffentlichung noch in 2018 nach, andere Stimmen sprachen von 2019.","og_url":"https:\/\/www.apfelpatient.de\/en\/rumors\/airpods-2-should-be-available-soon","og_site_name":"Apfelpatient","article_publisher":"https:\/\/www.facebook.com\/apfelpatientOfficial","article_author":"https:\/\/www.facebook.com\/apfelpatientOfficial","article_published_time":"2019-01-23T15:45:11+00:00","og_image":[{"url":"https:\/\/www.apfelpatient.de\/wp-content\/uploads\/2019\/01\/vladimir-proskurovskiy-481533-unsplash.jpg","width":1024,"height":576,"type":"image\/jpeg"}],"author":"Milan","twitter_card":"summary_large_image","twitter_misc":{"Written by":"Milan","Est. reading time":"2 minutes"},"schema":{"@context":"https:\/\/schema.org","@graph":[{"@type":"NewsArticle","@id":"https:\/\/www.apfelpatient.de\/rumors\/airpods-2-sollen-bald-erhaeltlich-sein#article","isPartOf":{"@id":"https:\/\/www.apfelpatient.de\/rumors\/airpods-2-sollen-bald-erhaeltlich-sein"},"author":{"@type":"Organization","@id":"https:\/\/www.apfelpatient.de\/en\/#organization","name":"Apfelpatient","url":"https:\/\/www.apfelpatient.de\/en\/"},"headline":"AirPods 2 sollen bald erh\u00e4ltlich sein","datePublished":"2019-01-23T15:45:11+00:00","mainEntityOfPage":{"@id":"https:\/\/www.apfelpatient.de\/rumors\/airpods-2-sollen-bald-erhaeltlich-sein"},"wordCount":325,"commentCount":0,"publisher":{"@type":"Organization","@id":"https:\/\/www.apfelpatient.de\/en\/#organization","name":"Apfelpatient","url":"https:\/\/www.apfelpatient.de\/en\/"},"image":{"@id":"https:\/\/www.apfelpatient.de\/rumors\/airpods-2-sollen-bald-erhaeltlich-sein#primaryimage"},"thumbnailUrl":"https:\/\/www.apfelpatient.de\/wp-content\/uploads\/2019\/01\/vladimir-proskurovskiy-481533-unsplash.jpg","keywords":["AirPods","AirPods 2"],"articleSection":"Rumors","inLanguage":"en-US","potentialAction":[{"@type":"CommentAction","name":"Comment","target":["https:\/\/www.apfelpatient.de\/rumors\/airpods-2-sollen-bald-erhaeltlich-sein#respond"]}],"copyrightYear":"2019","copyrightHolder":{"@id":"https:\/\/www.apfelpatient.de\/en\/#organization"}},{"@type":"WebPage","@id":"https:\/\/www.apfelpatient.de\/rumors\/airpods-2-sollen-bald-erhaeltlich-sein","url":"https:\/\/www.apfelpatient.de\/rumors\/airpods-2-sollen-bald-erhaeltlich-sein","name":"AirPods 2 should be available soon Apfelpatient","isPartOf":{"@id":"https:\/\/www.apfelpatient.de\/#website"},"primaryImageOfPage":{"@id":"https:\/\/www.apfelpatient.de\/rumors\/airpods-2-sollen-bald-erhaeltlich-sein#primaryimage"},"image":{"@id":"https:\/\/www.apfelpatient.de\/rumors\/airpods-2-sollen-bald-erhaeltlich-sein#primaryimage"},"thumbnailUrl":"https:\/\/www.apfelpatient.de\/wp-content\/uploads\/2019\/01\/vladimir-proskurovskiy-481533-unsplash.jpg","datePublished":"2019-01-23T15:45:11+00:00","description":"- Last year there was a lot of speculation about the second generation of AirPods. Some said they would be released in 2018, others said 2019.","breadcrumb":{"@id":"https:\/\/www.apfelpatient.de\/rumors\/airpods-2-sollen-bald-erhaeltlich-sein#breadcrumb"},"inLanguage":"en-US","potentialAction":[{"@type":"ReadAction","target":["https:\/\/www.apfelpatient.de\/rumors\/airpods-2-sollen-bald-erhaeltlich-sein"]}]},{"@type":"ImageObject","inLanguage":"en-US","@id":"https:\/\/www.apfelpatient.de\/rumors\/airpods-2-sollen-bald-erhaeltlich-sein#primaryimage","url":"https:\/\/www.apfelpatient.de\/wp-content\/uploads\/2019\/01\/vladimir-proskurovskiy-481533-unsplash.jpg","contentUrl":"https:\/\/www.apfelpatient.de\/wp-content\/uploads\/2019\/01\/vladimir-proskurovskiy-481533-unsplash.jpg","width":7952,"height":4472,"caption":"Photo by Unsplash"},{"@type":"BreadcrumbList","@id":"https:\/\/www.apfelpatient.de\/rumors\/airpods-2-sollen-bald-erhaeltlich-sein#breadcrumb","itemListElement":[{"@type":"ListItem","position":1,"name":"Startseite","item":"https:\/\/www.apfelpatient.de\/"},{"@type":"ListItem","position":2,"name":"AirPods 2 sollen bald erh\u00e4ltlich sein"}]},{"@type":"WebSite","@id":"https:\/\/www.apfelpatient.de\/#website","url":"https:\/\/www.apfelpatient.de\/","name":"apple patient","description":"Everything about Apple!","publisher":{"@type":"Organization","@id":"https:\/\/www.apfelpatient.de\/en\/#organization","name":"Apfelpatient","url":"https:\/\/www.apfelpatient.de\/en\/"},"alternateName":"Apfelpatient","potentialAction":[{"@type":"SearchAction","target":{"@type":"EntryPoint","urlTemplate":"https:\/\/www.apfelpatient.de\/?s={search_term_string}"},"query-input":{"@type":"PropertyValueSpecification","valueRequired":true,"valueName":"search_term_string"}}],"inLanguage":"en-US"},{"@type":["Person","Organization"],"@id":"https:\/\/www.apfelpatient.de\/#\/schema\/person\/35b3ddba5832f2bfc7fff5206d4f6b7b","name":"Milan","logo":{"@id":"https:\/\/www.apfelpatient.de\/#\/schema\/person\/image\/"},"description":"Hello and welcome to my technology blog! As a big Apple fan, I report on everything to do with Apple: from the latest news and exciting rumors to helpful tips and tricks and detailed product tests. If you are as enthusiastic about technology as I am, you have come to the right place!","sameAs":["https:\/\/www.facebook.com\/apfelpatientOfficial","https:\/\/www.linkedin.com\/in\/milan-jovicic-42aa0231b"],"url":"https:\/\/www.apfelpatient.de\/en\/author\/apfeladmin"}]}},"_links":{"self":[{"href":"https:\/\/www.apfelpatient.de\/en\/wp-json\/wp\/v2\/posts\/3259","targetHints":{"allow":["GET"]}}],"collection":[{"href":"https:\/\/www.apfelpatient.de\/en\/wp-json\/wp\/v2\/posts"}],"about":[{"href":"https:\/\/www.apfelpatient.de\/en\/wp-json\/wp\/v2\/types\/post"}],"author":[{"embeddable":true,"href":"https:\/\/www.apfelpatient.de\/en\/wp-json\/wp\/v2\/users\/2"}],"replies":[{"embeddable":true,"href":"https:\/\/www.apfelpatient.de\/en\/wp-json\/wp\/v2\/comments?post=3259"}],"version-history":[{"count":0,"href":"https:\/\/www.apfelpatient.de\/en\/wp-json\/wp\/v2\/posts\/3259\/revisions"}],"wp:featuredmedia":[{"embeddable":true,"href":"https:\/\/www.apfelpatient.de\/en\/wp-json\/wp\/v2\/media\/3261"}],"wp:attachment":[{"href":"https:\/\/www.apfelpatient.de\/en\/wp-json\/wp\/v2\/media?parent=3259"}],"wp:term":[{"taxonomy":"category","embeddable":true,"href":"https:\/\/www.apfelpatient.de\/en\/wp-json\/wp\/v2\/categories?post=3259"},{"taxonomy":"post_tag","embeddable":true,"href":"https:\/\/www.apfelpatient.de\/en\/wp-json\/wp\/v2\/tags?post=3259"}],"curies":[{"name":"wp","href":"https:\/\/api.w.org\/{rel}","templated":true}]}}