{"id":32569,"date":"2022-06-22T21:25:00","date_gmt":"2022-06-22T19:25:00","guid":{"rendered":"https:\/\/www.apfelpatient.de\/?p=32569"},"modified":"2022-06-22T23:01:29","modified_gmt":"2022-06-22T21:01:29","slug":"apple-confirms-ipads-16-eliminates-home-hub-function","status":"publish","type":"post","link":"https:\/\/www.apfelpatient.de\/en\/news\/apple-bestaetigt-ipados-16-schafft-home-hub-funktion-ab","title":{"rendered":"Apple confirms: iPadOS 16 eliminates Home Hub function"},"content":{"rendered":"<p class=\"has-drop-cap\"><strong>Apple today confirmed that the iPad will no longer be able to be used as a home hub following the launch of iOS 16, iPadOS 16, macOS Ventura and HomePod 16 software this fall.<\/strong><\/p>\n\n\n\n<p>As MacRumors now <a href=\"https:\/\/www.macrumors.com\/2022\/06\/22\/ipados-16-no-ipad-home-hub-support\/\" target=\"_blank\" rel=\"noreferrer noopener\">reported<\/a>, Steve Moser discovered in the iOS 16 code that the iPad is no longer supported as a home hub. This information is displayed in the Home app after updating to iOS 16.<\/p>\n\n\n\n<blockquote class=\"wp-block-quote is-layout-flow wp-block-quote-is-layout-flow\"><p>A home hub is required to use features like receiving accessory notifications and letting others control your home. You won&#039;t be able to view shared homes until those homes are also updated to the latest HomeKit. iPad is no longer supported as a home hub.<\/p><\/blockquote>\n\n\n\n<p>If Apple stops supporting the iPad as a HomeKit hub, users will need a HomePod, HomePod mini, or Apple TV to use the features of a hub, such as remotely accessing accessories with Siri and using location-based automation features.<\/p>\n\n\n\n<h3 class=\"wp-block-heading\" id=\"h-ipados-16-abschaffung-der-home-hub-funktion-konnte-mit-matter-zusammenhangen\">iPadOS 16: Removal of Home Hub feature could be related to Matter<\/h3>\n\n\n\n\n\n\n\n<p>Apple&#039;s iOS 16 preview webpage hinted that the iPad cannot be used as a home hub. However, this has only now been officially confirmed, as it was still possible to set up an iPad as a home hub in the first iPadOS 16 beta. The wording of the code in the second beta of iOS 16 suggests that Apple is removing home hub functionality from the iPad. The company has not explained why the iPad will no longer function as a home hub. But it could be related to Apple&#039;s upcoming cross-platform implementation of the Matter smart home standard. Matter will be introduced later this year and will allow HomeKit users to add more smart home accessories to their HomeKit setups. Whether your device is compatible with the new software,\u00a0<a href=\"https:\/\/www.apfelpatient.de\/en\/tips-tricks\/ios-16-ipados-16-tvos-16-watchos-9-macos-13-supported-devices\">you can find out here<\/a>. (Photo by DenPhoto \/ Bigstockphoto)<\/p>\n\n\n\n<ul class=\"wp-block-list\"><li><a href=\"https:\/\/www.apfelpatient.de\/en\/news\/ios-16-macos-ventura-support-brand-logos-in-the-mail-app\">iOS 16 &amp; macOS Ventura support brand logos in the Mail app<\/a><\/li><\/ul>\n\n\n\n<h6 class=\"wp-block-heading translation-block\" id=\"h-kennt-ihr-schon-unsere-amazon-storefront-dort-findet-ihr-eine-handverlesene-auswahl-von-diversen-produkten-f-r-euer-iphone-und-co-viel-spa-beim-st-bern\"><em>Have you already visited our Amazon Storefront? There you&#039;ll find a hand-picked selection of various products for your iPhone and other devices \u2013 <span class=\"has-inline-color has-vivid-red-color\"><a href=\"https:\/\/www.amazon.de\/shop\/apfelpatientofficial\" class=\"ek-link\" data-wpel-link=\"exclude\" rel=\"follow noopener\" target=\"_self\"><span style=\"text-decoration: underline\" class=\"ek-underline\">enjoy browsing<\/span><\/a> !<\/span><\/em><\/h6>\n\n\n\n<h6 class=\"wp-block-heading translation-block\" id=\"h-der-beitrag-enthalt-partnerlinks\">This post contains <a data-type=\"URL\" data-id=\"https:\/\/www.apfelpatient.de\/partnerprogramm\" href=\"https:\/\/www.apfelpatient.de\/en\/partner-program\" data-wpel-link=\"internal\" target=\"_self\">affiliate links<\/a>.<\/h6>","protected":false},"excerpt":{"rendered":"<p>Apple confirmed today that the iPad will no longer be able to be used as a home hub after the launch of iPadOS 16 this fall.<\/p>","protected":false},"author":2,"featured_media":32567,"comment_status":"closed","ping_status":"closed","sticky":false,"template":"","format":"standard","meta":{"jnews-multi-image_gallery":[],"jnews_single_post":{"subtitle":"","format":"standard","video":"","gallery":"","source_name":"","source_url":"","via_name":"","via_url":"","override":[{"single_blog_custom":"","sidebar":"","second_sidebar":"","share_position":"","share_float_style":"","post_date_format":"","post_date_format_custom":"","post_reading_time_wpm":"","zoom_button_out_step":"1","zoom_button_in_step":"1","number_popup_post":"1"}],"image_override":[{"single_post_thumbnail_size":"","single_post_gallery_size":""}],"trending_post_position":"","trending_post_label":"","sponsored_post_label":"","sponsored_post_name":"","sponsored_post_url":"","sponsored_post_logo":"","sponsored_post_desc":""},"jnews_primary_category":{"id":"9"},"footnotes":""},"categories":[9],"tags":[18,33,690],"class_list":["post-32569","post","type-post","status-publish","format-standard","has-post-thumbnail","hentry","category-news","tag-ipad","tag-ipados","tag-ipados-16"],"yoast_head":"<!-- This site is optimized with the Yoast SEO Premium plugin v27.5 (Yoast SEO v27.5) - https:\/\/yoast.com\/product\/yoast-seo-premium-wordpress\/ -->\n<title>Apple best\u00e4tigt: iPadOS 16 schafft Home-Hub Funktion ab Apfelpatient<\/title>\n<meta name=\"description\" content=\"Apple hat heute best\u00e4tigt, dass das iPad nach der Einf\u00fchrung von iPadOS 16 im Herbst nicht mehr als Home-Hub genutzt werden kann.\" \/>\n<meta name=\"robots\" content=\"index, follow, max-snippet:-1, max-image-preview:large, max-video-preview:-1\" \/>\n<link rel=\"canonical\" href=\"https:\/\/www.apfelpatient.de\/en\/news\/apple-confirms-ipads-16-eliminates-home-hub-function\" \/>\n<meta property=\"og:locale\" content=\"en_US\" \/>\n<meta property=\"og:type\" content=\"article\" \/>\n<meta property=\"og:title\" content=\"Apple best\u00e4tigt: iPadOS 16 schafft Home-Hub Funktion ab\" \/>\n<meta property=\"og:description\" content=\"Apple hat heute best\u00e4tigt, dass das iPad nach der Einf\u00fchrung von iPadOS 16 im Herbst nicht mehr als Home-Hub genutzt werden kann.\" \/>\n<meta property=\"og:url\" content=\"https:\/\/www.apfelpatient.de\/en\/news\/apple-confirms-ipads-16-eliminates-home-hub-function\" \/>\n<meta property=\"og:site_name\" content=\"Apfelpatient\" \/>\n<meta property=\"article:publisher\" content=\"https:\/\/www.facebook.com\/apfelpatientOfficial\" \/>\n<meta property=\"article:author\" content=\"https:\/\/www.facebook.com\/apfelpatientOfficial\" \/>\n<meta property=\"article:published_time\" content=\"2022-06-22T19:25:00+00:00\" \/>\n<meta property=\"article:modified_time\" content=\"2022-06-22T21:01:29+00:00\" \/>\n<meta property=\"og:image\" content=\"https:\/\/www.apfelpatient.de\/wp-content\/uploads\/2022\/06\/bigstock-Alanya-Turkey-May-421703717-2.jpg\" \/>\n\t<meta property=\"og:image:width\" content=\"1600\" \/>\n\t<meta property=\"og:image:height\" content=\"1067\" \/>\n\t<meta property=\"og:image:type\" content=\"image\/jpeg\" \/>\n<meta name=\"author\" content=\"Milan\" \/>\n<meta name=\"twitter:card\" content=\"summary_large_image\" \/>\n<meta name=\"twitter:description\" content=\"Apple hat heute best\u00e4tigt, dass das iPad nach der Einf\u00fchrung von iPadOS 16 im Herbst nicht mehr als Home-Hub genutzt werden kann.\" \/>\n<meta name=\"twitter:label1\" content=\"Written by\" \/>\n\t<meta name=\"twitter:data1\" content=\"Milan\" \/>\n\t<meta name=\"twitter:label2\" content=\"Est. reading time\" \/>\n\t<meta name=\"twitter:data2\" content=\"2 minutes\" \/>\n<script type=\"application\/ld+json\" class=\"yoast-schema-graph\">{\"@context\":\"https:\\\/\\\/schema.org\",\"@graph\":[{\"@type\":\"NewsArticle\",\"@id\":\"https:\\\/\\\/www.apfelpatient.de\\\/news\\\/apple-bestaetigt-ipados-16-schafft-home-hub-funktion-ab#article\",\"isPartOf\":{\"@id\":\"https:\\\/\\\/www.apfelpatient.de\\\/news\\\/apple-bestaetigt-ipados-16-schafft-home-hub-funktion-ab\"},\"author\":{\"@type\":\"Organization\",\"@id\":\"https:\\\/\\\/www.apfelpatient.de\\\/en\\\/#organization\",\"name\":\"Apfelpatient\",\"url\":\"https:\\\/\\\/www.apfelpatient.de\\\/en\\\/\"},\"headline\":\"Apple best\u00e4tigt: iPadOS 16 schafft Home-Hub Funktion ab\",\"datePublished\":\"2022-06-22T19:25:00+00:00\",\"dateModified\":\"2022-06-22T21:01:29+00:00\",\"mainEntityOfPage\":{\"@id\":\"https:\\\/\\\/www.apfelpatient.de\\\/news\\\/apple-bestaetigt-ipados-16-schafft-home-hub-funktion-ab\"},\"wordCount\":322,\"publisher\":{\"@type\":\"Organization\",\"@id\":\"https:\\\/\\\/www.apfelpatient.de\\\/en\\\/#organization\",\"name\":\"Apfelpatient\",\"url\":\"https:\\\/\\\/www.apfelpatient.de\\\/en\\\/\"},\"image\":{\"@id\":\"https:\\\/\\\/www.apfelpatient.de\\\/news\\\/apple-bestaetigt-ipados-16-schafft-home-hub-funktion-ab#primaryimage\"},\"thumbnailUrl\":\"https:\\\/\\\/www.apfelpatient.de\\\/wp-content\\\/uploads\\\/2022\\\/06\\\/bigstock-Alanya-Turkey-May-421703717-2.jpg\",\"keywords\":[\"iPad\",\"iPadOS\",\"iPadOS 16\"],\"articleSection\":\"News\",\"inLanguage\":\"en-US\",\"copyrightYear\":\"2022\",\"copyrightHolder\":{\"@id\":\"https:\\\/\\\/www.apfelpatient.de\\\/en\\\/#organization\"}},{\"@type\":\"WebPage\",\"@id\":\"https:\\\/\\\/www.apfelpatient.de\\\/news\\\/apple-bestaetigt-ipados-16-schafft-home-hub-funktion-ab\",\"url\":\"https:\\\/\\\/www.apfelpatient.de\\\/news\\\/apple-bestaetigt-ipados-16-schafft-home-hub-funktion-ab\",\"name\":\"Apple best\u00e4tigt: iPadOS 16 schafft Home-Hub Funktion ab Apfelpatient\",\"isPartOf\":{\"@id\":\"https:\\\/\\\/www.apfelpatient.de\\\/#website\"},\"primaryImageOfPage\":{\"@id\":\"https:\\\/\\\/www.apfelpatient.de\\\/news\\\/apple-bestaetigt-ipados-16-schafft-home-hub-funktion-ab#primaryimage\"},\"image\":{\"@id\":\"https:\\\/\\\/www.apfelpatient.de\\\/news\\\/apple-bestaetigt-ipados-16-schafft-home-hub-funktion-ab#primaryimage\"},\"thumbnailUrl\":\"https:\\\/\\\/www.apfelpatient.de\\\/wp-content\\\/uploads\\\/2022\\\/06\\\/bigstock-Alanya-Turkey-May-421703717-2.jpg\",\"datePublished\":\"2022-06-22T19:25:00+00:00\",\"dateModified\":\"2022-06-22T21:01:29+00:00\",\"description\":\"Apple hat heute best\u00e4tigt, dass das iPad nach der Einf\u00fchrung von iPadOS 16 im Herbst nicht mehr als Home-Hub genutzt werden kann.\",\"breadcrumb\":{\"@id\":\"https:\\\/\\\/www.apfelpatient.de\\\/news\\\/apple-bestaetigt-ipados-16-schafft-home-hub-funktion-ab#breadcrumb\"},\"inLanguage\":\"en-US\",\"potentialAction\":[{\"@type\":\"ReadAction\",\"target\":[\"https:\\\/\\\/www.apfelpatient.de\\\/news\\\/apple-bestaetigt-ipados-16-schafft-home-hub-funktion-ab\"]}]},{\"@type\":\"ImageObject\",\"inLanguage\":\"en-US\",\"@id\":\"https:\\\/\\\/www.apfelpatient.de\\\/news\\\/apple-bestaetigt-ipados-16-schafft-home-hub-funktion-ab#primaryimage\",\"url\":\"https:\\\/\\\/www.apfelpatient.de\\\/wp-content\\\/uploads\\\/2022\\\/06\\\/bigstock-Alanya-Turkey-May-421703717-2.jpg\",\"contentUrl\":\"https:\\\/\\\/www.apfelpatient.de\\\/wp-content\\\/uploads\\\/2022\\\/06\\\/bigstock-Alanya-Turkey-May-421703717-2.jpg\",\"width\":1600,\"height\":1067,\"caption\":\"Alanya, Turkey - May 14, 2021: Man hand holding iPad Air IOS 14 with widget on the home screen. iPad was created and developed by the Apple inc.\"},{\"@type\":\"BreadcrumbList\",\"@id\":\"https:\\\/\\\/www.apfelpatient.de\\\/news\\\/apple-bestaetigt-ipados-16-schafft-home-hub-funktion-ab#breadcrumb\",\"itemListElement\":[{\"@type\":\"ListItem\",\"position\":1,\"name\":\"Startseite\",\"item\":\"https:\\\/\\\/www.apfelpatient.de\\\/\"},{\"@type\":\"ListItem\",\"position\":2,\"name\":\"Apple best\u00e4tigt: iPadOS 16 schafft Home-Hub Funktion ab\"}]},{\"@type\":\"WebSite\",\"@id\":\"https:\\\/\\\/www.apfelpatient.de\\\/#website\",\"url\":\"https:\\\/\\\/www.apfelpatient.de\\\/\",\"name\":\"Apfelpatient\",\"description\":\"Alles rund um Apple!\",\"publisher\":{\"@type\":\"Organization\",\"@id\":\"https:\\\/\\\/www.apfelpatient.de\\\/en\\\/#organization\",\"name\":\"Apfelpatient\",\"url\":\"https:\\\/\\\/www.apfelpatient.de\\\/en\\\/\"},\"alternateName\":\"Apfelpatient\",\"potentialAction\":[{\"@type\":\"SearchAction\",\"target\":{\"@type\":\"EntryPoint\",\"urlTemplate\":\"https:\\\/\\\/www.apfelpatient.de\\\/?s={search_term_string}\"},\"query-input\":{\"@type\":\"PropertyValueSpecification\",\"valueRequired\":true,\"valueName\":\"search_term_string\"}}],\"inLanguage\":\"en-US\"},{\"@type\":[\"Person\",\"Organization\"],\"@id\":\"https:\\\/\\\/www.apfelpatient.de\\\/#\\\/schema\\\/person\\\/7dc56ad6c8e9824b76d2c08d4c140e13\",\"name\":\"Milan\",\"logo\":{\"@id\":\"https:\\\/\\\/www.apfelpatient.de\\\/#\\\/schema\\\/person\\\/image\\\/\"},\"description\":\"Hallo und herzlich willkommen auf meinem Technik-Blog! Als gro\u00dfer Apple-Fan berichte ich hier \u00fcber alles, was mit Apple zu tun hat: von den neuesten News und spannenden Ger\u00fcchten \u00fcber hilfreiche Tipps und Tricks bis hin zu ausf\u00fchrlichen Produkttests. Wenn du genauso technikbegeistert bist wie ich, bist du hier genau richtig!\",\"sameAs\":[\"https:\\\/\\\/www.facebook.com\\\/apfelpatientOfficial\",\"https:\\\/\\\/www.linkedin.com\\\/in\\\/milan-jovicic-42aa0231b\"],\"url\":\"https:\\\/\\\/www.apfelpatient.de\\\/en\\\/author\\\/apfeladmin\"}]}<\/script>\n<!-- \/ Yoast SEO Premium plugin. -->","yoast_head_json":{"title":"Apple confirms: iPadOS 16 eliminates Home Hub function from Apfelpatient","description":"Apple confirmed today that the iPad will no longer be able to be used as a home hub after the launch of iPadOS 16 this fall.","robots":{"index":"index","follow":"follow","max-snippet":"max-snippet:-1","max-image-preview":"max-image-preview:large","max-video-preview":"max-video-preview:-1"},"canonical":"https:\/\/www.apfelpatient.de\/en\/news\/apple-confirms-ipads-16-eliminates-home-hub-function","og_locale":"en_US","og_type":"article","og_title":"Apple best\u00e4tigt: iPadOS 16 schafft Home-Hub Funktion ab","og_description":"Apple hat heute best\u00e4tigt, dass das iPad nach der Einf\u00fchrung von iPadOS 16 im Herbst nicht mehr als Home-Hub genutzt werden kann.","og_url":"https:\/\/www.apfelpatient.de\/en\/news\/apple-confirms-ipads-16-eliminates-home-hub-function","og_site_name":"Apfelpatient","article_publisher":"https:\/\/www.facebook.com\/apfelpatientOfficial","article_author":"https:\/\/www.facebook.com\/apfelpatientOfficial","article_published_time":"2022-06-22T19:25:00+00:00","article_modified_time":"2022-06-22T21:01:29+00:00","og_image":[{"width":1600,"height":1067,"url":"https:\/\/www.apfelpatient.de\/wp-content\/uploads\/2022\/06\/bigstock-Alanya-Turkey-May-421703717-2.jpg","type":"image\/jpeg"}],"author":"Milan","twitter_card":"summary_large_image","twitter_description":"Apple hat heute best\u00e4tigt, dass das iPad nach der Einf\u00fchrung von iPadOS 16 im Herbst nicht mehr als Home-Hub genutzt werden kann.","twitter_misc":{"Written by":"Milan","Est. reading time":"2 minutes"},"schema":{"@context":"https:\/\/schema.org","@graph":[{"@type":"NewsArticle","@id":"https:\/\/www.apfelpatient.de\/news\/apple-bestaetigt-ipados-16-schafft-home-hub-funktion-ab#article","isPartOf":{"@id":"https:\/\/www.apfelpatient.de\/news\/apple-bestaetigt-ipados-16-schafft-home-hub-funktion-ab"},"author":{"@type":"Organization","@id":"https:\/\/www.apfelpatient.de\/en\/#organization","name":"Apfelpatient","url":"https:\/\/www.apfelpatient.de\/en\/"},"headline":"Apple best\u00e4tigt: iPadOS 16 schafft Home-Hub Funktion ab","datePublished":"2022-06-22T19:25:00+00:00","dateModified":"2022-06-22T21:01:29+00:00","mainEntityOfPage":{"@id":"https:\/\/www.apfelpatient.de\/news\/apple-bestaetigt-ipados-16-schafft-home-hub-funktion-ab"},"wordCount":322,"publisher":{"@type":"Organization","@id":"https:\/\/www.apfelpatient.de\/en\/#organization","name":"Apfelpatient","url":"https:\/\/www.apfelpatient.de\/en\/"},"image":{"@id":"https:\/\/www.apfelpatient.de\/news\/apple-bestaetigt-ipados-16-schafft-home-hub-funktion-ab#primaryimage"},"thumbnailUrl":"https:\/\/www.apfelpatient.de\/wp-content\/uploads\/2022\/06\/bigstock-Alanya-Turkey-May-421703717-2.jpg","keywords":["iPad","iPadOS","iPadOS 16"],"articleSection":"News","inLanguage":"en-US","copyrightYear":"2022","copyrightHolder":{"@id":"https:\/\/www.apfelpatient.de\/en\/#organization"}},{"@type":"WebPage","@id":"https:\/\/www.apfelpatient.de\/news\/apple-bestaetigt-ipados-16-schafft-home-hub-funktion-ab","url":"https:\/\/www.apfelpatient.de\/news\/apple-bestaetigt-ipados-16-schafft-home-hub-funktion-ab","name":"Apple confirms: iPadOS 16 eliminates Home Hub function from Apfelpatient","isPartOf":{"@id":"https:\/\/www.apfelpatient.de\/#website"},"primaryImageOfPage":{"@id":"https:\/\/www.apfelpatient.de\/news\/apple-bestaetigt-ipados-16-schafft-home-hub-funktion-ab#primaryimage"},"image":{"@id":"https:\/\/www.apfelpatient.de\/news\/apple-bestaetigt-ipados-16-schafft-home-hub-funktion-ab#primaryimage"},"thumbnailUrl":"https:\/\/www.apfelpatient.de\/wp-content\/uploads\/2022\/06\/bigstock-Alanya-Turkey-May-421703717-2.jpg","datePublished":"2022-06-22T19:25:00+00:00","dateModified":"2022-06-22T21:01:29+00:00","description":"Apple confirmed today that the iPad will no longer be able to be used as a home hub after the launch of iPadOS 16 this fall.","breadcrumb":{"@id":"https:\/\/www.apfelpatient.de\/news\/apple-bestaetigt-ipados-16-schafft-home-hub-funktion-ab#breadcrumb"},"inLanguage":"en-US","potentialAction":[{"@type":"ReadAction","target":["https:\/\/www.apfelpatient.de\/news\/apple-bestaetigt-ipados-16-schafft-home-hub-funktion-ab"]}]},{"@type":"ImageObject","inLanguage":"en-US","@id":"https:\/\/www.apfelpatient.de\/news\/apple-bestaetigt-ipados-16-schafft-home-hub-funktion-ab#primaryimage","url":"https:\/\/www.apfelpatient.de\/wp-content\/uploads\/2022\/06\/bigstock-Alanya-Turkey-May-421703717-2.jpg","contentUrl":"https:\/\/www.apfelpatient.de\/wp-content\/uploads\/2022\/06\/bigstock-Alanya-Turkey-May-421703717-2.jpg","width":1600,"height":1067,"caption":"Alanya, Turkey - May 14, 2021: Man hand holding iPad Air IOS 14 with widget on the home screen. iPad was created and developed by the Apple inc."},{"@type":"BreadcrumbList","@id":"https:\/\/www.apfelpatient.de\/news\/apple-bestaetigt-ipados-16-schafft-home-hub-funktion-ab#breadcrumb","itemListElement":[{"@type":"ListItem","position":1,"name":"Startseite","item":"https:\/\/www.apfelpatient.de\/"},{"@type":"ListItem","position":2,"name":"Apple best\u00e4tigt: iPadOS 16 schafft Home-Hub Funktion ab"}]},{"@type":"WebSite","@id":"https:\/\/www.apfelpatient.de\/#website","url":"https:\/\/www.apfelpatient.de\/","name":"apple patient","description":"Everything about Apple!","publisher":{"@type":"Organization","@id":"https:\/\/www.apfelpatient.de\/en\/#organization","name":"Apfelpatient","url":"https:\/\/www.apfelpatient.de\/en\/"},"alternateName":"Apfelpatient","potentialAction":[{"@type":"SearchAction","target":{"@type":"EntryPoint","urlTemplate":"https:\/\/www.apfelpatient.de\/?s={search_term_string}"},"query-input":{"@type":"PropertyValueSpecification","valueRequired":true,"valueName":"search_term_string"}}],"inLanguage":"en-US"},{"@type":["Person","Organization"],"@id":"https:\/\/www.apfelpatient.de\/#\/schema\/person\/7dc56ad6c8e9824b76d2c08d4c140e13","name":"Milan","logo":{"@id":"https:\/\/www.apfelpatient.de\/#\/schema\/person\/image\/"},"description":"Hello and welcome to my technology blog! As a big Apple fan, I report on everything to do with Apple: from the latest news and exciting rumors to helpful tips and tricks and detailed product tests. If you are as enthusiastic about technology as I am, you have come to the right place!","sameAs":["https:\/\/www.facebook.com\/apfelpatientOfficial","https:\/\/www.linkedin.com\/in\/milan-jovicic-42aa0231b"],"url":"https:\/\/www.apfelpatient.de\/en\/author\/apfeladmin"}]}},"_links":{"self":[{"href":"https:\/\/www.apfelpatient.de\/en\/wp-json\/wp\/v2\/posts\/32569","targetHints":{"allow":["GET"]}}],"collection":[{"href":"https:\/\/www.apfelpatient.de\/en\/wp-json\/wp\/v2\/posts"}],"about":[{"href":"https:\/\/www.apfelpatient.de\/en\/wp-json\/wp\/v2\/types\/post"}],"author":[{"embeddable":true,"href":"https:\/\/www.apfelpatient.de\/en\/wp-json\/wp\/v2\/users\/2"}],"replies":[{"embeddable":true,"href":"https:\/\/www.apfelpatient.de\/en\/wp-json\/wp\/v2\/comments?post=32569"}],"version-history":[{"count":0,"href":"https:\/\/www.apfelpatient.de\/en\/wp-json\/wp\/v2\/posts\/32569\/revisions"}],"wp:featuredmedia":[{"embeddable":true,"href":"https:\/\/www.apfelpatient.de\/en\/wp-json\/wp\/v2\/media\/32567"}],"wp:attachment":[{"href":"https:\/\/www.apfelpatient.de\/en\/wp-json\/wp\/v2\/media?parent=32569"}],"wp:term":[{"taxonomy":"category","embeddable":true,"href":"https:\/\/www.apfelpatient.de\/en\/wp-json\/wp\/v2\/categories?post=32569"},{"taxonomy":"post_tag","embeddable":true,"href":"https:\/\/www.apfelpatient.de\/en\/wp-json\/wp\/v2\/tags?post=32569"}],"curies":[{"name":"wp","href":"https:\/\/api.w.org\/{rel}","templated":true}]}}