{"id":3249,"date":"2019-01-22T12:19:02","date_gmt":"2019-01-22T11:19:02","guid":{"rendered":"https:\/\/www.apfelpatient.de\/?p=3249"},"modified":"2025-02-06T07:07:15","modified_gmt":"2025-02-06T06:07:15","slug":"airpower-mass-production-started","status":"publish","type":"post","link":"https:\/\/www.apfelpatient.de\/en\/rumors\/airpower-massenproduktion-angelaufen","title":{"rendered":"AirPower: Mass production started"},"content":{"rendered":"<p><strong>To this day, many fans are still waiting in vain. Apple&#039;s charging mat is supposed to be able to charge several devices at the same time - AirPower was introduced in September 2017. Now the time has finally come.<\/strong><\/p>\n<p class=\"p1\"><\/p>\n<p>In September last year, AirPower disappeared almost completely from Apple&#039;s homepage - without comment. Many observers interpreted this as the quiet end of the charging station. Shortly afterwards, a report with insider information appeared. According to this, Apple had two problems with the charging mat. The first major problem was the overheating of the Qi mat. This was said to be so severe that even the connection between the device and the charging station was disrupted. Another problem lay in the arrangement, because the installed power coils were said to have been divided into three equal groups. Each of the coils is a different size. Due to a lack of space, this is said to have led to overlapping one another, which is one of the reasons for this severe overheating.<\/p>\n<p><strong>Publication possible at any time<\/strong><\/p>\n<p class=\"p1\"><\/p>\n<p>According to DigiTimes magazine, production has finally started. The information is said to have come from supplier circles. While many observers expect AirPower to be released later this year, some believe that a surprise announcement will be made soon. It would not be the first time that Apple has launched a new product via press release. This means that Apple could release the charging mat at any time. There is still disagreement about the cost. Experts expect the QI charging station to cost between 150 and 200 euros. The functions that AirPower will actually have in its final form also remain unknown. Some suspect that AirPods support may be dropped.<\/p>\n<h5><em>Also interesting:<\/em><\/h5>\n<h5><em><a href=\"https:\/\/www.apfelpatient.de\/en\">Apple Patent: AirPower should have more capabilities<\/a><\/em><\/h5>","protected":false},"excerpt":{"rendered":"<p>Bis heute warten viele Fans vergeblich. Apples Ladematte soll mehrere Ger\u00e4te gleichzeitig laden k\u00f6nnen \u2013 vorgestellt wurde AirPower im September 2017. Nun soll es endlich soweit sein. Im September letzten Jahres verschwand AirPower fast vollst\u00e4ndig von Apples Homepage \u2013 kommentarlos. Viele Beobachter haben dies als stilles Ende der Ladestation gewertet. Kurz danach tauchte ein Bericht [&hellip;]<\/p>\n","protected":false},"author":2,"featured_media":1045,"comment_status":"open","ping_status":"open","sticky":false,"template":"","format":"standard","meta":{"jnews-multi-image_gallery":[],"jnews_single_post":[],"jnews_primary_category":[],"footnotes":""},"categories":[25],"tags":[28,11,14,8],"class_list":["post-3249","post","type-post","status-publish","format-standard","has-post-thumbnail","hentry","category-rumors","tag-airpods","tag-airpower","tag-apple-watch","tag-iphone"],"yoast_head":"<!-- This site is optimized with the Yoast SEO Premium plugin v27.5 (Yoast SEO v27.5) - https:\/\/yoast.com\/product\/yoast-seo-premium-wordpress\/ -->\n<title>AirPower: Massenproduktion angelaufen Apfelpatient<\/title>\n<meta name=\"description\" content=\"- Bis heute warten viele Fans vergeblich. Apples Ladematte soll mehrere Ger\u00e4te gleichzeitig laden k\u00f6nnen \u2013 vorgestellt wurde AirPower im September 2017. Nun soll es endlich soweit sein.\" \/>\n<meta name=\"robots\" content=\"index, follow, max-snippet:-1, max-image-preview:large, max-video-preview:-1\" \/>\n<link rel=\"canonical\" href=\"https:\/\/www.apfelpatient.de\/en\/rumors\/airpower-mass-production-started\" \/>\n<meta property=\"og:locale\" content=\"en_US\" \/>\n<meta property=\"og:type\" content=\"article\" \/>\n<meta property=\"og:title\" content=\"AirPower: Massenproduktion angelaufen\" \/>\n<meta property=\"og:description\" content=\"- Bis heute warten viele Fans vergeblich. Apples Ladematte soll mehrere Ger\u00e4te gleichzeitig laden k\u00f6nnen \u2013 vorgestellt wurde AirPower im September 2017. Nun soll es endlich soweit sein.\" \/>\n<meta property=\"og:url\" content=\"https:\/\/www.apfelpatient.de\/en\/rumors\/airpower-mass-production-started\" \/>\n<meta property=\"og:site_name\" content=\"Apfelpatient\" \/>\n<meta property=\"article:publisher\" content=\"https:\/\/www.facebook.com\/apfelpatientOfficial\" \/>\n<meta property=\"article:author\" content=\"https:\/\/www.facebook.com\/apfelpatientOfficial\" \/>\n<meta property=\"article:published_time\" content=\"2019-01-22T11:19:02+00:00\" \/>\n<meta property=\"article:modified_time\" content=\"2025-02-06T06:07:15+00:00\" \/>\n<meta property=\"og:image\" content=\"https:\/\/www.apfelpatient.de\/wp-content\/uploads\/2018\/07\/IMG_7367.jpg\" \/>\n\t<meta property=\"og:image:width\" content=\"700\" \/>\n\t<meta property=\"og:image:height\" content=\"452\" \/>\n\t<meta property=\"og:image:type\" content=\"image\/jpeg\" \/>\n<meta name=\"author\" content=\"Milan\" \/>\n<meta name=\"twitter:card\" content=\"summary_large_image\" \/>\n<meta name=\"twitter:label1\" content=\"Written by\" \/>\n\t<meta name=\"twitter:data1\" content=\"Milan\" \/>\n\t<meta name=\"twitter:label2\" content=\"Est. reading time\" \/>\n\t<meta name=\"twitter:data2\" content=\"1 minute\" \/>\n<script type=\"application\/ld+json\" class=\"yoast-schema-graph\">{\"@context\":\"https:\\\/\\\/schema.org\",\"@graph\":[{\"@type\":\"NewsArticle\",\"@id\":\"https:\\\/\\\/www.apfelpatient.de\\\/rumors\\\/airpower-massenproduktion-angelaufen#article\",\"isPartOf\":{\"@id\":\"https:\\\/\\\/www.apfelpatient.de\\\/rumors\\\/airpower-massenproduktion-angelaufen\"},\"author\":{\"@type\":\"Organization\",\"@id\":\"https:\\\/\\\/www.apfelpatient.de\\\/en\\\/#organization\",\"name\":\"Apfelpatient\",\"url\":\"https:\\\/\\\/www.apfelpatient.de\\\/en\\\/\"},\"headline\":\"AirPower: Massenproduktion angelaufen\",\"datePublished\":\"2019-01-22T11:19:02+00:00\",\"dateModified\":\"2025-02-06T06:07:15+00:00\",\"mainEntityOfPage\":{\"@id\":\"https:\\\/\\\/www.apfelpatient.de\\\/rumors\\\/airpower-massenproduktion-angelaufen\"},\"wordCount\":279,\"commentCount\":0,\"publisher\":{\"@type\":\"Organization\",\"@id\":\"https:\\\/\\\/www.apfelpatient.de\\\/en\\\/#organization\",\"name\":\"Apfelpatient\",\"url\":\"https:\\\/\\\/www.apfelpatient.de\\\/en\\\/\"},\"image\":{\"@id\":\"https:\\\/\\\/www.apfelpatient.de\\\/rumors\\\/airpower-massenproduktion-angelaufen#primaryimage\"},\"thumbnailUrl\":\"https:\\\/\\\/www.apfelpatient.de\\\/wp-content\\\/uploads\\\/2018\\\/07\\\/IMG_7367.jpg\",\"keywords\":[\"AirPods\",\"AirPower\",\"Apple Watch\",\"iPhone\"],\"articleSection\":\"Rumors\",\"inLanguage\":\"en-US\",\"potentialAction\":[{\"@type\":\"CommentAction\",\"name\":\"Comment\",\"target\":[\"https:\\\/\\\/www.apfelpatient.de\\\/rumors\\\/airpower-massenproduktion-angelaufen#respond\"]}],\"copyrightYear\":\"2019\",\"copyrightHolder\":{\"@id\":\"https:\\\/\\\/www.apfelpatient.de\\\/en\\\/#organization\"}},{\"@type\":\"WebPage\",\"@id\":\"https:\\\/\\\/www.apfelpatient.de\\\/rumors\\\/airpower-massenproduktion-angelaufen\",\"url\":\"https:\\\/\\\/www.apfelpatient.de\\\/rumors\\\/airpower-massenproduktion-angelaufen\",\"name\":\"AirPower: Massenproduktion angelaufen Apfelpatient\",\"isPartOf\":{\"@id\":\"https:\\\/\\\/www.apfelpatient.de\\\/#website\"},\"primaryImageOfPage\":{\"@id\":\"https:\\\/\\\/www.apfelpatient.de\\\/rumors\\\/airpower-massenproduktion-angelaufen#primaryimage\"},\"image\":{\"@id\":\"https:\\\/\\\/www.apfelpatient.de\\\/rumors\\\/airpower-massenproduktion-angelaufen#primaryimage\"},\"thumbnailUrl\":\"https:\\\/\\\/www.apfelpatient.de\\\/wp-content\\\/uploads\\\/2018\\\/07\\\/IMG_7367.jpg\",\"datePublished\":\"2019-01-22T11:19:02+00:00\",\"dateModified\":\"2025-02-06T06:07:15+00:00\",\"description\":\"- Bis heute warten viele Fans vergeblich. Apples Ladematte soll mehrere Ger\u00e4te gleichzeitig laden k\u00f6nnen \u2013 vorgestellt wurde AirPower im September 2017. Nun soll es endlich soweit sein.\",\"breadcrumb\":{\"@id\":\"https:\\\/\\\/www.apfelpatient.de\\\/rumors\\\/airpower-massenproduktion-angelaufen#breadcrumb\"},\"inLanguage\":\"en-US\",\"potentialAction\":[{\"@type\":\"ReadAction\",\"target\":[\"https:\\\/\\\/www.apfelpatient.de\\\/rumors\\\/airpower-massenproduktion-angelaufen\"]}]},{\"@type\":\"ImageObject\",\"inLanguage\":\"en-US\",\"@id\":\"https:\\\/\\\/www.apfelpatient.de\\\/rumors\\\/airpower-massenproduktion-angelaufen#primaryimage\",\"url\":\"https:\\\/\\\/www.apfelpatient.de\\\/wp-content\\\/uploads\\\/2018\\\/07\\\/IMG_7367.jpg\",\"contentUrl\":\"https:\\\/\\\/www.apfelpatient.de\\\/wp-content\\\/uploads\\\/2018\\\/07\\\/IMG_7367.jpg\",\"width\":700,\"height\":452,\"caption\":\"Bild: Apple\"},{\"@type\":\"BreadcrumbList\",\"@id\":\"https:\\\/\\\/www.apfelpatient.de\\\/rumors\\\/airpower-massenproduktion-angelaufen#breadcrumb\",\"itemListElement\":[{\"@type\":\"ListItem\",\"position\":1,\"name\":\"Startseite\",\"item\":\"https:\\\/\\\/www.apfelpatient.de\\\/\"},{\"@type\":\"ListItem\",\"position\":2,\"name\":\"AirPower: Massenproduktion angelaufen\"}]},{\"@type\":\"WebSite\",\"@id\":\"https:\\\/\\\/www.apfelpatient.de\\\/#website\",\"url\":\"https:\\\/\\\/www.apfelpatient.de\\\/\",\"name\":\"Apfelpatient\",\"description\":\"Alles rund um Apple!\",\"publisher\":{\"@type\":\"Organization\",\"@id\":\"https:\\\/\\\/www.apfelpatient.de\\\/en\\\/#organization\",\"name\":\"Apfelpatient\",\"url\":\"https:\\\/\\\/www.apfelpatient.de\\\/en\\\/\"},\"alternateName\":\"Apfelpatient\",\"potentialAction\":[{\"@type\":\"SearchAction\",\"target\":{\"@type\":\"EntryPoint\",\"urlTemplate\":\"https:\\\/\\\/www.apfelpatient.de\\\/?s={search_term_string}\"},\"query-input\":{\"@type\":\"PropertyValueSpecification\",\"valueRequired\":true,\"valueName\":\"search_term_string\"}}],\"inLanguage\":\"en-US\"},{\"@type\":[\"Person\",\"Organization\"],\"@id\":\"https:\\\/\\\/www.apfelpatient.de\\\/#\\\/schema\\\/person\\\/35b3ddba5832f2bfc7fff5206d4f6b7b\",\"name\":\"Milan\",\"logo\":{\"@id\":\"https:\\\/\\\/www.apfelpatient.de\\\/#\\\/schema\\\/person\\\/image\\\/\"},\"description\":\"Hallo und herzlich willkommen auf meinem Technik-Blog! Als gro\u00dfer Apple-Fan berichte ich hier \u00fcber alles, was mit Apple zu tun hat: von den neuesten News und spannenden Ger\u00fcchten \u00fcber hilfreiche Tipps und Tricks bis hin zu ausf\u00fchrlichen Produkttests. Wenn du genauso technikbegeistert bist wie ich, bist du hier genau richtig!\",\"sameAs\":[\"https:\\\/\\\/www.facebook.com\\\/apfelpatientOfficial\",\"https:\\\/\\\/www.linkedin.com\\\/in\\\/milan-jovicic-42aa0231b\"],\"url\":\"https:\\\/\\\/www.apfelpatient.de\\\/en\\\/author\\\/apfeladmin\"}]}<\/script>\n<!-- \/ Yoast SEO Premium plugin. -->","yoast_head_json":{"title":"AirPower: Mass production started Apfelpatient","description":"- To this day, many fans are still waiting in vain. Apple&#039;s charging mat is supposed to be able to charge several devices at the same time - AirPower was introduced in September 2017. Now the time has finally come.","robots":{"index":"index","follow":"follow","max-snippet":"max-snippet:-1","max-image-preview":"max-image-preview:large","max-video-preview":"max-video-preview:-1"},"canonical":"https:\/\/www.apfelpatient.de\/en\/rumors\/airpower-mass-production-started","og_locale":"en_US","og_type":"article","og_title":"AirPower: Massenproduktion angelaufen","og_description":"- Bis heute warten viele Fans vergeblich. Apples Ladematte soll mehrere Ger\u00e4te gleichzeitig laden k\u00f6nnen \u2013 vorgestellt wurde AirPower im September 2017. Nun soll es endlich soweit sein.","og_url":"https:\/\/www.apfelpatient.de\/en\/rumors\/airpower-mass-production-started","og_site_name":"Apfelpatient","article_publisher":"https:\/\/www.facebook.com\/apfelpatientOfficial","article_author":"https:\/\/www.facebook.com\/apfelpatientOfficial","article_published_time":"2019-01-22T11:19:02+00:00","article_modified_time":"2025-02-06T06:07:15+00:00","og_image":[{"width":700,"height":452,"url":"https:\/\/www.apfelpatient.de\/wp-content\/uploads\/2018\/07\/IMG_7367.jpg","type":"image\/jpeg"}],"author":"Milan","twitter_card":"summary_large_image","twitter_misc":{"Written by":"Milan","Est. reading time":"1 minute"},"schema":{"@context":"https:\/\/schema.org","@graph":[{"@type":"NewsArticle","@id":"https:\/\/www.apfelpatient.de\/rumors\/airpower-massenproduktion-angelaufen#article","isPartOf":{"@id":"https:\/\/www.apfelpatient.de\/rumors\/airpower-massenproduktion-angelaufen"},"author":{"@type":"Organization","@id":"https:\/\/www.apfelpatient.de\/en\/#organization","name":"Apfelpatient","url":"https:\/\/www.apfelpatient.de\/en\/"},"headline":"AirPower: Massenproduktion angelaufen","datePublished":"2019-01-22T11:19:02+00:00","dateModified":"2025-02-06T06:07:15+00:00","mainEntityOfPage":{"@id":"https:\/\/www.apfelpatient.de\/rumors\/airpower-massenproduktion-angelaufen"},"wordCount":279,"commentCount":0,"publisher":{"@type":"Organization","@id":"https:\/\/www.apfelpatient.de\/en\/#organization","name":"Apfelpatient","url":"https:\/\/www.apfelpatient.de\/en\/"},"image":{"@id":"https:\/\/www.apfelpatient.de\/rumors\/airpower-massenproduktion-angelaufen#primaryimage"},"thumbnailUrl":"https:\/\/www.apfelpatient.de\/wp-content\/uploads\/2018\/07\/IMG_7367.jpg","keywords":["AirPods","AirPower","Apple Watch","iPhone"],"articleSection":"Rumors","inLanguage":"en-US","potentialAction":[{"@type":"CommentAction","name":"Comment","target":["https:\/\/www.apfelpatient.de\/rumors\/airpower-massenproduktion-angelaufen#respond"]}],"copyrightYear":"2019","copyrightHolder":{"@id":"https:\/\/www.apfelpatient.de\/en\/#organization"}},{"@type":"WebPage","@id":"https:\/\/www.apfelpatient.de\/rumors\/airpower-massenproduktion-angelaufen","url":"https:\/\/www.apfelpatient.de\/rumors\/airpower-massenproduktion-angelaufen","name":"AirPower: Mass production started Apfelpatient","isPartOf":{"@id":"https:\/\/www.apfelpatient.de\/#website"},"primaryImageOfPage":{"@id":"https:\/\/www.apfelpatient.de\/rumors\/airpower-massenproduktion-angelaufen#primaryimage"},"image":{"@id":"https:\/\/www.apfelpatient.de\/rumors\/airpower-massenproduktion-angelaufen#primaryimage"},"thumbnailUrl":"https:\/\/www.apfelpatient.de\/wp-content\/uploads\/2018\/07\/IMG_7367.jpg","datePublished":"2019-01-22T11:19:02+00:00","dateModified":"2025-02-06T06:07:15+00:00","description":"- To this day, many fans are still waiting in vain. Apple&#039;s charging mat is supposed to be able to charge several devices at the same time - AirPower was introduced in September 2017. Now the time has finally come.","breadcrumb":{"@id":"https:\/\/www.apfelpatient.de\/rumors\/airpower-massenproduktion-angelaufen#breadcrumb"},"inLanguage":"en-US","potentialAction":[{"@type":"ReadAction","target":["https:\/\/www.apfelpatient.de\/rumors\/airpower-massenproduktion-angelaufen"]}]},{"@type":"ImageObject","inLanguage":"en-US","@id":"https:\/\/www.apfelpatient.de\/rumors\/airpower-massenproduktion-angelaufen#primaryimage","url":"https:\/\/www.apfelpatient.de\/wp-content\/uploads\/2018\/07\/IMG_7367.jpg","contentUrl":"https:\/\/www.apfelpatient.de\/wp-content\/uploads\/2018\/07\/IMG_7367.jpg","width":700,"height":452,"caption":"Bild: Apple"},{"@type":"BreadcrumbList","@id":"https:\/\/www.apfelpatient.de\/rumors\/airpower-massenproduktion-angelaufen#breadcrumb","itemListElement":[{"@type":"ListItem","position":1,"name":"Startseite","item":"https:\/\/www.apfelpatient.de\/"},{"@type":"ListItem","position":2,"name":"AirPower: Massenproduktion angelaufen"}]},{"@type":"WebSite","@id":"https:\/\/www.apfelpatient.de\/#website","url":"https:\/\/www.apfelpatient.de\/","name":"apple patient","description":"Everything about Apple!","publisher":{"@type":"Organization","@id":"https:\/\/www.apfelpatient.de\/en\/#organization","name":"Apfelpatient","url":"https:\/\/www.apfelpatient.de\/en\/"},"alternateName":"Apfelpatient","potentialAction":[{"@type":"SearchAction","target":{"@type":"EntryPoint","urlTemplate":"https:\/\/www.apfelpatient.de\/?s={search_term_string}"},"query-input":{"@type":"PropertyValueSpecification","valueRequired":true,"valueName":"search_term_string"}}],"inLanguage":"en-US"},{"@type":["Person","Organization"],"@id":"https:\/\/www.apfelpatient.de\/#\/schema\/person\/35b3ddba5832f2bfc7fff5206d4f6b7b","name":"Milan","logo":{"@id":"https:\/\/www.apfelpatient.de\/#\/schema\/person\/image\/"},"description":"Hello and welcome to my technology blog! As a big Apple fan, I report on everything to do with Apple: from the latest news and exciting rumors to helpful tips and tricks and detailed product tests. If you are as enthusiastic about technology as I am, you have come to the right place!","sameAs":["https:\/\/www.facebook.com\/apfelpatientOfficial","https:\/\/www.linkedin.com\/in\/milan-jovicic-42aa0231b"],"url":"https:\/\/www.apfelpatient.de\/en\/author\/apfeladmin"}]}},"_links":{"self":[{"href":"https:\/\/www.apfelpatient.de\/en\/wp-json\/wp\/v2\/posts\/3249","targetHints":{"allow":["GET"]}}],"collection":[{"href":"https:\/\/www.apfelpatient.de\/en\/wp-json\/wp\/v2\/posts"}],"about":[{"href":"https:\/\/www.apfelpatient.de\/en\/wp-json\/wp\/v2\/types\/post"}],"author":[{"embeddable":true,"href":"https:\/\/www.apfelpatient.de\/en\/wp-json\/wp\/v2\/users\/2"}],"replies":[{"embeddable":true,"href":"https:\/\/www.apfelpatient.de\/en\/wp-json\/wp\/v2\/comments?post=3249"}],"version-history":[{"count":0,"href":"https:\/\/www.apfelpatient.de\/en\/wp-json\/wp\/v2\/posts\/3249\/revisions"}],"wp:featuredmedia":[{"embeddable":true,"href":"https:\/\/www.apfelpatient.de\/en\/wp-json\/wp\/v2\/media\/1045"}],"wp:attachment":[{"href":"https:\/\/www.apfelpatient.de\/en\/wp-json\/wp\/v2\/media?parent=3249"}],"wp:term":[{"taxonomy":"category","embeddable":true,"href":"https:\/\/www.apfelpatient.de\/en\/wp-json\/wp\/v2\/categories?post=3249"},{"taxonomy":"post_tag","embeddable":true,"href":"https:\/\/www.apfelpatient.de\/en\/wp-json\/wp\/v2\/tags?post=3249"}],"curies":[{"name":"wp","href":"https:\/\/api.w.org\/{rel}","templated":true}]}}