{"id":32487,"date":"2022-06-17T14:02:23","date_gmt":"2022-06-17T12:02:23","guid":{"rendered":"https:\/\/www.apfelpatient.de\/?p=32487"},"modified":"2022-06-17T14:02:24","modified_gmt":"2022-06-17T12:02:24","slug":"13-inch-macbook-pro-with-m2-is-now-available-for-pre-order","status":"publish","type":"post","link":"https:\/\/www.apfelpatient.de\/en\/news\/13-zoll-macbook-pro-mit-m2-ist-ab-sofort-vorbestellbar","title":{"rendered":"13-inch MacBook Pro with M2 is now available for pre-order"},"content":{"rendered":"<p class=\"has-drop-cap\"><strong>Apple&#039;s new 13-inch MacBook Pro with M2 chip can be pre-ordered now and will ship the following week.<\/strong><\/p>\n\n\n\n<p>Customers can now pre-order the new MacBook Pro from Apple and Apple Authorized Resellers. Apple is promoting the device as follows:<\/p>\n\n\n\n<blockquote class=\"wp-block-quote is-layout-flow wp-block-quote-is-layout-flow\"><p>With the new M2 chip, the 13&quot; MacBook Pro delivers more power than ever before. The same compact design comes with up to 20 hours of battery life and an active cooling system for continuous peak performance. A brilliant Retina display, a FaceTime HD camera, and studio-quality microphones make it our most portable pro laptop.<\/p><\/blockquote>\n\n\n\n<p>Compared to the previous generation MacBook Pro, the new model features an M2 chip with an 8-core CPU and a next-generation 10-core GPU. It also supports up to 24GB of memory. The 13-inch MacBook Pro also features ProRes encoding and decoding for users working with Apple&#039;s video standard.<\/p>\n\n\n\n<h3 class=\"wp-block-heading\" id=\"h-13-zoll-macbook-pro-mit-m2-ist-ab-1-599-euro-erhaltlich\">13-inch MacBook Pro with M2 is available from 1,599 euros<\/h3>\n\n\n\n\n\n\n\n<p>Battery life has also been improved, with the model lasting up to 20 hours on a single charge - longer than any other portable Apple notebook. Aside from these features, the 13-inch MacBook Pro remains unchanged from the previous model. Most of the improvements in the new MacBook Pro come from the M2 chip, which is an incremental update to the M1 chip and increases real-world performance. The MacBook Pro hasn&#039;t received any of the major redesigns or new features of the new MacBook Air with M2 chip, which is set to launch later. Apple also says that the new MacBook Pro is made of 100% recycled rare earths in the chassis magnets and 100% recycled tin in the motherboard solder. Prices for the 13-inch MacBook Pro start at \u20ac1,599. The device is available in silver and space gray. <a href=\"https:\/\/www.apple.com\/de\/macbook-pro\/\" target=\"_blank\" rel=\"noreferrer noopener\">available<\/a> and will be delivered starting Friday, June 24th. (Image: Apple)<\/p>\n\n\n\n<ul class=\"wp-block-list\"><li><a href=\"https:\/\/www.apfelpatient.de\/en\/news\/macos-monterey-12-4-apple-releases-update-for-m2-macs\">macOS Monterey 12.4: Apple releases update for M2 Macs<\/a><\/li><\/ul>\n\n\n\n<h6 class=\"wp-block-heading translation-block\" id=\"h-kennt-ihr-schon-unsere-amazon-storefront-dort-findet-ihr-eine-handverlesene-auswahl-von-diversen-produkten-f-r-euer-iphone-und-co-viel-spa-beim-st-bern\"><em>Have you already visited our Amazon Storefront? There you&#039;ll find a hand-picked selection of various products for your iPhone and other devices \u2013 <span class=\"has-inline-color has-vivid-red-color\"><a href=\"https:\/\/www.amazon.de\/shop\/apfelpatientofficial\" class=\"ek-link\" data-wpel-link=\"exclude\" rel=\"follow noopener\" target=\"_self\"><span style=\"text-decoration: underline\" class=\"ek-underline\">enjoy browsing<\/span><\/a> !<\/span><\/em><\/h6>\n\n\n\n<h6 class=\"wp-block-heading translation-block\" id=\"h-der-beitrag-enthalt-partnerlinks\">This post contains <a data-type=\"URL\" data-id=\"https:\/\/www.apfelpatient.de\/partnerprogramm\" href=\"https:\/\/www.apfelpatient.de\/en\/partner-program\" data-wpel-link=\"internal\" target=\"_self\">affiliate links<\/a>.<\/h6>","protected":false},"excerpt":{"rendered":"<p>Apple&#039;s new 13-inch MacBook Pro with M2 chip can be pre-ordered now and will ship the following week.<\/p>","protected":false},"author":2,"featured_media":32489,"comment_status":"closed","ping_status":"closed","sticky":false,"template":"","format":"standard","meta":{"jnews-multi-image_gallery":[],"jnews_single_post":{"subtitle":"","format":"standard","video":"","gallery":"","source_name":"","source_url":"","via_name":"","via_url":"","override":[{"single_blog_custom":"","sidebar":"","second_sidebar":"","share_position":"","share_float_style":"","post_date_format":"","post_date_format_custom":"","post_reading_time_wpm":"","zoom_button_out_step":"1","zoom_button_in_step":"1","number_popup_post":"1"}],"image_override":[{"single_post_thumbnail_size":"","single_post_gallery_size":""}],"trending_post_position":"","trending_post_label":"","sponsored_post_label":"","sponsored_post_name":"","sponsored_post_url":"","sponsored_post_logo":"","sponsored_post_desc":""},"jnews_primary_category":{"id":"9"},"footnotes":""},"categories":[9],"tags":[40,50],"class_list":["post-32487","post","type-post","status-publish","format-standard","has-post-thumbnail","hentry","category-news","tag-mac","tag-macbook-pro"],"yoast_head":"<!-- This site is optimized with the Yoast SEO Premium plugin v27.5 (Yoast SEO v27.5) - https:\/\/yoast.com\/product\/yoast-seo-premium-wordpress\/ -->\n<title>13-Zoll MacBook Pro mit M2 ist ab sofort vorbestellbar Apfelpatient<\/title>\n<meta name=\"description\" content=\"Apples neues 13-Zoll MacBook Pro mit M2-Chip kann ab sofort vorbestellt werden und wird in der darauffolgenden Woche ausgeliefert.\" \/>\n<meta name=\"robots\" content=\"index, follow, max-snippet:-1, max-image-preview:large, max-video-preview:-1\" \/>\n<link rel=\"canonical\" href=\"https:\/\/www.apfelpatient.de\/en\/news\/13-inch-macbook-pro-with-m2-is-now-available-for-pre-order\" \/>\n<meta property=\"og:locale\" content=\"en_US\" \/>\n<meta property=\"og:type\" content=\"article\" \/>\n<meta property=\"og:title\" content=\"13-Zoll MacBook Pro mit M2 ist ab sofort vorbestellbar\" \/>\n<meta property=\"og:description\" content=\"Apples neues 13-Zoll MacBook Pro mit M2-Chip kann ab sofort vorbestellt werden und wird in der darauffolgenden Woche ausgeliefert.\" \/>\n<meta property=\"og:url\" content=\"https:\/\/www.apfelpatient.de\/en\/news\/13-inch-macbook-pro-with-m2-is-now-available-for-pre-order\" \/>\n<meta property=\"og:site_name\" content=\"Apfelpatient\" \/>\n<meta property=\"article:publisher\" content=\"https:\/\/www.facebook.com\/apfelpatientOfficial\" \/>\n<meta property=\"article:author\" content=\"https:\/\/www.facebook.com\/apfelpatientOfficial\" \/>\n<meta property=\"article:published_time\" content=\"2022-06-17T12:02:23+00:00\" \/>\n<meta property=\"article:modified_time\" content=\"2022-06-17T12:02:24+00:00\" \/>\n<meta property=\"og:image\" content=\"https:\/\/www.apfelpatient.de\/wp-content\/uploads\/2022\/06\/Apple-MacBook-Pro-M2-13-availability-June-2022-Final-Cut-Pro.jpg\" \/>\n\t<meta property=\"og:image:width\" content=\"1600\" \/>\n\t<meta property=\"og:image:height\" content=\"1066\" \/>\n\t<meta property=\"og:image:type\" content=\"image\/jpeg\" \/>\n<meta name=\"author\" content=\"Milan\" \/>\n<meta name=\"twitter:card\" content=\"summary_large_image\" \/>\n<meta name=\"twitter:description\" content=\"Apples neues 13-Zoll MacBook Pro mit M2-Chip kann ab sofort vorbestellt werden und wird in der darauffolgenden Woche ausgeliefert.\" \/>\n<meta name=\"twitter:label1\" content=\"Written by\" \/>\n\t<meta name=\"twitter:data1\" content=\"Milan\" \/>\n\t<meta name=\"twitter:label2\" content=\"Est. reading time\" \/>\n\t<meta name=\"twitter:data2\" content=\"2 minutes\" \/>\n<script type=\"application\/ld+json\" class=\"yoast-schema-graph\">{\"@context\":\"https:\\\/\\\/schema.org\",\"@graph\":[{\"@type\":\"NewsArticle\",\"@id\":\"https:\\\/\\\/www.apfelpatient.de\\\/news\\\/13-zoll-macbook-pro-mit-m2-ist-ab-sofort-vorbestellbar#article\",\"isPartOf\":{\"@id\":\"https:\\\/\\\/www.apfelpatient.de\\\/news\\\/13-zoll-macbook-pro-mit-m2-ist-ab-sofort-vorbestellbar\"},\"author\":{\"@type\":\"Organization\",\"@id\":\"https:\\\/\\\/www.apfelpatient.de\\\/en\\\/#organization\",\"name\":\"Apfelpatient\",\"url\":\"https:\\\/\\\/www.apfelpatient.de\\\/en\\\/\"},\"headline\":\"13-Zoll MacBook Pro mit M2 ist ab sofort vorbestellbar\",\"datePublished\":\"2022-06-17T12:02:23+00:00\",\"dateModified\":\"2022-06-17T12:02:24+00:00\",\"mainEntityOfPage\":{\"@id\":\"https:\\\/\\\/www.apfelpatient.de\\\/news\\\/13-zoll-macbook-pro-mit-m2-ist-ab-sofort-vorbestellbar\"},\"wordCount\":342,\"publisher\":{\"@type\":\"Organization\",\"@id\":\"https:\\\/\\\/www.apfelpatient.de\\\/en\\\/#organization\",\"name\":\"Apfelpatient\",\"url\":\"https:\\\/\\\/www.apfelpatient.de\\\/en\\\/\"},\"image\":{\"@id\":\"https:\\\/\\\/www.apfelpatient.de\\\/news\\\/13-zoll-macbook-pro-mit-m2-ist-ab-sofort-vorbestellbar#primaryimage\"},\"thumbnailUrl\":\"https:\\\/\\\/www.apfelpatient.de\\\/wp-content\\\/uploads\\\/2022\\\/06\\\/Apple-MacBook-Pro-M2-13-availability-June-2022-Final-Cut-Pro.jpg\",\"keywords\":[\"Mac\",\"MacBook Pro\"],\"articleSection\":\"News\",\"inLanguage\":\"en-US\",\"copyrightYear\":\"2022\",\"copyrightHolder\":{\"@id\":\"https:\\\/\\\/www.apfelpatient.de\\\/en\\\/#organization\"}},{\"@type\":\"WebPage\",\"@id\":\"https:\\\/\\\/www.apfelpatient.de\\\/news\\\/13-zoll-macbook-pro-mit-m2-ist-ab-sofort-vorbestellbar\",\"url\":\"https:\\\/\\\/www.apfelpatient.de\\\/news\\\/13-zoll-macbook-pro-mit-m2-ist-ab-sofort-vorbestellbar\",\"name\":\"13-Zoll MacBook Pro mit M2 ist ab sofort vorbestellbar Apfelpatient\",\"isPartOf\":{\"@id\":\"https:\\\/\\\/www.apfelpatient.de\\\/#website\"},\"primaryImageOfPage\":{\"@id\":\"https:\\\/\\\/www.apfelpatient.de\\\/news\\\/13-zoll-macbook-pro-mit-m2-ist-ab-sofort-vorbestellbar#primaryimage\"},\"image\":{\"@id\":\"https:\\\/\\\/www.apfelpatient.de\\\/news\\\/13-zoll-macbook-pro-mit-m2-ist-ab-sofort-vorbestellbar#primaryimage\"},\"thumbnailUrl\":\"https:\\\/\\\/www.apfelpatient.de\\\/wp-content\\\/uploads\\\/2022\\\/06\\\/Apple-MacBook-Pro-M2-13-availability-June-2022-Final-Cut-Pro.jpg\",\"datePublished\":\"2022-06-17T12:02:23+00:00\",\"dateModified\":\"2022-06-17T12:02:24+00:00\",\"description\":\"Apples neues 13-Zoll MacBook Pro mit M2-Chip kann ab sofort vorbestellt werden und wird in der darauffolgenden Woche ausgeliefert.\",\"breadcrumb\":{\"@id\":\"https:\\\/\\\/www.apfelpatient.de\\\/news\\\/13-zoll-macbook-pro-mit-m2-ist-ab-sofort-vorbestellbar#breadcrumb\"},\"inLanguage\":\"en-US\",\"potentialAction\":[{\"@type\":\"ReadAction\",\"target\":[\"https:\\\/\\\/www.apfelpatient.de\\\/news\\\/13-zoll-macbook-pro-mit-m2-ist-ab-sofort-vorbestellbar\"]}]},{\"@type\":\"ImageObject\",\"inLanguage\":\"en-US\",\"@id\":\"https:\\\/\\\/www.apfelpatient.de\\\/news\\\/13-zoll-macbook-pro-mit-m2-ist-ab-sofort-vorbestellbar#primaryimage\",\"url\":\"https:\\\/\\\/www.apfelpatient.de\\\/wp-content\\\/uploads\\\/2022\\\/06\\\/Apple-MacBook-Pro-M2-13-availability-June-2022-Final-Cut-Pro.jpg\",\"contentUrl\":\"https:\\\/\\\/www.apfelpatient.de\\\/wp-content\\\/uploads\\\/2022\\\/06\\\/Apple-MacBook-Pro-M2-13-availability-June-2022-Final-Cut-Pro.jpg\",\"width\":1600,\"height\":1066,\"caption\":\"Bild: Apple\"},{\"@type\":\"BreadcrumbList\",\"@id\":\"https:\\\/\\\/www.apfelpatient.de\\\/news\\\/13-zoll-macbook-pro-mit-m2-ist-ab-sofort-vorbestellbar#breadcrumb\",\"itemListElement\":[{\"@type\":\"ListItem\",\"position\":1,\"name\":\"Startseite\",\"item\":\"https:\\\/\\\/www.apfelpatient.de\\\/\"},{\"@type\":\"ListItem\",\"position\":2,\"name\":\"13-Zoll MacBook Pro mit M2 ist ab sofort vorbestellbar\"}]},{\"@type\":\"WebSite\",\"@id\":\"https:\\\/\\\/www.apfelpatient.de\\\/#website\",\"url\":\"https:\\\/\\\/www.apfelpatient.de\\\/\",\"name\":\"Apfelpatient\",\"description\":\"Alles rund um Apple!\",\"publisher\":{\"@type\":\"Organization\",\"@id\":\"https:\\\/\\\/www.apfelpatient.de\\\/en\\\/#organization\",\"name\":\"Apfelpatient\",\"url\":\"https:\\\/\\\/www.apfelpatient.de\\\/en\\\/\"},\"alternateName\":\"Apfelpatient\",\"potentialAction\":[{\"@type\":\"SearchAction\",\"target\":{\"@type\":\"EntryPoint\",\"urlTemplate\":\"https:\\\/\\\/www.apfelpatient.de\\\/?s={search_term_string}\"},\"query-input\":{\"@type\":\"PropertyValueSpecification\",\"valueRequired\":true,\"valueName\":\"search_term_string\"}}],\"inLanguage\":\"en-US\"},{\"@type\":[\"Person\",\"Organization\"],\"@id\":\"https:\\\/\\\/www.apfelpatient.de\\\/#\\\/schema\\\/person\\\/7dc56ad6c8e9824b76d2c08d4c140e13\",\"name\":\"Milan\",\"logo\":{\"@id\":\"https:\\\/\\\/www.apfelpatient.de\\\/#\\\/schema\\\/person\\\/image\\\/\"},\"description\":\"Hallo und herzlich willkommen auf meinem Technik-Blog! Als gro\u00dfer Apple-Fan berichte ich hier \u00fcber alles, was mit Apple zu tun hat: von den neuesten News und spannenden Ger\u00fcchten \u00fcber hilfreiche Tipps und Tricks bis hin zu ausf\u00fchrlichen Produkttests. Wenn du genauso technikbegeistert bist wie ich, bist du hier genau richtig!\",\"sameAs\":[\"https:\\\/\\\/www.facebook.com\\\/apfelpatientOfficial\",\"https:\\\/\\\/www.linkedin.com\\\/in\\\/milan-jovicic-42aa0231b\"],\"url\":\"https:\\\/\\\/www.apfelpatient.de\\\/en\\\/author\\\/apfeladmin\"}]}<\/script>\n<!-- \/ Yoast SEO Premium plugin. -->","yoast_head_json":{"title":"13-inch MacBook Pro with M2 is now available for pre-order Apfelpatient","description":"Apple&#039;s new 13-inch MacBook Pro with M2 chip can be pre-ordered now and will ship the following week.","robots":{"index":"index","follow":"follow","max-snippet":"max-snippet:-1","max-image-preview":"max-image-preview:large","max-video-preview":"max-video-preview:-1"},"canonical":"https:\/\/www.apfelpatient.de\/en\/news\/13-inch-macbook-pro-with-m2-is-now-available-for-pre-order","og_locale":"en_US","og_type":"article","og_title":"13-Zoll MacBook Pro mit M2 ist ab sofort vorbestellbar","og_description":"Apples neues 13-Zoll MacBook Pro mit M2-Chip kann ab sofort vorbestellt werden und wird in der darauffolgenden Woche ausgeliefert.","og_url":"https:\/\/www.apfelpatient.de\/en\/news\/13-inch-macbook-pro-with-m2-is-now-available-for-pre-order","og_site_name":"Apfelpatient","article_publisher":"https:\/\/www.facebook.com\/apfelpatientOfficial","article_author":"https:\/\/www.facebook.com\/apfelpatientOfficial","article_published_time":"2022-06-17T12:02:23+00:00","article_modified_time":"2022-06-17T12:02:24+00:00","og_image":[{"width":1600,"height":1066,"url":"https:\/\/www.apfelpatient.de\/wp-content\/uploads\/2022\/06\/Apple-MacBook-Pro-M2-13-availability-June-2022-Final-Cut-Pro.jpg","type":"image\/jpeg"}],"author":"Milan","twitter_card":"summary_large_image","twitter_description":"Apples neues 13-Zoll MacBook Pro mit M2-Chip kann ab sofort vorbestellt werden und wird in der darauffolgenden Woche ausgeliefert.","twitter_misc":{"Written by":"Milan","Est. reading time":"2 minutes"},"schema":{"@context":"https:\/\/schema.org","@graph":[{"@type":"NewsArticle","@id":"https:\/\/www.apfelpatient.de\/news\/13-zoll-macbook-pro-mit-m2-ist-ab-sofort-vorbestellbar#article","isPartOf":{"@id":"https:\/\/www.apfelpatient.de\/news\/13-zoll-macbook-pro-mit-m2-ist-ab-sofort-vorbestellbar"},"author":{"@type":"Organization","@id":"https:\/\/www.apfelpatient.de\/en\/#organization","name":"Apfelpatient","url":"https:\/\/www.apfelpatient.de\/en\/"},"headline":"13-Zoll MacBook Pro mit M2 ist ab sofort vorbestellbar","datePublished":"2022-06-17T12:02:23+00:00","dateModified":"2022-06-17T12:02:24+00:00","mainEntityOfPage":{"@id":"https:\/\/www.apfelpatient.de\/news\/13-zoll-macbook-pro-mit-m2-ist-ab-sofort-vorbestellbar"},"wordCount":342,"publisher":{"@type":"Organization","@id":"https:\/\/www.apfelpatient.de\/en\/#organization","name":"Apfelpatient","url":"https:\/\/www.apfelpatient.de\/en\/"},"image":{"@id":"https:\/\/www.apfelpatient.de\/news\/13-zoll-macbook-pro-mit-m2-ist-ab-sofort-vorbestellbar#primaryimage"},"thumbnailUrl":"https:\/\/www.apfelpatient.de\/wp-content\/uploads\/2022\/06\/Apple-MacBook-Pro-M2-13-availability-June-2022-Final-Cut-Pro.jpg","keywords":["Mac","MacBook Pro"],"articleSection":"News","inLanguage":"en-US","copyrightYear":"2022","copyrightHolder":{"@id":"https:\/\/www.apfelpatient.de\/en\/#organization"}},{"@type":"WebPage","@id":"https:\/\/www.apfelpatient.de\/news\/13-zoll-macbook-pro-mit-m2-ist-ab-sofort-vorbestellbar","url":"https:\/\/www.apfelpatient.de\/news\/13-zoll-macbook-pro-mit-m2-ist-ab-sofort-vorbestellbar","name":"13-inch MacBook Pro with M2 is now available for pre-order Apfelpatient","isPartOf":{"@id":"https:\/\/www.apfelpatient.de\/#website"},"primaryImageOfPage":{"@id":"https:\/\/www.apfelpatient.de\/news\/13-zoll-macbook-pro-mit-m2-ist-ab-sofort-vorbestellbar#primaryimage"},"image":{"@id":"https:\/\/www.apfelpatient.de\/news\/13-zoll-macbook-pro-mit-m2-ist-ab-sofort-vorbestellbar#primaryimage"},"thumbnailUrl":"https:\/\/www.apfelpatient.de\/wp-content\/uploads\/2022\/06\/Apple-MacBook-Pro-M2-13-availability-June-2022-Final-Cut-Pro.jpg","datePublished":"2022-06-17T12:02:23+00:00","dateModified":"2022-06-17T12:02:24+00:00","description":"Apple&#039;s new 13-inch MacBook Pro with M2 chip can be pre-ordered now and will ship the following week.","breadcrumb":{"@id":"https:\/\/www.apfelpatient.de\/news\/13-zoll-macbook-pro-mit-m2-ist-ab-sofort-vorbestellbar#breadcrumb"},"inLanguage":"en-US","potentialAction":[{"@type":"ReadAction","target":["https:\/\/www.apfelpatient.de\/news\/13-zoll-macbook-pro-mit-m2-ist-ab-sofort-vorbestellbar"]}]},{"@type":"ImageObject","inLanguage":"en-US","@id":"https:\/\/www.apfelpatient.de\/news\/13-zoll-macbook-pro-mit-m2-ist-ab-sofort-vorbestellbar#primaryimage","url":"https:\/\/www.apfelpatient.de\/wp-content\/uploads\/2022\/06\/Apple-MacBook-Pro-M2-13-availability-June-2022-Final-Cut-Pro.jpg","contentUrl":"https:\/\/www.apfelpatient.de\/wp-content\/uploads\/2022\/06\/Apple-MacBook-Pro-M2-13-availability-June-2022-Final-Cut-Pro.jpg","width":1600,"height":1066,"caption":"Bild: Apple"},{"@type":"BreadcrumbList","@id":"https:\/\/www.apfelpatient.de\/news\/13-zoll-macbook-pro-mit-m2-ist-ab-sofort-vorbestellbar#breadcrumb","itemListElement":[{"@type":"ListItem","position":1,"name":"Startseite","item":"https:\/\/www.apfelpatient.de\/"},{"@type":"ListItem","position":2,"name":"13-Zoll MacBook Pro mit M2 ist ab sofort vorbestellbar"}]},{"@type":"WebSite","@id":"https:\/\/www.apfelpatient.de\/#website","url":"https:\/\/www.apfelpatient.de\/","name":"apple patient","description":"Everything about Apple!","publisher":{"@type":"Organization","@id":"https:\/\/www.apfelpatient.de\/en\/#organization","name":"Apfelpatient","url":"https:\/\/www.apfelpatient.de\/en\/"},"alternateName":"Apfelpatient","potentialAction":[{"@type":"SearchAction","target":{"@type":"EntryPoint","urlTemplate":"https:\/\/www.apfelpatient.de\/?s={search_term_string}"},"query-input":{"@type":"PropertyValueSpecification","valueRequired":true,"valueName":"search_term_string"}}],"inLanguage":"en-US"},{"@type":["Person","Organization"],"@id":"https:\/\/www.apfelpatient.de\/#\/schema\/person\/7dc56ad6c8e9824b76d2c08d4c140e13","name":"Milan","logo":{"@id":"https:\/\/www.apfelpatient.de\/#\/schema\/person\/image\/"},"description":"Hello and welcome to my technology blog! As a big Apple fan, I report on everything to do with Apple: from the latest news and exciting rumors to helpful tips and tricks and detailed product tests. If you are as enthusiastic about technology as I am, you have come to the right place!","sameAs":["https:\/\/www.facebook.com\/apfelpatientOfficial","https:\/\/www.linkedin.com\/in\/milan-jovicic-42aa0231b"],"url":"https:\/\/www.apfelpatient.de\/en\/author\/apfeladmin"}]}},"_links":{"self":[{"href":"https:\/\/www.apfelpatient.de\/en\/wp-json\/wp\/v2\/posts\/32487","targetHints":{"allow":["GET"]}}],"collection":[{"href":"https:\/\/www.apfelpatient.de\/en\/wp-json\/wp\/v2\/posts"}],"about":[{"href":"https:\/\/www.apfelpatient.de\/en\/wp-json\/wp\/v2\/types\/post"}],"author":[{"embeddable":true,"href":"https:\/\/www.apfelpatient.de\/en\/wp-json\/wp\/v2\/users\/2"}],"replies":[{"embeddable":true,"href":"https:\/\/www.apfelpatient.de\/en\/wp-json\/wp\/v2\/comments?post=32487"}],"version-history":[{"count":0,"href":"https:\/\/www.apfelpatient.de\/en\/wp-json\/wp\/v2\/posts\/32487\/revisions"}],"wp:featuredmedia":[{"embeddable":true,"href":"https:\/\/www.apfelpatient.de\/en\/wp-json\/wp\/v2\/media\/32489"}],"wp:attachment":[{"href":"https:\/\/www.apfelpatient.de\/en\/wp-json\/wp\/v2\/media?parent=32487"}],"wp:term":[{"taxonomy":"category","embeddable":true,"href":"https:\/\/www.apfelpatient.de\/en\/wp-json\/wp\/v2\/categories?post=32487"},{"taxonomy":"post_tag","embeddable":true,"href":"https:\/\/www.apfelpatient.de\/en\/wp-json\/wp\/v2\/tags?post=32487"}],"curies":[{"name":"wp","href":"https:\/\/api.w.org\/{rel}","templated":true}]}}