{"id":32455,"date":"2022-06-16T17:07:12","date_gmt":"2022-06-16T15:07:12","guid":{"rendered":"https:\/\/www.apfelpatient.de\/?p=32455"},"modified":"2022-06-16T17:07:13","modified_gmt":"2022-06-16T15:07:13","slug":"amazon-announces-prime-day-2022","status":"publish","type":"post","link":"https:\/\/www.apfelpatient.de\/en\/news\/amazon-kuendigt-prime-day-2022-an","title":{"rendered":"Amazon announces Prime Day 2022"},"content":{"rendered":"<p class=\"has-drop-cap\"><strong>Amazon has officially announced that its annual Prime Day shopping event will take place on July 12 and 13.<\/strong><\/p>\n\n\n\n<p>The retail giant has now officially launched the new <a href=\"https:\/\/twitter.com\/amazonnews\/status\/1537389525709758464?s=20&amp;t=0szG5CvgINJ2PlT0iki8Ww\" target=\"_blank\" rel=\"noreferrer noopener\">appointments<\/a> for Prime Day 2022, with deals available in at least 20 countries. As usual, the event will feature a wide range of discounted products, from Amazon&#039;s own Echo devices to kitchen gadgets and power tools. The shopping event begins on Tuesday, July 12th and ends at midnight on Wednesday, July 13th. Prime Day is usually one of the best times of the year to stock up on Apple products, accessories, and other tech gadgets.<\/p>\n\n\n\n<h3 class=\"wp-block-heading\" id=\"h-amazon-prime-day-2022-mitgliedschaft-kostenlos-testen\">Amazon Prime Day 2022: Try membership for free<\/h3>\n\n\n\n\n\n\n\n<p>To benefit from the offers, customers must be a member of Amazon Prime \u2013 but they can sign up for a 30-day trial of the service to qualify. You can find out more about Prime Day\u00a0<a href=\"https:\/\/amzn.to\/39vhSk8\" target=\"_blank\" rel=\"noreferrer noopener\">on the Amazon homepage<\/a>. As always, we will of course report on the coolest offers and the corresponding products\u00a0<a href=\"https:\/\/www.amazon.de\/shop\/apfelpatientofficial\" target=\"_blank\" rel=\"noreferrer noopener\">in our Amazon Storefront<\/a>\u00a0link. (Photo by dennizn \/ Bigstockphoto)<\/p>\n\n\n\n<ul class=\"wp-block-list\"><li><a href=\"https:\/\/www.apfelpatient.de\/en\/tests-experience-reports\/maggo-anker-magnetic-power-bank-with-stand-in-hands-on\">MagGo: Anker magnetic power bank with stand in hands-on<\/a><\/li><\/ul>\n\n\n\n<h6 class=\"wp-block-heading translation-block\" id=\"h-kennt-ihr-schon-unsere-amazon-storefront-dort-findet-ihr-eine-handverlesene-auswahl-von-diversen-produkten-f-r-euer-iphone-und-co-viel-spa-beim-st-bern\"><em>Have you already visited our Amazon Storefront? There you&#039;ll find a hand-picked selection of various products for your iPhone and other devices \u2013 <span class=\"has-inline-color has-vivid-red-color\"><a href=\"https:\/\/www.amazon.de\/shop\/apfelpatientofficial\" class=\"ek-link\" data-wpel-link=\"exclude\" rel=\"follow noopener\" target=\"_self\"><span style=\"text-decoration: underline\" class=\"ek-underline\">enjoy browsing<\/span><\/a> !<\/span><\/em><\/h6>\n\n\n\n<h6 class=\"wp-block-heading translation-block\" id=\"h-der-beitrag-enthalt-partnerlinks\">This post contains <a data-type=\"URL\" data-id=\"https:\/\/www.apfelpatient.de\/partnerprogramm\" href=\"https:\/\/www.apfelpatient.de\/en\/partner-program\" data-wpel-link=\"internal\" target=\"_self\">affiliate links<\/a>.<\/h6>","protected":false},"excerpt":{"rendered":"<p>Amazon has officially announced that its annual Prime Day shopping event will take place on July 12 and 13.<\/p>","protected":false},"author":2,"featured_media":32454,"comment_status":"closed","ping_status":"closed","sticky":false,"template":"","format":"standard","meta":{"jnews-multi-image_gallery":[],"jnews_single_post":{"subtitle":"","format":"standard","video":"","gallery":"","source_name":"","source_url":"","via_name":"","via_url":"","override":[{"single_blog_custom":"","sidebar":"","second_sidebar":"","share_position":"","share_float_style":"","post_date_format":"","post_date_format_custom":"","post_reading_time_wpm":"","zoom_button_out_step":"1","zoom_button_in_step":"1","number_popup_post":"1"}],"image_override":[{"single_post_thumbnail_size":"","single_post_gallery_size":""}],"trending_post_position":"","trending_post_label":"","sponsored_post_label":"","sponsored_post_name":"","sponsored_post_url":"","sponsored_post_logo":"","sponsored_post_desc":""},"jnews_primary_category":{"id":"9"},"footnotes":""},"categories":[9],"tags":[28,146,156,14,18,8,40],"class_list":["post-32455","post","type-post","status-publish","format-standard","has-post-thumbnail","hentry","category-news","tag-airpods","tag-amazon","tag-apple-tv","tag-apple-watch","tag-ipad","tag-iphone","tag-mac"],"yoast_head":"<!-- This site is optimized with the Yoast SEO Premium plugin v27.5 (Yoast SEO v27.5) - https:\/\/yoast.com\/product\/yoast-seo-premium-wordpress\/ -->\n<title>Amazon k\u00fcndigt Prime Day 2022 an Apfelpatient<\/title>\n<meta name=\"description\" content=\"Amazon hat offiziell bekannt gegeben, dass sein j\u00e4hrliches Prime Day Shopping-Event am 12. und 13. Juli stattfinden wird.\" \/>\n<meta name=\"robots\" content=\"index, follow, max-snippet:-1, max-image-preview:large, max-video-preview:-1\" \/>\n<link rel=\"canonical\" href=\"https:\/\/www.apfelpatient.de\/en\/news\/amazon-announces-prime-day-2022\" \/>\n<meta property=\"og:locale\" content=\"en_US\" \/>\n<meta property=\"og:type\" content=\"article\" \/>\n<meta property=\"og:title\" content=\"Amazon k\u00fcndigt Prime Day 2022 an\" \/>\n<meta property=\"og:description\" content=\"Amazon hat offiziell bekannt gegeben, dass sein j\u00e4hrliches Prime Day Shopping-Event am 12. und 13. Juli stattfinden wird.\" \/>\n<meta property=\"og:url\" content=\"https:\/\/www.apfelpatient.de\/en\/news\/amazon-announces-prime-day-2022\" \/>\n<meta property=\"og:site_name\" content=\"Apfelpatient\" \/>\n<meta property=\"article:publisher\" content=\"https:\/\/www.facebook.com\/apfelpatientOfficial\" \/>\n<meta property=\"article:author\" content=\"https:\/\/www.facebook.com\/apfelpatientOfficial\" \/>\n<meta property=\"article:published_time\" content=\"2022-06-16T15:07:12+00:00\" \/>\n<meta property=\"article:modified_time\" content=\"2022-06-16T15:07:13+00:00\" \/>\n<meta property=\"og:image\" content=\"https:\/\/www.apfelpatient.de\/wp-content\/uploads\/2022\/06\/bigstock-Montreal-Canada-July-310917175.jpg\" \/>\n\t<meta property=\"og:image:width\" content=\"1600\" \/>\n\t<meta property=\"og:image:height\" content=\"1072\" \/>\n\t<meta property=\"og:image:type\" content=\"image\/jpeg\" \/>\n<meta name=\"author\" content=\"Milan\" \/>\n<meta name=\"twitter:card\" content=\"summary_large_image\" \/>\n<meta name=\"twitter:label1\" content=\"Written by\" \/>\n\t<meta name=\"twitter:data1\" content=\"Milan\" \/>\n\t<meta name=\"twitter:label2\" content=\"Est. reading time\" \/>\n\t<meta name=\"twitter:data2\" content=\"2 minutes\" \/>\n<script type=\"application\/ld+json\" class=\"yoast-schema-graph\">{\"@context\":\"https:\\\/\\\/schema.org\",\"@graph\":[{\"@type\":\"NewsArticle\",\"@id\":\"https:\\\/\\\/www.apfelpatient.de\\\/news\\\/amazon-kuendigt-prime-day-2022-an#article\",\"isPartOf\":{\"@id\":\"https:\\\/\\\/www.apfelpatient.de\\\/news\\\/amazon-kuendigt-prime-day-2022-an\"},\"author\":{\"@type\":\"Organization\",\"@id\":\"https:\\\/\\\/www.apfelpatient.de\\\/en\\\/#organization\",\"name\":\"Apfelpatient\",\"url\":\"https:\\\/\\\/www.apfelpatient.de\\\/en\\\/\"},\"headline\":\"Amazon k\u00fcndigt Prime Day 2022 an\",\"datePublished\":\"2022-06-16T15:07:12+00:00\",\"dateModified\":\"2022-06-16T15:07:13+00:00\",\"mainEntityOfPage\":{\"@id\":\"https:\\\/\\\/www.apfelpatient.de\\\/news\\\/amazon-kuendigt-prime-day-2022-an\"},\"wordCount\":198,\"publisher\":{\"@type\":\"Organization\",\"@id\":\"https:\\\/\\\/www.apfelpatient.de\\\/en\\\/#organization\",\"name\":\"Apfelpatient\",\"url\":\"https:\\\/\\\/www.apfelpatient.de\\\/en\\\/\"},\"image\":{\"@id\":\"https:\\\/\\\/www.apfelpatient.de\\\/news\\\/amazon-kuendigt-prime-day-2022-an#primaryimage\"},\"thumbnailUrl\":\"https:\\\/\\\/www.apfelpatient.de\\\/wp-content\\\/uploads\\\/2022\\\/06\\\/bigstock-Montreal-Canada-July-310917175.jpg\",\"keywords\":[\"AirPods\",\"Amazon\",\"Apple TV\",\"Apple Watch\",\"iPad\",\"iPhone\",\"Mac\"],\"articleSection\":\"News\",\"inLanguage\":\"en-US\",\"copyrightYear\":\"2022\",\"copyrightHolder\":{\"@id\":\"https:\\\/\\\/www.apfelpatient.de\\\/en\\\/#organization\"}},{\"@type\":\"WebPage\",\"@id\":\"https:\\\/\\\/www.apfelpatient.de\\\/news\\\/amazon-kuendigt-prime-day-2022-an\",\"url\":\"https:\\\/\\\/www.apfelpatient.de\\\/news\\\/amazon-kuendigt-prime-day-2022-an\",\"name\":\"Amazon k\u00fcndigt Prime Day 2022 an Apfelpatient\",\"isPartOf\":{\"@id\":\"https:\\\/\\\/www.apfelpatient.de\\\/#website\"},\"primaryImageOfPage\":{\"@id\":\"https:\\\/\\\/www.apfelpatient.de\\\/news\\\/amazon-kuendigt-prime-day-2022-an#primaryimage\"},\"image\":{\"@id\":\"https:\\\/\\\/www.apfelpatient.de\\\/news\\\/amazon-kuendigt-prime-day-2022-an#primaryimage\"},\"thumbnailUrl\":\"https:\\\/\\\/www.apfelpatient.de\\\/wp-content\\\/uploads\\\/2022\\\/06\\\/bigstock-Montreal-Canada-July-310917175.jpg\",\"datePublished\":\"2022-06-16T15:07:12+00:00\",\"dateModified\":\"2022-06-16T15:07:13+00:00\",\"description\":\"Amazon hat offiziell bekannt gegeben, dass sein j\u00e4hrliches Prime Day Shopping-Event am 12. und 13. Juli stattfinden wird.\",\"breadcrumb\":{\"@id\":\"https:\\\/\\\/www.apfelpatient.de\\\/news\\\/amazon-kuendigt-prime-day-2022-an#breadcrumb\"},\"inLanguage\":\"en-US\",\"potentialAction\":[{\"@type\":\"ReadAction\",\"target\":[\"https:\\\/\\\/www.apfelpatient.de\\\/news\\\/amazon-kuendigt-prime-day-2022-an\"]}]},{\"@type\":\"ImageObject\",\"inLanguage\":\"en-US\",\"@id\":\"https:\\\/\\\/www.apfelpatient.de\\\/news\\\/amazon-kuendigt-prime-day-2022-an#primaryimage\",\"url\":\"https:\\\/\\\/www.apfelpatient.de\\\/wp-content\\\/uploads\\\/2022\\\/06\\\/bigstock-Montreal-Canada-July-310917175.jpg\",\"contentUrl\":\"https:\\\/\\\/www.apfelpatient.de\\\/wp-content\\\/uploads\\\/2022\\\/06\\\/bigstock-Montreal-Canada-July-310917175.jpg\",\"width\":1600,\"height\":1072,\"caption\":\"MONTREAL, CANADA - JULY 11, 2019 : Amazon prime day instruction on how to shop like a pro on a cell phone. Amazon Prime Day is the retailers big members-only summer sale in month of July each year\"},{\"@type\":\"BreadcrumbList\",\"@id\":\"https:\\\/\\\/www.apfelpatient.de\\\/news\\\/amazon-kuendigt-prime-day-2022-an#breadcrumb\",\"itemListElement\":[{\"@type\":\"ListItem\",\"position\":1,\"name\":\"Startseite\",\"item\":\"https:\\\/\\\/www.apfelpatient.de\\\/\"},{\"@type\":\"ListItem\",\"position\":2,\"name\":\"Amazon k\u00fcndigt Prime Day 2022 an\"}]},{\"@type\":\"WebSite\",\"@id\":\"https:\\\/\\\/www.apfelpatient.de\\\/#website\",\"url\":\"https:\\\/\\\/www.apfelpatient.de\\\/\",\"name\":\"Apfelpatient\",\"description\":\"Alles rund um Apple!\",\"publisher\":{\"@type\":\"Organization\",\"@id\":\"https:\\\/\\\/www.apfelpatient.de\\\/en\\\/#organization\",\"name\":\"Apfelpatient\",\"url\":\"https:\\\/\\\/www.apfelpatient.de\\\/en\\\/\"},\"alternateName\":\"Apfelpatient\",\"potentialAction\":[{\"@type\":\"SearchAction\",\"target\":{\"@type\":\"EntryPoint\",\"urlTemplate\":\"https:\\\/\\\/www.apfelpatient.de\\\/?s={search_term_string}\"},\"query-input\":{\"@type\":\"PropertyValueSpecification\",\"valueRequired\":true,\"valueName\":\"search_term_string\"}}],\"inLanguage\":\"en-US\"},{\"@type\":[\"Person\",\"Organization\"],\"@id\":\"https:\\\/\\\/www.apfelpatient.de\\\/#\\\/schema\\\/person\\\/35b3ddba5832f2bfc7fff5206d4f6b7b\",\"name\":\"Milan\",\"logo\":{\"@id\":\"https:\\\/\\\/www.apfelpatient.de\\\/#\\\/schema\\\/person\\\/image\\\/\"},\"description\":\"Hallo und herzlich willkommen auf meinem Technik-Blog! Als gro\u00dfer Apple-Fan berichte ich hier \u00fcber alles, was mit Apple zu tun hat: von den neuesten News und spannenden Ger\u00fcchten \u00fcber hilfreiche Tipps und Tricks bis hin zu ausf\u00fchrlichen Produkttests. Wenn du genauso technikbegeistert bist wie ich, bist du hier genau richtig!\",\"sameAs\":[\"https:\\\/\\\/www.facebook.com\\\/apfelpatientOfficial\",\"https:\\\/\\\/www.linkedin.com\\\/in\\\/milan-jovicic-42aa0231b\"],\"url\":\"https:\\\/\\\/www.apfelpatient.de\\\/en\\\/author\\\/apfeladmin\"}]}<\/script>\n<!-- \/ Yoast SEO Premium plugin. -->","yoast_head_json":{"title":"Amazon announces Prime Day 2022 Apfelpatient","description":"Amazon has officially announced that its annual Prime Day shopping event will take place on July 12 and 13.","robots":{"index":"index","follow":"follow","max-snippet":"max-snippet:-1","max-image-preview":"max-image-preview:large","max-video-preview":"max-video-preview:-1"},"canonical":"https:\/\/www.apfelpatient.de\/en\/news\/amazon-announces-prime-day-2022","og_locale":"en_US","og_type":"article","og_title":"Amazon k\u00fcndigt Prime Day 2022 an","og_description":"Amazon hat offiziell bekannt gegeben, dass sein j\u00e4hrliches Prime Day Shopping-Event am 12. und 13. Juli stattfinden wird.","og_url":"https:\/\/www.apfelpatient.de\/en\/news\/amazon-announces-prime-day-2022","og_site_name":"Apfelpatient","article_publisher":"https:\/\/www.facebook.com\/apfelpatientOfficial","article_author":"https:\/\/www.facebook.com\/apfelpatientOfficial","article_published_time":"2022-06-16T15:07:12+00:00","article_modified_time":"2022-06-16T15:07:13+00:00","og_image":[{"width":1600,"height":1072,"url":"https:\/\/www.apfelpatient.de\/wp-content\/uploads\/2022\/06\/bigstock-Montreal-Canada-July-310917175.jpg","type":"image\/jpeg"}],"author":"Milan","twitter_card":"summary_large_image","twitter_misc":{"Written by":"Milan","Est. reading time":"2 minutes"},"schema":{"@context":"https:\/\/schema.org","@graph":[{"@type":"NewsArticle","@id":"https:\/\/www.apfelpatient.de\/news\/amazon-kuendigt-prime-day-2022-an#article","isPartOf":{"@id":"https:\/\/www.apfelpatient.de\/news\/amazon-kuendigt-prime-day-2022-an"},"author":{"@type":"Organization","@id":"https:\/\/www.apfelpatient.de\/en\/#organization","name":"Apfelpatient","url":"https:\/\/www.apfelpatient.de\/en\/"},"headline":"Amazon k\u00fcndigt Prime Day 2022 an","datePublished":"2022-06-16T15:07:12+00:00","dateModified":"2022-06-16T15:07:13+00:00","mainEntityOfPage":{"@id":"https:\/\/www.apfelpatient.de\/news\/amazon-kuendigt-prime-day-2022-an"},"wordCount":198,"publisher":{"@type":"Organization","@id":"https:\/\/www.apfelpatient.de\/en\/#organization","name":"Apfelpatient","url":"https:\/\/www.apfelpatient.de\/en\/"},"image":{"@id":"https:\/\/www.apfelpatient.de\/news\/amazon-kuendigt-prime-day-2022-an#primaryimage"},"thumbnailUrl":"https:\/\/www.apfelpatient.de\/wp-content\/uploads\/2022\/06\/bigstock-Montreal-Canada-July-310917175.jpg","keywords":["AirPods","Amazon","Apple TV","Apple Watch","iPad","iPhone","Mac"],"articleSection":"News","inLanguage":"en-US","copyrightYear":"2022","copyrightHolder":{"@id":"https:\/\/www.apfelpatient.de\/en\/#organization"}},{"@type":"WebPage","@id":"https:\/\/www.apfelpatient.de\/news\/amazon-kuendigt-prime-day-2022-an","url":"https:\/\/www.apfelpatient.de\/news\/amazon-kuendigt-prime-day-2022-an","name":"Amazon announces Prime Day 2022 Apfelpatient","isPartOf":{"@id":"https:\/\/www.apfelpatient.de\/#website"},"primaryImageOfPage":{"@id":"https:\/\/www.apfelpatient.de\/news\/amazon-kuendigt-prime-day-2022-an#primaryimage"},"image":{"@id":"https:\/\/www.apfelpatient.de\/news\/amazon-kuendigt-prime-day-2022-an#primaryimage"},"thumbnailUrl":"https:\/\/www.apfelpatient.de\/wp-content\/uploads\/2022\/06\/bigstock-Montreal-Canada-July-310917175.jpg","datePublished":"2022-06-16T15:07:12+00:00","dateModified":"2022-06-16T15:07:13+00:00","description":"Amazon has officially announced that its annual Prime Day shopping event will take place on July 12 and 13.","breadcrumb":{"@id":"https:\/\/www.apfelpatient.de\/news\/amazon-kuendigt-prime-day-2022-an#breadcrumb"},"inLanguage":"en-US","potentialAction":[{"@type":"ReadAction","target":["https:\/\/www.apfelpatient.de\/news\/amazon-kuendigt-prime-day-2022-an"]}]},{"@type":"ImageObject","inLanguage":"en-US","@id":"https:\/\/www.apfelpatient.de\/news\/amazon-kuendigt-prime-day-2022-an#primaryimage","url":"https:\/\/www.apfelpatient.de\/wp-content\/uploads\/2022\/06\/bigstock-Montreal-Canada-July-310917175.jpg","contentUrl":"https:\/\/www.apfelpatient.de\/wp-content\/uploads\/2022\/06\/bigstock-Montreal-Canada-July-310917175.jpg","width":1600,"height":1072,"caption":"MONTREAL, CANADA - JULY 11, 2019 : Amazon prime day instruction on how to shop like a pro on a cell phone. Amazon Prime Day is the retailers big members-only summer sale in month of July each year"},{"@type":"BreadcrumbList","@id":"https:\/\/www.apfelpatient.de\/news\/amazon-kuendigt-prime-day-2022-an#breadcrumb","itemListElement":[{"@type":"ListItem","position":1,"name":"Startseite","item":"https:\/\/www.apfelpatient.de\/"},{"@type":"ListItem","position":2,"name":"Amazon k\u00fcndigt Prime Day 2022 an"}]},{"@type":"WebSite","@id":"https:\/\/www.apfelpatient.de\/#website","url":"https:\/\/www.apfelpatient.de\/","name":"apple patient","description":"Everything about Apple!","publisher":{"@type":"Organization","@id":"https:\/\/www.apfelpatient.de\/en\/#organization","name":"Apfelpatient","url":"https:\/\/www.apfelpatient.de\/en\/"},"alternateName":"Apfelpatient","potentialAction":[{"@type":"SearchAction","target":{"@type":"EntryPoint","urlTemplate":"https:\/\/www.apfelpatient.de\/?s={search_term_string}"},"query-input":{"@type":"PropertyValueSpecification","valueRequired":true,"valueName":"search_term_string"}}],"inLanguage":"en-US"},{"@type":["Person","Organization"],"@id":"https:\/\/www.apfelpatient.de\/#\/schema\/person\/35b3ddba5832f2bfc7fff5206d4f6b7b","name":"Milan","logo":{"@id":"https:\/\/www.apfelpatient.de\/#\/schema\/person\/image\/"},"description":"Hello and welcome to my technology blog! As a big Apple fan, I report on everything to do with Apple: from the latest news and exciting rumors to helpful tips and tricks and detailed product tests. If you are as enthusiastic about technology as I am, you have come to the right place!","sameAs":["https:\/\/www.facebook.com\/apfelpatientOfficial","https:\/\/www.linkedin.com\/in\/milan-jovicic-42aa0231b"],"url":"https:\/\/www.apfelpatient.de\/en\/author\/apfeladmin"}]}},"_links":{"self":[{"href":"https:\/\/www.apfelpatient.de\/en\/wp-json\/wp\/v2\/posts\/32455","targetHints":{"allow":["GET"]}}],"collection":[{"href":"https:\/\/www.apfelpatient.de\/en\/wp-json\/wp\/v2\/posts"}],"about":[{"href":"https:\/\/www.apfelpatient.de\/en\/wp-json\/wp\/v2\/types\/post"}],"author":[{"embeddable":true,"href":"https:\/\/www.apfelpatient.de\/en\/wp-json\/wp\/v2\/users\/2"}],"replies":[{"embeddable":true,"href":"https:\/\/www.apfelpatient.de\/en\/wp-json\/wp\/v2\/comments?post=32455"}],"version-history":[{"count":0,"href":"https:\/\/www.apfelpatient.de\/en\/wp-json\/wp\/v2\/posts\/32455\/revisions"}],"wp:featuredmedia":[{"embeddable":true,"href":"https:\/\/www.apfelpatient.de\/en\/wp-json\/wp\/v2\/media\/32454"}],"wp:attachment":[{"href":"https:\/\/www.apfelpatient.de\/en\/wp-json\/wp\/v2\/media?parent=32455"}],"wp:term":[{"taxonomy":"category","embeddable":true,"href":"https:\/\/www.apfelpatient.de\/en\/wp-json\/wp\/v2\/categories?post=32455"},{"taxonomy":"post_tag","embeddable":true,"href":"https:\/\/www.apfelpatient.de\/en\/wp-json\/wp\/v2\/tags?post=32455"}],"curies":[{"name":"wp","href":"https:\/\/api.w.org\/{rel}","templated":true}]}}