{"id":32375,"date":"2022-06-12T17:03:39","date_gmt":"2022-06-12T15:03:39","guid":{"rendered":"https:\/\/www.apfelpatient.de\/?p=32375"},"modified":"2022-06-12T17:03:39","modified_gmt":"2022-06-12T15:03:39","slug":"apple-could-introduce-new-ipad-pro-in-autumn","status":"publish","type":"post","link":"https:\/\/www.apfelpatient.de\/en\/rumors\/apple-koennte-im-herbst-neues-ipad-pro-vorstellen","title":{"rendered":"Apple could introduce new iPad Pro in fall"},"content":{"rendered":"<p class=\"has-drop-cap\"><strong>According to a report, Apple still plans to introduce an update to its iPad Pro lineup this fall. Despite rumors of a 14.1-inch version in 2023, updates this year are not out of the question.<\/strong><\/p>\n\n\n\n<p>Recently, it was rumored that Apple is working on a new, larger iPad Pro model that combines a 14.1-inch miniLED display with the M2 chip. While this iPad Pro is rumored to be released in spring 2023, it is believed that the current size options will receive updates in 2022.<\/p>\n\n\n\n<h3 class=\"wp-block-heading\" id=\"h-wird-apple-im-herbst-die-ipad-pro-reihe-aktualisieren\">Will Apple update the iPad Pro line this fall?<\/h3>\n\n\n\n\n\n\n\n<p>In Bloomberg\u2019s \u201cPower On\u201d newsletter <a href=\"https:\/\/link.mail.bloombergbusiness.com\/click\/28030947.5948\/aHR0cHM6Ly93d3cuYmxvb21iZXJnLmNvbS9hY2NvdW50L25ld3NsZXR0ZXJzL3Bvd2VyLW9uP3NvdXJjZT1wYWlkTkxzaGFyZQ\/612e5c5e0bd0ff7d7d6dfa9bCc1c47067\" target=\"_blank\" rel=\"noreferrer noopener\">writes<\/a> Mark Gurman says that despite the prospect of a 14.1-inch model, there are no plans to stop production of the 11-inch or 12.9-inch iPad Pro. Gurman expects the new iPad Pro models to appear in September or October, which would put the launch in the time frame of the Apple event in the fall. Gurman writes that the iPad Pro update will include an upgrade of the M2, wireless charging with MagSafe and an upgrade of the camera system. The journalist is sticking to his previous claims. Whether he will be right, of course, remains to be seen. (Photo by Colour59 \/ Bigstockphoto)<\/p>\n\n\n\n<ul class=\"wp-block-list\"><li><a href=\"https:\/\/www.apfelpatient.de\/en\/rumors\/apple-develops-14-1-inch-ipad-pro-with-m2-chip\">Apple develops 14.1-inch iPad Pro with M2 chip<\/a><\/li><\/ul>\n\n\n\n<h6 class=\"wp-block-heading translation-block\" id=\"h-kennt-ihr-schon-unsere-amazon-storefront-dort-findet-ihr-eine-handverlesene-auswahl-von-diversen-produkten-f-r-euer-iphone-und-co-viel-spa-beim-st-bern\"><em>Have you already visited our Amazon Storefront? There you&#039;ll find a hand-picked selection of various products for your iPhone and other devices \u2013 <span class=\"has-inline-color has-vivid-red-color\"><a href=\"https:\/\/www.amazon.de\/shop\/apfelpatientofficial\" class=\"ek-link\" data-wpel-link=\"exclude\" rel=\"follow noopener\" target=\"_self\"><span style=\"text-decoration: underline\" class=\"ek-underline\">enjoy browsing<\/span><\/a> !<\/span><\/em><\/h6>\n\n\n\n<h6 class=\"wp-block-heading translation-block\" id=\"h-der-beitrag-enthalt-partnerlinks\">This post contains <a data-type=\"URL\" data-id=\"https:\/\/www.apfelpatient.de\/partnerprogramm\" href=\"https:\/\/www.apfelpatient.de\/en\/partner-program\" data-wpel-link=\"internal\" target=\"_self\">affiliate links<\/a>.<\/h6>","protected":false},"excerpt":{"rendered":"<p>According to a report, Apple still plans to introduce an update to its iPad Pro lineup this fall.<\/p>","protected":false},"author":2,"featured_media":29278,"comment_status":"closed","ping_status":"closed","sticky":false,"template":"","format":"standard","meta":{"jnews-multi-image_gallery":[],"jnews_single_post":{"subtitle":"","format":"standard","video":"","gallery":"","source_name":"","source_url":"","via_name":"","via_url":"","override":[{"single_blog_custom":"","sidebar":"","second_sidebar":"","share_position":"","share_float_style":"","post_date_format":"","post_date_format_custom":"","post_reading_time_wpm":"","zoom_button_out_step":"1","zoom_button_in_step":"1","number_popup_post":"1"}],"image_override":[{"single_post_thumbnail_size":"","single_post_gallery_size":""}],"trending_post_position":"","trending_post_label":"","sponsored_post_label":"","sponsored_post_name":"","sponsored_post_url":"","sponsored_post_logo":"","sponsored_post_desc":""},"jnews_primary_category":{"id":"25"},"footnotes":""},"categories":[25],"tags":[18,66],"class_list":["post-32375","post","type-post","status-publish","format-standard","has-post-thumbnail","hentry","category-rumors","tag-ipad","tag-ipad-pro"],"yoast_head":"<!-- This site is optimized with the Yoast SEO Premium plugin v27.5 (Yoast SEO v27.5) - https:\/\/yoast.com\/product\/yoast-seo-premium-wordpress\/ -->\n<title>Apple k\u00f6nnte im Herbst neues iPad Pro vorstellen Apfelpatient<\/title>\n<meta name=\"description\" content=\"Einem Bericht zufolge plant Apple nach wie vor, im Herbst ein Update seiner iPad Pro Produktreihe vorzustellen.\" \/>\n<meta name=\"robots\" content=\"index, follow, max-snippet:-1, max-image-preview:large, max-video-preview:-1\" \/>\n<link rel=\"canonical\" href=\"https:\/\/www.apfelpatient.de\/en\/rumors\/apple-could-introduce-new-ipad-pro-in-autumn\" \/>\n<meta property=\"og:locale\" content=\"en_US\" \/>\n<meta property=\"og:type\" content=\"article\" \/>\n<meta property=\"og:title\" content=\"Apple k\u00f6nnte im Herbst neues iPad Pro vorstellen\" \/>\n<meta property=\"og:description\" content=\"Einem Bericht zufolge plant Apple nach wie vor, im Herbst ein Update seiner iPad Pro Produktreihe vorzustellen.\" \/>\n<meta property=\"og:url\" content=\"https:\/\/www.apfelpatient.de\/en\/rumors\/apple-could-introduce-new-ipad-pro-in-autumn\" \/>\n<meta property=\"og:site_name\" content=\"Apfelpatient\" \/>\n<meta property=\"article:publisher\" content=\"https:\/\/www.facebook.com\/apfelpatientOfficial\" \/>\n<meta property=\"article:author\" content=\"https:\/\/www.facebook.com\/apfelpatientOfficial\" \/>\n<meta property=\"article:published_time\" content=\"2022-06-12T15:03:39+00:00\" \/>\n<meta property=\"og:image\" content=\"https:\/\/www.apfelpatient.de\/wp-content\/uploads\/2021\/12\/bigstock-Wetzlar-Germany-380725360.jpg\" \/>\n\t<meta property=\"og:image:width\" content=\"1600\" \/>\n\t<meta property=\"og:image:height\" content=\"1067\" \/>\n\t<meta property=\"og:image:type\" content=\"image\/jpeg\" \/>\n<meta name=\"author\" content=\"Milan\" \/>\n<meta name=\"twitter:card\" content=\"summary_large_image\" \/>\n<meta name=\"twitter:description\" content=\"Einem Bericht zufolge plant Apple nach wie vor, im Herbst ein Update seiner iPad Pro Produktreihe vorzustellen.\" \/>\n<meta name=\"twitter:label1\" content=\"Written by\" \/>\n\t<meta name=\"twitter:data1\" content=\"Milan\" \/>\n\t<meta name=\"twitter:label2\" content=\"Est. reading time\" \/>\n\t<meta name=\"twitter:data2\" content=\"2 minutes\" \/>\n<script type=\"application\/ld+json\" class=\"yoast-schema-graph\">{\"@context\":\"https:\\\/\\\/schema.org\",\"@graph\":[{\"@type\":\"NewsArticle\",\"@id\":\"https:\\\/\\\/www.apfelpatient.de\\\/rumors\\\/apple-koennte-im-herbst-neues-ipad-pro-vorstellen#article\",\"isPartOf\":{\"@id\":\"https:\\\/\\\/www.apfelpatient.de\\\/rumors\\\/apple-koennte-im-herbst-neues-ipad-pro-vorstellen\"},\"author\":{\"@type\":\"Organization\",\"@id\":\"https:\\\/\\\/www.apfelpatient.de\\\/en\\\/#organization\",\"name\":\"Apfelpatient\",\"url\":\"https:\\\/\\\/www.apfelpatient.de\\\/en\\\/\"},\"headline\":\"Apple k\u00f6nnte im Herbst neues iPad Pro vorstellen\",\"datePublished\":\"2022-06-12T15:03:39+00:00\",\"mainEntityOfPage\":{\"@id\":\"https:\\\/\\\/www.apfelpatient.de\\\/rumors\\\/apple-koennte-im-herbst-neues-ipad-pro-vorstellen\"},\"wordCount\":218,\"publisher\":{\"@type\":\"Organization\",\"@id\":\"https:\\\/\\\/www.apfelpatient.de\\\/en\\\/#organization\",\"name\":\"Apfelpatient\",\"url\":\"https:\\\/\\\/www.apfelpatient.de\\\/en\\\/\"},\"image\":{\"@id\":\"https:\\\/\\\/www.apfelpatient.de\\\/rumors\\\/apple-koennte-im-herbst-neues-ipad-pro-vorstellen#primaryimage\"},\"thumbnailUrl\":\"https:\\\/\\\/www.apfelpatient.de\\\/wp-content\\\/uploads\\\/2021\\\/12\\\/bigstock-Wetzlar-Germany-380725360.jpg\",\"keywords\":[\"iPad\",\"iPad Pro\"],\"articleSection\":\"Rumors\",\"inLanguage\":\"en-US\",\"copyrightYear\":\"2022\",\"copyrightHolder\":{\"@id\":\"https:\\\/\\\/www.apfelpatient.de\\\/en\\\/#organization\"}},{\"@type\":\"WebPage\",\"@id\":\"https:\\\/\\\/www.apfelpatient.de\\\/rumors\\\/apple-koennte-im-herbst-neues-ipad-pro-vorstellen\",\"url\":\"https:\\\/\\\/www.apfelpatient.de\\\/rumors\\\/apple-koennte-im-herbst-neues-ipad-pro-vorstellen\",\"name\":\"Apple k\u00f6nnte im Herbst neues iPad Pro vorstellen Apfelpatient\",\"isPartOf\":{\"@id\":\"https:\\\/\\\/www.apfelpatient.de\\\/#website\"},\"primaryImageOfPage\":{\"@id\":\"https:\\\/\\\/www.apfelpatient.de\\\/rumors\\\/apple-koennte-im-herbst-neues-ipad-pro-vorstellen#primaryimage\"},\"image\":{\"@id\":\"https:\\\/\\\/www.apfelpatient.de\\\/rumors\\\/apple-koennte-im-herbst-neues-ipad-pro-vorstellen#primaryimage\"},\"thumbnailUrl\":\"https:\\\/\\\/www.apfelpatient.de\\\/wp-content\\\/uploads\\\/2021\\\/12\\\/bigstock-Wetzlar-Germany-380725360.jpg\",\"datePublished\":\"2022-06-12T15:03:39+00:00\",\"description\":\"Einem Bericht zufolge plant Apple nach wie vor, im Herbst ein Update seiner iPad Pro Produktreihe vorzustellen.\",\"breadcrumb\":{\"@id\":\"https:\\\/\\\/www.apfelpatient.de\\\/rumors\\\/apple-koennte-im-herbst-neues-ipad-pro-vorstellen#breadcrumb\"},\"inLanguage\":\"en-US\",\"potentialAction\":[{\"@type\":\"ReadAction\",\"target\":[\"https:\\\/\\\/www.apfelpatient.de\\\/rumors\\\/apple-koennte-im-herbst-neues-ipad-pro-vorstellen\"]}]},{\"@type\":\"ImageObject\",\"inLanguage\":\"en-US\",\"@id\":\"https:\\\/\\\/www.apfelpatient.de\\\/rumors\\\/apple-koennte-im-herbst-neues-ipad-pro-vorstellen#primaryimage\",\"url\":\"https:\\\/\\\/www.apfelpatient.de\\\/wp-content\\\/uploads\\\/2021\\\/12\\\/bigstock-Wetzlar-Germany-380725360.jpg\",\"contentUrl\":\"https:\\\/\\\/www.apfelpatient.de\\\/wp-content\\\/uploads\\\/2021\\\/12\\\/bigstock-Wetzlar-Germany-380725360.jpg\",\"width\":1600,\"height\":1067,\"caption\":\"WETZLAR, GERMANY - 2020-07-10: APPLE The iPad Pro is a tablet computer from the iPad model line from Apple.\"},{\"@type\":\"BreadcrumbList\",\"@id\":\"https:\\\/\\\/www.apfelpatient.de\\\/rumors\\\/apple-koennte-im-herbst-neues-ipad-pro-vorstellen#breadcrumb\",\"itemListElement\":[{\"@type\":\"ListItem\",\"position\":1,\"name\":\"Startseite\",\"item\":\"https:\\\/\\\/www.apfelpatient.de\\\/\"},{\"@type\":\"ListItem\",\"position\":2,\"name\":\"Apple k\u00f6nnte im Herbst neues iPad Pro vorstellen\"}]},{\"@type\":\"WebSite\",\"@id\":\"https:\\\/\\\/www.apfelpatient.de\\\/#website\",\"url\":\"https:\\\/\\\/www.apfelpatient.de\\\/\",\"name\":\"Apfelpatient\",\"description\":\"Alles rund um Apple!\",\"publisher\":{\"@type\":\"Organization\",\"@id\":\"https:\\\/\\\/www.apfelpatient.de\\\/en\\\/#organization\",\"name\":\"Apfelpatient\",\"url\":\"https:\\\/\\\/www.apfelpatient.de\\\/en\\\/\"},\"alternateName\":\"Apfelpatient\",\"potentialAction\":[{\"@type\":\"SearchAction\",\"target\":{\"@type\":\"EntryPoint\",\"urlTemplate\":\"https:\\\/\\\/www.apfelpatient.de\\\/?s={search_term_string}\"},\"query-input\":{\"@type\":\"PropertyValueSpecification\",\"valueRequired\":true,\"valueName\":\"search_term_string\"}}],\"inLanguage\":\"en-US\"},{\"@type\":[\"Person\",\"Organization\"],\"@id\":\"https:\\\/\\\/www.apfelpatient.de\\\/#\\\/schema\\\/person\\\/35b3ddba5832f2bfc7fff5206d4f6b7b\",\"name\":\"Milan\",\"logo\":{\"@id\":\"https:\\\/\\\/www.apfelpatient.de\\\/#\\\/schema\\\/person\\\/image\\\/\"},\"description\":\"Hallo und herzlich willkommen auf meinem Technik-Blog! Als gro\u00dfer Apple-Fan berichte ich hier \u00fcber alles, was mit Apple zu tun hat: von den neuesten News und spannenden Ger\u00fcchten \u00fcber hilfreiche Tipps und Tricks bis hin zu ausf\u00fchrlichen Produkttests. Wenn du genauso technikbegeistert bist wie ich, bist du hier genau richtig!\",\"sameAs\":[\"https:\\\/\\\/www.facebook.com\\\/apfelpatientOfficial\",\"https:\\\/\\\/www.linkedin.com\\\/in\\\/milan-jovicic-42aa0231b\"],\"url\":\"https:\\\/\\\/www.apfelpatient.de\\\/en\\\/author\\\/apfeladmin\"}]}<\/script>\n<!-- \/ Yoast SEO Premium plugin. -->","yoast_head_json":{"title":"Apple could introduce new iPad Pro in autumn Apfelpatient","description":"According to a report, Apple still plans to introduce an update to its iPad Pro lineup this fall.","robots":{"index":"index","follow":"follow","max-snippet":"max-snippet:-1","max-image-preview":"max-image-preview:large","max-video-preview":"max-video-preview:-1"},"canonical":"https:\/\/www.apfelpatient.de\/en\/rumors\/apple-could-introduce-new-ipad-pro-in-autumn","og_locale":"en_US","og_type":"article","og_title":"Apple k\u00f6nnte im Herbst neues iPad Pro vorstellen","og_description":"Einem Bericht zufolge plant Apple nach wie vor, im Herbst ein Update seiner iPad Pro Produktreihe vorzustellen.","og_url":"https:\/\/www.apfelpatient.de\/en\/rumors\/apple-could-introduce-new-ipad-pro-in-autumn","og_site_name":"Apfelpatient","article_publisher":"https:\/\/www.facebook.com\/apfelpatientOfficial","article_author":"https:\/\/www.facebook.com\/apfelpatientOfficial","article_published_time":"2022-06-12T15:03:39+00:00","og_image":[{"width":1600,"height":1067,"url":"https:\/\/www.apfelpatient.de\/wp-content\/uploads\/2021\/12\/bigstock-Wetzlar-Germany-380725360.jpg","type":"image\/jpeg"}],"author":"Milan","twitter_card":"summary_large_image","twitter_description":"Einem Bericht zufolge plant Apple nach wie vor, im Herbst ein Update seiner iPad Pro Produktreihe vorzustellen.","twitter_misc":{"Written by":"Milan","Est. reading time":"2 minutes"},"schema":{"@context":"https:\/\/schema.org","@graph":[{"@type":"NewsArticle","@id":"https:\/\/www.apfelpatient.de\/rumors\/apple-koennte-im-herbst-neues-ipad-pro-vorstellen#article","isPartOf":{"@id":"https:\/\/www.apfelpatient.de\/rumors\/apple-koennte-im-herbst-neues-ipad-pro-vorstellen"},"author":{"@type":"Organization","@id":"https:\/\/www.apfelpatient.de\/en\/#organization","name":"Apfelpatient","url":"https:\/\/www.apfelpatient.de\/en\/"},"headline":"Apple k\u00f6nnte im Herbst neues iPad Pro vorstellen","datePublished":"2022-06-12T15:03:39+00:00","mainEntityOfPage":{"@id":"https:\/\/www.apfelpatient.de\/rumors\/apple-koennte-im-herbst-neues-ipad-pro-vorstellen"},"wordCount":218,"publisher":{"@type":"Organization","@id":"https:\/\/www.apfelpatient.de\/en\/#organization","name":"Apfelpatient","url":"https:\/\/www.apfelpatient.de\/en\/"},"image":{"@id":"https:\/\/www.apfelpatient.de\/rumors\/apple-koennte-im-herbst-neues-ipad-pro-vorstellen#primaryimage"},"thumbnailUrl":"https:\/\/www.apfelpatient.de\/wp-content\/uploads\/2021\/12\/bigstock-Wetzlar-Germany-380725360.jpg","keywords":["iPad","iPad Pro"],"articleSection":"Rumors","inLanguage":"en-US","copyrightYear":"2022","copyrightHolder":{"@id":"https:\/\/www.apfelpatient.de\/en\/#organization"}},{"@type":"WebPage","@id":"https:\/\/www.apfelpatient.de\/rumors\/apple-koennte-im-herbst-neues-ipad-pro-vorstellen","url":"https:\/\/www.apfelpatient.de\/rumors\/apple-koennte-im-herbst-neues-ipad-pro-vorstellen","name":"Apple could introduce new iPad Pro in autumn Apfelpatient","isPartOf":{"@id":"https:\/\/www.apfelpatient.de\/#website"},"primaryImageOfPage":{"@id":"https:\/\/www.apfelpatient.de\/rumors\/apple-koennte-im-herbst-neues-ipad-pro-vorstellen#primaryimage"},"image":{"@id":"https:\/\/www.apfelpatient.de\/rumors\/apple-koennte-im-herbst-neues-ipad-pro-vorstellen#primaryimage"},"thumbnailUrl":"https:\/\/www.apfelpatient.de\/wp-content\/uploads\/2021\/12\/bigstock-Wetzlar-Germany-380725360.jpg","datePublished":"2022-06-12T15:03:39+00:00","description":"According to a report, Apple still plans to introduce an update to its iPad Pro lineup this fall.","breadcrumb":{"@id":"https:\/\/www.apfelpatient.de\/rumors\/apple-koennte-im-herbst-neues-ipad-pro-vorstellen#breadcrumb"},"inLanguage":"en-US","potentialAction":[{"@type":"ReadAction","target":["https:\/\/www.apfelpatient.de\/rumors\/apple-koennte-im-herbst-neues-ipad-pro-vorstellen"]}]},{"@type":"ImageObject","inLanguage":"en-US","@id":"https:\/\/www.apfelpatient.de\/rumors\/apple-koennte-im-herbst-neues-ipad-pro-vorstellen#primaryimage","url":"https:\/\/www.apfelpatient.de\/wp-content\/uploads\/2021\/12\/bigstock-Wetzlar-Germany-380725360.jpg","contentUrl":"https:\/\/www.apfelpatient.de\/wp-content\/uploads\/2021\/12\/bigstock-Wetzlar-Germany-380725360.jpg","width":1600,"height":1067,"caption":"WETZLAR, GERMANY - 2020-07-10: APPLE The iPad Pro is a tablet computer from the iPad model line from Apple."},{"@type":"BreadcrumbList","@id":"https:\/\/www.apfelpatient.de\/rumors\/apple-koennte-im-herbst-neues-ipad-pro-vorstellen#breadcrumb","itemListElement":[{"@type":"ListItem","position":1,"name":"Startseite","item":"https:\/\/www.apfelpatient.de\/"},{"@type":"ListItem","position":2,"name":"Apple k\u00f6nnte im Herbst neues iPad Pro vorstellen"}]},{"@type":"WebSite","@id":"https:\/\/www.apfelpatient.de\/#website","url":"https:\/\/www.apfelpatient.de\/","name":"apple patient","description":"Everything about Apple!","publisher":{"@type":"Organization","@id":"https:\/\/www.apfelpatient.de\/en\/#organization","name":"Apfelpatient","url":"https:\/\/www.apfelpatient.de\/en\/"},"alternateName":"Apfelpatient","potentialAction":[{"@type":"SearchAction","target":{"@type":"EntryPoint","urlTemplate":"https:\/\/www.apfelpatient.de\/?s={search_term_string}"},"query-input":{"@type":"PropertyValueSpecification","valueRequired":true,"valueName":"search_term_string"}}],"inLanguage":"en-US"},{"@type":["Person","Organization"],"@id":"https:\/\/www.apfelpatient.de\/#\/schema\/person\/35b3ddba5832f2bfc7fff5206d4f6b7b","name":"Milan","logo":{"@id":"https:\/\/www.apfelpatient.de\/#\/schema\/person\/image\/"},"description":"Hello and welcome to my technology blog! As a big Apple fan, I report on everything to do with Apple: from the latest news and exciting rumors to helpful tips and tricks and detailed product tests. If you are as enthusiastic about technology as I am, you have come to the right place!","sameAs":["https:\/\/www.facebook.com\/apfelpatientOfficial","https:\/\/www.linkedin.com\/in\/milan-jovicic-42aa0231b"],"url":"https:\/\/www.apfelpatient.de\/en\/author\/apfeladmin"}]}},"_links":{"self":[{"href":"https:\/\/www.apfelpatient.de\/en\/wp-json\/wp\/v2\/posts\/32375","targetHints":{"allow":["GET"]}}],"collection":[{"href":"https:\/\/www.apfelpatient.de\/en\/wp-json\/wp\/v2\/posts"}],"about":[{"href":"https:\/\/www.apfelpatient.de\/en\/wp-json\/wp\/v2\/types\/post"}],"author":[{"embeddable":true,"href":"https:\/\/www.apfelpatient.de\/en\/wp-json\/wp\/v2\/users\/2"}],"replies":[{"embeddable":true,"href":"https:\/\/www.apfelpatient.de\/en\/wp-json\/wp\/v2\/comments?post=32375"}],"version-history":[{"count":0,"href":"https:\/\/www.apfelpatient.de\/en\/wp-json\/wp\/v2\/posts\/32375\/revisions"}],"wp:featuredmedia":[{"embeddable":true,"href":"https:\/\/www.apfelpatient.de\/en\/wp-json\/wp\/v2\/media\/29278"}],"wp:attachment":[{"href":"https:\/\/www.apfelpatient.de\/en\/wp-json\/wp\/v2\/media?parent=32375"}],"wp:term":[{"taxonomy":"category","embeddable":true,"href":"https:\/\/www.apfelpatient.de\/en\/wp-json\/wp\/v2\/categories?post=32375"},{"taxonomy":"post_tag","embeddable":true,"href":"https:\/\/www.apfelpatient.de\/en\/wp-json\/wp\/v2\/tags?post=32375"}],"curies":[{"name":"wp","href":"https:\/\/api.w.org\/{rel}","templated":true}]}}