{"id":32336,"date":"2022-06-10T19:20:03","date_gmt":"2022-06-10T17:20:03","guid":{"rendered":"https:\/\/www.apfelpatient.de\/?p=32336"},"modified":"2022-06-10T19:20:03","modified_gmt":"2022-06-10T17:20:03","slug":"macbook-with-12-inch-could-be-new-pro-model","status":"publish","type":"post","link":"https:\/\/www.apfelpatient.de\/en\/rumors\/macbook-mit-12-zoll-koennte-neues-pro-modell-sein","title":{"rendered":"MacBook with 12-inch could be new Pro model"},"content":{"rendered":"<p class=\"has-drop-cap\"><strong>Bloomberg recently reported that Apple is considering launching an all-new 12-inch notebook in late 2023 or early 2024. Mark Gurman explained that it was unclear whether the 12-inch model would be a low-end MacBook or a higher-end MacBook Pro.<\/strong><\/p>\n\n\n\n<p>Twitter user &quot;Majin Bu&quot; has since claimed that the model will be a new 12-inch MacBook Pro that could feature Apple&#039;s M2 Pro and M2 Max chips. Gurman said that the M2 Max in the MacBook Pro will come with a 12-core CPU and up to 38-core GPU while the M1 Max maxes out at a 10-core CPU and 32-core GPU.<\/p>\n\n\n\n<h3 class=\"wp-block-heading\" id=\"h-wird-apple-ein-kleineres-macbook-pro-vorstellen\">Will Apple introduce a smaller MacBook Pro?<\/h3>\n\n\n\n\n\n\n\n<p>Apple has historically offered both low-end and high-end 12-inch notebooks. At the low end, Apple introduced an ultra-thin 12-inch MacBook in 2015 that weighed just two pounds, but the notebook was discontinued in 2019. At the high end, Apple offered a 12-inch PowerBook G4 in the mid-2000s, which came before the MacBook Pro. In any case, Apple&#039;s silicon chips deliver impressive performance per watt and paved the way for Apple to launch ultraportable, high-performance MacBooks without the thermal limitations of the Intel processors the company has used for the past decade and a half. (Photo by Unsplash \/ Dmitry Chernyshov)<\/p>\n\n\n\n<ul class=\"wp-block-list\"><li><a href=\"https:\/\/www.apfelpatient.de\/en\/rumors\/apple-is-working-on-15-inch-macbook-air-12-inch-macbook\">Apple is working on 15-inch MacBook Air &amp; 12-inch MacBook<\/a><\/li><\/ul>\n\n\n\n<h6 class=\"wp-block-heading translation-block\" id=\"h-kennt-ihr-schon-unsere-amazon-storefront-dort-findet-ihr-eine-handverlesene-auswahl-von-diversen-produkten-f-r-euer-iphone-und-co-viel-spa-beim-st-bern\"><em>Have you already visited our Amazon Storefront? There you&#039;ll find a hand-picked selection of various products for your iPhone and other devices \u2013 <span class=\"has-inline-color has-vivid-red-color\"><a href=\"https:\/\/www.amazon.de\/shop\/apfelpatientofficial\" class=\"ek-link\" data-wpel-link=\"exclude\" rel=\"follow noopener\" target=\"_self\"><span style=\"text-decoration: underline\" class=\"ek-underline\">enjoy browsing<\/span><\/a> !<\/span><\/em><\/h6>\n\n\n\n<h6 class=\"wp-block-heading translation-block\" id=\"h-der-beitrag-enthalt-partnerlinks\">This post contains <a data-type=\"URL\" data-id=\"https:\/\/www.apfelpatient.de\/partnerprogramm\" href=\"https:\/\/www.apfelpatient.de\/en\/partner-program\" data-wpel-link=\"internal\" target=\"_self\">affiliate links<\/a>.<\/h6>","protected":false},"excerpt":{"rendered":"<p>Twitter user \u201cMajin Bu\u201d has since claimed that the model will be a new 12-inch MacBook Pro.<\/p>","protected":false},"author":2,"featured_media":32338,"comment_status":"closed","ping_status":"closed","sticky":false,"template":"","format":"standard","meta":{"jnews-multi-image_gallery":[],"jnews_single_post":{"subtitle":"","format":"standard","video":"","gallery":"","source_name":"","source_url":"","via_name":"","via_url":"","override":[{"single_blog_custom":"","sidebar":"","second_sidebar":"","share_position":"","share_float_style":"","post_date_format":"","post_date_format_custom":"","post_reading_time_wpm":"","zoom_button_out_step":"1","zoom_button_in_step":"1","number_popup_post":"1"}],"image_override":[{"single_post_thumbnail_size":"","single_post_gallery_size":""}],"trending_post_position":"","trending_post_label":"","sponsored_post_label":"","sponsored_post_name":"","sponsored_post_url":"","sponsored_post_logo":"","sponsored_post_desc":""},"jnews_primary_category":{"id":"25"},"footnotes":""},"categories":[25],"tags":[40,50],"class_list":["post-32336","post","type-post","status-publish","format-standard","has-post-thumbnail","hentry","category-rumors","tag-mac","tag-macbook-pro"],"yoast_head":"<!-- This site is optimized with the Yoast SEO Premium plugin v27.5 (Yoast SEO v27.5) - https:\/\/yoast.com\/product\/yoast-seo-premium-wordpress\/ -->\n<title>MacBook mit 12-Zoll k\u00f6nnte neues Pro-Modell sein Apfelpatient<\/title>\n<meta name=\"description\" content=\"Der Twitter-Nutzer &quot;Majin Bu&quot; hat inzwischen behauptet, dass es sich bei dem Modell um ein neues 12-Zoll-MacBook Pro handeln wird.\" \/>\n<meta name=\"robots\" content=\"index, follow, max-snippet:-1, max-image-preview:large, max-video-preview:-1\" \/>\n<link rel=\"canonical\" href=\"https:\/\/www.apfelpatient.de\/en\/rumors\/macbook-with-12-inch-could-be-new-pro-model\" \/>\n<meta property=\"og:locale\" content=\"en_US\" \/>\n<meta property=\"og:type\" content=\"article\" \/>\n<meta property=\"og:title\" content=\"MacBook mit 12-Zoll k\u00f6nnte neues Pro-Modell sein\" \/>\n<meta property=\"og:description\" content=\"Der Twitter-Nutzer &quot;Majin Bu&quot; hat inzwischen behauptet, dass es sich bei dem Modell um ein neues 12-Zoll-MacBook Pro handeln wird.\" \/>\n<meta property=\"og:url\" content=\"https:\/\/www.apfelpatient.de\/en\/rumors\/macbook-with-12-inch-could-be-new-pro-model\" \/>\n<meta property=\"og:site_name\" content=\"Apfelpatient\" \/>\n<meta property=\"article:publisher\" content=\"https:\/\/www.facebook.com\/apfelpatientOfficial\" \/>\n<meta property=\"article:author\" content=\"https:\/\/www.facebook.com\/apfelpatientOfficial\" \/>\n<meta property=\"article:published_time\" content=\"2022-06-10T17:20:03+00:00\" \/>\n<meta property=\"og:image\" content=\"https:\/\/www.apfelpatient.de\/wp-content\/uploads\/2022\/06\/dmitry-chernyshov-mP7aPSUm7aE-unsplash-2.jpg\" \/>\n\t<meta property=\"og:image:width\" content=\"1600\" \/>\n\t<meta property=\"og:image:height\" content=\"1280\" \/>\n\t<meta property=\"og:image:type\" content=\"image\/jpeg\" \/>\n<meta name=\"author\" content=\"Milan\" \/>\n<meta name=\"twitter:card\" content=\"summary_large_image\" \/>\n<meta name=\"twitter:description\" content=\"Der Twitter-Nutzer &quot;Majin Bu&quot; hat inzwischen behauptet, dass es sich bei dem Modell um ein neues 12-Zoll-MacBook Pro handeln wird.\" \/>\n<meta name=\"twitter:label1\" content=\"Written by\" \/>\n\t<meta name=\"twitter:data1\" content=\"Milan\" \/>\n\t<meta name=\"twitter:label2\" content=\"Est. reading time\" \/>\n\t<meta name=\"twitter:data2\" content=\"2 minutes\" \/>\n<script type=\"application\/ld+json\" class=\"yoast-schema-graph\">{\"@context\":\"https:\\\/\\\/schema.org\",\"@graph\":[{\"@type\":\"NewsArticle\",\"@id\":\"https:\\\/\\\/www.apfelpatient.de\\\/rumors\\\/macbook-mit-12-zoll-koennte-neues-pro-modell-sein#article\",\"isPartOf\":{\"@id\":\"https:\\\/\\\/www.apfelpatient.de\\\/rumors\\\/macbook-mit-12-zoll-koennte-neues-pro-modell-sein\"},\"author\":{\"@type\":\"Organization\",\"@id\":\"https:\\\/\\\/www.apfelpatient.de\\\/en\\\/#organization\",\"name\":\"Apfelpatient\",\"url\":\"https:\\\/\\\/www.apfelpatient.de\\\/en\\\/\"},\"headline\":\"MacBook mit 12-Zoll k\u00f6nnte neues Pro-Modell sein\",\"datePublished\":\"2022-06-10T17:20:03+00:00\",\"mainEntityOfPage\":{\"@id\":\"https:\\\/\\\/www.apfelpatient.de\\\/rumors\\\/macbook-mit-12-zoll-koennte-neues-pro-modell-sein\"},\"wordCount\":248,\"publisher\":{\"@type\":\"Organization\",\"@id\":\"https:\\\/\\\/www.apfelpatient.de\\\/en\\\/#organization\",\"name\":\"Apfelpatient\",\"url\":\"https:\\\/\\\/www.apfelpatient.de\\\/en\\\/\"},\"image\":{\"@id\":\"https:\\\/\\\/www.apfelpatient.de\\\/rumors\\\/macbook-mit-12-zoll-koennte-neues-pro-modell-sein#primaryimage\"},\"thumbnailUrl\":\"https:\\\/\\\/www.apfelpatient.de\\\/wp-content\\\/uploads\\\/2022\\\/06\\\/dmitry-chernyshov-mP7aPSUm7aE-unsplash-2.jpg\",\"keywords\":[\"Mac\",\"MacBook Pro\"],\"articleSection\":\"Rumors\",\"inLanguage\":\"en-US\",\"copyrightYear\":\"2022\",\"copyrightHolder\":{\"@id\":\"https:\\\/\\\/www.apfelpatient.de\\\/en\\\/#organization\"}},{\"@type\":\"WebPage\",\"@id\":\"https:\\\/\\\/www.apfelpatient.de\\\/rumors\\\/macbook-mit-12-zoll-koennte-neues-pro-modell-sein\",\"url\":\"https:\\\/\\\/www.apfelpatient.de\\\/rumors\\\/macbook-mit-12-zoll-koennte-neues-pro-modell-sein\",\"name\":\"MacBook mit 12-Zoll k\u00f6nnte neues Pro-Modell sein Apfelpatient\",\"isPartOf\":{\"@id\":\"https:\\\/\\\/www.apfelpatient.de\\\/#website\"},\"primaryImageOfPage\":{\"@id\":\"https:\\\/\\\/www.apfelpatient.de\\\/rumors\\\/macbook-mit-12-zoll-koennte-neues-pro-modell-sein#primaryimage\"},\"image\":{\"@id\":\"https:\\\/\\\/www.apfelpatient.de\\\/rumors\\\/macbook-mit-12-zoll-koennte-neues-pro-modell-sein#primaryimage\"},\"thumbnailUrl\":\"https:\\\/\\\/www.apfelpatient.de\\\/wp-content\\\/uploads\\\/2022\\\/06\\\/dmitry-chernyshov-mP7aPSUm7aE-unsplash-2.jpg\",\"datePublished\":\"2022-06-10T17:20:03+00:00\",\"description\":\"Der Twitter-Nutzer \\\"Majin Bu\\\" hat inzwischen behauptet, dass es sich bei dem Modell um ein neues 12-Zoll-MacBook Pro handeln wird.\",\"breadcrumb\":{\"@id\":\"https:\\\/\\\/www.apfelpatient.de\\\/rumors\\\/macbook-mit-12-zoll-koennte-neues-pro-modell-sein#breadcrumb\"},\"inLanguage\":\"en-US\",\"potentialAction\":[{\"@type\":\"ReadAction\",\"target\":[\"https:\\\/\\\/www.apfelpatient.de\\\/rumors\\\/macbook-mit-12-zoll-koennte-neues-pro-modell-sein\"]}]},{\"@type\":\"ImageObject\",\"inLanguage\":\"en-US\",\"@id\":\"https:\\\/\\\/www.apfelpatient.de\\\/rumors\\\/macbook-mit-12-zoll-koennte-neues-pro-modell-sein#primaryimage\",\"url\":\"https:\\\/\\\/www.apfelpatient.de\\\/wp-content\\\/uploads\\\/2022\\\/06\\\/dmitry-chernyshov-mP7aPSUm7aE-unsplash-2.jpg\",\"contentUrl\":\"https:\\\/\\\/www.apfelpatient.de\\\/wp-content\\\/uploads\\\/2022\\\/06\\\/dmitry-chernyshov-mP7aPSUm7aE-unsplash-2.jpg\",\"width\":1600,\"height\":1280,\"caption\":\"Photo by Unsplash \\\/ Dmitry Chernyshov\"},{\"@type\":\"BreadcrumbList\",\"@id\":\"https:\\\/\\\/www.apfelpatient.de\\\/rumors\\\/macbook-mit-12-zoll-koennte-neues-pro-modell-sein#breadcrumb\",\"itemListElement\":[{\"@type\":\"ListItem\",\"position\":1,\"name\":\"Startseite\",\"item\":\"https:\\\/\\\/www.apfelpatient.de\\\/\"},{\"@type\":\"ListItem\",\"position\":2,\"name\":\"MacBook mit 12-Zoll k\u00f6nnte neues Pro-Modell sein\"}]},{\"@type\":\"WebSite\",\"@id\":\"https:\\\/\\\/www.apfelpatient.de\\\/#website\",\"url\":\"https:\\\/\\\/www.apfelpatient.de\\\/\",\"name\":\"Apfelpatient\",\"description\":\"Alles rund um Apple!\",\"publisher\":{\"@type\":\"Organization\",\"@id\":\"https:\\\/\\\/www.apfelpatient.de\\\/en\\\/#organization\",\"name\":\"Apfelpatient\",\"url\":\"https:\\\/\\\/www.apfelpatient.de\\\/en\\\/\"},\"alternateName\":\"Apfelpatient\",\"potentialAction\":[{\"@type\":\"SearchAction\",\"target\":{\"@type\":\"EntryPoint\",\"urlTemplate\":\"https:\\\/\\\/www.apfelpatient.de\\\/?s={search_term_string}\"},\"query-input\":{\"@type\":\"PropertyValueSpecification\",\"valueRequired\":true,\"valueName\":\"search_term_string\"}}],\"inLanguage\":\"en-US\"},{\"@type\":[\"Person\",\"Organization\"],\"@id\":\"https:\\\/\\\/www.apfelpatient.de\\\/#\\\/schema\\\/person\\\/35b3ddba5832f2bfc7fff5206d4f6b7b\",\"name\":\"Milan\",\"logo\":{\"@id\":\"https:\\\/\\\/www.apfelpatient.de\\\/#\\\/schema\\\/person\\\/image\\\/\"},\"description\":\"Hallo und herzlich willkommen auf meinem Technik-Blog! Als gro\u00dfer Apple-Fan berichte ich hier \u00fcber alles, was mit Apple zu tun hat: von den neuesten News und spannenden Ger\u00fcchten \u00fcber hilfreiche Tipps und Tricks bis hin zu ausf\u00fchrlichen Produkttests. Wenn du genauso technikbegeistert bist wie ich, bist du hier genau richtig!\",\"sameAs\":[\"https:\\\/\\\/www.facebook.com\\\/apfelpatientOfficial\",\"https:\\\/\\\/www.linkedin.com\\\/in\\\/milan-jovicic-42aa0231b\"],\"url\":\"https:\\\/\\\/www.apfelpatient.de\\\/en\\\/author\\\/apfeladmin\"}]}<\/script>\n<!-- \/ Yoast SEO Premium plugin. -->","yoast_head_json":{"title":"MacBook with 12-inch could be new Pro model Apfelpatient","description":"Twitter user &quot;Majin Bu&quot; has since claimed that the model will be a new 12-inch MacBook Pro.","robots":{"index":"index","follow":"follow","max-snippet":"max-snippet:-1","max-image-preview":"max-image-preview:large","max-video-preview":"max-video-preview:-1"},"canonical":"https:\/\/www.apfelpatient.de\/en\/rumors\/macbook-with-12-inch-could-be-new-pro-model","og_locale":"en_US","og_type":"article","og_title":"MacBook mit 12-Zoll k\u00f6nnte neues Pro-Modell sein","og_description":"Der Twitter-Nutzer \"Majin Bu\" hat inzwischen behauptet, dass es sich bei dem Modell um ein neues 12-Zoll-MacBook Pro handeln wird.","og_url":"https:\/\/www.apfelpatient.de\/en\/rumors\/macbook-with-12-inch-could-be-new-pro-model","og_site_name":"Apfelpatient","article_publisher":"https:\/\/www.facebook.com\/apfelpatientOfficial","article_author":"https:\/\/www.facebook.com\/apfelpatientOfficial","article_published_time":"2022-06-10T17:20:03+00:00","og_image":[{"width":1600,"height":1280,"url":"https:\/\/www.apfelpatient.de\/wp-content\/uploads\/2022\/06\/dmitry-chernyshov-mP7aPSUm7aE-unsplash-2.jpg","type":"image\/jpeg"}],"author":"Milan","twitter_card":"summary_large_image","twitter_description":"Der Twitter-Nutzer \"Majin Bu\" hat inzwischen behauptet, dass es sich bei dem Modell um ein neues 12-Zoll-MacBook Pro handeln wird.","twitter_misc":{"Written by":"Milan","Est. reading time":"2 minutes"},"schema":{"@context":"https:\/\/schema.org","@graph":[{"@type":"NewsArticle","@id":"https:\/\/www.apfelpatient.de\/rumors\/macbook-mit-12-zoll-koennte-neues-pro-modell-sein#article","isPartOf":{"@id":"https:\/\/www.apfelpatient.de\/rumors\/macbook-mit-12-zoll-koennte-neues-pro-modell-sein"},"author":{"@type":"Organization","@id":"https:\/\/www.apfelpatient.de\/en\/#organization","name":"Apfelpatient","url":"https:\/\/www.apfelpatient.de\/en\/"},"headline":"MacBook mit 12-Zoll k\u00f6nnte neues Pro-Modell sein","datePublished":"2022-06-10T17:20:03+00:00","mainEntityOfPage":{"@id":"https:\/\/www.apfelpatient.de\/rumors\/macbook-mit-12-zoll-koennte-neues-pro-modell-sein"},"wordCount":248,"publisher":{"@type":"Organization","@id":"https:\/\/www.apfelpatient.de\/en\/#organization","name":"Apfelpatient","url":"https:\/\/www.apfelpatient.de\/en\/"},"image":{"@id":"https:\/\/www.apfelpatient.de\/rumors\/macbook-mit-12-zoll-koennte-neues-pro-modell-sein#primaryimage"},"thumbnailUrl":"https:\/\/www.apfelpatient.de\/wp-content\/uploads\/2022\/06\/dmitry-chernyshov-mP7aPSUm7aE-unsplash-2.jpg","keywords":["Mac","MacBook Pro"],"articleSection":"Rumors","inLanguage":"en-US","copyrightYear":"2022","copyrightHolder":{"@id":"https:\/\/www.apfelpatient.de\/en\/#organization"}},{"@type":"WebPage","@id":"https:\/\/www.apfelpatient.de\/rumors\/macbook-mit-12-zoll-koennte-neues-pro-modell-sein","url":"https:\/\/www.apfelpatient.de\/rumors\/macbook-mit-12-zoll-koennte-neues-pro-modell-sein","name":"MacBook with 12-inch could be new Pro model Apfelpatient","isPartOf":{"@id":"https:\/\/www.apfelpatient.de\/#website"},"primaryImageOfPage":{"@id":"https:\/\/www.apfelpatient.de\/rumors\/macbook-mit-12-zoll-koennte-neues-pro-modell-sein#primaryimage"},"image":{"@id":"https:\/\/www.apfelpatient.de\/rumors\/macbook-mit-12-zoll-koennte-neues-pro-modell-sein#primaryimage"},"thumbnailUrl":"https:\/\/www.apfelpatient.de\/wp-content\/uploads\/2022\/06\/dmitry-chernyshov-mP7aPSUm7aE-unsplash-2.jpg","datePublished":"2022-06-10T17:20:03+00:00","description":"Twitter user &quot;Majin Bu&quot; has since claimed that the model will be a new 12-inch MacBook Pro.","breadcrumb":{"@id":"https:\/\/www.apfelpatient.de\/rumors\/macbook-mit-12-zoll-koennte-neues-pro-modell-sein#breadcrumb"},"inLanguage":"en-US","potentialAction":[{"@type":"ReadAction","target":["https:\/\/www.apfelpatient.de\/rumors\/macbook-mit-12-zoll-koennte-neues-pro-modell-sein"]}]},{"@type":"ImageObject","inLanguage":"en-US","@id":"https:\/\/www.apfelpatient.de\/rumors\/macbook-mit-12-zoll-koennte-neues-pro-modell-sein#primaryimage","url":"https:\/\/www.apfelpatient.de\/wp-content\/uploads\/2022\/06\/dmitry-chernyshov-mP7aPSUm7aE-unsplash-2.jpg","contentUrl":"https:\/\/www.apfelpatient.de\/wp-content\/uploads\/2022\/06\/dmitry-chernyshov-mP7aPSUm7aE-unsplash-2.jpg","width":1600,"height":1280,"caption":"Photo by Unsplash \/ Dmitry Chernyshov"},{"@type":"BreadcrumbList","@id":"https:\/\/www.apfelpatient.de\/rumors\/macbook-mit-12-zoll-koennte-neues-pro-modell-sein#breadcrumb","itemListElement":[{"@type":"ListItem","position":1,"name":"Startseite","item":"https:\/\/www.apfelpatient.de\/"},{"@type":"ListItem","position":2,"name":"MacBook mit 12-Zoll k\u00f6nnte neues Pro-Modell sein"}]},{"@type":"WebSite","@id":"https:\/\/www.apfelpatient.de\/#website","url":"https:\/\/www.apfelpatient.de\/","name":"apple patient","description":"Everything about Apple!","publisher":{"@type":"Organization","@id":"https:\/\/www.apfelpatient.de\/en\/#organization","name":"Apfelpatient","url":"https:\/\/www.apfelpatient.de\/en\/"},"alternateName":"Apfelpatient","potentialAction":[{"@type":"SearchAction","target":{"@type":"EntryPoint","urlTemplate":"https:\/\/www.apfelpatient.de\/?s={search_term_string}"},"query-input":{"@type":"PropertyValueSpecification","valueRequired":true,"valueName":"search_term_string"}}],"inLanguage":"en-US"},{"@type":["Person","Organization"],"@id":"https:\/\/www.apfelpatient.de\/#\/schema\/person\/35b3ddba5832f2bfc7fff5206d4f6b7b","name":"Milan","logo":{"@id":"https:\/\/www.apfelpatient.de\/#\/schema\/person\/image\/"},"description":"Hello and welcome to my technology blog! As a big Apple fan, I report on everything to do with Apple: from the latest news and exciting rumors to helpful tips and tricks and detailed product tests. If you are as enthusiastic about technology as I am, you have come to the right place!","sameAs":["https:\/\/www.facebook.com\/apfelpatientOfficial","https:\/\/www.linkedin.com\/in\/milan-jovicic-42aa0231b"],"url":"https:\/\/www.apfelpatient.de\/en\/author\/apfeladmin"}]}},"_links":{"self":[{"href":"https:\/\/www.apfelpatient.de\/en\/wp-json\/wp\/v2\/posts\/32336","targetHints":{"allow":["GET"]}}],"collection":[{"href":"https:\/\/www.apfelpatient.de\/en\/wp-json\/wp\/v2\/posts"}],"about":[{"href":"https:\/\/www.apfelpatient.de\/en\/wp-json\/wp\/v2\/types\/post"}],"author":[{"embeddable":true,"href":"https:\/\/www.apfelpatient.de\/en\/wp-json\/wp\/v2\/users\/2"}],"replies":[{"embeddable":true,"href":"https:\/\/www.apfelpatient.de\/en\/wp-json\/wp\/v2\/comments?post=32336"}],"version-history":[{"count":0,"href":"https:\/\/www.apfelpatient.de\/en\/wp-json\/wp\/v2\/posts\/32336\/revisions"}],"wp:featuredmedia":[{"embeddable":true,"href":"https:\/\/www.apfelpatient.de\/en\/wp-json\/wp\/v2\/media\/32338"}],"wp:attachment":[{"href":"https:\/\/www.apfelpatient.de\/en\/wp-json\/wp\/v2\/media?parent=32336"}],"wp:term":[{"taxonomy":"category","embeddable":true,"href":"https:\/\/www.apfelpatient.de\/en\/wp-json\/wp\/v2\/categories?post=32336"},{"taxonomy":"post_tag","embeddable":true,"href":"https:\/\/www.apfelpatient.de\/en\/wp-json\/wp\/v2\/tags?post=32336"}],"curies":[{"name":"wp","href":"https:\/\/api.w.org\/{rel}","templated":true}]}}