{"id":32317,"date":"2022-06-09T20:54:33","date_gmt":"2022-06-09T18:54:33","guid":{"rendered":"https:\/\/www.apfelpatient.de\/?p=32317"},"modified":"2025-02-06T08:08:47","modified_gmt":"2025-02-06T07:08:47","slug":"apple-is-working-on-15-inch-macbook-air-12-inch-macbook","status":"publish","type":"post","link":"https:\/\/www.apfelpatient.de\/en\/rumors\/apple-arbeitet-an-15-zoll-macbook-air-12-zoll-macbook","title":{"rendered":"Apple is working on 15-inch MacBook Air &amp; 12-inch MacBook"},"content":{"rendered":"<p class=\"has-drop-cap\"><strong>According to a new report, Apple is working on a 15-inch MacBook Air that could launch as early as next spring. The 15-inch MacBook Air would be roughly the same size as the 16-inch MacBook Pro with the larger screen and would be Apple&#039;s largest MacBook Air yet.<\/strong><\/p>\n\n\n\n<p>The current MacBook Air 2022 has the largest display Apple has launched in the Air lineup so far, at 13.6 inches. The 15-inch MacBook Air would use the same design as the current 13.6-inch model, eliminating the tapered bezel that the MacBook Air used for years. In addition to the 15-inch MacBook Air, Apple is also working on a smaller 12-inch device, although its name is still unclear, according to <a href=\"https:\/\/www.bloomberg.com\/news\/articles\/2022-06-09\/apple-readies-larger-macbook-air-to-capitalize-on-its-new-chips\" target=\"_blank\" rel=\"noreferrer noopener\">Bloomberg<\/a>.<\/p>\n\n\n\n<h3 class=\"wp-block-heading\" id=\"h-wird-apple-das-macbook-air-tatsachlich-vergrossern\">Will Apple actually make the MacBook Air bigger?<\/h3>\n\n\n\n\n\n\n\n<p>Apple hasn&#039;t offered a 12-inch notebook since the 12-inch Retina MacBook, which has since been discontinued. The 15-inch MacBook Air could be unveiled in early 2023 as part of the spring event, while the 12-inch MacBook is expected to arrive in late 2023 or early 2024. High-end MacBook Pro models with M2 Pro and M2 Max chips are also in the works and could launch in late 2022, although Gurman warns that the release date could be delayed until 2023. The M2 Max chip will feature a 12-core CPU and up to 38-core GPU, compared to the 10-core CPU and 32-core GPU of the current M1 Max. Apple is also already developing M3 chips for devices to be released in the future. (Image: Apple)<\/p>\n\n\n\n<ul class=\"wp-block-list\"><li><a href=\"https:\/\/www.apfelpatient.de\/en\/news\/with-m2-chip-apple-introduces-new-macbook-air-macbook-pro-13\">With M2 chip: Apple introduces new MacBook Air &amp; MacBook Pro 13\u2033<\/a><\/li><\/ul>\n\n\n\n<h6 class=\"wp-block-heading translation-block\" id=\"h-kennt-ihr-schon-unsere-amazon-storefront-dort-findet-ihr-eine-handverlesene-auswahl-von-diversen-produkten-f-r-euer-iphone-und-co-viel-spa-beim-st-bern\"><em>Have you already visited our Amazon Storefront? There you&#039;ll find a hand-picked selection of various products for your iPhone and other devices \u2013 <span class=\"has-inline-color has-vivid-red-color\"><a href=\"https:\/\/www.amazon.de\/shop\/apfelpatientofficial\" class=\"ek-link\" data-wpel-link=\"exclude\" rel=\"follow noopener\" target=\"_self\"><span style=\"text-decoration: underline\" class=\"ek-underline\">enjoy browsing<\/span><\/a> !<\/span><\/em><\/h6>\n\n\n\n<h6 class=\"wp-block-heading translation-block\" id=\"h-der-beitrag-enthalt-partnerlinks\">This post contains <a data-type=\"URL\" data-id=\"https:\/\/www.apfelpatient.de\/partnerprogramm\" href=\"https:\/\/www.apfelpatient.de\/en\/partner-program\" data-wpel-link=\"internal\" target=\"_self\">affiliate links<\/a>.<\/h6>","protected":false},"excerpt":{"rendered":"<p>According to a new report, Apple is working on a 15-inch MacBook Air that could hit the market as early as next spring.<\/p>","protected":false},"author":2,"featured_media":32099,"comment_status":"closed","ping_status":"closed","sticky":false,"template":"","format":"standard","meta":{"jnews-multi-image_gallery":[],"jnews_single_post":{"subtitle":"","format":"standard","video":"","gallery":"","source_name":"","source_url":"","via_name":"","via_url":"","override":[{"single_blog_custom":"","sidebar":"","second_sidebar":"","share_position":"","share_float_style":"","post_date_format":"","post_date_format_custom":"","post_reading_time_wpm":"","zoom_button_out_step":"1","zoom_button_in_step":"1","number_popup_post":"1"}],"image_override":[{"single_post_thumbnail_size":"","single_post_gallery_size":""}],"trending_post_position":"","trending_post_label":"","sponsored_post_label":"","sponsored_post_name":"","sponsored_post_url":"","sponsored_post_logo":"","sponsored_post_desc":""},"jnews_primary_category":{"id":"25"},"footnotes":""},"categories":[25],"tags":[40,41],"class_list":["post-32317","post","type-post","status-publish","format-standard","has-post-thumbnail","hentry","category-rumors","tag-mac","tag-macbook-air"],"yoast_head":"<!-- This site is optimized with the Yoast SEO Premium plugin v27.5 (Yoast SEO v27.5) - https:\/\/yoast.com\/product\/yoast-seo-premium-wordpress\/ -->\n<title>Apple arbeitet an 15-Zoll MacBook Air &amp; 12-Zoll MacBook Apfelpatient<\/title>\n<meta name=\"description\" content=\"Laut einem neuen Bericht arbeitet Apple an einem 15-Zoll MacBook Air, das schon im n\u00e4chsten Fr\u00fchjahr auf den Markt kommen k\u00f6nnte.\" \/>\n<meta name=\"robots\" content=\"index, follow, max-snippet:-1, max-image-preview:large, max-video-preview:-1\" \/>\n<link rel=\"canonical\" href=\"https:\/\/www.apfelpatient.de\/en\/rumors\/apple-is-working-on-15-inch-macbook-air-12-inch-macbook\" \/>\n<meta property=\"og:locale\" content=\"en_US\" \/>\n<meta property=\"og:type\" content=\"article\" \/>\n<meta property=\"og:title\" content=\"Apple arbeitet an 15-Zoll MacBook Air &amp; 12-Zoll MacBook\" \/>\n<meta property=\"og:description\" content=\"Laut einem neuen Bericht arbeitet Apple an einem 15-Zoll MacBook Air, das schon im n\u00e4chsten Fr\u00fchjahr auf den Markt kommen k\u00f6nnte.\" \/>\n<meta property=\"og:url\" content=\"https:\/\/www.apfelpatient.de\/en\/rumors\/apple-is-working-on-15-inch-macbook-air-12-inch-macbook\" \/>\n<meta property=\"og:site_name\" content=\"Apfelpatient\" \/>\n<meta property=\"article:publisher\" content=\"https:\/\/www.facebook.com\/apfelpatientOfficial\" \/>\n<meta property=\"article:author\" content=\"https:\/\/www.facebook.com\/apfelpatientOfficial\" \/>\n<meta property=\"article:published_time\" content=\"2022-06-09T18:54:33+00:00\" \/>\n<meta property=\"article:modified_time\" content=\"2025-02-06T07:08:47+00:00\" \/>\n<meta property=\"og:image\" content=\"https:\/\/www.apfelpatient.de\/wp-content\/uploads\/2022\/06\/Apple-WWDC22-MacBook-Air-4up-colors-hero-220606.jpg\" \/>\n\t<meta property=\"og:image:width\" content=\"1600\" \/>\n\t<meta property=\"og:image:height\" content=\"1066\" \/>\n\t<meta property=\"og:image:type\" content=\"image\/jpeg\" \/>\n<meta name=\"author\" content=\"Milan\" \/>\n<meta name=\"twitter:card\" content=\"summary_large_image\" \/>\n<meta name=\"twitter:description\" content=\"Laut einem neuen Bericht arbeitet Apple an einem 15-Zoll MacBook Air, das schon im n\u00e4chsten Fr\u00fchjahr auf den Markt kommen k\u00f6nnte.\" \/>\n<meta name=\"twitter:label1\" content=\"Written by\" \/>\n\t<meta name=\"twitter:data1\" content=\"Milan\" \/>\n\t<meta name=\"twitter:label2\" content=\"Est. reading time\" \/>\n\t<meta name=\"twitter:data2\" content=\"2 minutes\" \/>\n<script type=\"application\/ld+json\" class=\"yoast-schema-graph\">{\"@context\":\"https:\\\/\\\/schema.org\",\"@graph\":[{\"@type\":\"NewsArticle\",\"@id\":\"https:\\\/\\\/www.apfelpatient.de\\\/rumors\\\/apple-arbeitet-an-15-zoll-macbook-air-12-zoll-macbook#article\",\"isPartOf\":{\"@id\":\"https:\\\/\\\/www.apfelpatient.de\\\/rumors\\\/apple-arbeitet-an-15-zoll-macbook-air-12-zoll-macbook\"},\"author\":{\"@type\":\"Organization\",\"@id\":\"https:\\\/\\\/www.apfelpatient.de\\\/en\\\/#organization\",\"name\":\"Apfelpatient\",\"url\":\"https:\\\/\\\/www.apfelpatient.de\\\/en\\\/\"},\"headline\":\"Apple arbeitet an 15-Zoll MacBook Air &amp; 12-Zoll MacBook\",\"datePublished\":\"2022-06-09T18:54:33+00:00\",\"dateModified\":\"2025-02-06T07:08:47+00:00\",\"mainEntityOfPage\":{\"@id\":\"https:\\\/\\\/www.apfelpatient.de\\\/rumors\\\/apple-arbeitet-an-15-zoll-macbook-air-12-zoll-macbook\"},\"wordCount\":271,\"publisher\":{\"@type\":\"Organization\",\"@id\":\"https:\\\/\\\/www.apfelpatient.de\\\/en\\\/#organization\",\"name\":\"Apfelpatient\",\"url\":\"https:\\\/\\\/www.apfelpatient.de\\\/en\\\/\"},\"image\":{\"@id\":\"https:\\\/\\\/www.apfelpatient.de\\\/rumors\\\/apple-arbeitet-an-15-zoll-macbook-air-12-zoll-macbook#primaryimage\"},\"thumbnailUrl\":\"https:\\\/\\\/www.apfelpatient.de\\\/wp-content\\\/uploads\\\/2022\\\/06\\\/Apple-WWDC22-MacBook-Air-4up-colors-hero-220606.jpg\",\"keywords\":[\"Mac\",\"MacBook Air\"],\"articleSection\":\"Rumors\",\"inLanguage\":\"en-US\",\"copyrightYear\":\"2022\",\"copyrightHolder\":{\"@id\":\"https:\\\/\\\/www.apfelpatient.de\\\/en\\\/#organization\"}},{\"@type\":\"WebPage\",\"@id\":\"https:\\\/\\\/www.apfelpatient.de\\\/rumors\\\/apple-arbeitet-an-15-zoll-macbook-air-12-zoll-macbook\",\"url\":\"https:\\\/\\\/www.apfelpatient.de\\\/rumors\\\/apple-arbeitet-an-15-zoll-macbook-air-12-zoll-macbook\",\"name\":\"Apple arbeitet an 15-Zoll MacBook Air &amp; 12-Zoll MacBook Apfelpatient\",\"isPartOf\":{\"@id\":\"https:\\\/\\\/www.apfelpatient.de\\\/#website\"},\"primaryImageOfPage\":{\"@id\":\"https:\\\/\\\/www.apfelpatient.de\\\/rumors\\\/apple-arbeitet-an-15-zoll-macbook-air-12-zoll-macbook#primaryimage\"},\"image\":{\"@id\":\"https:\\\/\\\/www.apfelpatient.de\\\/rumors\\\/apple-arbeitet-an-15-zoll-macbook-air-12-zoll-macbook#primaryimage\"},\"thumbnailUrl\":\"https:\\\/\\\/www.apfelpatient.de\\\/wp-content\\\/uploads\\\/2022\\\/06\\\/Apple-WWDC22-MacBook-Air-4up-colors-hero-220606.jpg\",\"datePublished\":\"2022-06-09T18:54:33+00:00\",\"dateModified\":\"2025-02-06T07:08:47+00:00\",\"description\":\"Laut einem neuen Bericht arbeitet Apple an einem 15-Zoll MacBook Air, das schon im n\u00e4chsten Fr\u00fchjahr auf den Markt kommen k\u00f6nnte.\",\"breadcrumb\":{\"@id\":\"https:\\\/\\\/www.apfelpatient.de\\\/rumors\\\/apple-arbeitet-an-15-zoll-macbook-air-12-zoll-macbook#breadcrumb\"},\"inLanguage\":\"en-US\",\"potentialAction\":[{\"@type\":\"ReadAction\",\"target\":[\"https:\\\/\\\/www.apfelpatient.de\\\/rumors\\\/apple-arbeitet-an-15-zoll-macbook-air-12-zoll-macbook\"]}]},{\"@type\":\"ImageObject\",\"inLanguage\":\"en-US\",\"@id\":\"https:\\\/\\\/www.apfelpatient.de\\\/rumors\\\/apple-arbeitet-an-15-zoll-macbook-air-12-zoll-macbook#primaryimage\",\"url\":\"https:\\\/\\\/www.apfelpatient.de\\\/wp-content\\\/uploads\\\/2022\\\/06\\\/Apple-WWDC22-MacBook-Air-4up-colors-hero-220606.jpg\",\"contentUrl\":\"https:\\\/\\\/www.apfelpatient.de\\\/wp-content\\\/uploads\\\/2022\\\/06\\\/Apple-WWDC22-MacBook-Air-4up-colors-hero-220606.jpg\",\"width\":1600,\"height\":1066,\"caption\":\"Bild: Apple\"},{\"@type\":\"BreadcrumbList\",\"@id\":\"https:\\\/\\\/www.apfelpatient.de\\\/rumors\\\/apple-arbeitet-an-15-zoll-macbook-air-12-zoll-macbook#breadcrumb\",\"itemListElement\":[{\"@type\":\"ListItem\",\"position\":1,\"name\":\"Startseite\",\"item\":\"https:\\\/\\\/www.apfelpatient.de\\\/\"},{\"@type\":\"ListItem\",\"position\":2,\"name\":\"Apple arbeitet an 15-Zoll MacBook Air &amp; 12-Zoll MacBook\"}]},{\"@type\":\"WebSite\",\"@id\":\"https:\\\/\\\/www.apfelpatient.de\\\/#website\",\"url\":\"https:\\\/\\\/www.apfelpatient.de\\\/\",\"name\":\"Apfelpatient\",\"description\":\"Alles rund um Apple!\",\"publisher\":{\"@type\":\"Organization\",\"@id\":\"https:\\\/\\\/www.apfelpatient.de\\\/en\\\/#organization\",\"name\":\"Apfelpatient\",\"url\":\"https:\\\/\\\/www.apfelpatient.de\\\/en\\\/\"},\"alternateName\":\"Apfelpatient\",\"potentialAction\":[{\"@type\":\"SearchAction\",\"target\":{\"@type\":\"EntryPoint\",\"urlTemplate\":\"https:\\\/\\\/www.apfelpatient.de\\\/?s={search_term_string}\"},\"query-input\":{\"@type\":\"PropertyValueSpecification\",\"valueRequired\":true,\"valueName\":\"search_term_string\"}}],\"inLanguage\":\"en-US\"},{\"@type\":[\"Person\",\"Organization\"],\"@id\":\"https:\\\/\\\/www.apfelpatient.de\\\/#\\\/schema\\\/person\\\/35b3ddba5832f2bfc7fff5206d4f6b7b\",\"name\":\"Milan\",\"logo\":{\"@id\":\"https:\\\/\\\/www.apfelpatient.de\\\/#\\\/schema\\\/person\\\/image\\\/\"},\"description\":\"Hallo und herzlich willkommen auf meinem Technik-Blog! Als gro\u00dfer Apple-Fan berichte ich hier \u00fcber alles, was mit Apple zu tun hat: von den neuesten News und spannenden Ger\u00fcchten \u00fcber hilfreiche Tipps und Tricks bis hin zu ausf\u00fchrlichen Produkttests. Wenn du genauso technikbegeistert bist wie ich, bist du hier genau richtig!\",\"sameAs\":[\"https:\\\/\\\/www.facebook.com\\\/apfelpatientOfficial\",\"https:\\\/\\\/www.linkedin.com\\\/in\\\/milan-jovicic-42aa0231b\"],\"url\":\"https:\\\/\\\/www.apfelpatient.de\\\/en\\\/author\\\/apfeladmin\"}]}<\/script>\n<!-- \/ Yoast SEO Premium plugin. -->","yoast_head_json":{"title":"Apple is working on 15-inch MacBook Air &amp; 12-inch MacBook Apfelpatient","description":"According to a new report, Apple is working on a 15-inch MacBook Air that could hit the market as early as next spring.","robots":{"index":"index","follow":"follow","max-snippet":"max-snippet:-1","max-image-preview":"max-image-preview:large","max-video-preview":"max-video-preview:-1"},"canonical":"https:\/\/www.apfelpatient.de\/en\/rumors\/apple-is-working-on-15-inch-macbook-air-12-inch-macbook","og_locale":"en_US","og_type":"article","og_title":"Apple arbeitet an 15-Zoll MacBook Air &amp; 12-Zoll MacBook","og_description":"Laut einem neuen Bericht arbeitet Apple an einem 15-Zoll MacBook Air, das schon im n\u00e4chsten Fr\u00fchjahr auf den Markt kommen k\u00f6nnte.","og_url":"https:\/\/www.apfelpatient.de\/en\/rumors\/apple-is-working-on-15-inch-macbook-air-12-inch-macbook","og_site_name":"Apfelpatient","article_publisher":"https:\/\/www.facebook.com\/apfelpatientOfficial","article_author":"https:\/\/www.facebook.com\/apfelpatientOfficial","article_published_time":"2022-06-09T18:54:33+00:00","article_modified_time":"2025-02-06T07:08:47+00:00","og_image":[{"width":1600,"height":1066,"url":"https:\/\/www.apfelpatient.de\/wp-content\/uploads\/2022\/06\/Apple-WWDC22-MacBook-Air-4up-colors-hero-220606.jpg","type":"image\/jpeg"}],"author":"Milan","twitter_card":"summary_large_image","twitter_description":"Laut einem neuen Bericht arbeitet Apple an einem 15-Zoll MacBook Air, das schon im n\u00e4chsten Fr\u00fchjahr auf den Markt kommen k\u00f6nnte.","twitter_misc":{"Written by":"Milan","Est. reading time":"2 minutes"},"schema":{"@context":"https:\/\/schema.org","@graph":[{"@type":"NewsArticle","@id":"https:\/\/www.apfelpatient.de\/rumors\/apple-arbeitet-an-15-zoll-macbook-air-12-zoll-macbook#article","isPartOf":{"@id":"https:\/\/www.apfelpatient.de\/rumors\/apple-arbeitet-an-15-zoll-macbook-air-12-zoll-macbook"},"author":{"@type":"Organization","@id":"https:\/\/www.apfelpatient.de\/en\/#organization","name":"Apfelpatient","url":"https:\/\/www.apfelpatient.de\/en\/"},"headline":"Apple arbeitet an 15-Zoll MacBook Air &amp; 12-Zoll MacBook","datePublished":"2022-06-09T18:54:33+00:00","dateModified":"2025-02-06T07:08:47+00:00","mainEntityOfPage":{"@id":"https:\/\/www.apfelpatient.de\/rumors\/apple-arbeitet-an-15-zoll-macbook-air-12-zoll-macbook"},"wordCount":271,"publisher":{"@type":"Organization","@id":"https:\/\/www.apfelpatient.de\/en\/#organization","name":"Apfelpatient","url":"https:\/\/www.apfelpatient.de\/en\/"},"image":{"@id":"https:\/\/www.apfelpatient.de\/rumors\/apple-arbeitet-an-15-zoll-macbook-air-12-zoll-macbook#primaryimage"},"thumbnailUrl":"https:\/\/www.apfelpatient.de\/wp-content\/uploads\/2022\/06\/Apple-WWDC22-MacBook-Air-4up-colors-hero-220606.jpg","keywords":["Mac","MacBook Air"],"articleSection":"Rumors","inLanguage":"en-US","copyrightYear":"2022","copyrightHolder":{"@id":"https:\/\/www.apfelpatient.de\/en\/#organization"}},{"@type":"WebPage","@id":"https:\/\/www.apfelpatient.de\/rumors\/apple-arbeitet-an-15-zoll-macbook-air-12-zoll-macbook","url":"https:\/\/www.apfelpatient.de\/rumors\/apple-arbeitet-an-15-zoll-macbook-air-12-zoll-macbook","name":"Apple is working on 15-inch MacBook Air &amp; 12-inch MacBook Apfelpatient","isPartOf":{"@id":"https:\/\/www.apfelpatient.de\/#website"},"primaryImageOfPage":{"@id":"https:\/\/www.apfelpatient.de\/rumors\/apple-arbeitet-an-15-zoll-macbook-air-12-zoll-macbook#primaryimage"},"image":{"@id":"https:\/\/www.apfelpatient.de\/rumors\/apple-arbeitet-an-15-zoll-macbook-air-12-zoll-macbook#primaryimage"},"thumbnailUrl":"https:\/\/www.apfelpatient.de\/wp-content\/uploads\/2022\/06\/Apple-WWDC22-MacBook-Air-4up-colors-hero-220606.jpg","datePublished":"2022-06-09T18:54:33+00:00","dateModified":"2025-02-06T07:08:47+00:00","description":"According to a new report, Apple is working on a 15-inch MacBook Air that could hit the market as early as next spring.","breadcrumb":{"@id":"https:\/\/www.apfelpatient.de\/rumors\/apple-arbeitet-an-15-zoll-macbook-air-12-zoll-macbook#breadcrumb"},"inLanguage":"en-US","potentialAction":[{"@type":"ReadAction","target":["https:\/\/www.apfelpatient.de\/rumors\/apple-arbeitet-an-15-zoll-macbook-air-12-zoll-macbook"]}]},{"@type":"ImageObject","inLanguage":"en-US","@id":"https:\/\/www.apfelpatient.de\/rumors\/apple-arbeitet-an-15-zoll-macbook-air-12-zoll-macbook#primaryimage","url":"https:\/\/www.apfelpatient.de\/wp-content\/uploads\/2022\/06\/Apple-WWDC22-MacBook-Air-4up-colors-hero-220606.jpg","contentUrl":"https:\/\/www.apfelpatient.de\/wp-content\/uploads\/2022\/06\/Apple-WWDC22-MacBook-Air-4up-colors-hero-220606.jpg","width":1600,"height":1066,"caption":"Bild: Apple"},{"@type":"BreadcrumbList","@id":"https:\/\/www.apfelpatient.de\/rumors\/apple-arbeitet-an-15-zoll-macbook-air-12-zoll-macbook#breadcrumb","itemListElement":[{"@type":"ListItem","position":1,"name":"Startseite","item":"https:\/\/www.apfelpatient.de\/"},{"@type":"ListItem","position":2,"name":"Apple arbeitet an 15-Zoll MacBook Air &amp; 12-Zoll MacBook"}]},{"@type":"WebSite","@id":"https:\/\/www.apfelpatient.de\/#website","url":"https:\/\/www.apfelpatient.de\/","name":"apple patient","description":"Everything about Apple!","publisher":{"@type":"Organization","@id":"https:\/\/www.apfelpatient.de\/en\/#organization","name":"Apfelpatient","url":"https:\/\/www.apfelpatient.de\/en\/"},"alternateName":"Apfelpatient","potentialAction":[{"@type":"SearchAction","target":{"@type":"EntryPoint","urlTemplate":"https:\/\/www.apfelpatient.de\/?s={search_term_string}"},"query-input":{"@type":"PropertyValueSpecification","valueRequired":true,"valueName":"search_term_string"}}],"inLanguage":"en-US"},{"@type":["Person","Organization"],"@id":"https:\/\/www.apfelpatient.de\/#\/schema\/person\/35b3ddba5832f2bfc7fff5206d4f6b7b","name":"Milan","logo":{"@id":"https:\/\/www.apfelpatient.de\/#\/schema\/person\/image\/"},"description":"Hello and welcome to my technology blog! As a big Apple fan, I report on everything to do with Apple: from the latest news and exciting rumors to helpful tips and tricks and detailed product tests. If you are as enthusiastic about technology as I am, you have come to the right place!","sameAs":["https:\/\/www.facebook.com\/apfelpatientOfficial","https:\/\/www.linkedin.com\/in\/milan-jovicic-42aa0231b"],"url":"https:\/\/www.apfelpatient.de\/en\/author\/apfeladmin"}]}},"_links":{"self":[{"href":"https:\/\/www.apfelpatient.de\/en\/wp-json\/wp\/v2\/posts\/32317","targetHints":{"allow":["GET"]}}],"collection":[{"href":"https:\/\/www.apfelpatient.de\/en\/wp-json\/wp\/v2\/posts"}],"about":[{"href":"https:\/\/www.apfelpatient.de\/en\/wp-json\/wp\/v2\/types\/post"}],"author":[{"embeddable":true,"href":"https:\/\/www.apfelpatient.de\/en\/wp-json\/wp\/v2\/users\/2"}],"replies":[{"embeddable":true,"href":"https:\/\/www.apfelpatient.de\/en\/wp-json\/wp\/v2\/comments?post=32317"}],"version-history":[{"count":0,"href":"https:\/\/www.apfelpatient.de\/en\/wp-json\/wp\/v2\/posts\/32317\/revisions"}],"wp:featuredmedia":[{"embeddable":true,"href":"https:\/\/www.apfelpatient.de\/en\/wp-json\/wp\/v2\/media\/32099"}],"wp:attachment":[{"href":"https:\/\/www.apfelpatient.de\/en\/wp-json\/wp\/v2\/media?parent=32317"}],"wp:term":[{"taxonomy":"category","embeddable":true,"href":"https:\/\/www.apfelpatient.de\/en\/wp-json\/wp\/v2\/categories?post=32317"},{"taxonomy":"post_tag","embeddable":true,"href":"https:\/\/www.apfelpatient.de\/en\/wp-json\/wp\/v2\/tags?post=32317"}],"curies":[{"name":"wp","href":"https:\/\/api.w.org\/{rel}","templated":true}]}}