{"id":32312,"date":"2022-06-09T19:27:21","date_gmt":"2022-06-09T17:27:21","guid":{"rendered":"https:\/\/www.apfelpatient.de\/?p=32312"},"modified":"2022-06-09T19:27:22","modified_gmt":"2022-06-09T17:27:22","slug":"apple-develops-14-1-inch-ipad-pro-with-m2-chip","status":"publish","type":"post","link":"https:\/\/www.apfelpatient.de\/en\/rumors\/apple-entwickelt-14-1-zoll-ipad-pro-mit-m2-chip","title":{"rendered":"Apple develops 14.1-inch iPad Pro with M2 chip"},"content":{"rendered":"<p class=\"has-drop-cap\"><strong>According to a display analyst, Apple is developing a larger iPad Pro model with a 14.1-inch MiniLED display and an M2 chipset that could be released as early as next year.<\/strong><\/p>\n\n\n\n<p>Ross Young of Display Supply Chain Consultants (DSCC) said in a new <a href=\"https:\/\/twitter.com\/DSCCRoss\/status\/1534905654313308161?s=20&amp;t=zcUC6-N8-6GV-ouvP8kGGA\" target=\"_blank\" rel=\"noreferrer noopener\">Twitter post<\/a>, his supply chain sources have confirmed that a 14.1-inch iPad Pro is in development. The model will have ProMotion, Face ID, and a miniLED backlight, Young added. As for the release date, Young cannot yet say when the device will hit the market. However, he believes an early 2023 launch is likely.<\/p>\n\n\n\n<h3 class=\"wp-block-heading\" id=\"h-wird-apple-2023-drei-neue-ipad-pro-modelle-mit-m2-chipsatz-vorstellen\">Will Apple introduce three new iPad Pro models with M2 chipset in 2023?<\/h3>\n\n\n\n\n\n\n\n<p>The display analyst&#039;s confirmation appears to be a response to a report from informant Majin Bu on Wednesday. According to Bu, Apple is developing a 14.1-inch iPad Pro with an M2 chip and 16GB of RAM. He added that the device will launch alongside an 11-inch iPad Pro and a 12.9-inch iPad Pro with reduced bezels. Young has an excellent track record when it comes to providing accurate information about Apple displays. Bu&#039;s track record is rather mixed. But the leaker appears to have released accurate information about Apple&#039;s stage manager ahead of WWDC 2022. (Image: Apple)<\/p>\n\n\n\n<ul class=\"wp-block-list\"><li><a href=\"https:\/\/www.apfelpatient.de\/en\/news\/ipados-16-thats-why-the-stage-manager-m1-ipad-is-exclusive\">iPadOS 16: Why the Stage Manager M1 is iPad exclusive<\/a><\/li><\/ul>\n\n\n\n<h6 class=\"wp-block-heading translation-block\" id=\"h-kennt-ihr-schon-unsere-amazon-storefront-dort-findet-ihr-eine-handverlesene-auswahl-von-diversen-produkten-f-r-euer-iphone-und-co-viel-spa-beim-st-bern\"><em>Have you already visited our Amazon Storefront? There you&#039;ll find a hand-picked selection of various products for your iPhone and other devices \u2013 <span class=\"has-inline-color has-vivid-red-color\"><a href=\"https:\/\/www.amazon.de\/shop\/apfelpatientofficial\" class=\"ek-link\" data-wpel-link=\"exclude\" rel=\"follow noopener\" target=\"_self\"><span style=\"text-decoration: underline\" class=\"ek-underline\">enjoy browsing<\/span><\/a> !<\/span><\/em><\/h6>\n\n\n\n<h6 class=\"wp-block-heading translation-block\" id=\"h-der-beitrag-enthalt-partnerlinks\">This post contains <a data-type=\"URL\" data-id=\"https:\/\/www.apfelpatient.de\/partnerprogramm\" href=\"https:\/\/www.apfelpatient.de\/en\/partner-program\" data-wpel-link=\"internal\" target=\"_self\">affiliate links<\/a>.<\/h6>","protected":false},"excerpt":{"rendered":"<p>According to a display analyst, Apple is developing a larger iPad Pro model with a 14.1-inch MiniLED display and an M2 chipset.<\/p>","protected":false},"author":2,"featured_media":32311,"comment_status":"closed","ping_status":"closed","sticky":false,"template":"","format":"standard","meta":{"jnews-multi-image_gallery":[],"jnews_single_post":{"subtitle":"","format":"standard","video":"","gallery":"","source_name":"","source_url":"","via_name":"","via_url":"","override":[{"single_blog_custom":"","sidebar":"","second_sidebar":"","share_position":"","share_float_style":"","post_date_format":"","post_date_format_custom":"","post_reading_time_wpm":"","zoom_button_out_step":"1","zoom_button_in_step":"1","number_popup_post":"1"}],"image_override":[{"single_post_thumbnail_size":"","single_post_gallery_size":""}],"trending_post_position":"","trending_post_label":"","sponsored_post_label":"","sponsored_post_name":"","sponsored_post_url":"","sponsored_post_logo":"","sponsored_post_desc":""},"jnews_primary_category":{"id":"25"},"footnotes":""},"categories":[25],"tags":[18,66],"class_list":["post-32312","post","type-post","status-publish","format-standard","has-post-thumbnail","hentry","category-rumors","tag-ipad","tag-ipad-pro"],"yoast_head":"<!-- This site is optimized with the Yoast SEO Premium plugin v27.5 (Yoast SEO v27.5) - https:\/\/yoast.com\/product\/yoast-seo-premium-wordpress\/ -->\n<title>Apple entwickelt 14.1-Zoll iPad Pro mit M2-Chip Apfelpatient<\/title>\n<meta name=\"description\" content=\"Einem Display-Analysten zufolge entwickelt Apple ein gr\u00f6\u00dferes iPad Pro Modell mit einem 14.1-Zoll MiniLED-Display und einem M2-Chipsatz.\" \/>\n<meta name=\"robots\" content=\"index, follow, max-snippet:-1, max-image-preview:large, max-video-preview:-1\" \/>\n<link rel=\"canonical\" href=\"https:\/\/www.apfelpatient.de\/en\/rumors\/apple-develops-14-1-inch-ipad-pro-with-m2-chip\" \/>\n<meta property=\"og:locale\" content=\"en_US\" \/>\n<meta property=\"og:type\" content=\"article\" \/>\n<meta property=\"og:title\" content=\"Apple entwickelt 14.1-Zoll iPad Pro mit M2-Chip\" \/>\n<meta property=\"og:description\" content=\"Einem Display-Analysten zufolge entwickelt Apple ein gr\u00f6\u00dferes iPad Pro Modell mit einem 14.1-Zoll MiniLED-Display und einem M2-Chipsatz.\" \/>\n<meta property=\"og:url\" content=\"https:\/\/www.apfelpatient.de\/en\/rumors\/apple-develops-14-1-inch-ipad-pro-with-m2-chip\" \/>\n<meta property=\"og:site_name\" content=\"Apfelpatient\" \/>\n<meta property=\"article:publisher\" content=\"https:\/\/www.facebook.com\/apfelpatientOfficial\" \/>\n<meta property=\"article:author\" content=\"https:\/\/www.facebook.com\/apfelpatientOfficial\" \/>\n<meta property=\"article:published_time\" content=\"2022-06-09T17:27:21+00:00\" \/>\n<meta property=\"article:modified_time\" content=\"2022-06-09T17:27:22+00:00\" \/>\n<meta property=\"og:image\" content=\"https:\/\/www.apfelpatient.de\/wp-content\/uploads\/2022\/06\/apple_ipad-pro-spring21_ipad-pro-magic-keyboard-2up_04202021-2.jpg\" \/>\n\t<meta property=\"og:image:width\" content=\"1600\" \/>\n\t<meta property=\"og:image:height\" content=\"900\" \/>\n\t<meta property=\"og:image:type\" content=\"image\/jpeg\" \/>\n<meta name=\"author\" content=\"Milan\" \/>\n<meta name=\"twitter:card\" content=\"summary_large_image\" \/>\n<meta name=\"twitter:description\" content=\"Einem Display-Analysten zufolge entwickelt Apple ein gr\u00f6\u00dferes iPad Pro Modell mit einem 14.1-Zoll MiniLED-Display und einem M2-Chipsatz.\" \/>\n<meta name=\"twitter:label1\" content=\"Written by\" \/>\n\t<meta name=\"twitter:data1\" content=\"Milan\" \/>\n\t<meta name=\"twitter:label2\" content=\"Est. reading time\" \/>\n\t<meta name=\"twitter:data2\" content=\"2 minutes\" \/>\n<script type=\"application\/ld+json\" class=\"yoast-schema-graph\">{\"@context\":\"https:\\\/\\\/schema.org\",\"@graph\":[{\"@type\":\"NewsArticle\",\"@id\":\"https:\\\/\\\/www.apfelpatient.de\\\/rumors\\\/apple-entwickelt-14-1-zoll-ipad-pro-mit-m2-chip#article\",\"isPartOf\":{\"@id\":\"https:\\\/\\\/www.apfelpatient.de\\\/rumors\\\/apple-entwickelt-14-1-zoll-ipad-pro-mit-m2-chip\"},\"author\":{\"@type\":\"Organization\",\"@id\":\"https:\\\/\\\/www.apfelpatient.de\\\/en\\\/#organization\",\"name\":\"Apfelpatient\",\"url\":\"https:\\\/\\\/www.apfelpatient.de\\\/en\\\/\"},\"headline\":\"Apple entwickelt 14.1-Zoll iPad Pro mit M2-Chip\",\"datePublished\":\"2022-06-09T17:27:21+00:00\",\"dateModified\":\"2022-06-09T17:27:22+00:00\",\"mainEntityOfPage\":{\"@id\":\"https:\\\/\\\/www.apfelpatient.de\\\/rumors\\\/apple-entwickelt-14-1-zoll-ipad-pro-mit-m2-chip\"},\"wordCount\":235,\"publisher\":{\"@type\":\"Organization\",\"@id\":\"https:\\\/\\\/www.apfelpatient.de\\\/en\\\/#organization\",\"name\":\"Apfelpatient\",\"url\":\"https:\\\/\\\/www.apfelpatient.de\\\/en\\\/\"},\"image\":{\"@id\":\"https:\\\/\\\/www.apfelpatient.de\\\/rumors\\\/apple-entwickelt-14-1-zoll-ipad-pro-mit-m2-chip#primaryimage\"},\"thumbnailUrl\":\"https:\\\/\\\/www.apfelpatient.de\\\/wp-content\\\/uploads\\\/2022\\\/06\\\/apple_ipad-pro-spring21_ipad-pro-magic-keyboard-2up_04202021-2.jpg\",\"keywords\":[\"iPad\",\"iPad Pro\"],\"articleSection\":\"Rumors\",\"inLanguage\":\"en-US\",\"copyrightYear\":\"2022\",\"copyrightHolder\":{\"@id\":\"https:\\\/\\\/www.apfelpatient.de\\\/en\\\/#organization\"}},{\"@type\":\"WebPage\",\"@id\":\"https:\\\/\\\/www.apfelpatient.de\\\/rumors\\\/apple-entwickelt-14-1-zoll-ipad-pro-mit-m2-chip\",\"url\":\"https:\\\/\\\/www.apfelpatient.de\\\/rumors\\\/apple-entwickelt-14-1-zoll-ipad-pro-mit-m2-chip\",\"name\":\"Apple entwickelt 14.1-Zoll iPad Pro mit M2-Chip Apfelpatient\",\"isPartOf\":{\"@id\":\"https:\\\/\\\/www.apfelpatient.de\\\/#website\"},\"primaryImageOfPage\":{\"@id\":\"https:\\\/\\\/www.apfelpatient.de\\\/rumors\\\/apple-entwickelt-14-1-zoll-ipad-pro-mit-m2-chip#primaryimage\"},\"image\":{\"@id\":\"https:\\\/\\\/www.apfelpatient.de\\\/rumors\\\/apple-entwickelt-14-1-zoll-ipad-pro-mit-m2-chip#primaryimage\"},\"thumbnailUrl\":\"https:\\\/\\\/www.apfelpatient.de\\\/wp-content\\\/uploads\\\/2022\\\/06\\\/apple_ipad-pro-spring21_ipad-pro-magic-keyboard-2up_04202021-2.jpg\",\"datePublished\":\"2022-06-09T17:27:21+00:00\",\"dateModified\":\"2022-06-09T17:27:22+00:00\",\"description\":\"Einem Display-Analysten zufolge entwickelt Apple ein gr\u00f6\u00dferes iPad Pro Modell mit einem 14.1-Zoll MiniLED-Display und einem M2-Chipsatz.\",\"breadcrumb\":{\"@id\":\"https:\\\/\\\/www.apfelpatient.de\\\/rumors\\\/apple-entwickelt-14-1-zoll-ipad-pro-mit-m2-chip#breadcrumb\"},\"inLanguage\":\"en-US\",\"potentialAction\":[{\"@type\":\"ReadAction\",\"target\":[\"https:\\\/\\\/www.apfelpatient.de\\\/rumors\\\/apple-entwickelt-14-1-zoll-ipad-pro-mit-m2-chip\"]}]},{\"@type\":\"ImageObject\",\"inLanguage\":\"en-US\",\"@id\":\"https:\\\/\\\/www.apfelpatient.de\\\/rumors\\\/apple-entwickelt-14-1-zoll-ipad-pro-mit-m2-chip#primaryimage\",\"url\":\"https:\\\/\\\/www.apfelpatient.de\\\/wp-content\\\/uploads\\\/2022\\\/06\\\/apple_ipad-pro-spring21_ipad-pro-magic-keyboard-2up_04202021-2.jpg\",\"contentUrl\":\"https:\\\/\\\/www.apfelpatient.de\\\/wp-content\\\/uploads\\\/2022\\\/06\\\/apple_ipad-pro-spring21_ipad-pro-magic-keyboard-2up_04202021-2.jpg\",\"width\":1600,\"height\":900,\"caption\":\"Bild: Apple\"},{\"@type\":\"BreadcrumbList\",\"@id\":\"https:\\\/\\\/www.apfelpatient.de\\\/rumors\\\/apple-entwickelt-14-1-zoll-ipad-pro-mit-m2-chip#breadcrumb\",\"itemListElement\":[{\"@type\":\"ListItem\",\"position\":1,\"name\":\"Startseite\",\"item\":\"https:\\\/\\\/www.apfelpatient.de\\\/\"},{\"@type\":\"ListItem\",\"position\":2,\"name\":\"Apple entwickelt 14.1-Zoll iPad Pro mit M2-Chip\"}]},{\"@type\":\"WebSite\",\"@id\":\"https:\\\/\\\/www.apfelpatient.de\\\/#website\",\"url\":\"https:\\\/\\\/www.apfelpatient.de\\\/\",\"name\":\"Apfelpatient\",\"description\":\"Alles rund um Apple!\",\"publisher\":{\"@type\":\"Organization\",\"@id\":\"https:\\\/\\\/www.apfelpatient.de\\\/en\\\/#organization\",\"name\":\"Apfelpatient\",\"url\":\"https:\\\/\\\/www.apfelpatient.de\\\/en\\\/\"},\"alternateName\":\"Apfelpatient\",\"potentialAction\":[{\"@type\":\"SearchAction\",\"target\":{\"@type\":\"EntryPoint\",\"urlTemplate\":\"https:\\\/\\\/www.apfelpatient.de\\\/?s={search_term_string}\"},\"query-input\":{\"@type\":\"PropertyValueSpecification\",\"valueRequired\":true,\"valueName\":\"search_term_string\"}}],\"inLanguage\":\"en-US\"},{\"@type\":[\"Person\",\"Organization\"],\"@id\":\"https:\\\/\\\/www.apfelpatient.de\\\/#\\\/schema\\\/person\\\/35b3ddba5832f2bfc7fff5206d4f6b7b\",\"name\":\"Milan\",\"logo\":{\"@id\":\"https:\\\/\\\/www.apfelpatient.de\\\/#\\\/schema\\\/person\\\/image\\\/\"},\"description\":\"Hallo und herzlich willkommen auf meinem Technik-Blog! Als gro\u00dfer Apple-Fan berichte ich hier \u00fcber alles, was mit Apple zu tun hat: von den neuesten News und spannenden Ger\u00fcchten \u00fcber hilfreiche Tipps und Tricks bis hin zu ausf\u00fchrlichen Produkttests. Wenn du genauso technikbegeistert bist wie ich, bist du hier genau richtig!\",\"sameAs\":[\"https:\\\/\\\/www.facebook.com\\\/apfelpatientOfficial\",\"https:\\\/\\\/www.linkedin.com\\\/in\\\/milan-jovicic-42aa0231b\"],\"url\":\"https:\\\/\\\/www.apfelpatient.de\\\/en\\\/author\\\/apfeladmin\"}]}<\/script>\n<!-- \/ Yoast SEO Premium plugin. -->","yoast_head_json":{"title":"Apple develops 14.1-inch iPad Pro with M2 chip Apfelpatient","description":"According to a display analyst, Apple is developing a larger iPad Pro model with a 14.1-inch MiniLED display and an M2 chipset.","robots":{"index":"index","follow":"follow","max-snippet":"max-snippet:-1","max-image-preview":"max-image-preview:large","max-video-preview":"max-video-preview:-1"},"canonical":"https:\/\/www.apfelpatient.de\/en\/rumors\/apple-develops-14-1-inch-ipad-pro-with-m2-chip","og_locale":"en_US","og_type":"article","og_title":"Apple entwickelt 14.1-Zoll iPad Pro mit M2-Chip","og_description":"Einem Display-Analysten zufolge entwickelt Apple ein gr\u00f6\u00dferes iPad Pro Modell mit einem 14.1-Zoll MiniLED-Display und einem M2-Chipsatz.","og_url":"https:\/\/www.apfelpatient.de\/en\/rumors\/apple-develops-14-1-inch-ipad-pro-with-m2-chip","og_site_name":"Apfelpatient","article_publisher":"https:\/\/www.facebook.com\/apfelpatientOfficial","article_author":"https:\/\/www.facebook.com\/apfelpatientOfficial","article_published_time":"2022-06-09T17:27:21+00:00","article_modified_time":"2022-06-09T17:27:22+00:00","og_image":[{"width":1600,"height":900,"url":"https:\/\/www.apfelpatient.de\/wp-content\/uploads\/2022\/06\/apple_ipad-pro-spring21_ipad-pro-magic-keyboard-2up_04202021-2.jpg","type":"image\/jpeg"}],"author":"Milan","twitter_card":"summary_large_image","twitter_description":"Einem Display-Analysten zufolge entwickelt Apple ein gr\u00f6\u00dferes iPad Pro Modell mit einem 14.1-Zoll MiniLED-Display und einem M2-Chipsatz.","twitter_misc":{"Written by":"Milan","Est. reading time":"2 minutes"},"schema":{"@context":"https:\/\/schema.org","@graph":[{"@type":"NewsArticle","@id":"https:\/\/www.apfelpatient.de\/rumors\/apple-entwickelt-14-1-zoll-ipad-pro-mit-m2-chip#article","isPartOf":{"@id":"https:\/\/www.apfelpatient.de\/rumors\/apple-entwickelt-14-1-zoll-ipad-pro-mit-m2-chip"},"author":{"@type":"Organization","@id":"https:\/\/www.apfelpatient.de\/en\/#organization","name":"Apfelpatient","url":"https:\/\/www.apfelpatient.de\/en\/"},"headline":"Apple entwickelt 14.1-Zoll iPad Pro mit M2-Chip","datePublished":"2022-06-09T17:27:21+00:00","dateModified":"2022-06-09T17:27:22+00:00","mainEntityOfPage":{"@id":"https:\/\/www.apfelpatient.de\/rumors\/apple-entwickelt-14-1-zoll-ipad-pro-mit-m2-chip"},"wordCount":235,"publisher":{"@type":"Organization","@id":"https:\/\/www.apfelpatient.de\/en\/#organization","name":"Apfelpatient","url":"https:\/\/www.apfelpatient.de\/en\/"},"image":{"@id":"https:\/\/www.apfelpatient.de\/rumors\/apple-entwickelt-14-1-zoll-ipad-pro-mit-m2-chip#primaryimage"},"thumbnailUrl":"https:\/\/www.apfelpatient.de\/wp-content\/uploads\/2022\/06\/apple_ipad-pro-spring21_ipad-pro-magic-keyboard-2up_04202021-2.jpg","keywords":["iPad","iPad Pro"],"articleSection":"Rumors","inLanguage":"en-US","copyrightYear":"2022","copyrightHolder":{"@id":"https:\/\/www.apfelpatient.de\/en\/#organization"}},{"@type":"WebPage","@id":"https:\/\/www.apfelpatient.de\/rumors\/apple-entwickelt-14-1-zoll-ipad-pro-mit-m2-chip","url":"https:\/\/www.apfelpatient.de\/rumors\/apple-entwickelt-14-1-zoll-ipad-pro-mit-m2-chip","name":"Apple develops 14.1-inch iPad Pro with M2 chip Apfelpatient","isPartOf":{"@id":"https:\/\/www.apfelpatient.de\/#website"},"primaryImageOfPage":{"@id":"https:\/\/www.apfelpatient.de\/rumors\/apple-entwickelt-14-1-zoll-ipad-pro-mit-m2-chip#primaryimage"},"image":{"@id":"https:\/\/www.apfelpatient.de\/rumors\/apple-entwickelt-14-1-zoll-ipad-pro-mit-m2-chip#primaryimage"},"thumbnailUrl":"https:\/\/www.apfelpatient.de\/wp-content\/uploads\/2022\/06\/apple_ipad-pro-spring21_ipad-pro-magic-keyboard-2up_04202021-2.jpg","datePublished":"2022-06-09T17:27:21+00:00","dateModified":"2022-06-09T17:27:22+00:00","description":"According to a display analyst, Apple is developing a larger iPad Pro model with a 14.1-inch MiniLED display and an M2 chipset.","breadcrumb":{"@id":"https:\/\/www.apfelpatient.de\/rumors\/apple-entwickelt-14-1-zoll-ipad-pro-mit-m2-chip#breadcrumb"},"inLanguage":"en-US","potentialAction":[{"@type":"ReadAction","target":["https:\/\/www.apfelpatient.de\/rumors\/apple-entwickelt-14-1-zoll-ipad-pro-mit-m2-chip"]}]},{"@type":"ImageObject","inLanguage":"en-US","@id":"https:\/\/www.apfelpatient.de\/rumors\/apple-entwickelt-14-1-zoll-ipad-pro-mit-m2-chip#primaryimage","url":"https:\/\/www.apfelpatient.de\/wp-content\/uploads\/2022\/06\/apple_ipad-pro-spring21_ipad-pro-magic-keyboard-2up_04202021-2.jpg","contentUrl":"https:\/\/www.apfelpatient.de\/wp-content\/uploads\/2022\/06\/apple_ipad-pro-spring21_ipad-pro-magic-keyboard-2up_04202021-2.jpg","width":1600,"height":900,"caption":"Bild: Apple"},{"@type":"BreadcrumbList","@id":"https:\/\/www.apfelpatient.de\/rumors\/apple-entwickelt-14-1-zoll-ipad-pro-mit-m2-chip#breadcrumb","itemListElement":[{"@type":"ListItem","position":1,"name":"Startseite","item":"https:\/\/www.apfelpatient.de\/"},{"@type":"ListItem","position":2,"name":"Apple entwickelt 14.1-Zoll iPad Pro mit M2-Chip"}]},{"@type":"WebSite","@id":"https:\/\/www.apfelpatient.de\/#website","url":"https:\/\/www.apfelpatient.de\/","name":"apple patient","description":"Everything about Apple!","publisher":{"@type":"Organization","@id":"https:\/\/www.apfelpatient.de\/en\/#organization","name":"Apfelpatient","url":"https:\/\/www.apfelpatient.de\/en\/"},"alternateName":"Apfelpatient","potentialAction":[{"@type":"SearchAction","target":{"@type":"EntryPoint","urlTemplate":"https:\/\/www.apfelpatient.de\/?s={search_term_string}"},"query-input":{"@type":"PropertyValueSpecification","valueRequired":true,"valueName":"search_term_string"}}],"inLanguage":"en-US"},{"@type":["Person","Organization"],"@id":"https:\/\/www.apfelpatient.de\/#\/schema\/person\/35b3ddba5832f2bfc7fff5206d4f6b7b","name":"Milan","logo":{"@id":"https:\/\/www.apfelpatient.de\/#\/schema\/person\/image\/"},"description":"Hello and welcome to my technology blog! As a big Apple fan, I report on everything to do with Apple: from the latest news and exciting rumors to helpful tips and tricks and detailed product tests. If you are as enthusiastic about technology as I am, you have come to the right place!","sameAs":["https:\/\/www.facebook.com\/apfelpatientOfficial","https:\/\/www.linkedin.com\/in\/milan-jovicic-42aa0231b"],"url":"https:\/\/www.apfelpatient.de\/en\/author\/apfeladmin"}]}},"_links":{"self":[{"href":"https:\/\/www.apfelpatient.de\/en\/wp-json\/wp\/v2\/posts\/32312","targetHints":{"allow":["GET"]}}],"collection":[{"href":"https:\/\/www.apfelpatient.de\/en\/wp-json\/wp\/v2\/posts"}],"about":[{"href":"https:\/\/www.apfelpatient.de\/en\/wp-json\/wp\/v2\/types\/post"}],"author":[{"embeddable":true,"href":"https:\/\/www.apfelpatient.de\/en\/wp-json\/wp\/v2\/users\/2"}],"replies":[{"embeddable":true,"href":"https:\/\/www.apfelpatient.de\/en\/wp-json\/wp\/v2\/comments?post=32312"}],"version-history":[{"count":0,"href":"https:\/\/www.apfelpatient.de\/en\/wp-json\/wp\/v2\/posts\/32312\/revisions"}],"wp:featuredmedia":[{"embeddable":true,"href":"https:\/\/www.apfelpatient.de\/en\/wp-json\/wp\/v2\/media\/32311"}],"wp:attachment":[{"href":"https:\/\/www.apfelpatient.de\/en\/wp-json\/wp\/v2\/media?parent=32312"}],"wp:term":[{"taxonomy":"category","embeddable":true,"href":"https:\/\/www.apfelpatient.de\/en\/wp-json\/wp\/v2\/categories?post=32312"},{"taxonomy":"post_tag","embeddable":true,"href":"https:\/\/www.apfelpatient.de\/en\/wp-json\/wp\/v2\/tags?post=32312"}],"curies":[{"name":"wp","href":"https:\/\/api.w.org\/{rel}","templated":true}]}}