{"id":32283,"date":"2022-06-08T21:54:06","date_gmt":"2022-06-08T19:54:06","guid":{"rendered":"https:\/\/www.apfelpatient.de\/?p=32283"},"modified":"2022-06-08T21:54:07","modified_gmt":"2022-06-08T19:54:07","slug":"ipads-16-m1-ipads-get-virtual-memory-swapping","status":"publish","type":"post","link":"https:\/\/www.apfelpatient.de\/en\/news\/ipados-16-m1-ipads-erhalten-virtuelle-speicherauslagerung","title":{"rendered":"iPadOS 16: M1 iPads get virtual memory swapping"},"content":{"rendered":"<p class=\"has-drop-cap\"><strong>Apple is adding virtual memory swapping to iPadOS 16, allowing apps on the M1 iPad Pro and iPad Air to use free and available flash storage as additional memory for demanding tasks.<\/strong><\/p>\n\n\n\n<p>With iPadOS 15, certain apps can use up to 12GB of memory on the M1 iPad Pro, which has 16GB of RAM total. With iPadOS 16 and virtual memory swapping, Apple is increasing the amount of memory an app can use by tapping into the device&#039;s available flash storage. On M1 iPads with 256GB of storage and above, apps can use up to 16GB of memory for the most demanding workloads.<\/p>\n\n\n\n<h3 class=\"wp-block-heading\" id=\"h-ipados-16-m1-ipads-profitieren\">iPadOS 16: M1 iPads benefit<\/h3>\n\n\n\n\n\n\n\n<p>Virtual memory swapping and the higher memory cap join a number of features coming with iPadOS 16 and exclusive to the M1 iPad Pro and iPad Air, including Stage Manager. Stage Manager is a completely new way for Pro users to use their iPad, allowing them to open multiple app windows at once and layer them on top of each other. Stage Manager also enables full support for external displays on iPadOS for the first time. iPadOS 16 will be available in <a href=\"https:\/\/www.apple.com\/ipados\/ipados-16-preview\/\" target=\"_blank\" rel=\"noreferrer noopener\">Autumn<\/a> be available for all supported iPads \u2013 <a href=\"https:\/\/www.apfelpatient.de\/en\/tips-tricks\/ios-16-ipados-16-tvos-16-watchos-9-macos-13-supported-devices\">You can find more about device support here<\/a>. (Photo by Colour59 \/ Bigstockphoto)<\/p>\n\n\n\n<ul class=\"wp-block-list\"><li><a href=\"https:\/\/www.apfelpatient.de\/en\/news\/safety-check-in-ios-16-promotes-safety\">Safety Check in iOS 16 promotes security<\/a><\/li><\/ul>\n\n\n\n<h6 class=\"wp-block-heading translation-block\" id=\"h-kennt-ihr-schon-unsere-amazon-storefront-dort-findet-ihr-eine-handverlesene-auswahl-von-diversen-produkten-f-r-euer-iphone-und-co-viel-spa-beim-st-bern\"><em>Have you already visited our Amazon Storefront? There you&#039;ll find a hand-picked selection of various products for your iPhone and other devices \u2013 <span class=\"has-inline-color has-vivid-red-color\"><a href=\"https:\/\/www.amazon.de\/shop\/apfelpatientofficial\" class=\"ek-link\" data-wpel-link=\"exclude\" rel=\"follow noopener\" target=\"_self\"><span style=\"text-decoration: underline\" class=\"ek-underline\">enjoy browsing<\/span><\/a> !<\/span><\/em><\/h6>\n\n\n\n<h6 class=\"wp-block-heading translation-block\" id=\"h-der-beitrag-enthalt-partnerlinks\">This post contains <a data-type=\"URL\" data-id=\"https:\/\/www.apfelpatient.de\/partnerprogramm\" href=\"https:\/\/www.apfelpatient.de\/en\/partner-program\" data-wpel-link=\"internal\" target=\"_self\">affiliate links<\/a>.<\/h6>","protected":false},"excerpt":{"rendered":"<p>With iPadOS 16 and virtual memory swapping, Apple increases the amount of memory an app can use.<\/p>","protected":false},"author":2,"featured_media":32287,"comment_status":"closed","ping_status":"closed","sticky":false,"template":"","format":"standard","meta":{"jnews-multi-image_gallery":[],"jnews_single_post":{"subtitle":"","format":"standard","video":"","gallery":"","source_name":"","source_url":"","via_name":"","via_url":"","override":[{"single_blog_custom":"","sidebar":"","second_sidebar":"","share_position":"","share_float_style":"","post_date_format":"","post_date_format_custom":"","post_reading_time_wpm":"","zoom_button_out_step":"1","zoom_button_in_step":"1","number_popup_post":"1"}],"image_override":[{"single_post_thumbnail_size":"","single_post_gallery_size":""}],"trending_post_position":"","trending_post_label":"","sponsored_post_label":"","sponsored_post_name":"","sponsored_post_url":"","sponsored_post_logo":"","sponsored_post_desc":""},"jnews_primary_category":{"id":"9"},"footnotes":""},"categories":[9],"tags":[18,33,690],"class_list":["post-32283","post","type-post","status-publish","format-standard","has-post-thumbnail","hentry","category-news","tag-ipad","tag-ipados","tag-ipados-16"],"yoast_head":"<!-- This site is optimized with the Yoast SEO Premium plugin v27.5 (Yoast SEO v27.5) - https:\/\/yoast.com\/product\/yoast-seo-premium-wordpress\/ -->\n<title>iPadOS 16: M1 iPads erhalten virtuelle Speicherauslagerung Apfelpatient<\/title>\n<meta name=\"description\" content=\"Mit iPadOS 16 und der virtuellen Speicherauslagerung erh\u00f6ht Apple die Menge an Arbeitsspeicher, die eine App nutzen kann.\" \/>\n<meta name=\"robots\" content=\"index, follow, max-snippet:-1, max-image-preview:large, max-video-preview:-1\" \/>\n<link rel=\"canonical\" href=\"https:\/\/www.apfelpatient.de\/en\/news\/ipads-16-m1-ipads-get-virtual-memory-swapping\" \/>\n<meta property=\"og:locale\" content=\"en_US\" \/>\n<meta property=\"og:type\" content=\"article\" \/>\n<meta property=\"og:title\" content=\"iPadOS 16: M1 iPads erhalten virtuelle Speicherauslagerung\" \/>\n<meta property=\"og:description\" content=\"Mit iPadOS 16 und der virtuellen Speicherauslagerung erh\u00f6ht Apple die Menge an Arbeitsspeicher, die eine App nutzen kann.\" \/>\n<meta property=\"og:url\" content=\"https:\/\/www.apfelpatient.de\/en\/news\/ipads-16-m1-ipads-get-virtual-memory-swapping\" \/>\n<meta property=\"og:site_name\" content=\"Apfelpatient\" \/>\n<meta property=\"article:publisher\" content=\"https:\/\/www.facebook.com\/apfelpatientOfficial\" \/>\n<meta property=\"article:author\" content=\"https:\/\/www.facebook.com\/apfelpatientOfficial\" \/>\n<meta property=\"article:published_time\" content=\"2022-06-08T19:54:06+00:00\" \/>\n<meta property=\"article:modified_time\" content=\"2022-06-08T19:54:07+00:00\" \/>\n<meta property=\"og:image\" content=\"https:\/\/www.apfelpatient.de\/wp-content\/uploads\/2022\/06\/bigstock-Wetzlar-Germany-380725360-2.jpg\" \/>\n\t<meta property=\"og:image:width\" content=\"1600\" \/>\n\t<meta property=\"og:image:height\" content=\"1067\" \/>\n\t<meta property=\"og:image:type\" content=\"image\/jpeg\" \/>\n<meta name=\"author\" content=\"Milan\" \/>\n<meta name=\"twitter:card\" content=\"summary_large_image\" \/>\n<meta name=\"twitter:description\" content=\"Mit iPadOS 16 und der virtuellen Speicherauslagerung erh\u00f6ht Apple die Menge an Arbeitsspeicher, die eine App nutzen kann.\" \/>\n<meta name=\"twitter:label1\" content=\"Written by\" \/>\n\t<meta name=\"twitter:data1\" content=\"Milan\" \/>\n\t<meta name=\"twitter:label2\" content=\"Est. reading time\" \/>\n\t<meta name=\"twitter:data2\" content=\"2 minutes\" \/>\n<script type=\"application\/ld+json\" class=\"yoast-schema-graph\">{\"@context\":\"https:\\\/\\\/schema.org\",\"@graph\":[{\"@type\":\"NewsArticle\",\"@id\":\"https:\\\/\\\/www.apfelpatient.de\\\/news\\\/ipados-16-m1-ipads-erhalten-virtuelle-speicherauslagerung#article\",\"isPartOf\":{\"@id\":\"https:\\\/\\\/www.apfelpatient.de\\\/news\\\/ipados-16-m1-ipads-erhalten-virtuelle-speicherauslagerung\"},\"author\":{\"@type\":\"Organization\",\"@id\":\"https:\\\/\\\/www.apfelpatient.de\\\/en\\\/#organization\",\"name\":\"Apfelpatient\",\"url\":\"https:\\\/\\\/www.apfelpatient.de\\\/en\\\/\"},\"headline\":\"iPadOS 16: M1 iPads erhalten virtuelle Speicherauslagerung\",\"datePublished\":\"2022-06-08T19:54:06+00:00\",\"dateModified\":\"2022-06-08T19:54:07+00:00\",\"mainEntityOfPage\":{\"@id\":\"https:\\\/\\\/www.apfelpatient.de\\\/news\\\/ipados-16-m1-ipads-erhalten-virtuelle-speicherauslagerung\"},\"wordCount\":239,\"publisher\":{\"@type\":\"Organization\",\"@id\":\"https:\\\/\\\/www.apfelpatient.de\\\/en\\\/#organization\",\"name\":\"Apfelpatient\",\"url\":\"https:\\\/\\\/www.apfelpatient.de\\\/en\\\/\"},\"image\":{\"@id\":\"https:\\\/\\\/www.apfelpatient.de\\\/news\\\/ipados-16-m1-ipads-erhalten-virtuelle-speicherauslagerung#primaryimage\"},\"thumbnailUrl\":\"https:\\\/\\\/www.apfelpatient.de\\\/wp-content\\\/uploads\\\/2022\\\/06\\\/bigstock-Wetzlar-Germany-380725360-2.jpg\",\"keywords\":[\"iPad\",\"iPadOS\",\"iPadOS 16\"],\"articleSection\":\"News\",\"inLanguage\":\"en-US\",\"copyrightYear\":\"2022\",\"copyrightHolder\":{\"@id\":\"https:\\\/\\\/www.apfelpatient.de\\\/en\\\/#organization\"}},{\"@type\":\"WebPage\",\"@id\":\"https:\\\/\\\/www.apfelpatient.de\\\/news\\\/ipados-16-m1-ipads-erhalten-virtuelle-speicherauslagerung\",\"url\":\"https:\\\/\\\/www.apfelpatient.de\\\/news\\\/ipados-16-m1-ipads-erhalten-virtuelle-speicherauslagerung\",\"name\":\"iPadOS 16: M1 iPads erhalten virtuelle Speicherauslagerung Apfelpatient\",\"isPartOf\":{\"@id\":\"https:\\\/\\\/www.apfelpatient.de\\\/#website\"},\"primaryImageOfPage\":{\"@id\":\"https:\\\/\\\/www.apfelpatient.de\\\/news\\\/ipados-16-m1-ipads-erhalten-virtuelle-speicherauslagerung#primaryimage\"},\"image\":{\"@id\":\"https:\\\/\\\/www.apfelpatient.de\\\/news\\\/ipados-16-m1-ipads-erhalten-virtuelle-speicherauslagerung#primaryimage\"},\"thumbnailUrl\":\"https:\\\/\\\/www.apfelpatient.de\\\/wp-content\\\/uploads\\\/2022\\\/06\\\/bigstock-Wetzlar-Germany-380725360-2.jpg\",\"datePublished\":\"2022-06-08T19:54:06+00:00\",\"dateModified\":\"2022-06-08T19:54:07+00:00\",\"description\":\"Mit iPadOS 16 und der virtuellen Speicherauslagerung erh\u00f6ht Apple die Menge an Arbeitsspeicher, die eine App nutzen kann.\",\"breadcrumb\":{\"@id\":\"https:\\\/\\\/www.apfelpatient.de\\\/news\\\/ipados-16-m1-ipads-erhalten-virtuelle-speicherauslagerung#breadcrumb\"},\"inLanguage\":\"en-US\",\"potentialAction\":[{\"@type\":\"ReadAction\",\"target\":[\"https:\\\/\\\/www.apfelpatient.de\\\/news\\\/ipados-16-m1-ipads-erhalten-virtuelle-speicherauslagerung\"]}]},{\"@type\":\"ImageObject\",\"inLanguage\":\"en-US\",\"@id\":\"https:\\\/\\\/www.apfelpatient.de\\\/news\\\/ipados-16-m1-ipads-erhalten-virtuelle-speicherauslagerung#primaryimage\",\"url\":\"https:\\\/\\\/www.apfelpatient.de\\\/wp-content\\\/uploads\\\/2022\\\/06\\\/bigstock-Wetzlar-Germany-380725360-2.jpg\",\"contentUrl\":\"https:\\\/\\\/www.apfelpatient.de\\\/wp-content\\\/uploads\\\/2022\\\/06\\\/bigstock-Wetzlar-Germany-380725360-2.jpg\",\"width\":1600,\"height\":1067,\"caption\":\"WETZLAR, GERMANY - 2020-07-10: APPLE The iPad Pro is a tablet computer from the iPad model line from Apple.\"},{\"@type\":\"BreadcrumbList\",\"@id\":\"https:\\\/\\\/www.apfelpatient.de\\\/news\\\/ipados-16-m1-ipads-erhalten-virtuelle-speicherauslagerung#breadcrumb\",\"itemListElement\":[{\"@type\":\"ListItem\",\"position\":1,\"name\":\"Startseite\",\"item\":\"https:\\\/\\\/www.apfelpatient.de\\\/\"},{\"@type\":\"ListItem\",\"position\":2,\"name\":\"iPadOS 16: M1 iPads erhalten virtuelle Speicherauslagerung\"}]},{\"@type\":\"WebSite\",\"@id\":\"https:\\\/\\\/www.apfelpatient.de\\\/#website\",\"url\":\"https:\\\/\\\/www.apfelpatient.de\\\/\",\"name\":\"Apfelpatient\",\"description\":\"Alles rund um Apple!\",\"publisher\":{\"@type\":\"Organization\",\"@id\":\"https:\\\/\\\/www.apfelpatient.de\\\/en\\\/#organization\",\"name\":\"Apfelpatient\",\"url\":\"https:\\\/\\\/www.apfelpatient.de\\\/en\\\/\"},\"alternateName\":\"Apfelpatient\",\"potentialAction\":[{\"@type\":\"SearchAction\",\"target\":{\"@type\":\"EntryPoint\",\"urlTemplate\":\"https:\\\/\\\/www.apfelpatient.de\\\/?s={search_term_string}\"},\"query-input\":{\"@type\":\"PropertyValueSpecification\",\"valueRequired\":true,\"valueName\":\"search_term_string\"}}],\"inLanguage\":\"en-US\"},{\"@type\":[\"Person\",\"Organization\"],\"@id\":\"https:\\\/\\\/www.apfelpatient.de\\\/#\\\/schema\\\/person\\\/35b3ddba5832f2bfc7fff5206d4f6b7b\",\"name\":\"Milan\",\"logo\":{\"@id\":\"https:\\\/\\\/www.apfelpatient.de\\\/#\\\/schema\\\/person\\\/image\\\/\"},\"description\":\"Hallo und herzlich willkommen auf meinem Technik-Blog! Als gro\u00dfer Apple-Fan berichte ich hier \u00fcber alles, was mit Apple zu tun hat: von den neuesten News und spannenden Ger\u00fcchten \u00fcber hilfreiche Tipps und Tricks bis hin zu ausf\u00fchrlichen Produkttests. Wenn du genauso technikbegeistert bist wie ich, bist du hier genau richtig!\",\"sameAs\":[\"https:\\\/\\\/www.facebook.com\\\/apfelpatientOfficial\",\"https:\\\/\\\/www.linkedin.com\\\/in\\\/milan-jovicic-42aa0231b\"],\"url\":\"https:\\\/\\\/www.apfelpatient.de\\\/en\\\/author\\\/apfeladmin\"}]}<\/script>\n<!-- \/ Yoast SEO Premium plugin. -->","yoast_head_json":{"title":"iPadOS 16: M1 iPads get virtual memory swapping Apfelpatient","description":"With iPadOS 16 and virtual memory swapping, Apple increases the amount of memory an app can use.","robots":{"index":"index","follow":"follow","max-snippet":"max-snippet:-1","max-image-preview":"max-image-preview:large","max-video-preview":"max-video-preview:-1"},"canonical":"https:\/\/www.apfelpatient.de\/en\/news\/ipads-16-m1-ipads-get-virtual-memory-swapping","og_locale":"en_US","og_type":"article","og_title":"iPadOS 16: M1 iPads erhalten virtuelle Speicherauslagerung","og_description":"Mit iPadOS 16 und der virtuellen Speicherauslagerung erh\u00f6ht Apple die Menge an Arbeitsspeicher, die eine App nutzen kann.","og_url":"https:\/\/www.apfelpatient.de\/en\/news\/ipads-16-m1-ipads-get-virtual-memory-swapping","og_site_name":"Apfelpatient","article_publisher":"https:\/\/www.facebook.com\/apfelpatientOfficial","article_author":"https:\/\/www.facebook.com\/apfelpatientOfficial","article_published_time":"2022-06-08T19:54:06+00:00","article_modified_time":"2022-06-08T19:54:07+00:00","og_image":[{"width":1600,"height":1067,"url":"https:\/\/www.apfelpatient.de\/wp-content\/uploads\/2022\/06\/bigstock-Wetzlar-Germany-380725360-2.jpg","type":"image\/jpeg"}],"author":"Milan","twitter_card":"summary_large_image","twitter_description":"Mit iPadOS 16 und der virtuellen Speicherauslagerung erh\u00f6ht Apple die Menge an Arbeitsspeicher, die eine App nutzen kann.","twitter_misc":{"Written by":"Milan","Est. reading time":"2 minutes"},"schema":{"@context":"https:\/\/schema.org","@graph":[{"@type":"NewsArticle","@id":"https:\/\/www.apfelpatient.de\/news\/ipados-16-m1-ipads-erhalten-virtuelle-speicherauslagerung#article","isPartOf":{"@id":"https:\/\/www.apfelpatient.de\/news\/ipados-16-m1-ipads-erhalten-virtuelle-speicherauslagerung"},"author":{"@type":"Organization","@id":"https:\/\/www.apfelpatient.de\/en\/#organization","name":"Apfelpatient","url":"https:\/\/www.apfelpatient.de\/en\/"},"headline":"iPadOS 16: M1 iPads erhalten virtuelle Speicherauslagerung","datePublished":"2022-06-08T19:54:06+00:00","dateModified":"2022-06-08T19:54:07+00:00","mainEntityOfPage":{"@id":"https:\/\/www.apfelpatient.de\/news\/ipados-16-m1-ipads-erhalten-virtuelle-speicherauslagerung"},"wordCount":239,"publisher":{"@type":"Organization","@id":"https:\/\/www.apfelpatient.de\/en\/#organization","name":"Apfelpatient","url":"https:\/\/www.apfelpatient.de\/en\/"},"image":{"@id":"https:\/\/www.apfelpatient.de\/news\/ipados-16-m1-ipads-erhalten-virtuelle-speicherauslagerung#primaryimage"},"thumbnailUrl":"https:\/\/www.apfelpatient.de\/wp-content\/uploads\/2022\/06\/bigstock-Wetzlar-Germany-380725360-2.jpg","keywords":["iPad","iPadOS","iPadOS 16"],"articleSection":"News","inLanguage":"en-US","copyrightYear":"2022","copyrightHolder":{"@id":"https:\/\/www.apfelpatient.de\/en\/#organization"}},{"@type":"WebPage","@id":"https:\/\/www.apfelpatient.de\/news\/ipados-16-m1-ipads-erhalten-virtuelle-speicherauslagerung","url":"https:\/\/www.apfelpatient.de\/news\/ipados-16-m1-ipads-erhalten-virtuelle-speicherauslagerung","name":"iPadOS 16: M1 iPads get virtual memory swapping Apfelpatient","isPartOf":{"@id":"https:\/\/www.apfelpatient.de\/#website"},"primaryImageOfPage":{"@id":"https:\/\/www.apfelpatient.de\/news\/ipados-16-m1-ipads-erhalten-virtuelle-speicherauslagerung#primaryimage"},"image":{"@id":"https:\/\/www.apfelpatient.de\/news\/ipados-16-m1-ipads-erhalten-virtuelle-speicherauslagerung#primaryimage"},"thumbnailUrl":"https:\/\/www.apfelpatient.de\/wp-content\/uploads\/2022\/06\/bigstock-Wetzlar-Germany-380725360-2.jpg","datePublished":"2022-06-08T19:54:06+00:00","dateModified":"2022-06-08T19:54:07+00:00","description":"With iPadOS 16 and virtual memory swapping, Apple increases the amount of memory an app can use.","breadcrumb":{"@id":"https:\/\/www.apfelpatient.de\/news\/ipados-16-m1-ipads-erhalten-virtuelle-speicherauslagerung#breadcrumb"},"inLanguage":"en-US","potentialAction":[{"@type":"ReadAction","target":["https:\/\/www.apfelpatient.de\/news\/ipados-16-m1-ipads-erhalten-virtuelle-speicherauslagerung"]}]},{"@type":"ImageObject","inLanguage":"en-US","@id":"https:\/\/www.apfelpatient.de\/news\/ipados-16-m1-ipads-erhalten-virtuelle-speicherauslagerung#primaryimage","url":"https:\/\/www.apfelpatient.de\/wp-content\/uploads\/2022\/06\/bigstock-Wetzlar-Germany-380725360-2.jpg","contentUrl":"https:\/\/www.apfelpatient.de\/wp-content\/uploads\/2022\/06\/bigstock-Wetzlar-Germany-380725360-2.jpg","width":1600,"height":1067,"caption":"WETZLAR, GERMANY - 2020-07-10: APPLE The iPad Pro is a tablet computer from the iPad model line from Apple."},{"@type":"BreadcrumbList","@id":"https:\/\/www.apfelpatient.de\/news\/ipados-16-m1-ipads-erhalten-virtuelle-speicherauslagerung#breadcrumb","itemListElement":[{"@type":"ListItem","position":1,"name":"Startseite","item":"https:\/\/www.apfelpatient.de\/"},{"@type":"ListItem","position":2,"name":"iPadOS 16: M1 iPads erhalten virtuelle Speicherauslagerung"}]},{"@type":"WebSite","@id":"https:\/\/www.apfelpatient.de\/#website","url":"https:\/\/www.apfelpatient.de\/","name":"apple patient","description":"Everything about Apple!","publisher":{"@type":"Organization","@id":"https:\/\/www.apfelpatient.de\/en\/#organization","name":"Apfelpatient","url":"https:\/\/www.apfelpatient.de\/en\/"},"alternateName":"Apfelpatient","potentialAction":[{"@type":"SearchAction","target":{"@type":"EntryPoint","urlTemplate":"https:\/\/www.apfelpatient.de\/?s={search_term_string}"},"query-input":{"@type":"PropertyValueSpecification","valueRequired":true,"valueName":"search_term_string"}}],"inLanguage":"en-US"},{"@type":["Person","Organization"],"@id":"https:\/\/www.apfelpatient.de\/#\/schema\/person\/35b3ddba5832f2bfc7fff5206d4f6b7b","name":"Milan","logo":{"@id":"https:\/\/www.apfelpatient.de\/#\/schema\/person\/image\/"},"description":"Hello and welcome to my technology blog! As a big Apple fan, I report on everything to do with Apple: from the latest news and exciting rumors to helpful tips and tricks and detailed product tests. If you are as enthusiastic about technology as I am, you have come to the right place!","sameAs":["https:\/\/www.facebook.com\/apfelpatientOfficial","https:\/\/www.linkedin.com\/in\/milan-jovicic-42aa0231b"],"url":"https:\/\/www.apfelpatient.de\/en\/author\/apfeladmin"}]}},"_links":{"self":[{"href":"https:\/\/www.apfelpatient.de\/en\/wp-json\/wp\/v2\/posts\/32283","targetHints":{"allow":["GET"]}}],"collection":[{"href":"https:\/\/www.apfelpatient.de\/en\/wp-json\/wp\/v2\/posts"}],"about":[{"href":"https:\/\/www.apfelpatient.de\/en\/wp-json\/wp\/v2\/types\/post"}],"author":[{"embeddable":true,"href":"https:\/\/www.apfelpatient.de\/en\/wp-json\/wp\/v2\/users\/2"}],"replies":[{"embeddable":true,"href":"https:\/\/www.apfelpatient.de\/en\/wp-json\/wp\/v2\/comments?post=32283"}],"version-history":[{"count":0,"href":"https:\/\/www.apfelpatient.de\/en\/wp-json\/wp\/v2\/posts\/32283\/revisions"}],"wp:featuredmedia":[{"embeddable":true,"href":"https:\/\/www.apfelpatient.de\/en\/wp-json\/wp\/v2\/media\/32287"}],"wp:attachment":[{"href":"https:\/\/www.apfelpatient.de\/en\/wp-json\/wp\/v2\/media?parent=32283"}],"wp:term":[{"taxonomy":"category","embeddable":true,"href":"https:\/\/www.apfelpatient.de\/en\/wp-json\/wp\/v2\/categories?post=32283"},{"taxonomy":"post_tag","embeddable":true,"href":"https:\/\/www.apfelpatient.de\/en\/wp-json\/wp\/v2\/tags?post=32283"}],"curies":[{"name":"wp","href":"https:\/\/api.w.org\/{rel}","templated":true}]}}