{"id":32184,"date":"2022-06-07T17:00:19","date_gmt":"2022-06-07T15:00:19","guid":{"rendered":"https:\/\/www.apfelpatient.de\/?p=32184"},"modified":"2022-06-07T17:00:20","modified_gmt":"2022-06-07T15:00:20","slug":"apple-ar-vr-headset-to-be-unveiled-in-january-2023","status":"publish","type":"post","link":"https:\/\/www.apfelpatient.de\/en\/rumors\/apple-ar-vr-headset-soll-im-januar-2023-enthuellt-werden","title":{"rendered":"Apple AR\/VR headset to be unveiled in January 2023"},"content":{"rendered":"<p class=\"has-drop-cap\"><strong>There have been reports for years that Apple is working on its own AR\/VR headset. Now Apple&#039;s schedule has allegedly leaked.<\/strong><\/p>\n\n\n\n<p>Apple analyst Ming-Chi Kuo <a href=\"https:\/\/twitter.com\/mingchikuo\/status\/1534063922852302849?s=20&amp;t=JN-AKyA39COT4xGF19wvFQ\" target=\"_blank\" rel=\"noreferrer noopener\">according to<\/a> Apple plans to announce the brand new product at its own event in January 2023. Recall that the first iPhone was also unveiled in January. According to Kuo, Apple will unveil the product at an event in January and deliver the tools for developers &quot;within 2-4 weeks of the event.&quot; However, pre-orders for the headset will begin in the second quarter of 2023, so customers will receive the device before WWDC 2023. Several reports have pointed to ongoing problems with the headset&#039;s development, delaying a market launch until next year.<\/p>\n\n\n\n<h3 class=\"wp-block-heading\" id=\"h-apple-ar-vr-headset-konnte-rund-3-000-us-dollar-kosten\">Apple AR\/VR headset could cost around $3,000<\/h3>\n\n\n\n\n\n\n\n<p>Apple&#039;s first product is said to be a hybrid headset with a curved visor and a soft mesh that conforms to the face. According to various rumors, the product will feature a band similar to the Apple Watch to keep it in place. The goal is to make the headset lighter and more comfortable for the wearer. It will feature two 4K Micro OLED displays, 15 camera modules, powerful processors equivalent to the M-series chips, eye-tracking capabilities, support for hand gestures, spatial audio and other features. According to sources, the product will be a niche device and will cost around $3,000 when launched. (Image: Rendersbyjan)<\/p>\n\n\n\n<ul class=\"wp-block-list\"><li><a href=\"https:\/\/www.apfelpatient.de\/en\/news\/realityos-new-trademark-application-from-apple-discovered\">realityOS: New trademark application from Apple discovered<\/a><\/li><\/ul>\n\n\n\n<h6 class=\"wp-block-heading translation-block\" id=\"h-kennt-ihr-schon-unsere-amazon-storefront-dort-findet-ihr-eine-handverlesene-auswahl-von-diversen-produkten-f-r-euer-iphone-und-co-viel-spa-beim-st-bern\"><em>Have you already visited our Amazon Storefront? There you&#039;ll find a hand-picked selection of various products for your iPhone and other devices \u2013 <span class=\"has-inline-color has-vivid-red-color\"><a href=\"https:\/\/www.amazon.de\/shop\/apfelpatientofficial\" class=\"ek-link\" data-wpel-link=\"exclude\" rel=\"follow noopener\" target=\"_self\"><span style=\"text-decoration: underline\" class=\"ek-underline\">enjoy browsing<\/span><\/a> !<\/span><\/em><\/h6>\n\n\n\n<h6 class=\"wp-block-heading translation-block\" id=\"h-der-beitrag-enthalt-partnerlinks\">This post contains <a data-type=\"URL\" data-id=\"https:\/\/www.apfelpatient.de\/partnerprogramm\" href=\"https:\/\/www.apfelpatient.de\/en\/partner-program\" data-wpel-link=\"internal\" target=\"_self\">affiliate links<\/a>.<\/h6>","protected":false},"excerpt":{"rendered":"<p>There have been reports for years that Apple is working on its own AR\/VR headset. Now Apple&#039;s schedule has allegedly leaked.<\/p>","protected":false},"author":2,"featured_media":29191,"comment_status":"closed","ping_status":"closed","sticky":false,"template":"","format":"standard","meta":{"jnews-multi-image_gallery":[],"jnews_single_post":{"subtitle":"","format":"standard","video":"","gallery":"","source_name":"","source_url":"","via_name":"","via_url":"","override":[{"single_blog_custom":"","sidebar":"","second_sidebar":"","share_position":"","share_float_style":"","post_date_format":"","post_date_format_custom":"","post_reading_time_wpm":"","zoom_button_out_step":"1","zoom_button_in_step":"1","number_popup_post":"1"}],"image_override":[{"single_post_thumbnail_size":"","single_post_gallery_size":""}],"trending_post_position":"","trending_post_label":"","sponsored_post_label":"","sponsored_post_name":"","sponsored_post_url":"","sponsored_post_logo":"","sponsored_post_desc":""},"jnews_primary_category":{"id":"25"},"footnotes":""},"categories":[25],"tags":[609],"class_list":["post-32184","post","type-post","status-publish","format-standard","has-post-thumbnail","hentry","category-rumors","tag-apple-vr-ar"],"yoast_head":"<!-- This site is optimized with the Yoast SEO Premium plugin v27.5 (Yoast SEO v27.5) - https:\/\/yoast.com\/product\/yoast-seo-premium-wordpress\/ -->\n<title>Apple AR\/VR-Headset soll im Januar 2023 enth\u00fcllt werden Apfelpatient<\/title>\n<meta name=\"description\" content=\"Seit Jahren wird dar\u00fcber berichtet, wonach Apple an einem eigenen AR\/VR-Headset arbeitet. Nun soll Apples Zeitplan durchgesickert sein.\" \/>\n<meta name=\"robots\" content=\"index, follow, max-snippet:-1, max-image-preview:large, max-video-preview:-1\" \/>\n<link rel=\"canonical\" href=\"https:\/\/www.apfelpatient.de\/en\/rumors\/apple-ar-vr-headset-to-be-unveiled-in-january-2023\" \/>\n<meta property=\"og:locale\" content=\"en_US\" \/>\n<meta property=\"og:type\" content=\"article\" \/>\n<meta property=\"og:title\" content=\"Apple AR\/VR-Headset soll im Januar 2023 enth\u00fcllt werden\" \/>\n<meta property=\"og:description\" content=\"Seit Jahren wird dar\u00fcber berichtet, wonach Apple an einem eigenen AR\/VR-Headset arbeitet. Nun soll Apples Zeitplan durchgesickert sein.\" \/>\n<meta property=\"og:url\" content=\"https:\/\/www.apfelpatient.de\/en\/rumors\/apple-ar-vr-headset-to-be-unveiled-in-january-2023\" \/>\n<meta property=\"og:site_name\" content=\"Apfelpatient\" \/>\n<meta property=\"article:publisher\" content=\"https:\/\/www.facebook.com\/apfelpatientOfficial\" \/>\n<meta property=\"article:author\" content=\"https:\/\/www.facebook.com\/apfelpatientOfficial\" \/>\n<meta property=\"article:published_time\" content=\"2022-06-07T15:00:19+00:00\" \/>\n<meta property=\"article:modified_time\" content=\"2022-06-07T15:00:20+00:00\" \/>\n<meta property=\"og:image\" content=\"https:\/\/www.apfelpatient.de\/wp-content\/uploads\/2021\/12\/AppleView-hero2.png\" \/>\n\t<meta property=\"og:image:width\" content=\"1600\" \/>\n\t<meta property=\"og:image:height\" content=\"986\" \/>\n\t<meta property=\"og:image:type\" content=\"image\/png\" \/>\n<meta name=\"author\" content=\"Milan\" \/>\n<meta name=\"twitter:card\" content=\"summary_large_image\" \/>\n<meta name=\"twitter:description\" content=\"Seit Jahren wird dar\u00fcber berichtet, wonach Apple an einem eigenen AR\/VR-Headset arbeitet. Nun soll Apples Zeitplan durchgesickert sein.\" \/>\n<meta name=\"twitter:label1\" content=\"Written by\" \/>\n\t<meta name=\"twitter:data1\" content=\"Milan\" \/>\n\t<meta name=\"twitter:label2\" content=\"Est. reading time\" \/>\n\t<meta name=\"twitter:data2\" content=\"2 minutes\" \/>\n<script type=\"application\/ld+json\" class=\"yoast-schema-graph\">{\"@context\":\"https:\\\/\\\/schema.org\",\"@graph\":[{\"@type\":\"NewsArticle\",\"@id\":\"https:\\\/\\\/www.apfelpatient.de\\\/rumors\\\/apple-ar-vr-headset-soll-im-januar-2023-enthuellt-werden#article\",\"isPartOf\":{\"@id\":\"https:\\\/\\\/www.apfelpatient.de\\\/rumors\\\/apple-ar-vr-headset-soll-im-januar-2023-enthuellt-werden\"},\"author\":{\"@type\":\"Organization\",\"@id\":\"https:\\\/\\\/www.apfelpatient.de\\\/en\\\/#organization\",\"name\":\"Apfelpatient\",\"url\":\"https:\\\/\\\/www.apfelpatient.de\\\/en\\\/\"},\"headline\":\"Apple AR\\\/VR-Headset soll im Januar 2023 enth\u00fcllt werden\",\"datePublished\":\"2022-06-07T15:00:19+00:00\",\"dateModified\":\"2022-06-07T15:00:20+00:00\",\"mainEntityOfPage\":{\"@id\":\"https:\\\/\\\/www.apfelpatient.de\\\/rumors\\\/apple-ar-vr-headset-soll-im-januar-2023-enthuellt-werden\"},\"wordCount\":253,\"publisher\":{\"@type\":\"Organization\",\"@id\":\"https:\\\/\\\/www.apfelpatient.de\\\/en\\\/#organization\",\"name\":\"Apfelpatient\",\"url\":\"https:\\\/\\\/www.apfelpatient.de\\\/en\\\/\"},\"image\":{\"@id\":\"https:\\\/\\\/www.apfelpatient.de\\\/rumors\\\/apple-ar-vr-headset-soll-im-januar-2023-enthuellt-werden#primaryimage\"},\"thumbnailUrl\":\"https:\\\/\\\/www.apfelpatient.de\\\/wp-content\\\/uploads\\\/2021\\\/12\\\/AppleView-hero2.png\",\"keywords\":[\"Apple VR\\\/AR\"],\"articleSection\":\"Rumors\",\"inLanguage\":\"en-US\",\"copyrightYear\":\"2022\",\"copyrightHolder\":{\"@id\":\"https:\\\/\\\/www.apfelpatient.de\\\/en\\\/#organization\"}},{\"@type\":\"WebPage\",\"@id\":\"https:\\\/\\\/www.apfelpatient.de\\\/rumors\\\/apple-ar-vr-headset-soll-im-januar-2023-enthuellt-werden\",\"url\":\"https:\\\/\\\/www.apfelpatient.de\\\/rumors\\\/apple-ar-vr-headset-soll-im-januar-2023-enthuellt-werden\",\"name\":\"Apple AR\\\/VR-Headset soll im Januar 2023 enth\u00fcllt werden Apfelpatient\",\"isPartOf\":{\"@id\":\"https:\\\/\\\/www.apfelpatient.de\\\/#website\"},\"primaryImageOfPage\":{\"@id\":\"https:\\\/\\\/www.apfelpatient.de\\\/rumors\\\/apple-ar-vr-headset-soll-im-januar-2023-enthuellt-werden#primaryimage\"},\"image\":{\"@id\":\"https:\\\/\\\/www.apfelpatient.de\\\/rumors\\\/apple-ar-vr-headset-soll-im-januar-2023-enthuellt-werden#primaryimage\"},\"thumbnailUrl\":\"https:\\\/\\\/www.apfelpatient.de\\\/wp-content\\\/uploads\\\/2021\\\/12\\\/AppleView-hero2.png\",\"datePublished\":\"2022-06-07T15:00:19+00:00\",\"dateModified\":\"2022-06-07T15:00:20+00:00\",\"description\":\"Seit Jahren wird dar\u00fcber berichtet, wonach Apple an einem eigenen AR\\\/VR-Headset arbeitet. Nun soll Apples Zeitplan durchgesickert sein.\",\"breadcrumb\":{\"@id\":\"https:\\\/\\\/www.apfelpatient.de\\\/rumors\\\/apple-ar-vr-headset-soll-im-januar-2023-enthuellt-werden#breadcrumb\"},\"inLanguage\":\"en-US\",\"potentialAction\":[{\"@type\":\"ReadAction\",\"target\":[\"https:\\\/\\\/www.apfelpatient.de\\\/rumors\\\/apple-ar-vr-headset-soll-im-januar-2023-enthuellt-werden\"]}]},{\"@type\":\"ImageObject\",\"inLanguage\":\"en-US\",\"@id\":\"https:\\\/\\\/www.apfelpatient.de\\\/rumors\\\/apple-ar-vr-headset-soll-im-januar-2023-enthuellt-werden#primaryimage\",\"url\":\"https:\\\/\\\/www.apfelpatient.de\\\/wp-content\\\/uploads\\\/2021\\\/12\\\/AppleView-hero2.png\",\"contentUrl\":\"https:\\\/\\\/www.apfelpatient.de\\\/wp-content\\\/uploads\\\/2021\\\/12\\\/AppleView-hero2.png\",\"width\":1600,\"height\":986,\"caption\":\"Bild: Rendersbyjan - Apple View - Apple AR\\\/VR-Headset\"},{\"@type\":\"BreadcrumbList\",\"@id\":\"https:\\\/\\\/www.apfelpatient.de\\\/rumors\\\/apple-ar-vr-headset-soll-im-januar-2023-enthuellt-werden#breadcrumb\",\"itemListElement\":[{\"@type\":\"ListItem\",\"position\":1,\"name\":\"Startseite\",\"item\":\"https:\\\/\\\/www.apfelpatient.de\\\/\"},{\"@type\":\"ListItem\",\"position\":2,\"name\":\"Apple AR\\\/VR-Headset soll im Januar 2023 enth\u00fcllt werden\"}]},{\"@type\":\"WebSite\",\"@id\":\"https:\\\/\\\/www.apfelpatient.de\\\/#website\",\"url\":\"https:\\\/\\\/www.apfelpatient.de\\\/\",\"name\":\"Apfelpatient\",\"description\":\"Alles rund um Apple!\",\"publisher\":{\"@type\":\"Organization\",\"@id\":\"https:\\\/\\\/www.apfelpatient.de\\\/en\\\/#organization\",\"name\":\"Apfelpatient\",\"url\":\"https:\\\/\\\/www.apfelpatient.de\\\/en\\\/\"},\"alternateName\":\"Apfelpatient\",\"potentialAction\":[{\"@type\":\"SearchAction\",\"target\":{\"@type\":\"EntryPoint\",\"urlTemplate\":\"https:\\\/\\\/www.apfelpatient.de\\\/?s={search_term_string}\"},\"query-input\":{\"@type\":\"PropertyValueSpecification\",\"valueRequired\":true,\"valueName\":\"search_term_string\"}}],\"inLanguage\":\"en-US\"},{\"@type\":[\"Person\",\"Organization\"],\"@id\":\"https:\\\/\\\/www.apfelpatient.de\\\/#\\\/schema\\\/person\\\/35b3ddba5832f2bfc7fff5206d4f6b7b\",\"name\":\"Milan\",\"logo\":{\"@id\":\"https:\\\/\\\/www.apfelpatient.de\\\/#\\\/schema\\\/person\\\/image\\\/\"},\"description\":\"Hallo und herzlich willkommen auf meinem Technik-Blog! Als gro\u00dfer Apple-Fan berichte ich hier \u00fcber alles, was mit Apple zu tun hat: von den neuesten News und spannenden Ger\u00fcchten \u00fcber hilfreiche Tipps und Tricks bis hin zu ausf\u00fchrlichen Produkttests. Wenn du genauso technikbegeistert bist wie ich, bist du hier genau richtig!\",\"sameAs\":[\"https:\\\/\\\/www.facebook.com\\\/apfelpatientOfficial\",\"https:\\\/\\\/www.linkedin.com\\\/in\\\/milan-jovicic-42aa0231b\"],\"url\":\"https:\\\/\\\/www.apfelpatient.de\\\/en\\\/author\\\/apfeladmin\"}]}<\/script>\n<!-- \/ Yoast SEO Premium plugin. -->","yoast_head_json":{"title":"Apple AR\/VR headset to be unveiled in January 2023 Apfelpatient","description":"There have been reports for years that Apple is working on its own AR\/VR headset. Now Apple&#039;s schedule has allegedly leaked.","robots":{"index":"index","follow":"follow","max-snippet":"max-snippet:-1","max-image-preview":"max-image-preview:large","max-video-preview":"max-video-preview:-1"},"canonical":"https:\/\/www.apfelpatient.de\/en\/rumors\/apple-ar-vr-headset-to-be-unveiled-in-january-2023","og_locale":"en_US","og_type":"article","og_title":"Apple AR\/VR-Headset soll im Januar 2023 enth\u00fcllt werden","og_description":"Seit Jahren wird dar\u00fcber berichtet, wonach Apple an einem eigenen AR\/VR-Headset arbeitet. Nun soll Apples Zeitplan durchgesickert sein.","og_url":"https:\/\/www.apfelpatient.de\/en\/rumors\/apple-ar-vr-headset-to-be-unveiled-in-january-2023","og_site_name":"Apfelpatient","article_publisher":"https:\/\/www.facebook.com\/apfelpatientOfficial","article_author":"https:\/\/www.facebook.com\/apfelpatientOfficial","article_published_time":"2022-06-07T15:00:19+00:00","article_modified_time":"2022-06-07T15:00:20+00:00","og_image":[{"width":1600,"height":986,"url":"https:\/\/www.apfelpatient.de\/wp-content\/uploads\/2021\/12\/AppleView-hero2.png","type":"image\/png"}],"author":"Milan","twitter_card":"summary_large_image","twitter_description":"Seit Jahren wird dar\u00fcber berichtet, wonach Apple an einem eigenen AR\/VR-Headset arbeitet. Nun soll Apples Zeitplan durchgesickert sein.","twitter_misc":{"Written by":"Milan","Est. reading time":"2 minutes"},"schema":{"@context":"https:\/\/schema.org","@graph":[{"@type":"NewsArticle","@id":"https:\/\/www.apfelpatient.de\/rumors\/apple-ar-vr-headset-soll-im-januar-2023-enthuellt-werden#article","isPartOf":{"@id":"https:\/\/www.apfelpatient.de\/rumors\/apple-ar-vr-headset-soll-im-januar-2023-enthuellt-werden"},"author":{"@type":"Organization","@id":"https:\/\/www.apfelpatient.de\/en\/#organization","name":"Apfelpatient","url":"https:\/\/www.apfelpatient.de\/en\/"},"headline":"Apple AR\/VR-Headset soll im Januar 2023 enth\u00fcllt werden","datePublished":"2022-06-07T15:00:19+00:00","dateModified":"2022-06-07T15:00:20+00:00","mainEntityOfPage":{"@id":"https:\/\/www.apfelpatient.de\/rumors\/apple-ar-vr-headset-soll-im-januar-2023-enthuellt-werden"},"wordCount":253,"publisher":{"@type":"Organization","@id":"https:\/\/www.apfelpatient.de\/en\/#organization","name":"Apfelpatient","url":"https:\/\/www.apfelpatient.de\/en\/"},"image":{"@id":"https:\/\/www.apfelpatient.de\/rumors\/apple-ar-vr-headset-soll-im-januar-2023-enthuellt-werden#primaryimage"},"thumbnailUrl":"https:\/\/www.apfelpatient.de\/wp-content\/uploads\/2021\/12\/AppleView-hero2.png","keywords":["Apple VR\/AR"],"articleSection":"Rumors","inLanguage":"en-US","copyrightYear":"2022","copyrightHolder":{"@id":"https:\/\/www.apfelpatient.de\/en\/#organization"}},{"@type":"WebPage","@id":"https:\/\/www.apfelpatient.de\/rumors\/apple-ar-vr-headset-soll-im-januar-2023-enthuellt-werden","url":"https:\/\/www.apfelpatient.de\/rumors\/apple-ar-vr-headset-soll-im-januar-2023-enthuellt-werden","name":"Apple AR\/VR headset to be unveiled in January 2023 Apfelpatient","isPartOf":{"@id":"https:\/\/www.apfelpatient.de\/#website"},"primaryImageOfPage":{"@id":"https:\/\/www.apfelpatient.de\/rumors\/apple-ar-vr-headset-soll-im-januar-2023-enthuellt-werden#primaryimage"},"image":{"@id":"https:\/\/www.apfelpatient.de\/rumors\/apple-ar-vr-headset-soll-im-januar-2023-enthuellt-werden#primaryimage"},"thumbnailUrl":"https:\/\/www.apfelpatient.de\/wp-content\/uploads\/2021\/12\/AppleView-hero2.png","datePublished":"2022-06-07T15:00:19+00:00","dateModified":"2022-06-07T15:00:20+00:00","description":"There have been reports for years that Apple is working on its own AR\/VR headset. Now Apple&#039;s schedule has allegedly leaked.","breadcrumb":{"@id":"https:\/\/www.apfelpatient.de\/rumors\/apple-ar-vr-headset-soll-im-januar-2023-enthuellt-werden#breadcrumb"},"inLanguage":"en-US","potentialAction":[{"@type":"ReadAction","target":["https:\/\/www.apfelpatient.de\/rumors\/apple-ar-vr-headset-soll-im-januar-2023-enthuellt-werden"]}]},{"@type":"ImageObject","inLanguage":"en-US","@id":"https:\/\/www.apfelpatient.de\/rumors\/apple-ar-vr-headset-soll-im-januar-2023-enthuellt-werden#primaryimage","url":"https:\/\/www.apfelpatient.de\/wp-content\/uploads\/2021\/12\/AppleView-hero2.png","contentUrl":"https:\/\/www.apfelpatient.de\/wp-content\/uploads\/2021\/12\/AppleView-hero2.png","width":1600,"height":986,"caption":"Bild: Rendersbyjan - Apple View - Apple AR\/VR-Headset"},{"@type":"BreadcrumbList","@id":"https:\/\/www.apfelpatient.de\/rumors\/apple-ar-vr-headset-soll-im-januar-2023-enthuellt-werden#breadcrumb","itemListElement":[{"@type":"ListItem","position":1,"name":"Startseite","item":"https:\/\/www.apfelpatient.de\/"},{"@type":"ListItem","position":2,"name":"Apple AR\/VR-Headset soll im Januar 2023 enth\u00fcllt werden"}]},{"@type":"WebSite","@id":"https:\/\/www.apfelpatient.de\/#website","url":"https:\/\/www.apfelpatient.de\/","name":"apple patient","description":"Everything about Apple!","publisher":{"@type":"Organization","@id":"https:\/\/www.apfelpatient.de\/en\/#organization","name":"Apfelpatient","url":"https:\/\/www.apfelpatient.de\/en\/"},"alternateName":"Apfelpatient","potentialAction":[{"@type":"SearchAction","target":{"@type":"EntryPoint","urlTemplate":"https:\/\/www.apfelpatient.de\/?s={search_term_string}"},"query-input":{"@type":"PropertyValueSpecification","valueRequired":true,"valueName":"search_term_string"}}],"inLanguage":"en-US"},{"@type":["Person","Organization"],"@id":"https:\/\/www.apfelpatient.de\/#\/schema\/person\/35b3ddba5832f2bfc7fff5206d4f6b7b","name":"Milan","logo":{"@id":"https:\/\/www.apfelpatient.de\/#\/schema\/person\/image\/"},"description":"Hello and welcome to my technology blog! As a big Apple fan, I report on everything to do with Apple: from the latest news and exciting rumors to helpful tips and tricks and detailed product tests. If you are as enthusiastic about technology as I am, you have come to the right place!","sameAs":["https:\/\/www.facebook.com\/apfelpatientOfficial","https:\/\/www.linkedin.com\/in\/milan-jovicic-42aa0231b"],"url":"https:\/\/www.apfelpatient.de\/en\/author\/apfeladmin"}]}},"_links":{"self":[{"href":"https:\/\/www.apfelpatient.de\/en\/wp-json\/wp\/v2\/posts\/32184","targetHints":{"allow":["GET"]}}],"collection":[{"href":"https:\/\/www.apfelpatient.de\/en\/wp-json\/wp\/v2\/posts"}],"about":[{"href":"https:\/\/www.apfelpatient.de\/en\/wp-json\/wp\/v2\/types\/post"}],"author":[{"embeddable":true,"href":"https:\/\/www.apfelpatient.de\/en\/wp-json\/wp\/v2\/users\/2"}],"replies":[{"embeddable":true,"href":"https:\/\/www.apfelpatient.de\/en\/wp-json\/wp\/v2\/comments?post=32184"}],"version-history":[{"count":0,"href":"https:\/\/www.apfelpatient.de\/en\/wp-json\/wp\/v2\/posts\/32184\/revisions"}],"wp:featuredmedia":[{"embeddable":true,"href":"https:\/\/www.apfelpatient.de\/en\/wp-json\/wp\/v2\/media\/29191"}],"wp:attachment":[{"href":"https:\/\/www.apfelpatient.de\/en\/wp-json\/wp\/v2\/media?parent=32184"}],"wp:term":[{"taxonomy":"category","embeddable":true,"href":"https:\/\/www.apfelpatient.de\/en\/wp-json\/wp\/v2\/categories?post=32184"},{"taxonomy":"post_tag","embeddable":true,"href":"https:\/\/www.apfelpatient.de\/en\/wp-json\/wp\/v2\/tags?post=32184"}],"curies":[{"name":"wp","href":"https:\/\/api.w.org\/{rel}","templated":true}]}}