{"id":32176,"date":"2022-06-07T16:13:22","date_gmt":"2022-06-07T14:13:22","guid":{"rendered":"https:\/\/www.apfelpatient.de\/?p=32176"},"modified":"2022-06-07T16:13:23","modified_gmt":"2022-06-07T14:13:23","slug":"eu-reaches-agreement-usb-c-will-be-mandatory-from-autumn-2024","status":"publish","type":"post","link":"https:\/\/www.apfelpatient.de\/en\/news\/eu-erzielt-einigung-usb-c-wird-ab-herbst-2024-verpflichtend","title":{"rendered":"EU reaches agreement: USB-C will be mandatory from autumn 2024"},"content":{"rendered":"<p class=\"has-drop-cap\"><strong>The European Union has reached a groundbreaking agreement that will require a variety of consumer electronics devices, including the iPhone and AirPods, to be equipped with a USB-C port for charging by fall 2024.<\/strong><\/p>\n\n\n\n<p>In one <a href=\"https:\/\/www.europarl.europa.eu\/news\/en\/press-room\/20220603IPR32196\/deal-on-common-charger-reducing-hassle-for-consumers-and-curbing-e-waste\" target=\"_blank\" rel=\"noreferrer noopener\">press release<\/a> The European Parliament&#039;s Internal Market and Consumer Protection Committee announced that it had agreed on a law that would make the USB-C port mandatory on a wide range of consumer electronics devices by autumn 2024. The proposal, known as a directive, will force all consumer electronics manufacturers selling devices in Europe to ensure that all new phones, tablets, laptops, digital cameras, headphones, headsets, portable video game consoles and speakers are equipped with a USB-C port, regardless of the manufacturer. Exceptions will only apply to devices that are too small for a USB-C port, such as smartwatches, health trackers and some sports equipment. The legislation is expected to be extended to other devices such as laptops over time.<\/p>\n\n\n\n<h3 class=\"wp-block-heading\" id=\"h-ist-apples-magsafe-technologie-ebenfalls-betroffen\">Is Apple&#039;s MagSafe technology also affected?<\/h3>\n\n\n\n<p>This &quot;common connector&quot; would be a world first and would mainly affect Apple, as the company uses the Lightning connector instead of USB-C on many of its devices. MEPs believe this move will reduce e-waste, improve product sustainability and make using different devices more convenient. The EU also wants to ensure that wireless charging solutions are interoperable as technology evolves. The new directive proposes empowering the European Commission to develop delegated acts that would force companies to make their custom wireless charging solutions more open and meet interoperability standards so that consumers are not locked into proprietary charging solutions while preventing fragmentation and reducing waste.<\/p>\n\n\n\n<h3 class=\"wp-block-heading\">Directive has been revised<\/h3>\n\n\n\n<p>It is not clear whether this would include Apple&#039;s MagSafe charging system for the iPhone and AirPods, as it is based on the Qi wireless charging standard. In 2018, the European Commission attempted to find a final solution on the issue, but it failed to come into force. At the time, Apple warned that forcing a common charging port would stifle innovation and create electronic waste as consumers would be forced to switch to new cables. Last year, the EU resumed its efforts, with the European Commission taking the lead in revising the directive. In April, the Internal Market and Consumer Protection Committee voted in favor of the directive with 43 votes in favor and just two against.<\/p>\n\n\n\n<h3 class=\"wp-block-heading\">iPhone 15 could use USB-C port<\/h3>\n\n\n\n\n\n\n\n<p>This must be formally adopted by the European Parliament and the European Council later this year. It will come into force 20 days after publication in the EU Official Journal and its provisions will be applied to new devices after 24 months. Both Apple analyst Ming-Chi Kuo and Bloomberg&#039;s Mark Gurman have said that Apple is testing a version of the iPhone that has a USB-C port instead of a Lightning port. Kuo believes that Apple could switch the iPhone to USB-C starting with the iPhone 15 in 2023, before AirPods and other accessories follow at a later date. This timeframe would allow Apple to switch the affected devices to USB-C before the EU directive comes into force. Are you interested in the iPhone SE 2022? In terms of price, the entry-level model is currently <a href=\"https:\/\/www.idealo.de\/preisvergleich\/OffersOfProduct\/201860120_-iphone-se-2022-apple.html\" target=\"_blank\" rel=\"noreferrer noopener\">from 408.27 euros<\/a> available. (Photo by NaMaKuKi \/ Bigstockphoto)<\/p>\n\n\n\n<ul class=\"wp-block-list\"><li><a href=\"https:\/\/www.apfelpatient.de\/en\/news\/all-hardware-software-functions-eu-wants-to-force-apple-to-release\">All hardware and software functions: EU wants to force Apple to release<\/a><\/li><\/ul>\n\n\n\n<h6 class=\"wp-block-heading translation-block\" id=\"h-kennt-ihr-schon-unsere-amazon-storefront-dort-findet-ihr-eine-handverlesene-auswahl-von-diversen-produkten-f-r-euer-iphone-und-co-viel-spa-beim-st-bern\"><em>Have you already visited our Amazon Storefront? There you&#039;ll find a hand-picked selection of various products for your iPhone and other devices \u2013 <span class=\"has-inline-color has-vivid-red-color\"><a href=\"https:\/\/www.amazon.de\/shop\/apfelpatientofficial\" class=\"ek-link\" data-wpel-link=\"exclude\" rel=\"follow noopener\" target=\"_self\"><span style=\"text-decoration: underline\" class=\"ek-underline\">enjoy browsing<\/span><\/a> !<\/span><\/em><\/h6>\n\n\n\n<h6 class=\"wp-block-heading translation-block\" id=\"h-der-beitrag-enthalt-partnerlinks\">This post contains <a data-type=\"URL\" data-id=\"https:\/\/www.apfelpatient.de\/partnerprogramm\" href=\"https:\/\/www.apfelpatient.de\/en\/partner-program\" data-wpel-link=\"internal\" target=\"_self\">affiliate links<\/a>.<\/h6>","protected":false},"excerpt":{"rendered":"<p>EU reaches agreement: Many consumer electronics devices must be equipped with a USB-C port for charging.<\/p>","protected":false},"author":2,"featured_media":32175,"comment_status":"closed","ping_status":"closed","sticky":false,"template":"","format":"standard","meta":{"jnews-multi-image_gallery":[],"jnews_single_post":{"subtitle":"","format":"standard","video":"","gallery":"","source_name":"","source_url":"","via_name":"","via_url":"","override":[{"single_blog_custom":"","sidebar":"","second_sidebar":"","share_position":"","share_float_style":"","post_date_format":"","post_date_format_custom":"","post_reading_time_wpm":"","zoom_button_out_step":"1","zoom_button_in_step":"1","number_popup_post":"1"}],"image_override":[{"single_post_thumbnail_size":"","single_post_gallery_size":""}],"trending_post_position":"","trending_post_label":"","sponsored_post_label":"","sponsored_post_name":"","sponsored_post_url":"","sponsored_post_logo":"","sponsored_post_desc":""},"jnews_primary_category":{"id":"9"},"footnotes":""},"categories":[9],"tags":[28,18,8,40,13],"class_list":["post-32176","post","type-post","status-publish","format-standard","has-post-thumbnail","hentry","category-news","tag-airpods","tag-ipad","tag-iphone","tag-mac","tag-techpatient"],"yoast_head":"<!-- This site is optimized with the Yoast SEO Premium plugin v27.5 (Yoast SEO v27.5) - https:\/\/yoast.com\/product\/yoast-seo-premium-wordpress\/ -->\n<title>EU erzielt Einigung: USB-C wird ab Herbst 2024 verpflichtend<\/title>\n<meta name=\"description\" content=\"EU erzielt Einigung: Vielzahl von Unterhaltungselektronikger\u00e4ten m\u00fcssen mit einem USB-C-Anschluss zum Aufladen ausgestattet werden.\" \/>\n<meta name=\"robots\" content=\"index, follow, max-snippet:-1, max-image-preview:large, max-video-preview:-1\" \/>\n<link rel=\"canonical\" href=\"https:\/\/www.apfelpatient.de\/en\/news\/eu-reaches-agreement-usb-c-will-be-mandatory-from-autumn-2024\" \/>\n<meta property=\"og:locale\" content=\"en_US\" \/>\n<meta property=\"og:type\" content=\"article\" \/>\n<meta property=\"og:title\" content=\"EU erzielt Einigung: USB-C wird ab Herbst 2024 verpflichtend\" \/>\n<meta property=\"og:description\" content=\"EU erzielt Einigung: Vielzahl von Unterhaltungselektronikger\u00e4ten m\u00fcssen mit einem USB-C-Anschluss zum Aufladen ausgestattet werden.\" \/>\n<meta property=\"og:url\" content=\"https:\/\/www.apfelpatient.de\/en\/news\/eu-reaches-agreement-usb-c-will-be-mandatory-from-autumn-2024\" \/>\n<meta property=\"og:site_name\" content=\"Apfelpatient\" \/>\n<meta property=\"article:publisher\" content=\"https:\/\/www.facebook.com\/apfelpatientOfficial\" \/>\n<meta property=\"article:author\" content=\"https:\/\/www.facebook.com\/apfelpatientOfficial\" \/>\n<meta property=\"article:published_time\" content=\"2022-06-07T14:13:22+00:00\" \/>\n<meta property=\"article:modified_time\" content=\"2022-06-07T14:13:23+00:00\" \/>\n<meta property=\"og:image\" content=\"https:\/\/www.apfelpatient.de\/wp-content\/uploads\/2022\/06\/bigstock-Usb-Type-C-Usb-c-Isolated-On-420514489.jpg\" \/>\n\t<meta property=\"og:image:width\" content=\"1600\" \/>\n\t<meta property=\"og:image:height\" content=\"1067\" \/>\n\t<meta property=\"og:image:type\" content=\"image\/jpeg\" \/>\n<meta name=\"author\" content=\"Milan\" \/>\n<meta name=\"twitter:card\" content=\"summary_large_image\" \/>\n<meta name=\"twitter:description\" content=\"EU erzielt Einigung: Vielzahl von Unterhaltungselektronikger\u00e4ten m\u00fcssen mit einem USB-C-Anschluss zum Aufladen ausgestattet werden.\" \/>\n<meta name=\"twitter:label1\" content=\"Written by\" \/>\n\t<meta name=\"twitter:data1\" content=\"Milan\" \/>\n\t<meta name=\"twitter:label2\" content=\"Est. reading time\" \/>\n\t<meta name=\"twitter:data2\" content=\"3 minutes\" \/>\n<script type=\"application\/ld+json\" class=\"yoast-schema-graph\">{\"@context\":\"https:\\\/\\\/schema.org\",\"@graph\":[{\"@type\":\"NewsArticle\",\"@id\":\"https:\\\/\\\/www.apfelpatient.de\\\/news\\\/eu-erzielt-einigung-usb-c-wird-ab-herbst-2024-verpflichtend#article\",\"isPartOf\":{\"@id\":\"https:\\\/\\\/www.apfelpatient.de\\\/news\\\/eu-erzielt-einigung-usb-c-wird-ab-herbst-2024-verpflichtend\"},\"author\":{\"@type\":\"Organization\",\"@id\":\"https:\\\/\\\/www.apfelpatient.de\\\/en\\\/#organization\",\"name\":\"Apfelpatient\",\"url\":\"https:\\\/\\\/www.apfelpatient.de\\\/en\\\/\"},\"headline\":\"EU erzielt Einigung: USB-C wird ab Herbst 2024 verpflichtend\",\"datePublished\":\"2022-06-07T14:13:22+00:00\",\"dateModified\":\"2022-06-07T14:13:23+00:00\",\"mainEntityOfPage\":{\"@id\":\"https:\\\/\\\/www.apfelpatient.de\\\/news\\\/eu-erzielt-einigung-usb-c-wird-ab-herbst-2024-verpflichtend\"},\"wordCount\":576,\"publisher\":{\"@type\":\"Organization\",\"@id\":\"https:\\\/\\\/www.apfelpatient.de\\\/en\\\/#organization\",\"name\":\"Apfelpatient\",\"url\":\"https:\\\/\\\/www.apfelpatient.de\\\/en\\\/\"},\"image\":{\"@id\":\"https:\\\/\\\/www.apfelpatient.de\\\/news\\\/eu-erzielt-einigung-usb-c-wird-ab-herbst-2024-verpflichtend#primaryimage\"},\"thumbnailUrl\":\"https:\\\/\\\/www.apfelpatient.de\\\/wp-content\\\/uploads\\\/2022\\\/06\\\/bigstock-Usb-Type-C-Usb-c-Isolated-On-420514489.jpg\",\"keywords\":[\"AirPods\",\"iPad\",\"iPhone\",\"Mac\",\"TechPatient\"],\"articleSection\":\"News\",\"inLanguage\":\"en-US\",\"copyrightYear\":\"2022\",\"copyrightHolder\":{\"@id\":\"https:\\\/\\\/www.apfelpatient.de\\\/en\\\/#organization\"}},{\"@type\":\"WebPage\",\"@id\":\"https:\\\/\\\/www.apfelpatient.de\\\/news\\\/eu-erzielt-einigung-usb-c-wird-ab-herbst-2024-verpflichtend\",\"url\":\"https:\\\/\\\/www.apfelpatient.de\\\/news\\\/eu-erzielt-einigung-usb-c-wird-ab-herbst-2024-verpflichtend\",\"name\":\"EU erzielt Einigung: USB-C wird ab Herbst 2024 verpflichtend\",\"isPartOf\":{\"@id\":\"https:\\\/\\\/www.apfelpatient.de\\\/#website\"},\"primaryImageOfPage\":{\"@id\":\"https:\\\/\\\/www.apfelpatient.de\\\/news\\\/eu-erzielt-einigung-usb-c-wird-ab-herbst-2024-verpflichtend#primaryimage\"},\"image\":{\"@id\":\"https:\\\/\\\/www.apfelpatient.de\\\/news\\\/eu-erzielt-einigung-usb-c-wird-ab-herbst-2024-verpflichtend#primaryimage\"},\"thumbnailUrl\":\"https:\\\/\\\/www.apfelpatient.de\\\/wp-content\\\/uploads\\\/2022\\\/06\\\/bigstock-Usb-Type-C-Usb-c-Isolated-On-420514489.jpg\",\"datePublished\":\"2022-06-07T14:13:22+00:00\",\"dateModified\":\"2022-06-07T14:13:23+00:00\",\"description\":\"EU erzielt Einigung: Vielzahl von Unterhaltungselektronikger\u00e4ten m\u00fcssen mit einem USB-C-Anschluss zum Aufladen ausgestattet werden.\",\"breadcrumb\":{\"@id\":\"https:\\\/\\\/www.apfelpatient.de\\\/news\\\/eu-erzielt-einigung-usb-c-wird-ab-herbst-2024-verpflichtend#breadcrumb\"},\"inLanguage\":\"en-US\",\"potentialAction\":[{\"@type\":\"ReadAction\",\"target\":[\"https:\\\/\\\/www.apfelpatient.de\\\/news\\\/eu-erzielt-einigung-usb-c-wird-ab-herbst-2024-verpflichtend\"]}]},{\"@type\":\"ImageObject\",\"inLanguage\":\"en-US\",\"@id\":\"https:\\\/\\\/www.apfelpatient.de\\\/news\\\/eu-erzielt-einigung-usb-c-wird-ab-herbst-2024-verpflichtend#primaryimage\",\"url\":\"https:\\\/\\\/www.apfelpatient.de\\\/wp-content\\\/uploads\\\/2022\\\/06\\\/bigstock-Usb-Type-C-Usb-c-Isolated-On-420514489.jpg\",\"contentUrl\":\"https:\\\/\\\/www.apfelpatient.de\\\/wp-content\\\/uploads\\\/2022\\\/06\\\/bigstock-Usb-Type-C-Usb-c-Isolated-On-420514489.jpg\",\"width\":1600,\"height\":1067,\"caption\":\"USB Type C, USB-C isolated on white background with clipping path\"},{\"@type\":\"BreadcrumbList\",\"@id\":\"https:\\\/\\\/www.apfelpatient.de\\\/news\\\/eu-erzielt-einigung-usb-c-wird-ab-herbst-2024-verpflichtend#breadcrumb\",\"itemListElement\":[{\"@type\":\"ListItem\",\"position\":1,\"name\":\"Startseite\",\"item\":\"https:\\\/\\\/www.apfelpatient.de\\\/\"},{\"@type\":\"ListItem\",\"position\":2,\"name\":\"EU erzielt Einigung: USB-C wird ab Herbst 2024 verpflichtend\"}]},{\"@type\":\"WebSite\",\"@id\":\"https:\\\/\\\/www.apfelpatient.de\\\/#website\",\"url\":\"https:\\\/\\\/www.apfelpatient.de\\\/\",\"name\":\"Apfelpatient\",\"description\":\"Alles rund um Apple!\",\"publisher\":{\"@type\":\"Organization\",\"@id\":\"https:\\\/\\\/www.apfelpatient.de\\\/en\\\/#organization\",\"name\":\"Apfelpatient\",\"url\":\"https:\\\/\\\/www.apfelpatient.de\\\/en\\\/\"},\"alternateName\":\"Apfelpatient\",\"potentialAction\":[{\"@type\":\"SearchAction\",\"target\":{\"@type\":\"EntryPoint\",\"urlTemplate\":\"https:\\\/\\\/www.apfelpatient.de\\\/?s={search_term_string}\"},\"query-input\":{\"@type\":\"PropertyValueSpecification\",\"valueRequired\":true,\"valueName\":\"search_term_string\"}}],\"inLanguage\":\"en-US\"},{\"@type\":[\"Person\",\"Organization\"],\"@id\":\"https:\\\/\\\/www.apfelpatient.de\\\/#\\\/schema\\\/person\\\/7dc56ad6c8e9824b76d2c08d4c140e13\",\"name\":\"Milan\",\"logo\":{\"@id\":\"https:\\\/\\\/www.apfelpatient.de\\\/#\\\/schema\\\/person\\\/image\\\/\"},\"description\":\"Hallo und herzlich willkommen auf meinem Technik-Blog! Als gro\u00dfer Apple-Fan berichte ich hier \u00fcber alles, was mit Apple zu tun hat: von den neuesten News und spannenden Ger\u00fcchten \u00fcber hilfreiche Tipps und Tricks bis hin zu ausf\u00fchrlichen Produkttests. Wenn du genauso technikbegeistert bist wie ich, bist du hier genau richtig!\",\"sameAs\":[\"https:\\\/\\\/www.facebook.com\\\/apfelpatientOfficial\",\"https:\\\/\\\/www.linkedin.com\\\/in\\\/milan-jovicic-42aa0231b\"],\"url\":\"https:\\\/\\\/www.apfelpatient.de\\\/en\\\/author\\\/apfeladmin\"}]}<\/script>\n<!-- \/ Yoast SEO Premium plugin. -->","yoast_head_json":{"title":"EU reaches agreement: USB-C will be mandatory from autumn 2024","description":"EU reaches agreement: Many consumer electronics devices must be equipped with a USB-C port for charging.","robots":{"index":"index","follow":"follow","max-snippet":"max-snippet:-1","max-image-preview":"max-image-preview:large","max-video-preview":"max-video-preview:-1"},"canonical":"https:\/\/www.apfelpatient.de\/en\/news\/eu-reaches-agreement-usb-c-will-be-mandatory-from-autumn-2024","og_locale":"en_US","og_type":"article","og_title":"EU erzielt Einigung: USB-C wird ab Herbst 2024 verpflichtend","og_description":"EU erzielt Einigung: Vielzahl von Unterhaltungselektronikger\u00e4ten m\u00fcssen mit einem USB-C-Anschluss zum Aufladen ausgestattet werden.","og_url":"https:\/\/www.apfelpatient.de\/en\/news\/eu-reaches-agreement-usb-c-will-be-mandatory-from-autumn-2024","og_site_name":"Apfelpatient","article_publisher":"https:\/\/www.facebook.com\/apfelpatientOfficial","article_author":"https:\/\/www.facebook.com\/apfelpatientOfficial","article_published_time":"2022-06-07T14:13:22+00:00","article_modified_time":"2022-06-07T14:13:23+00:00","og_image":[{"width":1600,"height":1067,"url":"https:\/\/www.apfelpatient.de\/wp-content\/uploads\/2022\/06\/bigstock-Usb-Type-C-Usb-c-Isolated-On-420514489.jpg","type":"image\/jpeg"}],"author":"Milan","twitter_card":"summary_large_image","twitter_description":"EU erzielt Einigung: Vielzahl von Unterhaltungselektronikger\u00e4ten m\u00fcssen mit einem USB-C-Anschluss zum Aufladen ausgestattet werden.","twitter_misc":{"Written by":"Milan","Est. reading time":"3 minutes"},"schema":{"@context":"https:\/\/schema.org","@graph":[{"@type":"NewsArticle","@id":"https:\/\/www.apfelpatient.de\/news\/eu-erzielt-einigung-usb-c-wird-ab-herbst-2024-verpflichtend#article","isPartOf":{"@id":"https:\/\/www.apfelpatient.de\/news\/eu-erzielt-einigung-usb-c-wird-ab-herbst-2024-verpflichtend"},"author":{"@type":"Organization","@id":"https:\/\/www.apfelpatient.de\/en\/#organization","name":"Apfelpatient","url":"https:\/\/www.apfelpatient.de\/en\/"},"headline":"EU erzielt Einigung: USB-C wird ab Herbst 2024 verpflichtend","datePublished":"2022-06-07T14:13:22+00:00","dateModified":"2022-06-07T14:13:23+00:00","mainEntityOfPage":{"@id":"https:\/\/www.apfelpatient.de\/news\/eu-erzielt-einigung-usb-c-wird-ab-herbst-2024-verpflichtend"},"wordCount":576,"publisher":{"@type":"Organization","@id":"https:\/\/www.apfelpatient.de\/en\/#organization","name":"Apfelpatient","url":"https:\/\/www.apfelpatient.de\/en\/"},"image":{"@id":"https:\/\/www.apfelpatient.de\/news\/eu-erzielt-einigung-usb-c-wird-ab-herbst-2024-verpflichtend#primaryimage"},"thumbnailUrl":"https:\/\/www.apfelpatient.de\/wp-content\/uploads\/2022\/06\/bigstock-Usb-Type-C-Usb-c-Isolated-On-420514489.jpg","keywords":["AirPods","iPad","iPhone","Mac","TechPatient"],"articleSection":"News","inLanguage":"en-US","copyrightYear":"2022","copyrightHolder":{"@id":"https:\/\/www.apfelpatient.de\/en\/#organization"}},{"@type":"WebPage","@id":"https:\/\/www.apfelpatient.de\/news\/eu-erzielt-einigung-usb-c-wird-ab-herbst-2024-verpflichtend","url":"https:\/\/www.apfelpatient.de\/news\/eu-erzielt-einigung-usb-c-wird-ab-herbst-2024-verpflichtend","name":"EU reaches agreement: USB-C will be mandatory from autumn 2024","isPartOf":{"@id":"https:\/\/www.apfelpatient.de\/#website"},"primaryImageOfPage":{"@id":"https:\/\/www.apfelpatient.de\/news\/eu-erzielt-einigung-usb-c-wird-ab-herbst-2024-verpflichtend#primaryimage"},"image":{"@id":"https:\/\/www.apfelpatient.de\/news\/eu-erzielt-einigung-usb-c-wird-ab-herbst-2024-verpflichtend#primaryimage"},"thumbnailUrl":"https:\/\/www.apfelpatient.de\/wp-content\/uploads\/2022\/06\/bigstock-Usb-Type-C-Usb-c-Isolated-On-420514489.jpg","datePublished":"2022-06-07T14:13:22+00:00","dateModified":"2022-06-07T14:13:23+00:00","description":"EU reaches agreement: Many consumer electronics devices must be equipped with a USB-C port for charging.","breadcrumb":{"@id":"https:\/\/www.apfelpatient.de\/news\/eu-erzielt-einigung-usb-c-wird-ab-herbst-2024-verpflichtend#breadcrumb"},"inLanguage":"en-US","potentialAction":[{"@type":"ReadAction","target":["https:\/\/www.apfelpatient.de\/news\/eu-erzielt-einigung-usb-c-wird-ab-herbst-2024-verpflichtend"]}]},{"@type":"ImageObject","inLanguage":"en-US","@id":"https:\/\/www.apfelpatient.de\/news\/eu-erzielt-einigung-usb-c-wird-ab-herbst-2024-verpflichtend#primaryimage","url":"https:\/\/www.apfelpatient.de\/wp-content\/uploads\/2022\/06\/bigstock-Usb-Type-C-Usb-c-Isolated-On-420514489.jpg","contentUrl":"https:\/\/www.apfelpatient.de\/wp-content\/uploads\/2022\/06\/bigstock-Usb-Type-C-Usb-c-Isolated-On-420514489.jpg","width":1600,"height":1067,"caption":"USB Type C, USB-C isolated on white background with clipping path"},{"@type":"BreadcrumbList","@id":"https:\/\/www.apfelpatient.de\/news\/eu-erzielt-einigung-usb-c-wird-ab-herbst-2024-verpflichtend#breadcrumb","itemListElement":[{"@type":"ListItem","position":1,"name":"Startseite","item":"https:\/\/www.apfelpatient.de\/"},{"@type":"ListItem","position":2,"name":"EU erzielt Einigung: USB-C wird ab Herbst 2024 verpflichtend"}]},{"@type":"WebSite","@id":"https:\/\/www.apfelpatient.de\/#website","url":"https:\/\/www.apfelpatient.de\/","name":"apple patient","description":"Everything about Apple!","publisher":{"@type":"Organization","@id":"https:\/\/www.apfelpatient.de\/en\/#organization","name":"Apfelpatient","url":"https:\/\/www.apfelpatient.de\/en\/"},"alternateName":"Apfelpatient","potentialAction":[{"@type":"SearchAction","target":{"@type":"EntryPoint","urlTemplate":"https:\/\/www.apfelpatient.de\/?s={search_term_string}"},"query-input":{"@type":"PropertyValueSpecification","valueRequired":true,"valueName":"search_term_string"}}],"inLanguage":"en-US"},{"@type":["Person","Organization"],"@id":"https:\/\/www.apfelpatient.de\/#\/schema\/person\/7dc56ad6c8e9824b76d2c08d4c140e13","name":"Milan","logo":{"@id":"https:\/\/www.apfelpatient.de\/#\/schema\/person\/image\/"},"description":"Hello and welcome to my technology blog! As a big Apple fan, I report on everything to do with Apple: from the latest news and exciting rumors to helpful tips and tricks and detailed product tests. If you are as enthusiastic about technology as I am, you have come to the right place!","sameAs":["https:\/\/www.facebook.com\/apfelpatientOfficial","https:\/\/www.linkedin.com\/in\/milan-jovicic-42aa0231b"],"url":"https:\/\/www.apfelpatient.de\/en\/author\/apfeladmin"}]}},"_links":{"self":[{"href":"https:\/\/www.apfelpatient.de\/en\/wp-json\/wp\/v2\/posts\/32176","targetHints":{"allow":["GET"]}}],"collection":[{"href":"https:\/\/www.apfelpatient.de\/en\/wp-json\/wp\/v2\/posts"}],"about":[{"href":"https:\/\/www.apfelpatient.de\/en\/wp-json\/wp\/v2\/types\/post"}],"author":[{"embeddable":true,"href":"https:\/\/www.apfelpatient.de\/en\/wp-json\/wp\/v2\/users\/2"}],"replies":[{"embeddable":true,"href":"https:\/\/www.apfelpatient.de\/en\/wp-json\/wp\/v2\/comments?post=32176"}],"version-history":[{"count":0,"href":"https:\/\/www.apfelpatient.de\/en\/wp-json\/wp\/v2\/posts\/32176\/revisions"}],"wp:featuredmedia":[{"embeddable":true,"href":"https:\/\/www.apfelpatient.de\/en\/wp-json\/wp\/v2\/media\/32175"}],"wp:attachment":[{"href":"https:\/\/www.apfelpatient.de\/en\/wp-json\/wp\/v2\/media?parent=32176"}],"wp:term":[{"taxonomy":"category","embeddable":true,"href":"https:\/\/www.apfelpatient.de\/en\/wp-json\/wp\/v2\/categories?post=32176"},{"taxonomy":"post_tag","embeddable":true,"href":"https:\/\/www.apfelpatient.de\/en\/wp-json\/wp\/v2\/tags?post=32176"}],"curies":[{"name":"wp","href":"https:\/\/api.w.org\/{rel}","templated":true}]}}