{"id":32097,"date":"2022-06-06T21:47:00","date_gmt":"2022-06-06T19:47:00","guid":{"rendered":"https:\/\/www.apfelpatient.de\/?p=32097"},"modified":"2025-02-06T08:08:39","modified_gmt":"2025-02-06T07:08:39","slug":"with-m2-chip-apple-introduces-new-macbook-air-macbook-pro-13","status":"publish","type":"post","link":"https:\/\/www.apfelpatient.de\/en\/news\/mit-m2-chip-apple-stellt-neues-macbook-air-macbook-pro-13-vor","title":{"rendered":"With M2 chip: Apple introduces new MacBook Air &amp; MacBook Pro 13\u2033"},"content":{"rendered":"<p class=\"has-drop-cap\"><strong>Apple has now introduced its two new MacBook models, the next-generation MacBook Air and an updated MacBook Pro 13\u2033. Both devices are equipped with the M2 chip.<\/strong><\/p>\n\n\n\n<p>The new MacBook Air design comes in silver, space gray, starlight, midnight, and gold. The previous teardrop wedge shape has been replaced with a simpler, flat-edged chassis. Just like the MacBook Pro 2021, the display has been moved closer to the edge with a notch. The Air is 11.3 mm thin, has a Magic Keyboard with Touch ID power button, and MagSafe for magnetically secure charging. Apple says the new MacBook Air can manage about 18 hours of continuous video playback on battery.<\/p>\n\n\n\n<h3 class=\"wp-block-heading\" id=\"h-in-brandneuem-design-das-macbook-air-mit-m2-chip\">In a brand new design: The MacBook Air with M2 chip<\/h3>\n\n\n\n<p>The MacBook Air&#039;s screen has been enlarged to 13.6 inches thanks to slimmer bezels. There&#039;s a new 1080p webcam in the notch. The M2 chip is up to five times faster than last-generation Intel MacBook Airs and up to 40 times faster than 2020&#039;s M1 Air.<\/p>\n\n\n\n<figure class=\"wp-block-image size-large\"><img decoding=\"async\" width=\"1024\" height=\"682\" src=\"https:\/\/www.apfelpatient.de\/wp-content\/uploads\/2022\/06\/Apple-WWDC22-MacBook-Air-iPhone-13-Continuity-220606-1024x682.jpg\" alt=\"MacBook Air\" class=\"wp-image-32078\" srcset=\"https:\/\/www.apfelpatient.de\/wp-content\/uploads\/2022\/06\/Apple-WWDC22-MacBook-Air-iPhone-13-Continuity-220606-1024x682.jpg 1024w, https:\/\/www.apfelpatient.de\/wp-content\/uploads\/2022\/06\/Apple-WWDC22-MacBook-Air-iPhone-13-Continuity-220606-300x200.jpg 300w, https:\/\/www.apfelpatient.de\/wp-content\/uploads\/2022\/06\/Apple-WWDC22-MacBook-Air-iPhone-13-Continuity-220606-768x512.jpg 768w, https:\/\/www.apfelpatient.de\/wp-content\/uploads\/2022\/06\/Apple-WWDC22-MacBook-Air-iPhone-13-Continuity-220606-1536x1023.jpg 1536w, https:\/\/www.apfelpatient.de\/wp-content\/uploads\/2022\/06\/Apple-WWDC22-MacBook-Air-iPhone-13-Continuity-220606-750x500.jpg 750w, https:\/\/www.apfelpatient.de\/wp-content\/uploads\/2022\/06\/Apple-WWDC22-MacBook-Air-iPhone-13-Continuity-220606-1140x760.jpg 1140w, https:\/\/www.apfelpatient.de\/wp-content\/uploads\/2022\/06\/Apple-WWDC22-MacBook-Air-iPhone-13-Continuity-220606.jpg 1600w\" sizes=\"(max-width: 1024px) 100vw, 1024px\" \/><figcaption>Image: Apple<\/figcaption><\/figure>\n\n\n\n<p>It also features a brand new charger with two USB-C ports. The MacBook Air can charge the battery up to 50 % in 30 minutes. The new device is a huge upgrade in every way - except for the price. The new Air starts at 1,499 euros, which is a bit more expensive than the previous generation. The device will be available in July.<\/p>\n\n\n\n<figure class=\"wp-block-image size-large\"><img decoding=\"async\" width=\"1024\" height=\"682\" src=\"https:\/\/www.apfelpatient.de\/wp-content\/uploads\/2022\/06\/Apple-WWDC22-MacBook-Air-keyboard-220606-1024x682.jpg\" alt=\"MacBook Air\" class=\"wp-image-32077\" srcset=\"https:\/\/www.apfelpatient.de\/wp-content\/uploads\/2022\/06\/Apple-WWDC22-MacBook-Air-keyboard-220606-1024x682.jpg 1024w, https:\/\/www.apfelpatient.de\/wp-content\/uploads\/2022\/06\/Apple-WWDC22-MacBook-Air-keyboard-220606-300x200.jpg 300w, https:\/\/www.apfelpatient.de\/wp-content\/uploads\/2022\/06\/Apple-WWDC22-MacBook-Air-keyboard-220606-768x512.jpg 768w, https:\/\/www.apfelpatient.de\/wp-content\/uploads\/2022\/06\/Apple-WWDC22-MacBook-Air-keyboard-220606-1536x1023.jpg 1536w, https:\/\/www.apfelpatient.de\/wp-content\/uploads\/2022\/06\/Apple-WWDC22-MacBook-Air-keyboard-220606-750x500.jpg 750w, https:\/\/www.apfelpatient.de\/wp-content\/uploads\/2022\/06\/Apple-WWDC22-MacBook-Air-keyboard-220606-1140x760.jpg 1140w, https:\/\/www.apfelpatient.de\/wp-content\/uploads\/2022\/06\/Apple-WWDC22-MacBook-Air-keyboard-220606.jpg 1600w\" sizes=\"(max-width: 1024px) 100vw, 1024px\" \/><figcaption>Image: Apple<\/figcaption><\/figure>\n\n\n\n<h3 class=\"wp-block-heading\">Apple introduces new 13\u2033 MacBook Pro<\/h3>\n\n\n\n\n\n\n\n<p>In addition to the MacBook Air, the entry-level MacBook Pro has also been updated. Unlike the models introduced in October, this one sticks to the design of the 2020 model, which means: Touch Bar, Thunderbolt ports and no notch. With the M2 chip, this MacBook Pro 40% is faster than its M1 counterpart. It supports up to 24 GB unified memory and up to 2 TB SSD. Apple promises a battery life of up to 20 hours. The M2 MacBook Pro has the same design as the 2020 model. It uses Thunderbolt ports and supports WiFi 6. Its 13-inch display offers a brightness of up to 500 nits. Since it has the same design, this means that this M2 MacBook Pro has an active cooling system that allows Pro users to take advantage of video and photo editing without the computer losing its performance. The computer will be available from July. (Image: Apple)<\/p>\n\n\n\n<ul class=\"wp-block-list\"><li><a href=\"https:\/\/www.apfelpatient.de\/en\/news\/next-generation-apple-silicon-apple-announces-m2-chip\">Next generation Apple Silicon: Apple announces M2 chip<\/a><\/li><\/ul>\n\n\n\n<h6 class=\"wp-block-heading translation-block\" id=\"h-kennt-ihr-schon-unsere-amazon-storefront-dort-findet-ihr-eine-handverlesene-auswahl-von-diversen-produkten-f-r-euer-iphone-und-co-viel-spa-beim-st-bern\"><em>Have you already visited our Amazon Storefront? There you&#039;ll find a hand-picked selection of various products for your iPhone and other devices \u2013 <span class=\"has-inline-color has-vivid-red-color\"><a href=\"https:\/\/www.amazon.de\/shop\/apfelpatientofficial\" class=\"ek-link\" data-wpel-link=\"exclude\" rel=\"follow noopener\" target=\"_self\"><span style=\"text-decoration: underline\" class=\"ek-underline\">enjoy browsing<\/span><\/a> !<\/span><\/em><\/h6>\n\n\n\n<h6 class=\"wp-block-heading translation-block\" id=\"h-der-beitrag-enthalt-partnerlinks\">This post contains <a data-type=\"URL\" data-id=\"https:\/\/www.apfelpatient.de\/partnerprogramm\" href=\"https:\/\/www.apfelpatient.de\/en\/partner-program\" data-wpel-link=\"internal\" target=\"_self\">affiliate links<\/a>.<\/h6>","protected":false},"excerpt":{"rendered":"<p>Apple has now introduced its two new MacBook models, the next-generation MacBook Air and an updated MacBook Pro 13\u2033.<\/p>","protected":false},"author":2,"featured_media":32099,"comment_status":"closed","ping_status":"closed","sticky":false,"template":"","format":"standard","meta":{"jnews-multi-image_gallery":[],"jnews_single_post":{"subtitle":"","format":"standard","video":"","gallery":"","source_name":"","source_url":"","via_name":"","via_url":"","override":[{"single_blog_custom":"","sidebar":"","second_sidebar":"","share_position":"","share_float_style":"","post_date_format":"","post_date_format_custom":"","post_reading_time_wpm":"","zoom_button_out_step":"1","zoom_button_in_step":"1","number_popup_post":"1"}],"image_override":[{"single_post_thumbnail_size":"","single_post_gallery_size":""}],"trending_post_position":"","trending_post_label":"","sponsored_post_label":"","sponsored_post_name":"","sponsored_post_url":"","sponsored_post_logo":"","sponsored_post_desc":""},"jnews_primary_category":{"id":"9"},"footnotes":""},"categories":[9],"tags":[40,41,50],"class_list":["post-32097","post","type-post","status-publish","format-standard","has-post-thumbnail","hentry","category-news","tag-mac","tag-macbook-air","tag-macbook-pro"],"yoast_head":"<!-- This site is optimized with the Yoast SEO Premium plugin v27.5 (Yoast SEO v27.5) - https:\/\/yoast.com\/product\/yoast-seo-premium-wordpress\/ -->\n<title>Mit M2-Chip: Apple stellt neues MacBook Air &amp; MacBook Pro 13&quot; vor<\/title>\n<meta name=\"description\" content=\"Apple hat nun seine zwei neuen MacBook Modelle vorgestellt, das MacBook Air der n\u00e4chsten Generation sowie ein aktualisiertes MacBook Pro 13&quot;.\" \/>\n<meta name=\"robots\" content=\"index, follow, max-snippet:-1, max-image-preview:large, max-video-preview:-1\" \/>\n<link rel=\"canonical\" href=\"https:\/\/www.apfelpatient.de\/en\/news\/with-m2-chip-apple-introduces-new-macbook-air-macbook-pro-13\" \/>\n<meta property=\"og:locale\" content=\"en_US\" \/>\n<meta property=\"og:type\" content=\"article\" \/>\n<meta property=\"og:title\" content=\"Mit M2-Chip: Apple stellt neues MacBook Air &amp; MacBook Pro 13&quot; vor\" \/>\n<meta property=\"og:description\" content=\"Apple hat nun seine zwei neuen MacBook Modelle vorgestellt, das MacBook Air der n\u00e4chsten Generation sowie ein aktualisiertes MacBook Pro 13&quot;.\" \/>\n<meta property=\"og:url\" content=\"https:\/\/www.apfelpatient.de\/en\/news\/with-m2-chip-apple-introduces-new-macbook-air-macbook-pro-13\" \/>\n<meta property=\"og:site_name\" content=\"Apfelpatient\" \/>\n<meta property=\"article:publisher\" content=\"https:\/\/www.facebook.com\/apfelpatientOfficial\" \/>\n<meta property=\"article:author\" content=\"https:\/\/www.facebook.com\/apfelpatientOfficial\" \/>\n<meta property=\"article:published_time\" content=\"2022-06-06T19:47:00+00:00\" \/>\n<meta property=\"article:modified_time\" content=\"2025-02-06T07:08:39+00:00\" \/>\n<meta property=\"og:image\" content=\"https:\/\/www.apfelpatient.de\/wp-content\/uploads\/2022\/06\/Apple-WWDC22-MacBook-Air-4up-colors-hero-220606.jpg\" \/>\n\t<meta property=\"og:image:width\" content=\"1600\" \/>\n\t<meta property=\"og:image:height\" content=\"1066\" \/>\n\t<meta property=\"og:image:type\" content=\"image\/jpeg\" \/>\n<meta name=\"author\" content=\"Milan\" \/>\n<meta name=\"twitter:card\" content=\"summary_large_image\" \/>\n<meta name=\"twitter:description\" content=\"Apple hat nun seine zwei neuen MacBook Modelle vorgestellt, das MacBook Air der n\u00e4chsten Generation sowie ein aktualisiertes MacBook Pro 13&quot;.\" \/>\n<meta name=\"twitter:label1\" content=\"Written by\" \/>\n\t<meta name=\"twitter:data1\" content=\"Milan\" \/>\n\t<meta name=\"twitter:label2\" content=\"Est. reading time\" \/>\n\t<meta name=\"twitter:data2\" content=\"3 minutes\" \/>\n<script type=\"application\/ld+json\" class=\"yoast-schema-graph\">{\"@context\":\"https:\\\/\\\/schema.org\",\"@graph\":[{\"@type\":\"NewsArticle\",\"@id\":\"https:\\\/\\\/www.apfelpatient.de\\\/news\\\/mit-m2-chip-apple-stellt-neues-macbook-air-macbook-pro-13-vor#article\",\"isPartOf\":{\"@id\":\"https:\\\/\\\/www.apfelpatient.de\\\/news\\\/mit-m2-chip-apple-stellt-neues-macbook-air-macbook-pro-13-vor\"},\"author\":{\"@type\":\"Organization\",\"@id\":\"https:\\\/\\\/www.apfelpatient.de\\\/en\\\/#organization\",\"name\":\"Apfelpatient\",\"url\":\"https:\\\/\\\/www.apfelpatient.de\\\/en\\\/\"},\"headline\":\"Mit M2-Chip: Apple stellt neues MacBook Air &amp; MacBook Pro 13&#8243; vor\",\"datePublished\":\"2022-06-06T19:47:00+00:00\",\"dateModified\":\"2025-02-06T07:08:39+00:00\",\"mainEntityOfPage\":{\"@id\":\"https:\\\/\\\/www.apfelpatient.de\\\/news\\\/mit-m2-chip-apple-stellt-neues-macbook-air-macbook-pro-13-vor\"},\"wordCount\":424,\"publisher\":{\"@type\":\"Organization\",\"@id\":\"https:\\\/\\\/www.apfelpatient.de\\\/en\\\/#organization\",\"name\":\"Apfelpatient\",\"url\":\"https:\\\/\\\/www.apfelpatient.de\\\/en\\\/\"},\"image\":{\"@id\":\"https:\\\/\\\/www.apfelpatient.de\\\/news\\\/mit-m2-chip-apple-stellt-neues-macbook-air-macbook-pro-13-vor#primaryimage\"},\"thumbnailUrl\":\"https:\\\/\\\/www.apfelpatient.de\\\/wp-content\\\/uploads\\\/2022\\\/06\\\/Apple-WWDC22-MacBook-Air-4up-colors-hero-220606.jpg\",\"keywords\":[\"Mac\",\"MacBook Air\",\"MacBook Pro\"],\"articleSection\":\"News\",\"inLanguage\":\"en-US\",\"copyrightYear\":\"2022\",\"copyrightHolder\":{\"@id\":\"https:\\\/\\\/www.apfelpatient.de\\\/en\\\/#organization\"}},{\"@type\":\"WebPage\",\"@id\":\"https:\\\/\\\/www.apfelpatient.de\\\/news\\\/mit-m2-chip-apple-stellt-neues-macbook-air-macbook-pro-13-vor\",\"url\":\"https:\\\/\\\/www.apfelpatient.de\\\/news\\\/mit-m2-chip-apple-stellt-neues-macbook-air-macbook-pro-13-vor\",\"name\":\"Mit M2-Chip: Apple stellt neues MacBook Air &amp; MacBook Pro 13\\\" vor\",\"isPartOf\":{\"@id\":\"https:\\\/\\\/www.apfelpatient.de\\\/#website\"},\"primaryImageOfPage\":{\"@id\":\"https:\\\/\\\/www.apfelpatient.de\\\/news\\\/mit-m2-chip-apple-stellt-neues-macbook-air-macbook-pro-13-vor#primaryimage\"},\"image\":{\"@id\":\"https:\\\/\\\/www.apfelpatient.de\\\/news\\\/mit-m2-chip-apple-stellt-neues-macbook-air-macbook-pro-13-vor#primaryimage\"},\"thumbnailUrl\":\"https:\\\/\\\/www.apfelpatient.de\\\/wp-content\\\/uploads\\\/2022\\\/06\\\/Apple-WWDC22-MacBook-Air-4up-colors-hero-220606.jpg\",\"datePublished\":\"2022-06-06T19:47:00+00:00\",\"dateModified\":\"2025-02-06T07:08:39+00:00\",\"description\":\"Apple hat nun seine zwei neuen MacBook Modelle vorgestellt, das MacBook Air der n\u00e4chsten Generation sowie ein aktualisiertes MacBook Pro 13\\\".\",\"breadcrumb\":{\"@id\":\"https:\\\/\\\/www.apfelpatient.de\\\/news\\\/mit-m2-chip-apple-stellt-neues-macbook-air-macbook-pro-13-vor#breadcrumb\"},\"inLanguage\":\"en-US\",\"potentialAction\":[{\"@type\":\"ReadAction\",\"target\":[\"https:\\\/\\\/www.apfelpatient.de\\\/news\\\/mit-m2-chip-apple-stellt-neues-macbook-air-macbook-pro-13-vor\"]}]},{\"@type\":\"ImageObject\",\"inLanguage\":\"en-US\",\"@id\":\"https:\\\/\\\/www.apfelpatient.de\\\/news\\\/mit-m2-chip-apple-stellt-neues-macbook-air-macbook-pro-13-vor#primaryimage\",\"url\":\"https:\\\/\\\/www.apfelpatient.de\\\/wp-content\\\/uploads\\\/2022\\\/06\\\/Apple-WWDC22-MacBook-Air-4up-colors-hero-220606.jpg\",\"contentUrl\":\"https:\\\/\\\/www.apfelpatient.de\\\/wp-content\\\/uploads\\\/2022\\\/06\\\/Apple-WWDC22-MacBook-Air-4up-colors-hero-220606.jpg\",\"width\":1600,\"height\":1066,\"caption\":\"Bild: Apple\"},{\"@type\":\"BreadcrumbList\",\"@id\":\"https:\\\/\\\/www.apfelpatient.de\\\/news\\\/mit-m2-chip-apple-stellt-neues-macbook-air-macbook-pro-13-vor#breadcrumb\",\"itemListElement\":[{\"@type\":\"ListItem\",\"position\":1,\"name\":\"Startseite\",\"item\":\"https:\\\/\\\/www.apfelpatient.de\\\/\"},{\"@type\":\"ListItem\",\"position\":2,\"name\":\"Mit M2-Chip: Apple stellt neues MacBook Air &amp; MacBook Pro 13&#8243; vor\"}]},{\"@type\":\"WebSite\",\"@id\":\"https:\\\/\\\/www.apfelpatient.de\\\/#website\",\"url\":\"https:\\\/\\\/www.apfelpatient.de\\\/\",\"name\":\"Apfelpatient\",\"description\":\"Alles rund um Apple!\",\"publisher\":{\"@type\":\"Organization\",\"@id\":\"https:\\\/\\\/www.apfelpatient.de\\\/en\\\/#organization\",\"name\":\"Apfelpatient\",\"url\":\"https:\\\/\\\/www.apfelpatient.de\\\/en\\\/\"},\"alternateName\":\"Apfelpatient\",\"potentialAction\":[{\"@type\":\"SearchAction\",\"target\":{\"@type\":\"EntryPoint\",\"urlTemplate\":\"https:\\\/\\\/www.apfelpatient.de\\\/?s={search_term_string}\"},\"query-input\":{\"@type\":\"PropertyValueSpecification\",\"valueRequired\":true,\"valueName\":\"search_term_string\"}}],\"inLanguage\":\"en-US\"},{\"@type\":[\"Person\",\"Organization\"],\"@id\":\"https:\\\/\\\/www.apfelpatient.de\\\/#\\\/schema\\\/person\\\/7dc56ad6c8e9824b76d2c08d4c140e13\",\"name\":\"Milan\",\"logo\":{\"@id\":\"https:\\\/\\\/www.apfelpatient.de\\\/#\\\/schema\\\/person\\\/image\\\/\"},\"description\":\"Hallo und herzlich willkommen auf meinem Technik-Blog! Als gro\u00dfer Apple-Fan berichte ich hier \u00fcber alles, was mit Apple zu tun hat: von den neuesten News und spannenden Ger\u00fcchten \u00fcber hilfreiche Tipps und Tricks bis hin zu ausf\u00fchrlichen Produkttests. Wenn du genauso technikbegeistert bist wie ich, bist du hier genau richtig!\",\"sameAs\":[\"https:\\\/\\\/www.facebook.com\\\/apfelpatientOfficial\",\"https:\\\/\\\/www.linkedin.com\\\/in\\\/milan-jovicic-42aa0231b\"],\"url\":\"https:\\\/\\\/www.apfelpatient.de\\\/en\\\/author\\\/apfeladmin\"}]}<\/script>\n<!-- \/ Yoast SEO Premium plugin. -->","yoast_head_json":{"title":"With M2 chip: Apple introduces new MacBook Air &amp; MacBook Pro 13&quot;","description":"Apple has now introduced its two new MacBook models, the next-generation MacBook Air and an updated MacBook Pro 13&quot;.","robots":{"index":"index","follow":"follow","max-snippet":"max-snippet:-1","max-image-preview":"max-image-preview:large","max-video-preview":"max-video-preview:-1"},"canonical":"https:\/\/www.apfelpatient.de\/en\/news\/with-m2-chip-apple-introduces-new-macbook-air-macbook-pro-13","og_locale":"en_US","og_type":"article","og_title":"Mit M2-Chip: Apple stellt neues MacBook Air &amp; MacBook Pro 13\" vor","og_description":"Apple hat nun seine zwei neuen MacBook Modelle vorgestellt, das MacBook Air der n\u00e4chsten Generation sowie ein aktualisiertes MacBook Pro 13\".","og_url":"https:\/\/www.apfelpatient.de\/en\/news\/with-m2-chip-apple-introduces-new-macbook-air-macbook-pro-13","og_site_name":"Apfelpatient","article_publisher":"https:\/\/www.facebook.com\/apfelpatientOfficial","article_author":"https:\/\/www.facebook.com\/apfelpatientOfficial","article_published_time":"2022-06-06T19:47:00+00:00","article_modified_time":"2025-02-06T07:08:39+00:00","og_image":[{"width":1600,"height":1066,"url":"https:\/\/www.apfelpatient.de\/wp-content\/uploads\/2022\/06\/Apple-WWDC22-MacBook-Air-4up-colors-hero-220606.jpg","type":"image\/jpeg"}],"author":"Milan","twitter_card":"summary_large_image","twitter_description":"Apple hat nun seine zwei neuen MacBook Modelle vorgestellt, das MacBook Air der n\u00e4chsten Generation sowie ein aktualisiertes MacBook Pro 13\".","twitter_misc":{"Written by":"Milan","Est. reading time":"3 minutes"},"schema":{"@context":"https:\/\/schema.org","@graph":[{"@type":"NewsArticle","@id":"https:\/\/www.apfelpatient.de\/news\/mit-m2-chip-apple-stellt-neues-macbook-air-macbook-pro-13-vor#article","isPartOf":{"@id":"https:\/\/www.apfelpatient.de\/news\/mit-m2-chip-apple-stellt-neues-macbook-air-macbook-pro-13-vor"},"author":{"@type":"Organization","@id":"https:\/\/www.apfelpatient.de\/en\/#organization","name":"Apfelpatient","url":"https:\/\/www.apfelpatient.de\/en\/"},"headline":"Mit M2-Chip: Apple stellt neues MacBook Air &amp; MacBook Pro 13&#8243; vor","datePublished":"2022-06-06T19:47:00+00:00","dateModified":"2025-02-06T07:08:39+00:00","mainEntityOfPage":{"@id":"https:\/\/www.apfelpatient.de\/news\/mit-m2-chip-apple-stellt-neues-macbook-air-macbook-pro-13-vor"},"wordCount":424,"publisher":{"@type":"Organization","@id":"https:\/\/www.apfelpatient.de\/en\/#organization","name":"Apfelpatient","url":"https:\/\/www.apfelpatient.de\/en\/"},"image":{"@id":"https:\/\/www.apfelpatient.de\/news\/mit-m2-chip-apple-stellt-neues-macbook-air-macbook-pro-13-vor#primaryimage"},"thumbnailUrl":"https:\/\/www.apfelpatient.de\/wp-content\/uploads\/2022\/06\/Apple-WWDC22-MacBook-Air-4up-colors-hero-220606.jpg","keywords":["Mac","MacBook Air","MacBook Pro"],"articleSection":"News","inLanguage":"en-US","copyrightYear":"2022","copyrightHolder":{"@id":"https:\/\/www.apfelpatient.de\/en\/#organization"}},{"@type":"WebPage","@id":"https:\/\/www.apfelpatient.de\/news\/mit-m2-chip-apple-stellt-neues-macbook-air-macbook-pro-13-vor","url":"https:\/\/www.apfelpatient.de\/news\/mit-m2-chip-apple-stellt-neues-macbook-air-macbook-pro-13-vor","name":"With M2 chip: Apple introduces new MacBook Air &amp; MacBook Pro 13&quot;","isPartOf":{"@id":"https:\/\/www.apfelpatient.de\/#website"},"primaryImageOfPage":{"@id":"https:\/\/www.apfelpatient.de\/news\/mit-m2-chip-apple-stellt-neues-macbook-air-macbook-pro-13-vor#primaryimage"},"image":{"@id":"https:\/\/www.apfelpatient.de\/news\/mit-m2-chip-apple-stellt-neues-macbook-air-macbook-pro-13-vor#primaryimage"},"thumbnailUrl":"https:\/\/www.apfelpatient.de\/wp-content\/uploads\/2022\/06\/Apple-WWDC22-MacBook-Air-4up-colors-hero-220606.jpg","datePublished":"2022-06-06T19:47:00+00:00","dateModified":"2025-02-06T07:08:39+00:00","description":"Apple has now introduced its two new MacBook models, the next-generation MacBook Air and an updated MacBook Pro 13&quot;.","breadcrumb":{"@id":"https:\/\/www.apfelpatient.de\/news\/mit-m2-chip-apple-stellt-neues-macbook-air-macbook-pro-13-vor#breadcrumb"},"inLanguage":"en-US","potentialAction":[{"@type":"ReadAction","target":["https:\/\/www.apfelpatient.de\/news\/mit-m2-chip-apple-stellt-neues-macbook-air-macbook-pro-13-vor"]}]},{"@type":"ImageObject","inLanguage":"en-US","@id":"https:\/\/www.apfelpatient.de\/news\/mit-m2-chip-apple-stellt-neues-macbook-air-macbook-pro-13-vor#primaryimage","url":"https:\/\/www.apfelpatient.de\/wp-content\/uploads\/2022\/06\/Apple-WWDC22-MacBook-Air-4up-colors-hero-220606.jpg","contentUrl":"https:\/\/www.apfelpatient.de\/wp-content\/uploads\/2022\/06\/Apple-WWDC22-MacBook-Air-4up-colors-hero-220606.jpg","width":1600,"height":1066,"caption":"Bild: Apple"},{"@type":"BreadcrumbList","@id":"https:\/\/www.apfelpatient.de\/news\/mit-m2-chip-apple-stellt-neues-macbook-air-macbook-pro-13-vor#breadcrumb","itemListElement":[{"@type":"ListItem","position":1,"name":"Startseite","item":"https:\/\/www.apfelpatient.de\/"},{"@type":"ListItem","position":2,"name":"Mit M2-Chip: Apple stellt neues MacBook Air &amp; MacBook Pro 13&#8243; vor"}]},{"@type":"WebSite","@id":"https:\/\/www.apfelpatient.de\/#website","url":"https:\/\/www.apfelpatient.de\/","name":"apple patient","description":"Everything about Apple!","publisher":{"@type":"Organization","@id":"https:\/\/www.apfelpatient.de\/en\/#organization","name":"Apfelpatient","url":"https:\/\/www.apfelpatient.de\/en\/"},"alternateName":"Apfelpatient","potentialAction":[{"@type":"SearchAction","target":{"@type":"EntryPoint","urlTemplate":"https:\/\/www.apfelpatient.de\/?s={search_term_string}"},"query-input":{"@type":"PropertyValueSpecification","valueRequired":true,"valueName":"search_term_string"}}],"inLanguage":"en-US"},{"@type":["Person","Organization"],"@id":"https:\/\/www.apfelpatient.de\/#\/schema\/person\/7dc56ad6c8e9824b76d2c08d4c140e13","name":"Milan","logo":{"@id":"https:\/\/www.apfelpatient.de\/#\/schema\/person\/image\/"},"description":"Hello and welcome to my technology blog! As a big Apple fan, I report on everything to do with Apple: from the latest news and exciting rumors to helpful tips and tricks and detailed product tests. If you are as enthusiastic about technology as I am, you have come to the right place!","sameAs":["https:\/\/www.facebook.com\/apfelpatientOfficial","https:\/\/www.linkedin.com\/in\/milan-jovicic-42aa0231b"],"url":"https:\/\/www.apfelpatient.de\/en\/author\/apfeladmin"}]}},"_links":{"self":[{"href":"https:\/\/www.apfelpatient.de\/en\/wp-json\/wp\/v2\/posts\/32097","targetHints":{"allow":["GET"]}}],"collection":[{"href":"https:\/\/www.apfelpatient.de\/en\/wp-json\/wp\/v2\/posts"}],"about":[{"href":"https:\/\/www.apfelpatient.de\/en\/wp-json\/wp\/v2\/types\/post"}],"author":[{"embeddable":true,"href":"https:\/\/www.apfelpatient.de\/en\/wp-json\/wp\/v2\/users\/2"}],"replies":[{"embeddable":true,"href":"https:\/\/www.apfelpatient.de\/en\/wp-json\/wp\/v2\/comments?post=32097"}],"version-history":[{"count":0,"href":"https:\/\/www.apfelpatient.de\/en\/wp-json\/wp\/v2\/posts\/32097\/revisions"}],"wp:featuredmedia":[{"embeddable":true,"href":"https:\/\/www.apfelpatient.de\/en\/wp-json\/wp\/v2\/media\/32099"}],"wp:attachment":[{"href":"https:\/\/www.apfelpatient.de\/en\/wp-json\/wp\/v2\/media?parent=32097"}],"wp:term":[{"taxonomy":"category","embeddable":true,"href":"https:\/\/www.apfelpatient.de\/en\/wp-json\/wp\/v2\/categories?post=32097"},{"taxonomy":"post_tag","embeddable":true,"href":"https:\/\/www.apfelpatient.de\/en\/wp-json\/wp\/v2\/tags?post=32097"}],"curies":[{"name":"wp","href":"https:\/\/api.w.org\/{rel}","templated":true}]}}