{"id":32083,"date":"2022-06-06T21:35:28","date_gmt":"2022-06-06T19:35:28","guid":{"rendered":"https:\/\/www.apfelpatient.de\/?p=32083"},"modified":"2022-06-12T16:58:28","modified_gmt":"2022-06-12T14:58:28","slug":"wwdc-2022-apple-introduces-macos-13-ventura","status":"publish","type":"post","link":"https:\/\/www.apfelpatient.de\/en\/news\/wwdc-2022-apple-stellt-macos-13-ventura-vor","title":{"rendered":"WWDC 2022: Apple introduces macOS 13 Ventura"},"content":{"rendered":"<p class=\"has-drop-cap\"><strong>Apple introduced the successor to macOS Monterey during its annual WWDC keynote \u2013 macOS 13 Ventura.<\/strong><\/p>\n\n\n\n<p>Apple has announced <a href=\"https:\/\/www.apple.com\/newsroom\/2022\/06\/macos-ventura-brings-powerful-productivity-tools-new-continuity-features-to-mac\/\" target=\"_blank\" rel=\"noreferrer noopener\">given<\/a>that the next edition of the Mac operating system will be called macOS Ventura. Among the many new or improved features is the Stage Manager, which helps manage many open windows. As expected, the new macOS 13 Ventura is a further refinement of the operating system and not the sweeping change that was introduced with macOS Big Sur version 11 in 2020.<\/p>\n\n\n\n<h3 class=\"wp-block-heading\" id=\"h-neue-funktionen-stage-manager-und-aktualisiertes-spotlight\">New features: Stage Manager and updated Spotlight<\/h3>\n\n\n\n<p>The new macOS Ventura adds Stage Manager, a way to manage multiple windows in many apps open at the same time. Craig Federighi explains:<\/p>\n\n\n\n<blockquote class=\"wp-block-quote is-layout-flow wp-block-quote-is-layout-flow\"><p>Stage Manager lets you focus on the app you&#039;re working with without getting distracted. It automatically arranges all windows to the side and brings the app I&#039;m working with to the foreground.<\/p><\/blockquote>\n\n\n\n<p>When a user opens a second app, the first app is &quot;gracefully moved to the left&quot; along with other current apps. The Stage Manager can group all of an app&#039;s open windows &quot;into a single stack,&quot; and users can drag files directly onto the apps in the stack. Spotlight has also been updated. Apple explains:<\/p>\n\n\n\n<blockquote class=\"wp-block-quote is-layout-flow wp-block-quote-is-layout-flow\"><p>Spotlight can now also find images in your photo library, system, and the web, and Live Text lets you search the text in the image. You can also perform actions like starting a timer or running a shortcut right from Spotlight. It&#039;s also a great way to get information by using the entire window for better results.<\/p><\/blockquote>\n\n\n\n<h3 class=\"wp-block-heading\">Continuity Camera puts the Mac in the spotlight<\/h3>\n\n\n\n<p>The existing Continuity Camera feature lets a Mac control an iPhone to scan documents, but now it&#039;s being expanded to let the Mac use an iPhone as a webcam. With Continuity, the Mac can automatically detect and use the iPhone&#039;s camera when it&#039;s nearby\u2014without having to wake it or select it\u2014and the iPhone can even connect to the Mac wirelessly for even more flexibility. Continuity Camera brings innovative features to all Mac computers, including Center Stage, Portrait mode, and the new Studio Light, an effect that beautifully lights the user&#039;s face and darkens the background. The new webcam feature doesn&#039;t just bring high-resolution FaceTime images to the Mac. Continuity Camera also uses the iPhone&#039;s ultra-wide camera to enable Desktop View, which shows the user&#039;s face and a top-down view of the desk at the same time.<\/p>\n\n\n\n<h3 class=\"wp-block-heading\">New features in Mail<\/h3>\n\n\n\n\n\n\n\n<p>Mail gets new productivity tools, including the ability to retract an email after it has been sent. Like other Mac Mail clients, users have a few moments after pressing Send to undo the action. Like many competing Mac Mail programs, Apple Mail in macOS Ventura lets users schedule the time to send an email. Mail also improves search, which automatically shows the most recently shared documents.<\/p>\n\n\n\n<h3 class=\"wp-block-heading\">macOS 13 Ventura release schedule<\/h3>\n\n\n\n<p>As always, a public beta of macOS 13 will follow at an unspecified date, probably in July. However, that date may change depending on how developer beta testing goes. The final release will likely be in September or October, at which point it will be pre-installed on all new Macs. All compatible older Macs will also receive a software update notification at that time. (Image: Apple)<\/p>\n\n\n\n<ul class=\"wp-block-list\"><li><a href=\"https:\/\/www.apfelpatient.de\/en\/tips-tricks\/ios-16-ipados-16-tvos-16-watchos-9-macos-13-supported-devices\">iOS 16, iPadOS 16, tvOS 16, watchOS 9 &amp; macOS 13: Supported devices<\/a><\/li><\/ul>\n\n\n\n<h6 class=\"wp-block-heading translation-block\" id=\"h-kennt-ihr-schon-unsere-amazon-storefront-dort-findet-ihr-eine-handverlesene-auswahl-von-diversen-produkten-f-r-euer-iphone-und-co-viel-spa-beim-st-bern\"><em>Have you already visited our Amazon Storefront? There you&#039;ll find a hand-picked selection of various products for your iPhone and other devices \u2013 <span class=\"has-inline-color has-vivid-red-color\"><a href=\"https:\/\/www.amazon.de\/shop\/apfelpatientofficial\" class=\"ek-link\" data-wpel-link=\"exclude\" rel=\"follow noopener\" target=\"_self\"><span style=\"text-decoration: underline\" class=\"ek-underline\">enjoy browsing<\/span><\/a> !<\/span><\/em><\/h6>\n\n\n\n<h6 class=\"wp-block-heading translation-block\" id=\"h-der-beitrag-enthalt-partnerlinks\">This post contains <a data-type=\"URL\" data-id=\"https:\/\/www.apfelpatient.de\/partnerprogramm\" href=\"https:\/\/www.apfelpatient.de\/en\/partner-program\" data-wpel-link=\"internal\" target=\"_self\">affiliate links<\/a>.<\/h6>","protected":false},"excerpt":{"rendered":"<p>Apple introduced the successor to macOS Monterey during its annual WWDC keynote \u2013 macOS 13 Ventura.<\/p>","protected":false},"author":2,"featured_media":32073,"comment_status":"closed","ping_status":"closed","sticky":false,"template":"","format":"standard","meta":{"jnews-multi-image_gallery":[],"jnews_single_post":{"subtitle":"","format":"standard","video":"","gallery":"","source_name":"","source_url":"","via_name":"","via_url":"","override":[{"single_blog_custom":"","sidebar":"","second_sidebar":"","share_position":"","share_float_style":"","post_date_format":"","post_date_format_custom":"","post_reading_time_wpm":"","zoom_button_out_step":"1","zoom_button_in_step":"1","number_popup_post":"1"}],"image_override":[{"single_post_thumbnail_size":"","single_post_gallery_size":""}],"trending_post_position":"","trending_post_label":"","sponsored_post_label":"","sponsored_post_name":"","sponsored_post_url":"","sponsored_post_logo":"","sponsored_post_desc":""},"jnews_primary_category":{"id":"9"},"footnotes":""},"categories":[9],"tags":[40,4,775],"class_list":["post-32083","post","type-post","status-publish","format-standard","has-post-thumbnail","hentry","category-news","tag-mac","tag-macos","tag-macos-13-ventura"],"yoast_head":"<!-- This site is optimized with the Yoast SEO Premium plugin v27.5 (Yoast SEO v27.5) - https:\/\/yoast.com\/product\/yoast-seo-premium-wordpress\/ -->\n<title>WWDC 2022: Apple stellt macOS 13 Ventura vor Apfelpatient<\/title>\n<meta name=\"description\" content=\"Apple hat den Nachfolger von macOS Monterey im Rahmen seiner j\u00e4hrlichen WWDC-Keynote vorgestellt - macOS 13 Ventura.\" \/>\n<meta name=\"robots\" content=\"index, follow, max-snippet:-1, max-image-preview:large, max-video-preview:-1\" \/>\n<link rel=\"canonical\" href=\"https:\/\/www.apfelpatient.de\/en\/news\/wwdc-2022-apple-introduces-macos-13-ventura\" \/>\n<meta property=\"og:locale\" content=\"en_US\" \/>\n<meta property=\"og:type\" content=\"article\" \/>\n<meta property=\"og:title\" content=\"WWDC 2022: Apple stellt macOS 13 Ventura vor\" \/>\n<meta property=\"og:description\" content=\"Apple hat den Nachfolger von macOS Monterey im Rahmen seiner j\u00e4hrlichen WWDC-Keynote vorgestellt - macOS 13 Ventura.\" \/>\n<meta property=\"og:url\" content=\"https:\/\/www.apfelpatient.de\/en\/news\/wwdc-2022-apple-introduces-macos-13-ventura\" \/>\n<meta property=\"og:site_name\" content=\"Apfelpatient\" \/>\n<meta property=\"article:publisher\" content=\"https:\/\/www.facebook.com\/apfelpatientOfficial\" \/>\n<meta property=\"article:author\" content=\"https:\/\/www.facebook.com\/apfelpatientOfficial\" \/>\n<meta property=\"article:published_time\" content=\"2022-06-06T19:35:28+00:00\" \/>\n<meta property=\"article:modified_time\" content=\"2022-06-12T14:58:28+00:00\" \/>\n<meta property=\"og:image\" content=\"https:\/\/www.apfelpatient.de\/wp-content\/uploads\/2022\/06\/Apple-WWDC22-macOS-Ventura-3up-addl-features-220606.jpg\" \/>\n\t<meta property=\"og:image:width\" content=\"1600\" \/>\n\t<meta property=\"og:image:height\" content=\"900\" \/>\n\t<meta property=\"og:image:type\" content=\"image\/jpeg\" \/>\n<meta name=\"author\" content=\"Milan\" \/>\n<meta name=\"twitter:card\" content=\"summary_large_image\" \/>\n<meta name=\"twitter:description\" content=\"Apple hat den Nachfolger von macOS Monterey im Rahmen seiner j\u00e4hrlichen WWDC-Keynote vorgestellt - macOS 13 Ventura.\" \/>\n<meta name=\"twitter:label1\" content=\"Written by\" \/>\n\t<meta name=\"twitter:data1\" content=\"Milan\" \/>\n\t<meta name=\"twitter:label2\" content=\"Est. reading time\" \/>\n\t<meta name=\"twitter:data2\" content=\"4 minutes\" \/>\n<script type=\"application\/ld+json\" class=\"yoast-schema-graph\">{\"@context\":\"https:\\\/\\\/schema.org\",\"@graph\":[{\"@type\":\"NewsArticle\",\"@id\":\"https:\\\/\\\/www.apfelpatient.de\\\/news\\\/wwdc-2022-apple-stellt-macos-13-ventura-vor#article\",\"isPartOf\":{\"@id\":\"https:\\\/\\\/www.apfelpatient.de\\\/news\\\/wwdc-2022-apple-stellt-macos-13-ventura-vor\"},\"author\":{\"@type\":\"Organization\",\"@id\":\"https:\\\/\\\/www.apfelpatient.de\\\/en\\\/#organization\",\"name\":\"Apfelpatient\",\"url\":\"https:\\\/\\\/www.apfelpatient.de\\\/en\\\/\"},\"headline\":\"WWDC 2022: Apple stellt macOS 13 Ventura vor\",\"datePublished\":\"2022-06-06T19:35:28+00:00\",\"dateModified\":\"2022-06-12T14:58:28+00:00\",\"mainEntityOfPage\":{\"@id\":\"https:\\\/\\\/www.apfelpatient.de\\\/news\\\/wwdc-2022-apple-stellt-macos-13-ventura-vor\"},\"wordCount\":625,\"publisher\":{\"@type\":\"Organization\",\"@id\":\"https:\\\/\\\/www.apfelpatient.de\\\/en\\\/#organization\",\"name\":\"Apfelpatient\",\"url\":\"https:\\\/\\\/www.apfelpatient.de\\\/en\\\/\"},\"image\":{\"@id\":\"https:\\\/\\\/www.apfelpatient.de\\\/news\\\/wwdc-2022-apple-stellt-macos-13-ventura-vor#primaryimage\"},\"thumbnailUrl\":\"https:\\\/\\\/www.apfelpatient.de\\\/wp-content\\\/uploads\\\/2022\\\/06\\\/Apple-WWDC22-macOS-Ventura-3up-addl-features-220606.jpg\",\"keywords\":[\"Mac\",\"macOS\",\"macOS 13 Ventura\"],\"articleSection\":\"News\",\"inLanguage\":\"en-US\",\"copyrightYear\":\"2022\",\"copyrightHolder\":{\"@id\":\"https:\\\/\\\/www.apfelpatient.de\\\/en\\\/#organization\"}},{\"@type\":\"WebPage\",\"@id\":\"https:\\\/\\\/www.apfelpatient.de\\\/news\\\/wwdc-2022-apple-stellt-macos-13-ventura-vor\",\"url\":\"https:\\\/\\\/www.apfelpatient.de\\\/news\\\/wwdc-2022-apple-stellt-macos-13-ventura-vor\",\"name\":\"WWDC 2022: Apple stellt macOS 13 Ventura vor Apfelpatient\",\"isPartOf\":{\"@id\":\"https:\\\/\\\/www.apfelpatient.de\\\/#website\"},\"primaryImageOfPage\":{\"@id\":\"https:\\\/\\\/www.apfelpatient.de\\\/news\\\/wwdc-2022-apple-stellt-macos-13-ventura-vor#primaryimage\"},\"image\":{\"@id\":\"https:\\\/\\\/www.apfelpatient.de\\\/news\\\/wwdc-2022-apple-stellt-macos-13-ventura-vor#primaryimage\"},\"thumbnailUrl\":\"https:\\\/\\\/www.apfelpatient.de\\\/wp-content\\\/uploads\\\/2022\\\/06\\\/Apple-WWDC22-macOS-Ventura-3up-addl-features-220606.jpg\",\"datePublished\":\"2022-06-06T19:35:28+00:00\",\"dateModified\":\"2022-06-12T14:58:28+00:00\",\"description\":\"Apple hat den Nachfolger von macOS Monterey im Rahmen seiner j\u00e4hrlichen WWDC-Keynote vorgestellt - macOS 13 Ventura.\",\"breadcrumb\":{\"@id\":\"https:\\\/\\\/www.apfelpatient.de\\\/news\\\/wwdc-2022-apple-stellt-macos-13-ventura-vor#breadcrumb\"},\"inLanguage\":\"en-US\",\"potentialAction\":[{\"@type\":\"ReadAction\",\"target\":[\"https:\\\/\\\/www.apfelpatient.de\\\/news\\\/wwdc-2022-apple-stellt-macos-13-ventura-vor\"]}]},{\"@type\":\"ImageObject\",\"inLanguage\":\"en-US\",\"@id\":\"https:\\\/\\\/www.apfelpatient.de\\\/news\\\/wwdc-2022-apple-stellt-macos-13-ventura-vor#primaryimage\",\"url\":\"https:\\\/\\\/www.apfelpatient.de\\\/wp-content\\\/uploads\\\/2022\\\/06\\\/Apple-WWDC22-macOS-Ventura-3up-addl-features-220606.jpg\",\"contentUrl\":\"https:\\\/\\\/www.apfelpatient.de\\\/wp-content\\\/uploads\\\/2022\\\/06\\\/Apple-WWDC22-macOS-Ventura-3up-addl-features-220606.jpg\",\"width\":1600,\"height\":900,\"caption\":\"Bild: Apple\"},{\"@type\":\"BreadcrumbList\",\"@id\":\"https:\\\/\\\/www.apfelpatient.de\\\/news\\\/wwdc-2022-apple-stellt-macos-13-ventura-vor#breadcrumb\",\"itemListElement\":[{\"@type\":\"ListItem\",\"position\":1,\"name\":\"Startseite\",\"item\":\"https:\\\/\\\/www.apfelpatient.de\\\/\"},{\"@type\":\"ListItem\",\"position\":2,\"name\":\"WWDC 2022: Apple stellt macOS 13 Ventura vor\"}]},{\"@type\":\"WebSite\",\"@id\":\"https:\\\/\\\/www.apfelpatient.de\\\/#website\",\"url\":\"https:\\\/\\\/www.apfelpatient.de\\\/\",\"name\":\"Apfelpatient\",\"description\":\"Alles rund um Apple!\",\"publisher\":{\"@type\":\"Organization\",\"@id\":\"https:\\\/\\\/www.apfelpatient.de\\\/en\\\/#organization\",\"name\":\"Apfelpatient\",\"url\":\"https:\\\/\\\/www.apfelpatient.de\\\/en\\\/\"},\"alternateName\":\"Apfelpatient\",\"potentialAction\":[{\"@type\":\"SearchAction\",\"target\":{\"@type\":\"EntryPoint\",\"urlTemplate\":\"https:\\\/\\\/www.apfelpatient.de\\\/?s={search_term_string}\"},\"query-input\":{\"@type\":\"PropertyValueSpecification\",\"valueRequired\":true,\"valueName\":\"search_term_string\"}}],\"inLanguage\":\"en-US\"},{\"@type\":[\"Person\",\"Organization\"],\"@id\":\"https:\\\/\\\/www.apfelpatient.de\\\/#\\\/schema\\\/person\\\/7dc56ad6c8e9824b76d2c08d4c140e13\",\"name\":\"Milan\",\"logo\":{\"@id\":\"https:\\\/\\\/www.apfelpatient.de\\\/#\\\/schema\\\/person\\\/image\\\/\"},\"description\":\"Hallo und herzlich willkommen auf meinem Technik-Blog! Als gro\u00dfer Apple-Fan berichte ich hier \u00fcber alles, was mit Apple zu tun hat: von den neuesten News und spannenden Ger\u00fcchten \u00fcber hilfreiche Tipps und Tricks bis hin zu ausf\u00fchrlichen Produkttests. Wenn du genauso technikbegeistert bist wie ich, bist du hier genau richtig!\",\"sameAs\":[\"https:\\\/\\\/www.facebook.com\\\/apfelpatientOfficial\",\"https:\\\/\\\/www.linkedin.com\\\/in\\\/milan-jovicic-42aa0231b\"],\"url\":\"https:\\\/\\\/www.apfelpatient.de\\\/en\\\/author\\\/apfeladmin\"}]}<\/script>\n<!-- \/ Yoast SEO Premium plugin. -->","yoast_head_json":{"title":"WWDC 2022: Apple unveils macOS 13 Ventura Apfelpatient","description":"Apple introduced the successor to macOS Monterey during its annual WWDC keynote - macOS 13 Ventura.","robots":{"index":"index","follow":"follow","max-snippet":"max-snippet:-1","max-image-preview":"max-image-preview:large","max-video-preview":"max-video-preview:-1"},"canonical":"https:\/\/www.apfelpatient.de\/en\/news\/wwdc-2022-apple-introduces-macos-13-ventura","og_locale":"en_US","og_type":"article","og_title":"WWDC 2022: Apple stellt macOS 13 Ventura vor","og_description":"Apple hat den Nachfolger von macOS Monterey im Rahmen seiner j\u00e4hrlichen WWDC-Keynote vorgestellt - macOS 13 Ventura.","og_url":"https:\/\/www.apfelpatient.de\/en\/news\/wwdc-2022-apple-introduces-macos-13-ventura","og_site_name":"Apfelpatient","article_publisher":"https:\/\/www.facebook.com\/apfelpatientOfficial","article_author":"https:\/\/www.facebook.com\/apfelpatientOfficial","article_published_time":"2022-06-06T19:35:28+00:00","article_modified_time":"2022-06-12T14:58:28+00:00","og_image":[{"width":1600,"height":900,"url":"https:\/\/www.apfelpatient.de\/wp-content\/uploads\/2022\/06\/Apple-WWDC22-macOS-Ventura-3up-addl-features-220606.jpg","type":"image\/jpeg"}],"author":"Milan","twitter_card":"summary_large_image","twitter_description":"Apple hat den Nachfolger von macOS Monterey im Rahmen seiner j\u00e4hrlichen WWDC-Keynote vorgestellt - macOS 13 Ventura.","twitter_misc":{"Written by":"Milan","Est. reading time":"4 minutes"},"schema":{"@context":"https:\/\/schema.org","@graph":[{"@type":"NewsArticle","@id":"https:\/\/www.apfelpatient.de\/news\/wwdc-2022-apple-stellt-macos-13-ventura-vor#article","isPartOf":{"@id":"https:\/\/www.apfelpatient.de\/news\/wwdc-2022-apple-stellt-macos-13-ventura-vor"},"author":{"@type":"Organization","@id":"https:\/\/www.apfelpatient.de\/en\/#organization","name":"Apfelpatient","url":"https:\/\/www.apfelpatient.de\/en\/"},"headline":"WWDC 2022: Apple stellt macOS 13 Ventura vor","datePublished":"2022-06-06T19:35:28+00:00","dateModified":"2022-06-12T14:58:28+00:00","mainEntityOfPage":{"@id":"https:\/\/www.apfelpatient.de\/news\/wwdc-2022-apple-stellt-macos-13-ventura-vor"},"wordCount":625,"publisher":{"@type":"Organization","@id":"https:\/\/www.apfelpatient.de\/en\/#organization","name":"Apfelpatient","url":"https:\/\/www.apfelpatient.de\/en\/"},"image":{"@id":"https:\/\/www.apfelpatient.de\/news\/wwdc-2022-apple-stellt-macos-13-ventura-vor#primaryimage"},"thumbnailUrl":"https:\/\/www.apfelpatient.de\/wp-content\/uploads\/2022\/06\/Apple-WWDC22-macOS-Ventura-3up-addl-features-220606.jpg","keywords":["Mac","macOS","macOS 13 Ventura"],"articleSection":"News","inLanguage":"en-US","copyrightYear":"2022","copyrightHolder":{"@id":"https:\/\/www.apfelpatient.de\/en\/#organization"}},{"@type":"WebPage","@id":"https:\/\/www.apfelpatient.de\/news\/wwdc-2022-apple-stellt-macos-13-ventura-vor","url":"https:\/\/www.apfelpatient.de\/news\/wwdc-2022-apple-stellt-macos-13-ventura-vor","name":"WWDC 2022: Apple unveils macOS 13 Ventura Apfelpatient","isPartOf":{"@id":"https:\/\/www.apfelpatient.de\/#website"},"primaryImageOfPage":{"@id":"https:\/\/www.apfelpatient.de\/news\/wwdc-2022-apple-stellt-macos-13-ventura-vor#primaryimage"},"image":{"@id":"https:\/\/www.apfelpatient.de\/news\/wwdc-2022-apple-stellt-macos-13-ventura-vor#primaryimage"},"thumbnailUrl":"https:\/\/www.apfelpatient.de\/wp-content\/uploads\/2022\/06\/Apple-WWDC22-macOS-Ventura-3up-addl-features-220606.jpg","datePublished":"2022-06-06T19:35:28+00:00","dateModified":"2022-06-12T14:58:28+00:00","description":"Apple introduced the successor to macOS Monterey during its annual WWDC keynote - macOS 13 Ventura.","breadcrumb":{"@id":"https:\/\/www.apfelpatient.de\/news\/wwdc-2022-apple-stellt-macos-13-ventura-vor#breadcrumb"},"inLanguage":"en-US","potentialAction":[{"@type":"ReadAction","target":["https:\/\/www.apfelpatient.de\/news\/wwdc-2022-apple-stellt-macos-13-ventura-vor"]}]},{"@type":"ImageObject","inLanguage":"en-US","@id":"https:\/\/www.apfelpatient.de\/news\/wwdc-2022-apple-stellt-macos-13-ventura-vor#primaryimage","url":"https:\/\/www.apfelpatient.de\/wp-content\/uploads\/2022\/06\/Apple-WWDC22-macOS-Ventura-3up-addl-features-220606.jpg","contentUrl":"https:\/\/www.apfelpatient.de\/wp-content\/uploads\/2022\/06\/Apple-WWDC22-macOS-Ventura-3up-addl-features-220606.jpg","width":1600,"height":900,"caption":"Bild: Apple"},{"@type":"BreadcrumbList","@id":"https:\/\/www.apfelpatient.de\/news\/wwdc-2022-apple-stellt-macos-13-ventura-vor#breadcrumb","itemListElement":[{"@type":"ListItem","position":1,"name":"Startseite","item":"https:\/\/www.apfelpatient.de\/"},{"@type":"ListItem","position":2,"name":"WWDC 2022: Apple stellt macOS 13 Ventura vor"}]},{"@type":"WebSite","@id":"https:\/\/www.apfelpatient.de\/#website","url":"https:\/\/www.apfelpatient.de\/","name":"apple patient","description":"Everything about Apple!","publisher":{"@type":"Organization","@id":"https:\/\/www.apfelpatient.de\/en\/#organization","name":"Apfelpatient","url":"https:\/\/www.apfelpatient.de\/en\/"},"alternateName":"Apfelpatient","potentialAction":[{"@type":"SearchAction","target":{"@type":"EntryPoint","urlTemplate":"https:\/\/www.apfelpatient.de\/?s={search_term_string}"},"query-input":{"@type":"PropertyValueSpecification","valueRequired":true,"valueName":"search_term_string"}}],"inLanguage":"en-US"},{"@type":["Person","Organization"],"@id":"https:\/\/www.apfelpatient.de\/#\/schema\/person\/7dc56ad6c8e9824b76d2c08d4c140e13","name":"Milan","logo":{"@id":"https:\/\/www.apfelpatient.de\/#\/schema\/person\/image\/"},"description":"Hello and welcome to my technology blog! As a big Apple fan, I report on everything to do with Apple: from the latest news and exciting rumors to helpful tips and tricks and detailed product tests. If you are as enthusiastic about technology as I am, you have come to the right place!","sameAs":["https:\/\/www.facebook.com\/apfelpatientOfficial","https:\/\/www.linkedin.com\/in\/milan-jovicic-42aa0231b"],"url":"https:\/\/www.apfelpatient.de\/en\/author\/apfeladmin"}]}},"_links":{"self":[{"href":"https:\/\/www.apfelpatient.de\/en\/wp-json\/wp\/v2\/posts\/32083","targetHints":{"allow":["GET"]}}],"collection":[{"href":"https:\/\/www.apfelpatient.de\/en\/wp-json\/wp\/v2\/posts"}],"about":[{"href":"https:\/\/www.apfelpatient.de\/en\/wp-json\/wp\/v2\/types\/post"}],"author":[{"embeddable":true,"href":"https:\/\/www.apfelpatient.de\/en\/wp-json\/wp\/v2\/users\/2"}],"replies":[{"embeddable":true,"href":"https:\/\/www.apfelpatient.de\/en\/wp-json\/wp\/v2\/comments?post=32083"}],"version-history":[{"count":0,"href":"https:\/\/www.apfelpatient.de\/en\/wp-json\/wp\/v2\/posts\/32083\/revisions"}],"wp:featuredmedia":[{"embeddable":true,"href":"https:\/\/www.apfelpatient.de\/en\/wp-json\/wp\/v2\/media\/32073"}],"wp:attachment":[{"href":"https:\/\/www.apfelpatient.de\/en\/wp-json\/wp\/v2\/media?parent=32083"}],"wp:term":[{"taxonomy":"category","embeddable":true,"href":"https:\/\/www.apfelpatient.de\/en\/wp-json\/wp\/v2\/categories?post=32083"},{"taxonomy":"post_tag","embeddable":true,"href":"https:\/\/www.apfelpatient.de\/en\/wp-json\/wp\/v2\/tags?post=32083"}],"curies":[{"name":"wp","href":"https:\/\/api.w.org\/{rel}","templated":true}]}}